{"id":92310,"date":"2020-08-18T17:23:34","date_gmt":"2020-08-18T14:23:34","guid":{"rendered":"http:\/\/www.btv.md\/?p=92310"},"modified":"2020-08-19T17:05:41","modified_gmt":"2020-08-19T14:05:41","slug":"primaria-pregateste-un-proiect-pentru-o-zona-de-agrement-in-preajma-lacului-orasenesc","status":"publish","type":"post","link":"https:\/\/www.btv.md\/ro\/primaria-pregateste-un-proiect-pentru-o-zona-de-agrement-in-preajma-lacului-orasenesc\/","title":{"rendered":"Primaria preg\u0103te\u0219te un proiect pentru o zon\u0103 de agrement \u00een preajma lacului ora\u0219enesc"},"content":{"rendered":"<p><strong>Autorit\u0103\u021bile locale inten\u021bioneaz\u0103 s\u0103 amenajeze teritoriul lacului ora\u0219enesc, care este folosit activ pentru odihn\u0103 de c\u0103tre b\u0103l\u021beni. Proiectul este deja \u00een proces de dezvoltare. Prima variant\u0103 propus\u0103 Nu le-a pl\u0103cut autorit\u0103\u021bilor: mai exact \u00eembun\u0103t\u0103\u021birea zonelor publice \u0219i principiul amplas\u0103rii lor.<\/strong><\/p>\n<p>Proiectul a fost returnat pentru revizuire. Viceprimarul Nicolai Grigori\u0219in a precizat c\u0103 prima versiune a proiectului nu corespunde standardelor moderne pentru construc\u021bia zonelor de agrement. Aceast\u0103 opinie a fost exprimat\u0103 de speciali\u0219tii c\u0103rora li s-a ar\u0103tat proiectul finalizat.<\/p>\n<p>Grigori\u0219in a men\u021bionat c\u0103 locurile de joac\u0103 \u0219i foi\u0219oarele nu sunt la locurile lor. Potrivit acestuia, zonele de joac\u0103 ar trebui s\u0103 fie situate la o distan\u021b\u0103 considerabil\u0103 de locul de agrement pentru adul\u021bi.<\/p>\n<p>Viceprimarul a dat instruc\u021biuni pentru refacerea proiectului \u0219i corectarea gre\u0219elilor comise.<\/p>\n<div id=\"fb-root\"><\/div>\n<p><script async=\"1\" defer=\"1\" crossorigin=\"anonymous\" src=\"https:\/\/connect.facebook.net\/de_DE\/sdk.js#xfbml=1&amp;version=v8.0\" nonce=\"kChw73Fa\"><\/script><\/p>\n<div class=\"fb-video\" data-href=\"https:\/\/www.facebook.com\/btvmoldova\/videos\/757235071743113\/\" data-width=\"1170\">\n<blockquote cite=\"https:\/\/www.facebook.com\/btvmoldova\/videos\/757235071743113\/\" class=\"fb-xfbml-parse-ignore\"><p><a href=\"https:\/\/www.facebook.com\/btvmoldova\/videos\/757235071743113\/\">Primaria preg\u0103te\u0219te un proiect pentru o zon\u0103 de agrement \u00een preajma lacului ora\u0219enesc<\/a><\/p>\n<p>Primaria preg\u0103te\u0219te un proiect pentru o zon\u0103 de agrement \u00een preajma lacului ora\u0219enesc<\/p>\n<p>Gepostet von <a href=\"https:\/\/www.facebook.com\/btvmoldova\/\">\u0422\u0435\u043b\u0435\u043a\u043e\u043c\u043f\u0430\u043d\u0438\u044f BTV &#8211; Balti, \u0411\u0435\u043b\u044c\u0446\u044b<\/a> am Mittwoch, 19. August 2020<\/p><\/blockquote>\n<\/div>\n","protected":false},"excerpt":{"rendered":"<p>Autorit\u0103\u021bile locale inten\u021bioneaz\u0103 s\u0103 amenajeze teritoriul lacului ora\u0219enesc, care este folosit activ pentru odihn\u0103 de c\u0103tre b\u0103l\u021beni. Proiectul este deja \u00een proces de dezvoltare. Prima variant\u0103 propus\u0103 Nu le-a pl\u0103cut autorit\u0103\u021bilor: mai exact \u00eembun\u0103t\u0103\u021birea zonelor publice \u0219i principiul amplas\u0103rii lor. Proiectul a fost returnat pentru revizuire. Viceprimarul Nicolai Grigori\u0219in a precizat c\u0103 prima versiune a [&hellip;]<\/p>\n","protected":false},"author":4,"featured_media":92289,"comment_status":"closed","ping_status":"closed","sticky":false,"template":"","format":"standard","meta":{"footnotes":""},"categories":[6353,6377],"tags":[10979,15936,17014],"class_list":["post-92310","post","type-post","status-publish","format-standard","has-post-thumbnail","hentry","category-oras","category-stiri","tag-autoritatile-locale","tag-lacul-orasenesc","tag-zona-de-agrement"],"yoast_head":"<!-- This site is optimized with the Yoast SEO plugin v27.4 - https:\/\/yoast.com\/product\/yoast-seo-wordpress\/ -->\n<title>Primaria preg\u0103te\u0219te un proiect pentru o zon\u0103 de agrement \u00een preajma lacului ora\u0219enesc - BTV<\/title>\n<meta name=\"robots\" content=\"index, follow, max-snippet:-1, max-image-preview:large, max-video-preview:-1\" \/>\n<link rel=\"canonical\" href=\"https:\/\/www.btv.md\/ro\/primaria-pregateste-un-proiect-pentru-o-zona-de-agrement-in-preajma-lacului-orasenesc\/\" \/>\n<meta property=\"og:locale\" content=\"ro_RO\" \/>\n<meta property=\"og:type\" content=\"article\" \/>\n<meta property=\"og:title\" content=\"Primaria preg\u0103te\u0219te un proiect pentru o zon\u0103 de agrement \u00een preajma lacului ora\u0219enesc - BTV\" \/>\n<meta property=\"og:description\" content=\"Autorit\u0103\u021bile locale inten\u021bioneaz\u0103 s\u0103 amenajeze teritoriul lacului ora\u0219enesc, care este folosit activ pentru odihn\u0103 de c\u0103tre b\u0103l\u021beni. Proiectul este deja \u00een proces de dezvoltare. Prima variant\u0103 propus\u0103 Nu le-a pl\u0103cut autorit\u0103\u021bilor: mai exact \u00eembun\u0103t\u0103\u021birea zonelor publice \u0219i principiul amplas\u0103rii lor. Proiectul a fost returnat pentru revizuire. Viceprimarul Nicolai Grigori\u0219in a precizat c\u0103 prima versiune a [&hellip;]\" \/>\n<meta property=\"og:url\" content=\"https:\/\/www.btv.md\/ro\/primaria-pregateste-un-proiect-pentru-o-zona-de-agrement-in-preajma-lacului-orasenesc\/\" \/>\n<meta property=\"og:site_name\" content=\"BTV\" \/>\n<meta property=\"article:publisher\" content=\"https:\/\/www.facebook.com\/btvmoldova\/\" \/>\n<meta property=\"article:published_time\" content=\"2020-08-18T14:23:34+00:00\" \/>\n<meta property=\"article:modified_time\" content=\"2020-08-19T14:05:41+00:00\" \/>\n<meta property=\"og:image\" content=\"https:\/\/www.btv.md\/wp-content\/uploads\/2020\/08\/117893115_301864367543268_5854068100521014242_n.jpg\" \/>\n\t<meta property=\"og:image:width\" content=\"1920\" \/>\n\t<meta property=\"og:image:height\" content=\"1080\" \/>\n\t<meta property=\"og:image:type\" content=\"image\/jpeg\" \/>\n<meta name=\"author\" content=\"admin\" \/>\n<meta name=\"twitter:label1\" content=\"Scris de\" \/>\n\t<meta name=\"twitter:data1\" content=\"admin\" \/>\n\t<meta name=\"twitter:label2\" content=\"Timp estimat pentru citire\" \/>\n\t<meta name=\"twitter:data2\" content=\"1 minut\" \/>\n<script type=\"application\/ld+json\" class=\"yoast-schema-graph\">{\"@context\":\"https:\\\/\\\/schema.org\",\"@graph\":[{\"@type\":\"Article\",\"@id\":\"https:\\\/\\\/www.btv.md\\\/ro\\\/primaria-pregateste-un-proiect-pentru-o-zona-de-agrement-in-preajma-lacului-orasenesc\\\/#article\",\"isPartOf\":{\"@id\":\"https:\\\/\\\/www.btv.md\\\/ro\\\/primaria-pregateste-un-proiect-pentru-o-zona-de-agrement-in-preajma-lacului-orasenesc\\\/\"},\"author\":{\"name\":\"admin\",\"@id\":\"https:\\\/\\\/www.btv.md\\\/#\\\/schema\\\/person\\\/8fadce81561b3ce2c34c46dadc4ccbf2\"},\"headline\":\"Primaria preg\u0103te\u0219te un proiect pentru o zon\u0103 de agrement \u00een preajma lacului ora\u0219enesc\",\"datePublished\":\"2020-08-18T14:23:34+00:00\",\"dateModified\":\"2020-08-19T14:05:41+00:00\",\"mainEntityOfPage\":{\"@id\":\"https:\\\/\\\/www.btv.md\\\/ro\\\/primaria-pregateste-un-proiect-pentru-o-zona-de-agrement-in-preajma-lacului-orasenesc\\\/\"},\"wordCount\":167,\"image\":{\"@id\":\"https:\\\/\\\/www.btv.md\\\/ro\\\/primaria-pregateste-un-proiect-pentru-o-zona-de-agrement-in-preajma-lacului-orasenesc\\\/#primaryimage\"},\"thumbnailUrl\":\"https:\\\/\\\/www.btv.md\\\/wp-content\\\/uploads\\\/2020\\\/08\\\/117893115_301864367543268_5854068100521014242_n.jpg\",\"keywords\":[\"autorit\u0103\u021bile locale\",\"lacul or\u0103\u0219enesc\",\"zon\u0103 de agrement\"],\"articleSection\":[\"Ora\u0219\",\"\u0218tiri\"],\"inLanguage\":\"ro-RO\"},{\"@type\":\"WebPage\",\"@id\":\"https:\\\/\\\/www.btv.md\\\/ro\\\/primaria-pregateste-un-proiect-pentru-o-zona-de-agrement-in-preajma-lacului-orasenesc\\\/\",\"url\":\"https:\\\/\\\/www.btv.md\\\/ro\\\/primaria-pregateste-un-proiect-pentru-o-zona-de-agrement-in-preajma-lacului-orasenesc\\\/\",\"name\":\"Primaria preg\u0103te\u0219te un proiect pentru o zon\u0103 de agrement \u00een preajma lacului ora\u0219enesc - BTV\",\"isPartOf\":{\"@id\":\"https:\\\/\\\/www.btv.md\\\/#website\"},\"primaryImageOfPage\":{\"@id\":\"https:\\\/\\\/www.btv.md\\\/ro\\\/primaria-pregateste-un-proiect-pentru-o-zona-de-agrement-in-preajma-lacului-orasenesc\\\/#primaryimage\"},\"image\":{\"@id\":\"https:\\\/\\\/www.btv.md\\\/ro\\\/primaria-pregateste-un-proiect-pentru-o-zona-de-agrement-in-preajma-lacului-orasenesc\\\/#primaryimage\"},\"thumbnailUrl\":\"https:\\\/\\\/www.btv.md\\\/wp-content\\\/uploads\\\/2020\\\/08\\\/117893115_301864367543268_5854068100521014242_n.jpg\",\"datePublished\":\"2020-08-18T14:23:34+00:00\",\"dateModified\":\"2020-08-19T14:05:41+00:00\",\"author\":{\"@id\":\"https:\\\/\\\/www.btv.md\\\/#\\\/schema\\\/person\\\/8fadce81561b3ce2c34c46dadc4ccbf2\"},\"inLanguage\":\"ro-RO\",\"potentialAction\":[{\"@type\":\"ReadAction\",\"target\":[\"https:\\\/\\\/www.btv.md\\\/ro\\\/primaria-pregateste-un-proiect-pentru-o-zona-de-agrement-in-preajma-lacului-orasenesc\\\/\"]}]},{\"@type\":\"ImageObject\",\"inLanguage\":\"ro-RO\",\"@id\":\"https:\\\/\\\/www.btv.md\\\/ro\\\/primaria-pregateste-un-proiect-pentru-o-zona-de-agrement-in-preajma-lacului-orasenesc\\\/#primaryimage\",\"url\":\"https:\\\/\\\/www.btv.md\\\/wp-content\\\/uploads\\\/2020\\\/08\\\/117893115_301864367543268_5854068100521014242_n.jpg\",\"contentUrl\":\"https:\\\/\\\/www.btv.md\\\/wp-content\\\/uploads\\\/2020\\\/08\\\/117893115_301864367543268_5854068100521014242_n.jpg\",\"width\":1920,\"height\":1080},{\"@type\":\"WebSite\",\"@id\":\"https:\\\/\\\/www.btv.md\\\/#website\",\"url\":\"https:\\\/\\\/www.btv.md\\\/\",\"name\":\"BTV\",\"description\":\"\u0411\u0435\u043b\u044c\u0446\u043a\u043e\u0435 \u0442\u0435\u043b\u0435\u0432\u0438\u0434\u0435\u043d\u0438\u0435\",\"potentialAction\":[{\"@type\":\"SearchAction\",\"target\":{\"@type\":\"EntryPoint\",\"urlTemplate\":\"https:\\\/\\\/www.btv.md\\\/?s={search_term_string}\"},\"query-input\":{\"@type\":\"PropertyValueSpecification\",\"valueRequired\":true,\"valueName\":\"search_term_string\"}}],\"inLanguage\":\"ro-RO\"},{\"@type\":\"Person\",\"@id\":\"https:\\\/\\\/www.btv.md\\\/#\\\/schema\\\/person\\\/8fadce81561b3ce2c34c46dadc4ccbf2\",\"name\":\"admin\"}]}<\/script>\n<!-- \/ Yoast SEO plugin. -->","yoast_head_json":{"title":"Primaria preg\u0103te\u0219te un proiect pentru o zon\u0103 de agrement \u00een preajma lacului ora\u0219enesc - BTV","robots":{"index":"index","follow":"follow","max-snippet":"max-snippet:-1","max-image-preview":"max-image-preview:large","max-video-preview":"max-video-preview:-1"},"canonical":"https:\/\/www.btv.md\/ro\/primaria-pregateste-un-proiect-pentru-o-zona-de-agrement-in-preajma-lacului-orasenesc\/","og_locale":"ro_RO","og_type":"article","og_title":"Primaria preg\u0103te\u0219te un proiect pentru o zon\u0103 de agrement \u00een preajma lacului ora\u0219enesc - BTV","og_description":"Autorit\u0103\u021bile locale inten\u021bioneaz\u0103 s\u0103 amenajeze teritoriul lacului ora\u0219enesc, care este folosit activ pentru odihn\u0103 de c\u0103tre b\u0103l\u021beni. Proiectul este deja \u00een proces de dezvoltare. Prima variant\u0103 propus\u0103 Nu le-a pl\u0103cut autorit\u0103\u021bilor: mai exact \u00eembun\u0103t\u0103\u021birea zonelor publice \u0219i principiul amplas\u0103rii lor. Proiectul a fost returnat pentru revizuire. Viceprimarul Nicolai Grigori\u0219in a precizat c\u0103 prima versiune a [&hellip;]","og_url":"https:\/\/www.btv.md\/ro\/primaria-pregateste-un-proiect-pentru-o-zona-de-agrement-in-preajma-lacului-orasenesc\/","og_site_name":"BTV","article_publisher":"https:\/\/www.facebook.com\/btvmoldova\/","article_published_time":"2020-08-18T14:23:34+00:00","article_modified_time":"2020-08-19T14:05:41+00:00","og_image":[{"width":1920,"height":1080,"url":"https:\/\/www.btv.md\/wp-content\/uploads\/2020\/08\/117893115_301864367543268_5854068100521014242_n.jpg","type":"image\/jpeg"}],"author":"admin","twitter_misc":{"Scris de":"admin","Timp estimat pentru citire":"1 minut"},"schema":{"@context":"https:\/\/schema.org","@graph":[{"@type":"Article","@id":"https:\/\/www.btv.md\/ro\/primaria-pregateste-un-proiect-pentru-o-zona-de-agrement-in-preajma-lacului-orasenesc\/#article","isPartOf":{"@id":"https:\/\/www.btv.md\/ro\/primaria-pregateste-un-proiect-pentru-o-zona-de-agrement-in-preajma-lacului-orasenesc\/"},"author":{"name":"admin","@id":"https:\/\/www.btv.md\/#\/schema\/person\/8fadce81561b3ce2c34c46dadc4ccbf2"},"headline":"Primaria preg\u0103te\u0219te un proiect pentru o zon\u0103 de agrement \u00een preajma lacului ora\u0219enesc","datePublished":"2020-08-18T14:23:34+00:00","dateModified":"2020-08-19T14:05:41+00:00","mainEntityOfPage":{"@id":"https:\/\/www.btv.md\/ro\/primaria-pregateste-un-proiect-pentru-o-zona-de-agrement-in-preajma-lacului-orasenesc\/"},"wordCount":167,"image":{"@id":"https:\/\/www.btv.md\/ro\/primaria-pregateste-un-proiect-pentru-o-zona-de-agrement-in-preajma-lacului-orasenesc\/#primaryimage"},"thumbnailUrl":"https:\/\/www.btv.md\/wp-content\/uploads\/2020\/08\/117893115_301864367543268_5854068100521014242_n.jpg","keywords":["autorit\u0103\u021bile locale","lacul or\u0103\u0219enesc","zon\u0103 de agrement"],"articleSection":["Ora\u0219","\u0218tiri"],"inLanguage":"ro-RO"},{"@type":"WebPage","@id":"https:\/\/www.btv.md\/ro\/primaria-pregateste-un-proiect-pentru-o-zona-de-agrement-in-preajma-lacului-orasenesc\/","url":"https:\/\/www.btv.md\/ro\/primaria-pregateste-un-proiect-pentru-o-zona-de-agrement-in-preajma-lacului-orasenesc\/","name":"Primaria preg\u0103te\u0219te un proiect pentru o zon\u0103 de agrement \u00een preajma lacului ora\u0219enesc - BTV","isPartOf":{"@id":"https:\/\/www.btv.md\/#website"},"primaryImageOfPage":{"@id":"https:\/\/www.btv.md\/ro\/primaria-pregateste-un-proiect-pentru-o-zona-de-agrement-in-preajma-lacului-orasenesc\/#primaryimage"},"image":{"@id":"https:\/\/www.btv.md\/ro\/primaria-pregateste-un-proiect-pentru-o-zona-de-agrement-in-preajma-lacului-orasenesc\/#primaryimage"},"thumbnailUrl":"https:\/\/www.btv.md\/wp-content\/uploads\/2020\/08\/117893115_301864367543268_5854068100521014242_n.jpg","datePublished":"2020-08-18T14:23:34+00:00","dateModified":"2020-08-19T14:05:41+00:00","author":{"@id":"https:\/\/www.btv.md\/#\/schema\/person\/8fadce81561b3ce2c34c46dadc4ccbf2"},"inLanguage":"ro-RO","potentialAction":[{"@type":"ReadAction","target":["https:\/\/www.btv.md\/ro\/primaria-pregateste-un-proiect-pentru-o-zona-de-agrement-in-preajma-lacului-orasenesc\/"]}]},{"@type":"ImageObject","inLanguage":"ro-RO","@id":"https:\/\/www.btv.md\/ro\/primaria-pregateste-un-proiect-pentru-o-zona-de-agrement-in-preajma-lacului-orasenesc\/#primaryimage","url":"https:\/\/www.btv.md\/wp-content\/uploads\/2020\/08\/117893115_301864367543268_5854068100521014242_n.jpg","contentUrl":"https:\/\/www.btv.md\/wp-content\/uploads\/2020\/08\/117893115_301864367543268_5854068100521014242_n.jpg","width":1920,"height":1080},{"@type":"WebSite","@id":"https:\/\/www.btv.md\/#website","url":"https:\/\/www.btv.md\/","name":"BTV","description":"\u0411\u0435\u043b\u044c\u0446\u043a\u043e\u0435 \u0442\u0435\u043b\u0435\u0432\u0438\u0434\u0435\u043d\u0438\u0435","potentialAction":[{"@type":"SearchAction","target":{"@type":"EntryPoint","urlTemplate":"https:\/\/www.btv.md\/?s={search_term_string}"},"query-input":{"@type":"PropertyValueSpecification","valueRequired":true,"valueName":"search_term_string"}}],"inLanguage":"ro-RO"},{"@type":"Person","@id":"https:\/\/www.btv.md\/#\/schema\/person\/8fadce81561b3ce2c34c46dadc4ccbf2","name":"admin"}]}},"_links":{"self":[{"href":"https:\/\/www.btv.md\/ro\/wp-json\/wp\/v2\/posts\/92310","targetHints":{"allow":["GET"]}}],"collection":[{"href":"https:\/\/www.btv.md\/ro\/wp-json\/wp\/v2\/posts"}],"about":[{"href":"https:\/\/www.btv.md\/ro\/wp-json\/wp\/v2\/types\/post"}],"author":[{"embeddable":true,"href":"https:\/\/www.btv.md\/ro\/wp-json\/wp\/v2\/users\/4"}],"replies":[{"embeddable":true,"href":"https:\/\/www.btv.md\/ro\/wp-json\/wp\/v2\/comments?post=92310"}],"version-history":[{"count":0,"href":"https:\/\/www.btv.md\/ro\/wp-json\/wp\/v2\/posts\/92310\/revisions"}],"wp:featuredmedia":[{"embeddable":true,"href":"https:\/\/www.btv.md\/ro\/wp-json\/wp\/v2\/media\/92289"}],"wp:attachment":[{"href":"https:\/\/www.btv.md\/ro\/wp-json\/wp\/v2\/media?parent=92310"}],"wp:term":[{"taxonomy":"category","embeddable":true,"href":"https:\/\/www.btv.md\/ro\/wp-json\/wp\/v2\/categories?post=92310"},{"taxonomy":"post_tag","embeddable":true,"href":"https:\/\/www.btv.md\/ro\/wp-json\/wp\/v2\/tags?post=92310"}],"curies":[{"name":"wp","href":"https:\/\/api.w.org\/{rel}","templated":true}]}}