{"id":9266,"date":"2016-03-21T12:17:14","date_gmt":"2016-03-21T09:17:14","guid":{"rendered":"http:\/\/btv.md\/?p=9266"},"modified":"2016-03-21T12:17:14","modified_gmt":"2016-03-21T09:17:14","slug":"sturza-basescu-a-avut-si-alte-motive-pentru-a-solicita-cetatenia-moldoveneasca","status":"publish","type":"post","link":"https:\/\/www.btv.md\/ro\/sturza-basescu-a-avut-si-alte-motive-pentru-a-solicita-cetatenia-moldoveneasca\/","title":{"rendered":"STURZA: B\u0102SESCU  A  AVUT  \u0218I  ALTE  MOTIVE  PENTRU  A  SOLICITA  CET\u0102\u021aENIA  MOLDOVENEASC\u0102"},"content":{"rendered":"<p><strong>Dincolo de atitudinea amical\u0103 fa\u021b\u0103 de Republica Moldova, Traian B\u0103sescu a avut \u0219i alte motive, mai pragmatice, pentru a solicita cet\u0103\u021benia moldoveneasc\u0103, sus\u021bine fostul premier Ion Sturza, informeaz\u0103 <a href=\"http:\/\/www.ziarulnational.md\/de-ce-a-cerut-traian-basescu-cetatenie-moldoveneasca-ion-sturza-explica-subtextul\/\" target=\"_blank\">Ziarul Na\u021bional<\/a>.<\/strong><\/p>\n<p>\u00cen opinia lui, gestul fostului pre\u0219edinte roman ar urma s\u0103 \u00eei serveasc\u0103 lui B\u0103sescu \u00een viitoarea sa activitate politic\u0103 din Rom\u00e2nia. <\/p>\n<p>\u201e<em>Este un instrument foarte bun pentru activitatea politic\u0103 \u00een Rom\u00e2nia. Traian B\u0103sescu nu este \u00een situa\u021bia de a se retrage. Astfel, gestul, dincolo de subtextul emo\u021bional, are \u0219i un subtext politic<\/em>\u201d, afirm\u0103 Sturza. <\/p>\n<p>De\u0219i nu crede c\u0103 fostul pre\u0219edinte rom\u00e2n ar \u00eencerca s\u0103 candideze la preziden\u021bialele din Republica Moldova, potrivit lui Sturza prevederea constitu\u021bional\u0103 care stabile\u0219te c\u0103 preziden\u021biabilii ar trebui s\u0103 aib\u0103 zece ani locui\u021bi \u00een \u021bara noastr\u0103 nu ar fi un impediment. <\/p>\n<p>\u201e<em>B\u0103sescu merit\u0103 un bonus de la Curtea Constitu\u021bional\u0103 pentru a scoate prevederea cu \u201ezece ani<\/em>\u201d, a mai precizat politicianul \u00een cadrul unei emisiunii de la un post privat din \u021bar\u0103. <\/p>\n<p>Referindu-se la curentul unionist, Sturza afirm\u0103 c\u0103 acum se contureaz\u0103 o mi\u0219care unionist\u0103 mult mai serioas\u0103, consistent\u0103 \u0219i profund\u0103. <\/p>\n<p>\u201e<em>E un altfel de curent pe care ar trebui s\u0103 \u00eel lu\u0103m \u00een calcul<\/em>\u201d, afirm\u0103 Sturza. <\/p>\n<p>Amintim c\u0103 Pre\u0219edin\u021bia a confirmat s\u0103pt\u0103m\u00e2na trecut\u0103 c\u0103 Traian B\u0103sescu \u0219i so\u021bia sa, Maria, au depus cereri pentru dob\u00e2ndirea cet\u0103\u021beniei Republicii Moldova. <\/p>\n","protected":false},"excerpt":{"rendered":"<p>Dincolo de atitudinea amical\u0103 fa\u021b\u0103 de Republica Moldova, Traian B\u0103sescu a avut \u0219i alte motive, mai pragmatice, pentru a solicita cet\u0103\u021benia moldoveneasc\u0103, sus\u021bine fostul premier Ion Sturza, informeaz\u0103 Ziarul Na\u021bional. \u00cen opinia lui, gestul fostului pre\u0219edinte roman ar urma s\u0103 \u00eei serveasc\u0103 lui B\u0103sescu \u00een viitoarea sa activitate politic\u0103 din Rom\u00e2nia. \u201eEste un instrument foarte [&hellip;]<\/p>\n","protected":false},"author":4,"featured_media":9267,"comment_status":"closed","ping_status":"closed","sticky":false,"template":"","format":"standard","meta":{"footnotes":""},"categories":[6368],"tags":[],"class_list":["post-9266","post","type-post","status-publish","format-standard","has-post-thumbnail","hentry","category-politica-ro"],"yoast_head":"<!-- This site is optimized with the Yoast SEO plugin v27.4 - https:\/\/yoast.com\/product\/yoast-seo-wordpress\/ -->\n<title>STURZA: B\u0102SESCU A AVUT \u0218I ALTE MOTIVE PENTRU A SOLICITA CET\u0102\u021aENIA MOLDOVENEASC\u0102 - BTV<\/title>\n<meta name=\"robots\" content=\"index, follow, max-snippet:-1, max-image-preview:large, max-video-preview:-1\" \/>\n<link rel=\"canonical\" href=\"https:\/\/www.btv.md\/ro\/sturza-basescu-a-avut-si-alte-motive-pentru-a-solicita-cetatenia-moldoveneasca\/\" \/>\n<meta property=\"og:locale\" content=\"ro_RO\" \/>\n<meta property=\"og:type\" content=\"article\" \/>\n<meta property=\"og:title\" content=\"STURZA: B\u0102SESCU A AVUT \u0218I ALTE MOTIVE PENTRU A SOLICITA CET\u0102\u021aENIA MOLDOVENEASC\u0102 - BTV\" \/>\n<meta property=\"og:description\" content=\"Dincolo de atitudinea amical\u0103 fa\u021b\u0103 de Republica Moldova, Traian B\u0103sescu a avut \u0219i alte motive, mai pragmatice, pentru a solicita cet\u0103\u021benia moldoveneasc\u0103, sus\u021bine fostul premier Ion Sturza, informeaz\u0103 Ziarul Na\u021bional. \u00cen opinia lui, gestul fostului pre\u0219edinte roman ar urma s\u0103 \u00eei serveasc\u0103 lui B\u0103sescu \u00een viitoarea sa activitate politic\u0103 din Rom\u00e2nia. \u201eEste un instrument foarte [&hellip;]\" \/>\n<meta property=\"og:url\" content=\"https:\/\/www.btv.md\/ro\/sturza-basescu-a-avut-si-alte-motive-pentru-a-solicita-cetatenia-moldoveneasca\/\" \/>\n<meta property=\"og:site_name\" content=\"BTV\" \/>\n<meta property=\"article:publisher\" content=\"https:\/\/www.facebook.com\/btvmoldova\/\" \/>\n<meta property=\"article:published_time\" content=\"2016-03-21T09:17:14+00:00\" \/>\n<meta property=\"og:image\" content=\"https:\/\/www.btv.md\/wp-content\/uploads\/2016\/03\/big-pldm-va-sus-ine-candidatura-lui-ion-sturza-la-func-ia-de-premier.jpg\" \/>\n\t<meta property=\"og:image:width\" content=\"498\" \/>\n\t<meta property=\"og:image:height\" content=\"310\" \/>\n\t<meta property=\"og:image:type\" content=\"image\/jpeg\" \/>\n<meta name=\"author\" content=\"admin\" \/>\n<meta name=\"twitter:label1\" content=\"Scris de\" \/>\n\t<meta name=\"twitter:data1\" content=\"admin\" \/>\n\t<meta name=\"twitter:label2\" content=\"Timp estimat pentru citire\" \/>\n\t<meta name=\"twitter:data2\" content=\"1 minut\" \/>\n<script type=\"application\/ld+json\" class=\"yoast-schema-graph\">{\"@context\":\"https:\\\/\\\/schema.org\",\"@graph\":[{\"@type\":\"Article\",\"@id\":\"https:\\\/\\\/www.btv.md\\\/ro\\\/sturza-basescu-a-avut-si-alte-motive-pentru-a-solicita-cetatenia-moldoveneasca\\\/#article\",\"isPartOf\":{\"@id\":\"https:\\\/\\\/www.btv.md\\\/ro\\\/sturza-basescu-a-avut-si-alte-motive-pentru-a-solicita-cetatenia-moldoveneasca\\\/\"},\"author\":{\"name\":\"admin\",\"@id\":\"https:\\\/\\\/www.btv.md\\\/#\\\/schema\\\/person\\\/8fadce81561b3ce2c34c46dadc4ccbf2\"},\"headline\":\"STURZA: B\u0102SESCU A AVUT \u0218I ALTE MOTIVE PENTRU A SOLICITA CET\u0102\u021aENIA MOLDOVENEASC\u0102\",\"datePublished\":\"2016-03-21T09:17:14+00:00\",\"mainEntityOfPage\":{\"@id\":\"https:\\\/\\\/www.btv.md\\\/ro\\\/sturza-basescu-a-avut-si-alte-motive-pentru-a-solicita-cetatenia-moldoveneasca\\\/\"},\"wordCount\":257,\"image\":{\"@id\":\"https:\\\/\\\/www.btv.md\\\/ro\\\/sturza-basescu-a-avut-si-alte-motive-pentru-a-solicita-cetatenia-moldoveneasca\\\/#primaryimage\"},\"thumbnailUrl\":\"https:\\\/\\\/www.btv.md\\\/wp-content\\\/uploads\\\/2016\\\/03\\\/big-pldm-va-sus-ine-candidatura-lui-ion-sturza-la-func-ia-de-premier.jpg\",\"articleSection\":[\"Politic\u0103\"],\"inLanguage\":\"ro-RO\"},{\"@type\":\"WebPage\",\"@id\":\"https:\\\/\\\/www.btv.md\\\/ro\\\/sturza-basescu-a-avut-si-alte-motive-pentru-a-solicita-cetatenia-moldoveneasca\\\/\",\"url\":\"https:\\\/\\\/www.btv.md\\\/ro\\\/sturza-basescu-a-avut-si-alte-motive-pentru-a-solicita-cetatenia-moldoveneasca\\\/\",\"name\":\"STURZA: B\u0102SESCU A AVUT \u0218I ALTE MOTIVE PENTRU A SOLICITA CET\u0102\u021aENIA MOLDOVENEASC\u0102 - BTV\",\"isPartOf\":{\"@id\":\"https:\\\/\\\/www.btv.md\\\/#website\"},\"primaryImageOfPage\":{\"@id\":\"https:\\\/\\\/www.btv.md\\\/ro\\\/sturza-basescu-a-avut-si-alte-motive-pentru-a-solicita-cetatenia-moldoveneasca\\\/#primaryimage\"},\"image\":{\"@id\":\"https:\\\/\\\/www.btv.md\\\/ro\\\/sturza-basescu-a-avut-si-alte-motive-pentru-a-solicita-cetatenia-moldoveneasca\\\/#primaryimage\"},\"thumbnailUrl\":\"https:\\\/\\\/www.btv.md\\\/wp-content\\\/uploads\\\/2016\\\/03\\\/big-pldm-va-sus-ine-candidatura-lui-ion-sturza-la-func-ia-de-premier.jpg\",\"datePublished\":\"2016-03-21T09:17:14+00:00\",\"author\":{\"@id\":\"https:\\\/\\\/www.btv.md\\\/#\\\/schema\\\/person\\\/8fadce81561b3ce2c34c46dadc4ccbf2\"},\"inLanguage\":\"ro-RO\",\"potentialAction\":[{\"@type\":\"ReadAction\",\"target\":[\"https:\\\/\\\/www.btv.md\\\/ro\\\/sturza-basescu-a-avut-si-alte-motive-pentru-a-solicita-cetatenia-moldoveneasca\\\/\"]}]},{\"@type\":\"ImageObject\",\"inLanguage\":\"ro-RO\",\"@id\":\"https:\\\/\\\/www.btv.md\\\/ro\\\/sturza-basescu-a-avut-si-alte-motive-pentru-a-solicita-cetatenia-moldoveneasca\\\/#primaryimage\",\"url\":\"https:\\\/\\\/www.btv.md\\\/wp-content\\\/uploads\\\/2016\\\/03\\\/big-pldm-va-sus-ine-candidatura-lui-ion-sturza-la-func-ia-de-premier.jpg\",\"contentUrl\":\"https:\\\/\\\/www.btv.md\\\/wp-content\\\/uploads\\\/2016\\\/03\\\/big-pldm-va-sus-ine-candidatura-lui-ion-sturza-la-func-ia-de-premier.jpg\",\"width\":498,\"height\":310,\"caption\":\"www.trm.md\"},{\"@type\":\"WebSite\",\"@id\":\"https:\\\/\\\/www.btv.md\\\/#website\",\"url\":\"https:\\\/\\\/www.btv.md\\\/\",\"name\":\"BTV\",\"description\":\"\u0411\u0435\u043b\u044c\u0446\u043a\u043e\u0435 \u0442\u0435\u043b\u0435\u0432\u0438\u0434\u0435\u043d\u0438\u0435\",\"potentialAction\":[{\"@type\":\"SearchAction\",\"target\":{\"@type\":\"EntryPoint\",\"urlTemplate\":\"https:\\\/\\\/www.btv.md\\\/?s={search_term_string}\"},\"query-input\":{\"@type\":\"PropertyValueSpecification\",\"valueRequired\":true,\"valueName\":\"search_term_string\"}}],\"inLanguage\":\"ro-RO\"},{\"@type\":\"Person\",\"@id\":\"https:\\\/\\\/www.btv.md\\\/#\\\/schema\\\/person\\\/8fadce81561b3ce2c34c46dadc4ccbf2\",\"name\":\"admin\"}]}<\/script>\n<!-- \/ Yoast SEO plugin. -->","yoast_head_json":{"title":"STURZA: B\u0102SESCU A AVUT \u0218I ALTE MOTIVE PENTRU A SOLICITA CET\u0102\u021aENIA MOLDOVENEASC\u0102 - BTV","robots":{"index":"index","follow":"follow","max-snippet":"max-snippet:-1","max-image-preview":"max-image-preview:large","max-video-preview":"max-video-preview:-1"},"canonical":"https:\/\/www.btv.md\/ro\/sturza-basescu-a-avut-si-alte-motive-pentru-a-solicita-cetatenia-moldoveneasca\/","og_locale":"ro_RO","og_type":"article","og_title":"STURZA: B\u0102SESCU A AVUT \u0218I ALTE MOTIVE PENTRU A SOLICITA CET\u0102\u021aENIA MOLDOVENEASC\u0102 - BTV","og_description":"Dincolo de atitudinea amical\u0103 fa\u021b\u0103 de Republica Moldova, Traian B\u0103sescu a avut \u0219i alte motive, mai pragmatice, pentru a solicita cet\u0103\u021benia moldoveneasc\u0103, sus\u021bine fostul premier Ion Sturza, informeaz\u0103 Ziarul Na\u021bional. \u00cen opinia lui, gestul fostului pre\u0219edinte roman ar urma s\u0103 \u00eei serveasc\u0103 lui B\u0103sescu \u00een viitoarea sa activitate politic\u0103 din Rom\u00e2nia. \u201eEste un instrument foarte [&hellip;]","og_url":"https:\/\/www.btv.md\/ro\/sturza-basescu-a-avut-si-alte-motive-pentru-a-solicita-cetatenia-moldoveneasca\/","og_site_name":"BTV","article_publisher":"https:\/\/www.facebook.com\/btvmoldova\/","article_published_time":"2016-03-21T09:17:14+00:00","og_image":[{"width":498,"height":310,"url":"https:\/\/www.btv.md\/wp-content\/uploads\/2016\/03\/big-pldm-va-sus-ine-candidatura-lui-ion-sturza-la-func-ia-de-premier.jpg","type":"image\/jpeg"}],"author":"admin","twitter_misc":{"Scris de":"admin","Timp estimat pentru citire":"1 minut"},"schema":{"@context":"https:\/\/schema.org","@graph":[{"@type":"Article","@id":"https:\/\/www.btv.md\/ro\/sturza-basescu-a-avut-si-alte-motive-pentru-a-solicita-cetatenia-moldoveneasca\/#article","isPartOf":{"@id":"https:\/\/www.btv.md\/ro\/sturza-basescu-a-avut-si-alte-motive-pentru-a-solicita-cetatenia-moldoveneasca\/"},"author":{"name":"admin","@id":"https:\/\/www.btv.md\/#\/schema\/person\/8fadce81561b3ce2c34c46dadc4ccbf2"},"headline":"STURZA: B\u0102SESCU A AVUT \u0218I ALTE MOTIVE PENTRU A SOLICITA CET\u0102\u021aENIA MOLDOVENEASC\u0102","datePublished":"2016-03-21T09:17:14+00:00","mainEntityOfPage":{"@id":"https:\/\/www.btv.md\/ro\/sturza-basescu-a-avut-si-alte-motive-pentru-a-solicita-cetatenia-moldoveneasca\/"},"wordCount":257,"image":{"@id":"https:\/\/www.btv.md\/ro\/sturza-basescu-a-avut-si-alte-motive-pentru-a-solicita-cetatenia-moldoveneasca\/#primaryimage"},"thumbnailUrl":"https:\/\/www.btv.md\/wp-content\/uploads\/2016\/03\/big-pldm-va-sus-ine-candidatura-lui-ion-sturza-la-func-ia-de-premier.jpg","articleSection":["Politic\u0103"],"inLanguage":"ro-RO"},{"@type":"WebPage","@id":"https:\/\/www.btv.md\/ro\/sturza-basescu-a-avut-si-alte-motive-pentru-a-solicita-cetatenia-moldoveneasca\/","url":"https:\/\/www.btv.md\/ro\/sturza-basescu-a-avut-si-alte-motive-pentru-a-solicita-cetatenia-moldoveneasca\/","name":"STURZA: B\u0102SESCU A AVUT \u0218I ALTE MOTIVE PENTRU A SOLICITA CET\u0102\u021aENIA MOLDOVENEASC\u0102 - BTV","isPartOf":{"@id":"https:\/\/www.btv.md\/#website"},"primaryImageOfPage":{"@id":"https:\/\/www.btv.md\/ro\/sturza-basescu-a-avut-si-alte-motive-pentru-a-solicita-cetatenia-moldoveneasca\/#primaryimage"},"image":{"@id":"https:\/\/www.btv.md\/ro\/sturza-basescu-a-avut-si-alte-motive-pentru-a-solicita-cetatenia-moldoveneasca\/#primaryimage"},"thumbnailUrl":"https:\/\/www.btv.md\/wp-content\/uploads\/2016\/03\/big-pldm-va-sus-ine-candidatura-lui-ion-sturza-la-func-ia-de-premier.jpg","datePublished":"2016-03-21T09:17:14+00:00","author":{"@id":"https:\/\/www.btv.md\/#\/schema\/person\/8fadce81561b3ce2c34c46dadc4ccbf2"},"inLanguage":"ro-RO","potentialAction":[{"@type":"ReadAction","target":["https:\/\/www.btv.md\/ro\/sturza-basescu-a-avut-si-alte-motive-pentru-a-solicita-cetatenia-moldoveneasca\/"]}]},{"@type":"ImageObject","inLanguage":"ro-RO","@id":"https:\/\/www.btv.md\/ro\/sturza-basescu-a-avut-si-alte-motive-pentru-a-solicita-cetatenia-moldoveneasca\/#primaryimage","url":"https:\/\/www.btv.md\/wp-content\/uploads\/2016\/03\/big-pldm-va-sus-ine-candidatura-lui-ion-sturza-la-func-ia-de-premier.jpg","contentUrl":"https:\/\/www.btv.md\/wp-content\/uploads\/2016\/03\/big-pldm-va-sus-ine-candidatura-lui-ion-sturza-la-func-ia-de-premier.jpg","width":498,"height":310,"caption":"www.trm.md"},{"@type":"WebSite","@id":"https:\/\/www.btv.md\/#website","url":"https:\/\/www.btv.md\/","name":"BTV","description":"\u0411\u0435\u043b\u044c\u0446\u043a\u043e\u0435 \u0442\u0435\u043b\u0435\u0432\u0438\u0434\u0435\u043d\u0438\u0435","potentialAction":[{"@type":"SearchAction","target":{"@type":"EntryPoint","urlTemplate":"https:\/\/www.btv.md\/?s={search_term_string}"},"query-input":{"@type":"PropertyValueSpecification","valueRequired":true,"valueName":"search_term_string"}}],"inLanguage":"ro-RO"},{"@type":"Person","@id":"https:\/\/www.btv.md\/#\/schema\/person\/8fadce81561b3ce2c34c46dadc4ccbf2","name":"admin"}]}},"_links":{"self":[{"href":"https:\/\/www.btv.md\/ro\/wp-json\/wp\/v2\/posts\/9266","targetHints":{"allow":["GET"]}}],"collection":[{"href":"https:\/\/www.btv.md\/ro\/wp-json\/wp\/v2\/posts"}],"about":[{"href":"https:\/\/www.btv.md\/ro\/wp-json\/wp\/v2\/types\/post"}],"author":[{"embeddable":true,"href":"https:\/\/www.btv.md\/ro\/wp-json\/wp\/v2\/users\/4"}],"replies":[{"embeddable":true,"href":"https:\/\/www.btv.md\/ro\/wp-json\/wp\/v2\/comments?post=9266"}],"version-history":[{"count":0,"href":"https:\/\/www.btv.md\/ro\/wp-json\/wp\/v2\/posts\/9266\/revisions"}],"wp:featuredmedia":[{"embeddable":true,"href":"https:\/\/www.btv.md\/ro\/wp-json\/wp\/v2\/media\/9267"}],"wp:attachment":[{"href":"https:\/\/www.btv.md\/ro\/wp-json\/wp\/v2\/media?parent=9266"}],"wp:term":[{"taxonomy":"category","embeddable":true,"href":"https:\/\/www.btv.md\/ro\/wp-json\/wp\/v2\/categories?post=9266"},{"taxonomy":"post_tag","embeddable":true,"href":"https:\/\/www.btv.md\/ro\/wp-json\/wp\/v2\/tags?post=9266"}],"curies":[{"name":"wp","href":"https:\/\/api.w.org\/{rel}","templated":true}]}}