{"id":9272,"date":"2016-03-21T12:23:55","date_gmt":"2016-03-21T09:23:55","guid":{"rendered":"http:\/\/btv.md\/?p=9272"},"modified":"2016-03-21T12:23:55","modified_gmt":"2016-03-21T09:23:55","slug":"fiul-lui-nae-simion-plesca-a-fost-gasit","status":"publish","type":"post","link":"https:\/\/www.btv.md\/ro\/fiul-lui-nae-simion-plesca-a-fost-gasit\/","title":{"rendered":"FIUL  LUI  NAE  SIMION  PLE\u0218CA  A  FOST  G\u0102SIT"},"content":{"rendered":"<p><strong>Sorin Ple\u0219ca, fiul deputatului Nae Simion-Ple\u0219ca, care \u0219i-ar fi \u00eempu\u0219cat mortal fratele mai mare, a fost g\u0103sit la Chi\u0219in\u0103u, de c\u0103tre poli\u021bi\u0219ti informeaz\u0103 <a href=\"http:\/\/www.realitatea.md\/fiul-deputatului-nae-simion-ple-ca-a-fost-gasit-in-ce-stare-se-afla-acesta_36308.html\" target=\"_blank\">Realitatea.md<\/a>.<\/strong><\/p>\n<p>Informa\u021bia a fost confirmat\u0103 de \u0219eful interimar al Inspectoratului General al Poli\u021biei, Gheorghe Cavcaliuc. Potrivit acestuia, Sorin Ple\u0219ca se afl\u0103 \u00eentr-o stare psihologic\u0103 grav\u0103 \u0219i este supravegheat de medici.<\/p>\n<p>Realitatea.md aminte\u0219te c\u0103 \u00een seara zilei de 7 martie, fiul mai mare al deputatului liberal-democrat Nae-Simion Ple\u0219ca din actualul Parlament a fost \u00eempu\u0219cat mortal de c\u0103tre fratele s\u0103u mai mic. Totul s-a \u00eent\u00e2mplat \u00een apartamentul deputatului de pe strada Sfatul \u021a\u0103rii din Centrul capitalei.<\/p>\n<p>Deputatul \u0219i so\u021bia sa se aflau acas\u0103 \u00een timp ce fra\u021bii se aflau \u00een buc\u0103t\u0103rie, unde s-a \u00eent\u00e2mplat tragedia. Dup\u0103 tragedie, Sorin a fugit de acas\u0103 cu ma\u0219ina tat\u0103lui s\u0103u. Automobilul a fost g\u0103sit \u00een diminea\u021ba zilei 8 martie, \u00een ora\u0219ul B\u0103l\u021bi.<\/p>\n","protected":false},"excerpt":{"rendered":"<p>Sorin Ple\u0219ca, fiul deputatului Nae Simion-Ple\u0219ca, care \u0219i-ar fi \u00eempu\u0219cat mortal fratele mai mare, a fost g\u0103sit la Chi\u0219in\u0103u, de c\u0103tre poli\u021bi\u0219ti informeaz\u0103 Realitatea.md. Informa\u021bia a fost confirmat\u0103 de \u0219eful interimar al Inspectoratului General al Poli\u021biei, Gheorghe Cavcaliuc. Potrivit acestuia, Sorin Ple\u0219ca se afl\u0103 \u00eentr-o stare psihologic\u0103 grav\u0103 \u0219i este supravegheat de medici. Realitatea.md aminte\u0219te [&hellip;]<\/p>\n","protected":false},"author":4,"featured_media":9273,"comment_status":"closed","ping_status":"closed","sticky":false,"template":"","format":"standard","meta":{"footnotes":""},"categories":[6351],"tags":[],"class_list":["post-9272","post","type-post","status-publish","format-standard","has-post-thumbnail","hentry","category-incidente"],"yoast_head":"<!-- This site is optimized with the Yoast SEO plugin v27.4 - https:\/\/yoast.com\/product\/yoast-seo-wordpress\/ -->\n<title>FIUL LUI NAE SIMION PLE\u0218CA A FOST G\u0102SIT - BTV<\/title>\n<meta name=\"robots\" content=\"index, follow, max-snippet:-1, max-image-preview:large, max-video-preview:-1\" \/>\n<link rel=\"canonical\" href=\"https:\/\/www.btv.md\/ro\/fiul-lui-nae-simion-plesca-a-fost-gasit\/\" \/>\n<meta property=\"og:locale\" content=\"ro_RO\" \/>\n<meta property=\"og:type\" content=\"article\" \/>\n<meta property=\"og:title\" content=\"FIUL LUI NAE SIMION PLE\u0218CA A FOST G\u0102SIT - BTV\" \/>\n<meta property=\"og:description\" content=\"Sorin Ple\u0219ca, fiul deputatului Nae Simion-Ple\u0219ca, care \u0219i-ar fi \u00eempu\u0219cat mortal fratele mai mare, a fost g\u0103sit la Chi\u0219in\u0103u, de c\u0103tre poli\u021bi\u0219ti informeaz\u0103 Realitatea.md. Informa\u021bia a fost confirmat\u0103 de \u0219eful interimar al Inspectoratului General al Poli\u021biei, Gheorghe Cavcaliuc. Potrivit acestuia, Sorin Ple\u0219ca se afl\u0103 \u00eentr-o stare psihologic\u0103 grav\u0103 \u0219i este supravegheat de medici. Realitatea.md aminte\u0219te [&hellip;]\" \/>\n<meta property=\"og:url\" content=\"https:\/\/www.btv.md\/ro\/fiul-lui-nae-simion-plesca-a-fost-gasit\/\" \/>\n<meta property=\"og:site_name\" content=\"BTV\" \/>\n<meta property=\"article:publisher\" content=\"https:\/\/www.facebook.com\/btvmoldova\/\" \/>\n<meta property=\"article:published_time\" content=\"2016-03-21T09:23:55+00:00\" \/>\n<meta property=\"og:image\" content=\"https:\/\/www.btv.md\/wp-content\/uploads\/2016\/03\/so2.jpg\" \/>\n\t<meta property=\"og:image:width\" content=\"700\" \/>\n\t<meta property=\"og:image:height\" content=\"250\" \/>\n\t<meta property=\"og:image:type\" content=\"image\/jpeg\" \/>\n<meta name=\"author\" content=\"admin\" \/>\n<meta name=\"twitter:label1\" content=\"Scris de\" \/>\n\t<meta name=\"twitter:data1\" content=\"admin\" \/>\n\t<meta name=\"twitter:label2\" content=\"Timp estimat pentru citire\" \/>\n\t<meta name=\"twitter:data2\" content=\"1 minut\" \/>\n<script type=\"application\/ld+json\" class=\"yoast-schema-graph\">{\"@context\":\"https:\\\/\\\/schema.org\",\"@graph\":[{\"@type\":\"Article\",\"@id\":\"https:\\\/\\\/www.btv.md\\\/ro\\\/fiul-lui-nae-simion-plesca-a-fost-gasit\\\/#article\",\"isPartOf\":{\"@id\":\"https:\\\/\\\/www.btv.md\\\/ro\\\/fiul-lui-nae-simion-plesca-a-fost-gasit\\\/\"},\"author\":{\"name\":\"admin\",\"@id\":\"https:\\\/\\\/www.btv.md\\\/#\\\/schema\\\/person\\\/8fadce81561b3ce2c34c46dadc4ccbf2\"},\"headline\":\"FIUL LUI NAE SIMION PLE\u0218CA A FOST G\u0102SIT\",\"datePublished\":\"2016-03-21T09:23:55+00:00\",\"mainEntityOfPage\":{\"@id\":\"https:\\\/\\\/www.btv.md\\\/ro\\\/fiul-lui-nae-simion-plesca-a-fost-gasit\\\/\"},\"wordCount\":180,\"image\":{\"@id\":\"https:\\\/\\\/www.btv.md\\\/ro\\\/fiul-lui-nae-simion-plesca-a-fost-gasit\\\/#primaryimage\"},\"thumbnailUrl\":\"https:\\\/\\\/www.btv.md\\\/wp-content\\\/uploads\\\/2016\\\/03\\\/so2.jpg\",\"articleSection\":[\"Incidente\"],\"inLanguage\":\"ro-RO\"},{\"@type\":\"WebPage\",\"@id\":\"https:\\\/\\\/www.btv.md\\\/ro\\\/fiul-lui-nae-simion-plesca-a-fost-gasit\\\/\",\"url\":\"https:\\\/\\\/www.btv.md\\\/ro\\\/fiul-lui-nae-simion-plesca-a-fost-gasit\\\/\",\"name\":\"FIUL LUI NAE SIMION PLE\u0218CA A FOST G\u0102SIT - BTV\",\"isPartOf\":{\"@id\":\"https:\\\/\\\/www.btv.md\\\/#website\"},\"primaryImageOfPage\":{\"@id\":\"https:\\\/\\\/www.btv.md\\\/ro\\\/fiul-lui-nae-simion-plesca-a-fost-gasit\\\/#primaryimage\"},\"image\":{\"@id\":\"https:\\\/\\\/www.btv.md\\\/ro\\\/fiul-lui-nae-simion-plesca-a-fost-gasit\\\/#primaryimage\"},\"thumbnailUrl\":\"https:\\\/\\\/www.btv.md\\\/wp-content\\\/uploads\\\/2016\\\/03\\\/so2.jpg\",\"datePublished\":\"2016-03-21T09:23:55+00:00\",\"author\":{\"@id\":\"https:\\\/\\\/www.btv.md\\\/#\\\/schema\\\/person\\\/8fadce81561b3ce2c34c46dadc4ccbf2\"},\"inLanguage\":\"ro-RO\",\"potentialAction\":[{\"@type\":\"ReadAction\",\"target\":[\"https:\\\/\\\/www.btv.md\\\/ro\\\/fiul-lui-nae-simion-plesca-a-fost-gasit\\\/\"]}]},{\"@type\":\"ImageObject\",\"inLanguage\":\"ro-RO\",\"@id\":\"https:\\\/\\\/www.btv.md\\\/ro\\\/fiul-lui-nae-simion-plesca-a-fost-gasit\\\/#primaryimage\",\"url\":\"https:\\\/\\\/www.btv.md\\\/wp-content\\\/uploads\\\/2016\\\/03\\\/so2.jpg\",\"contentUrl\":\"https:\\\/\\\/www.btv.md\\\/wp-content\\\/uploads\\\/2016\\\/03\\\/so2.jpg\",\"width\":700,\"height\":250,\"caption\":\"protv.md\"},{\"@type\":\"WebSite\",\"@id\":\"https:\\\/\\\/www.btv.md\\\/#website\",\"url\":\"https:\\\/\\\/www.btv.md\\\/\",\"name\":\"BTV\",\"description\":\"\u0411\u0435\u043b\u044c\u0446\u043a\u043e\u0435 \u0442\u0435\u043b\u0435\u0432\u0438\u0434\u0435\u043d\u0438\u0435\",\"potentialAction\":[{\"@type\":\"SearchAction\",\"target\":{\"@type\":\"EntryPoint\",\"urlTemplate\":\"https:\\\/\\\/www.btv.md\\\/?s={search_term_string}\"},\"query-input\":{\"@type\":\"PropertyValueSpecification\",\"valueRequired\":true,\"valueName\":\"search_term_string\"}}],\"inLanguage\":\"ro-RO\"},{\"@type\":\"Person\",\"@id\":\"https:\\\/\\\/www.btv.md\\\/#\\\/schema\\\/person\\\/8fadce81561b3ce2c34c46dadc4ccbf2\",\"name\":\"admin\"}]}<\/script>\n<!-- \/ Yoast SEO plugin. -->","yoast_head_json":{"title":"FIUL LUI NAE SIMION PLE\u0218CA A FOST G\u0102SIT - BTV","robots":{"index":"index","follow":"follow","max-snippet":"max-snippet:-1","max-image-preview":"max-image-preview:large","max-video-preview":"max-video-preview:-1"},"canonical":"https:\/\/www.btv.md\/ro\/fiul-lui-nae-simion-plesca-a-fost-gasit\/","og_locale":"ro_RO","og_type":"article","og_title":"FIUL LUI NAE SIMION PLE\u0218CA A FOST G\u0102SIT - BTV","og_description":"Sorin Ple\u0219ca, fiul deputatului Nae Simion-Ple\u0219ca, care \u0219i-ar fi \u00eempu\u0219cat mortal fratele mai mare, a fost g\u0103sit la Chi\u0219in\u0103u, de c\u0103tre poli\u021bi\u0219ti informeaz\u0103 Realitatea.md. Informa\u021bia a fost confirmat\u0103 de \u0219eful interimar al Inspectoratului General al Poli\u021biei, Gheorghe Cavcaliuc. Potrivit acestuia, Sorin Ple\u0219ca se afl\u0103 \u00eentr-o stare psihologic\u0103 grav\u0103 \u0219i este supravegheat de medici. Realitatea.md aminte\u0219te [&hellip;]","og_url":"https:\/\/www.btv.md\/ro\/fiul-lui-nae-simion-plesca-a-fost-gasit\/","og_site_name":"BTV","article_publisher":"https:\/\/www.facebook.com\/btvmoldova\/","article_published_time":"2016-03-21T09:23:55+00:00","og_image":[{"width":700,"height":250,"url":"https:\/\/www.btv.md\/wp-content\/uploads\/2016\/03\/so2.jpg","type":"image\/jpeg"}],"author":"admin","twitter_misc":{"Scris de":"admin","Timp estimat pentru citire":"1 minut"},"schema":{"@context":"https:\/\/schema.org","@graph":[{"@type":"Article","@id":"https:\/\/www.btv.md\/ro\/fiul-lui-nae-simion-plesca-a-fost-gasit\/#article","isPartOf":{"@id":"https:\/\/www.btv.md\/ro\/fiul-lui-nae-simion-plesca-a-fost-gasit\/"},"author":{"name":"admin","@id":"https:\/\/www.btv.md\/#\/schema\/person\/8fadce81561b3ce2c34c46dadc4ccbf2"},"headline":"FIUL LUI NAE SIMION PLE\u0218CA A FOST G\u0102SIT","datePublished":"2016-03-21T09:23:55+00:00","mainEntityOfPage":{"@id":"https:\/\/www.btv.md\/ro\/fiul-lui-nae-simion-plesca-a-fost-gasit\/"},"wordCount":180,"image":{"@id":"https:\/\/www.btv.md\/ro\/fiul-lui-nae-simion-plesca-a-fost-gasit\/#primaryimage"},"thumbnailUrl":"https:\/\/www.btv.md\/wp-content\/uploads\/2016\/03\/so2.jpg","articleSection":["Incidente"],"inLanguage":"ro-RO"},{"@type":"WebPage","@id":"https:\/\/www.btv.md\/ro\/fiul-lui-nae-simion-plesca-a-fost-gasit\/","url":"https:\/\/www.btv.md\/ro\/fiul-lui-nae-simion-plesca-a-fost-gasit\/","name":"FIUL LUI NAE SIMION PLE\u0218CA A FOST G\u0102SIT - BTV","isPartOf":{"@id":"https:\/\/www.btv.md\/#website"},"primaryImageOfPage":{"@id":"https:\/\/www.btv.md\/ro\/fiul-lui-nae-simion-plesca-a-fost-gasit\/#primaryimage"},"image":{"@id":"https:\/\/www.btv.md\/ro\/fiul-lui-nae-simion-plesca-a-fost-gasit\/#primaryimage"},"thumbnailUrl":"https:\/\/www.btv.md\/wp-content\/uploads\/2016\/03\/so2.jpg","datePublished":"2016-03-21T09:23:55+00:00","author":{"@id":"https:\/\/www.btv.md\/#\/schema\/person\/8fadce81561b3ce2c34c46dadc4ccbf2"},"inLanguage":"ro-RO","potentialAction":[{"@type":"ReadAction","target":["https:\/\/www.btv.md\/ro\/fiul-lui-nae-simion-plesca-a-fost-gasit\/"]}]},{"@type":"ImageObject","inLanguage":"ro-RO","@id":"https:\/\/www.btv.md\/ro\/fiul-lui-nae-simion-plesca-a-fost-gasit\/#primaryimage","url":"https:\/\/www.btv.md\/wp-content\/uploads\/2016\/03\/so2.jpg","contentUrl":"https:\/\/www.btv.md\/wp-content\/uploads\/2016\/03\/so2.jpg","width":700,"height":250,"caption":"protv.md"},{"@type":"WebSite","@id":"https:\/\/www.btv.md\/#website","url":"https:\/\/www.btv.md\/","name":"BTV","description":"\u0411\u0435\u043b\u044c\u0446\u043a\u043e\u0435 \u0442\u0435\u043b\u0435\u0432\u0438\u0434\u0435\u043d\u0438\u0435","potentialAction":[{"@type":"SearchAction","target":{"@type":"EntryPoint","urlTemplate":"https:\/\/www.btv.md\/?s={search_term_string}"},"query-input":{"@type":"PropertyValueSpecification","valueRequired":true,"valueName":"search_term_string"}}],"inLanguage":"ro-RO"},{"@type":"Person","@id":"https:\/\/www.btv.md\/#\/schema\/person\/8fadce81561b3ce2c34c46dadc4ccbf2","name":"admin"}]}},"_links":{"self":[{"href":"https:\/\/www.btv.md\/ro\/wp-json\/wp\/v2\/posts\/9272","targetHints":{"allow":["GET"]}}],"collection":[{"href":"https:\/\/www.btv.md\/ro\/wp-json\/wp\/v2\/posts"}],"about":[{"href":"https:\/\/www.btv.md\/ro\/wp-json\/wp\/v2\/types\/post"}],"author":[{"embeddable":true,"href":"https:\/\/www.btv.md\/ro\/wp-json\/wp\/v2\/users\/4"}],"replies":[{"embeddable":true,"href":"https:\/\/www.btv.md\/ro\/wp-json\/wp\/v2\/comments?post=9272"}],"version-history":[{"count":0,"href":"https:\/\/www.btv.md\/ro\/wp-json\/wp\/v2\/posts\/9272\/revisions"}],"wp:featuredmedia":[{"embeddable":true,"href":"https:\/\/www.btv.md\/ro\/wp-json\/wp\/v2\/media\/9273"}],"wp:attachment":[{"href":"https:\/\/www.btv.md\/ro\/wp-json\/wp\/v2\/media?parent=9272"}],"wp:term":[{"taxonomy":"category","embeddable":true,"href":"https:\/\/www.btv.md\/ro\/wp-json\/wp\/v2\/categories?post=9272"},{"taxonomy":"post_tag","embeddable":true,"href":"https:\/\/www.btv.md\/ro\/wp-json\/wp\/v2\/tags?post=9272"}],"curies":[{"name":"wp","href":"https:\/\/api.w.org\/{rel}","templated":true}]}}