{"id":9275,"date":"2016-03-21T12:27:46","date_gmt":"2016-03-21T09:27:46","guid":{"rendered":"http:\/\/btv.md\/?p=9275"},"modified":"2016-03-21T12:27:46","modified_gmt":"2016-03-21T09:27:46","slug":"ministerul-economiei-propune-reducerea-listei-produselor-social-importante","status":"publish","type":"post","link":"https:\/\/www.btv.md\/ro\/ministerul-economiei-propune-reducerea-listei-produselor-social-importante\/","title":{"rendered":"MINISTERUL  ECONOMIEI  PROPUNE  REDUCEREA  LISTEI  PRODUSELOR  SOCIAL-IMPORTANTE"},"content":{"rendered":"<p><strong>Ministerul Economie propune reducerea listei produselor social-importante de la 29 p\u00e2n\u0103 la 14, informeaz\u0103 <a href=\"http:\/\/www.infomarket.md\/ro\/analitics\/Ministerul_Economie_propune_reducerea_listei_produselor_social-importante_de_la_29_pn_la_14_prin_excluderea_din_aceasta_a_tuturor_tipurilor_de_carne_i_a_produselor_din_carne_conservelor_pentru_copii_caietelor_i_cimentului\" target=\"_blank\">InfoMarket.md<\/a>.<\/strong><\/p>\n<p>Acest lucru este prev\u0103zut \u00een proiectul de hot\u0103r\u00e2re al Guvernului privind pre\u021burile produselor social-importante (PSI), pe care Ministerul Economiei l-a \u00eenaintat pentru dezbateri publice. Lista PSI propus\u0103 de minister,include  14 pozi\u021bii, printer care : p\u00e2ine, colaci cu greutatea de p\u00e2n\u0103 la 600 de grame, lapte integral pasteurizat cu con\u021binut de gr\u0103sime de p\u00e2n\u0103 la 2,5%, chefir cu con\u021binut de gr\u0103sime de p\u00e2n\u0103 la 1%, br\u00e2nz\u0103 proasp\u0103t\u0103 cu con\u021binut de gr\u0103sime p\u00e2n\u0103 la 5%, ulei, zah\u0103r, f\u0103in\u0103 de gr\u00e2u, orez, hri\u0219c\u0103, crupe, alimente pentru copii etc.<\/p>\n<p>Noua list\u0103 a PSI include numai produse alimentare. De asemenea, din cauza imposibilit\u0103\u021bii de a verifica, \u00een practic\u0103, aplicarea corect\u0103 a adaosurilor comerciale la anumite produse, din lista a fost exclus\u0103 carnea \u0219i produsele din carne, precum \u0219i, la propunerea Ministerului S\u0103n\u0103t\u0103\u021bii, conservele pentru copii care sunt considerate nes\u0103n\u0103toase. <\/p>\n","protected":false},"excerpt":{"rendered":"<p>Ministerul Economie propune reducerea listei produselor social-importante de la 29 p\u00e2n\u0103 la 14, informeaz\u0103 InfoMarket.md. Acest lucru este prev\u0103zut \u00een proiectul de hot\u0103r\u00e2re al Guvernului privind pre\u021burile produselor social-importante (PSI), pe care Ministerul Economiei l-a \u00eenaintat pentru dezbateri publice. Lista PSI propus\u0103 de minister,include 14 pozi\u021bii, printer care : p\u00e2ine, colaci cu greutatea de p\u00e2n\u0103 [&hellip;]<\/p>\n","protected":false},"author":4,"featured_media":9276,"comment_status":"closed","ping_status":"closed","sticky":false,"template":"","format":"standard","meta":{"footnotes":""},"categories":[6369],"tags":[],"class_list":["post-9275","post","type-post","status-publish","format-standard","has-post-thumbnail","hentry","category-economie-ro"],"yoast_head":"<!-- This site is optimized with the Yoast SEO plugin v27.4 - https:\/\/yoast.com\/product\/yoast-seo-wordpress\/ -->\n<title>MINISTERUL ECONOMIEI PROPUNE REDUCEREA LISTEI PRODUSELOR SOCIAL-IMPORTANTE - BTV<\/title>\n<meta name=\"robots\" content=\"index, follow, max-snippet:-1, max-image-preview:large, max-video-preview:-1\" \/>\n<link rel=\"canonical\" href=\"https:\/\/www.btv.md\/ro\/ministerul-economiei-propune-reducerea-listei-produselor-social-importante\/\" \/>\n<meta property=\"og:locale\" content=\"ro_RO\" \/>\n<meta property=\"og:type\" content=\"article\" \/>\n<meta property=\"og:title\" content=\"MINISTERUL ECONOMIEI PROPUNE REDUCEREA LISTEI PRODUSELOR SOCIAL-IMPORTANTE - BTV\" \/>\n<meta property=\"og:description\" content=\"Ministerul Economie propune reducerea listei produselor social-importante de la 29 p\u00e2n\u0103 la 14, informeaz\u0103 InfoMarket.md. Acest lucru este prev\u0103zut \u00een proiectul de hot\u0103r\u00e2re al Guvernului privind pre\u021burile produselor social-importante (PSI), pe care Ministerul Economiei l-a \u00eenaintat pentru dezbateri publice. Lista PSI propus\u0103 de minister,include 14 pozi\u021bii, printer care : p\u00e2ine, colaci cu greutatea de p\u00e2n\u0103 [&hellip;]\" \/>\n<meta property=\"og:url\" content=\"https:\/\/www.btv.md\/ro\/ministerul-economiei-propune-reducerea-listei-produselor-social-importante\/\" \/>\n<meta property=\"og:site_name\" content=\"BTV\" \/>\n<meta property=\"article:publisher\" content=\"https:\/\/www.facebook.com\/btvmoldova\/\" \/>\n<meta property=\"article:published_time\" content=\"2016-03-21T09:27:46+00:00\" \/>\n<meta property=\"og:image\" content=\"https:\/\/www.btv.md\/wp-content\/uploads\/2016\/03\/min_economiei_newsmoldova_md.jpg\" \/>\n\t<meta property=\"og:image:width\" content=\"600\" \/>\n\t<meta property=\"og:image:height\" content=\"340\" \/>\n\t<meta property=\"og:image:type\" content=\"image\/jpeg\" \/>\n<meta name=\"author\" content=\"admin\" \/>\n<meta name=\"twitter:label1\" content=\"Scris de\" \/>\n\t<meta name=\"twitter:data1\" content=\"admin\" \/>\n\t<meta name=\"twitter:label2\" content=\"Timp estimat pentru citire\" \/>\n\t<meta name=\"twitter:data2\" content=\"1 minut\" \/>\n<script type=\"application\/ld+json\" class=\"yoast-schema-graph\">{\"@context\":\"https:\\\/\\\/schema.org\",\"@graph\":[{\"@type\":\"Article\",\"@id\":\"https:\\\/\\\/www.btv.md\\\/ro\\\/ministerul-economiei-propune-reducerea-listei-produselor-social-importante\\\/#article\",\"isPartOf\":{\"@id\":\"https:\\\/\\\/www.btv.md\\\/ro\\\/ministerul-economiei-propune-reducerea-listei-produselor-social-importante\\\/\"},\"author\":{\"name\":\"admin\",\"@id\":\"https:\\\/\\\/www.btv.md\\\/#\\\/schema\\\/person\\\/8fadce81561b3ce2c34c46dadc4ccbf2\"},\"headline\":\"MINISTERUL ECONOMIEI PROPUNE REDUCEREA LISTEI PRODUSELOR SOCIAL-IMPORTANTE\",\"datePublished\":\"2016-03-21T09:27:46+00:00\",\"mainEntityOfPage\":{\"@id\":\"https:\\\/\\\/www.btv.md\\\/ro\\\/ministerul-economiei-propune-reducerea-listei-produselor-social-importante\\\/\"},\"wordCount\":179,\"image\":{\"@id\":\"https:\\\/\\\/www.btv.md\\\/ro\\\/ministerul-economiei-propune-reducerea-listei-produselor-social-importante\\\/#primaryimage\"},\"thumbnailUrl\":\"https:\\\/\\\/www.btv.md\\\/wp-content\\\/uploads\\\/2016\\\/03\\\/min_economiei_newsmoldova_md.jpg\",\"articleSection\":[\"Economie\"],\"inLanguage\":\"ro-RO\"},{\"@type\":\"WebPage\",\"@id\":\"https:\\\/\\\/www.btv.md\\\/ro\\\/ministerul-economiei-propune-reducerea-listei-produselor-social-importante\\\/\",\"url\":\"https:\\\/\\\/www.btv.md\\\/ro\\\/ministerul-economiei-propune-reducerea-listei-produselor-social-importante\\\/\",\"name\":\"MINISTERUL ECONOMIEI PROPUNE REDUCEREA LISTEI PRODUSELOR SOCIAL-IMPORTANTE - BTV\",\"isPartOf\":{\"@id\":\"https:\\\/\\\/www.btv.md\\\/#website\"},\"primaryImageOfPage\":{\"@id\":\"https:\\\/\\\/www.btv.md\\\/ro\\\/ministerul-economiei-propune-reducerea-listei-produselor-social-importante\\\/#primaryimage\"},\"image\":{\"@id\":\"https:\\\/\\\/www.btv.md\\\/ro\\\/ministerul-economiei-propune-reducerea-listei-produselor-social-importante\\\/#primaryimage\"},\"thumbnailUrl\":\"https:\\\/\\\/www.btv.md\\\/wp-content\\\/uploads\\\/2016\\\/03\\\/min_economiei_newsmoldova_md.jpg\",\"datePublished\":\"2016-03-21T09:27:46+00:00\",\"author\":{\"@id\":\"https:\\\/\\\/www.btv.md\\\/#\\\/schema\\\/person\\\/8fadce81561b3ce2c34c46dadc4ccbf2\"},\"inLanguage\":\"ro-RO\",\"potentialAction\":[{\"@type\":\"ReadAction\",\"target\":[\"https:\\\/\\\/www.btv.md\\\/ro\\\/ministerul-economiei-propune-reducerea-listei-produselor-social-importante\\\/\"]}]},{\"@type\":\"ImageObject\",\"inLanguage\":\"ro-RO\",\"@id\":\"https:\\\/\\\/www.btv.md\\\/ro\\\/ministerul-economiei-propune-reducerea-listei-produselor-social-importante\\\/#primaryimage\",\"url\":\"https:\\\/\\\/www.btv.md\\\/wp-content\\\/uploads\\\/2016\\\/03\\\/min_economiei_newsmoldova_md.jpg\",\"contentUrl\":\"https:\\\/\\\/www.btv.md\\\/wp-content\\\/uploads\\\/2016\\\/03\\\/min_economiei_newsmoldova_md.jpg\",\"width\":600,\"height\":340,\"caption\":\"tribuna.md\"},{\"@type\":\"WebSite\",\"@id\":\"https:\\\/\\\/www.btv.md\\\/#website\",\"url\":\"https:\\\/\\\/www.btv.md\\\/\",\"name\":\"BTV\",\"description\":\"\u0411\u0435\u043b\u044c\u0446\u043a\u043e\u0435 \u0442\u0435\u043b\u0435\u0432\u0438\u0434\u0435\u043d\u0438\u0435\",\"potentialAction\":[{\"@type\":\"SearchAction\",\"target\":{\"@type\":\"EntryPoint\",\"urlTemplate\":\"https:\\\/\\\/www.btv.md\\\/?s={search_term_string}\"},\"query-input\":{\"@type\":\"PropertyValueSpecification\",\"valueRequired\":true,\"valueName\":\"search_term_string\"}}],\"inLanguage\":\"ro-RO\"},{\"@type\":\"Person\",\"@id\":\"https:\\\/\\\/www.btv.md\\\/#\\\/schema\\\/person\\\/8fadce81561b3ce2c34c46dadc4ccbf2\",\"name\":\"admin\"}]}<\/script>\n<!-- \/ Yoast SEO plugin. -->","yoast_head_json":{"title":"MINISTERUL ECONOMIEI PROPUNE REDUCEREA LISTEI PRODUSELOR SOCIAL-IMPORTANTE - BTV","robots":{"index":"index","follow":"follow","max-snippet":"max-snippet:-1","max-image-preview":"max-image-preview:large","max-video-preview":"max-video-preview:-1"},"canonical":"https:\/\/www.btv.md\/ro\/ministerul-economiei-propune-reducerea-listei-produselor-social-importante\/","og_locale":"ro_RO","og_type":"article","og_title":"MINISTERUL ECONOMIEI PROPUNE REDUCEREA LISTEI PRODUSELOR SOCIAL-IMPORTANTE - BTV","og_description":"Ministerul Economie propune reducerea listei produselor social-importante de la 29 p\u00e2n\u0103 la 14, informeaz\u0103 InfoMarket.md. Acest lucru este prev\u0103zut \u00een proiectul de hot\u0103r\u00e2re al Guvernului privind pre\u021burile produselor social-importante (PSI), pe care Ministerul Economiei l-a \u00eenaintat pentru dezbateri publice. Lista PSI propus\u0103 de minister,include 14 pozi\u021bii, printer care : p\u00e2ine, colaci cu greutatea de p\u00e2n\u0103 [&hellip;]","og_url":"https:\/\/www.btv.md\/ro\/ministerul-economiei-propune-reducerea-listei-produselor-social-importante\/","og_site_name":"BTV","article_publisher":"https:\/\/www.facebook.com\/btvmoldova\/","article_published_time":"2016-03-21T09:27:46+00:00","og_image":[{"width":600,"height":340,"url":"https:\/\/www.btv.md\/wp-content\/uploads\/2016\/03\/min_economiei_newsmoldova_md.jpg","type":"image\/jpeg"}],"author":"admin","twitter_misc":{"Scris de":"admin","Timp estimat pentru citire":"1 minut"},"schema":{"@context":"https:\/\/schema.org","@graph":[{"@type":"Article","@id":"https:\/\/www.btv.md\/ro\/ministerul-economiei-propune-reducerea-listei-produselor-social-importante\/#article","isPartOf":{"@id":"https:\/\/www.btv.md\/ro\/ministerul-economiei-propune-reducerea-listei-produselor-social-importante\/"},"author":{"name":"admin","@id":"https:\/\/www.btv.md\/#\/schema\/person\/8fadce81561b3ce2c34c46dadc4ccbf2"},"headline":"MINISTERUL ECONOMIEI PROPUNE REDUCEREA LISTEI PRODUSELOR SOCIAL-IMPORTANTE","datePublished":"2016-03-21T09:27:46+00:00","mainEntityOfPage":{"@id":"https:\/\/www.btv.md\/ro\/ministerul-economiei-propune-reducerea-listei-produselor-social-importante\/"},"wordCount":179,"image":{"@id":"https:\/\/www.btv.md\/ro\/ministerul-economiei-propune-reducerea-listei-produselor-social-importante\/#primaryimage"},"thumbnailUrl":"https:\/\/www.btv.md\/wp-content\/uploads\/2016\/03\/min_economiei_newsmoldova_md.jpg","articleSection":["Economie"],"inLanguage":"ro-RO"},{"@type":"WebPage","@id":"https:\/\/www.btv.md\/ro\/ministerul-economiei-propune-reducerea-listei-produselor-social-importante\/","url":"https:\/\/www.btv.md\/ro\/ministerul-economiei-propune-reducerea-listei-produselor-social-importante\/","name":"MINISTERUL ECONOMIEI PROPUNE REDUCEREA LISTEI PRODUSELOR SOCIAL-IMPORTANTE - BTV","isPartOf":{"@id":"https:\/\/www.btv.md\/#website"},"primaryImageOfPage":{"@id":"https:\/\/www.btv.md\/ro\/ministerul-economiei-propune-reducerea-listei-produselor-social-importante\/#primaryimage"},"image":{"@id":"https:\/\/www.btv.md\/ro\/ministerul-economiei-propune-reducerea-listei-produselor-social-importante\/#primaryimage"},"thumbnailUrl":"https:\/\/www.btv.md\/wp-content\/uploads\/2016\/03\/min_economiei_newsmoldova_md.jpg","datePublished":"2016-03-21T09:27:46+00:00","author":{"@id":"https:\/\/www.btv.md\/#\/schema\/person\/8fadce81561b3ce2c34c46dadc4ccbf2"},"inLanguage":"ro-RO","potentialAction":[{"@type":"ReadAction","target":["https:\/\/www.btv.md\/ro\/ministerul-economiei-propune-reducerea-listei-produselor-social-importante\/"]}]},{"@type":"ImageObject","inLanguage":"ro-RO","@id":"https:\/\/www.btv.md\/ro\/ministerul-economiei-propune-reducerea-listei-produselor-social-importante\/#primaryimage","url":"https:\/\/www.btv.md\/wp-content\/uploads\/2016\/03\/min_economiei_newsmoldova_md.jpg","contentUrl":"https:\/\/www.btv.md\/wp-content\/uploads\/2016\/03\/min_economiei_newsmoldova_md.jpg","width":600,"height":340,"caption":"tribuna.md"},{"@type":"WebSite","@id":"https:\/\/www.btv.md\/#website","url":"https:\/\/www.btv.md\/","name":"BTV","description":"\u0411\u0435\u043b\u044c\u0446\u043a\u043e\u0435 \u0442\u0435\u043b\u0435\u0432\u0438\u0434\u0435\u043d\u0438\u0435","potentialAction":[{"@type":"SearchAction","target":{"@type":"EntryPoint","urlTemplate":"https:\/\/www.btv.md\/?s={search_term_string}"},"query-input":{"@type":"PropertyValueSpecification","valueRequired":true,"valueName":"search_term_string"}}],"inLanguage":"ro-RO"},{"@type":"Person","@id":"https:\/\/www.btv.md\/#\/schema\/person\/8fadce81561b3ce2c34c46dadc4ccbf2","name":"admin"}]}},"_links":{"self":[{"href":"https:\/\/www.btv.md\/ro\/wp-json\/wp\/v2\/posts\/9275","targetHints":{"allow":["GET"]}}],"collection":[{"href":"https:\/\/www.btv.md\/ro\/wp-json\/wp\/v2\/posts"}],"about":[{"href":"https:\/\/www.btv.md\/ro\/wp-json\/wp\/v2\/types\/post"}],"author":[{"embeddable":true,"href":"https:\/\/www.btv.md\/ro\/wp-json\/wp\/v2\/users\/4"}],"replies":[{"embeddable":true,"href":"https:\/\/www.btv.md\/ro\/wp-json\/wp\/v2\/comments?post=9275"}],"version-history":[{"count":0,"href":"https:\/\/www.btv.md\/ro\/wp-json\/wp\/v2\/posts\/9275\/revisions"}],"wp:featuredmedia":[{"embeddable":true,"href":"https:\/\/www.btv.md\/ro\/wp-json\/wp\/v2\/media\/9276"}],"wp:attachment":[{"href":"https:\/\/www.btv.md\/ro\/wp-json\/wp\/v2\/media?parent=9275"}],"wp:term":[{"taxonomy":"category","embeddable":true,"href":"https:\/\/www.btv.md\/ro\/wp-json\/wp\/v2\/categories?post=9275"},{"taxonomy":"post_tag","embeddable":true,"href":"https:\/\/www.btv.md\/ro\/wp-json\/wp\/v2\/tags?post=9275"}],"curies":[{"name":"wp","href":"https:\/\/api.w.org\/{rel}","templated":true}]}}