{"id":9282,"date":"2016-03-21T12:38:11","date_gmt":"2016-03-21T09:38:11","guid":{"rendered":"http:\/\/btv.md\/?p=9282"},"modified":"2016-03-21T12:38:11","modified_gmt":"2016-03-21T09:38:11","slug":"nastate-canditat-la-prezidentiale","status":"publish","type":"post","link":"https:\/\/www.btv.md\/ro\/nastate-canditat-la-prezidentiale\/","title":{"rendered":"N\u0102STATE, CANDITAT LA PREZIDEN\u021aIALE"},"content":{"rendered":"<p><strong>Andrei N\u0103stase este candidatul \u00eenaintat de Partidul &#8222;Platforma Demnitate \u015fi Adev\u0103r&#8221; la alegerile preziden\u0163iale, informeaz\u0103 portalul de \u0219tiri Noi.md.<\/strong><\/p>\n<p>Decizia a fost luat\u0103 ieri, \u00een cadrul Consiliului Na\u0163ional Politic al forma\u0163iunii. Totodat\u0103, vor ini\u0163ia negocieri cu partidele de dreapta, care lupt\u0103 \u00eempotriva regimului oligarhic, \u00een vederea desemn\u0103rii unui candidat unic la preziden\u0163iale. Asta pentru a evita fragmentarea voturilor.<\/p>\n<p>\u00cen cadrul \u015fedin\u0163ei Consiliului Na\u0163ional Politic al partidului &#8222;Platforma Demnitate \u015fi Adev\u0103r&#8221;, repezentan\u0163ii forma\u0163iunii au criticat decizia Cur\u0163ii Constitu\u0163ionale, prin care s-a revenit la mecanismul de alegere a \u015fefului statului de c\u0103tre popor. Ei spun c\u0103 opteaz\u0103 pentru operarea modific\u0103rilor la Legea Suprem\u0103 pe cale de referendum. Totu\u015fi, conducerea partiduluui a stabilit c\u0103 trebuie s\u0103 \u00eenainteze un candidat la alegerile preziden\u0163iale, chiar dac\u0103 scrutinul va fi organizat conform deciziei Cur\u0163ii. <\/p>\n<p>Totu\u015fi, Consiliul Na\u0163ional Politic a decis, prin vot unanim, s\u0103 \u00eenainteze candidatura liderului forma\u0163iunii Platforma Demnitate \u015fi Adev\u0103r, Andrei N\u0103stase, cu men\u0163iunea c\u0103 acesta ar urma s\u0103 fie propus \u015fi \u00een calitate de candidat unic din partea partidelor proeuropene de dreapta. O decizie final\u0103 \u00een acest sens va fi luat\u0103 \u00eens\u0103 \u00een urma negocierilor purtate cu liderii forma\u0163iunilor men\u0163ionate.<\/p>\n<p>Anterior, \u015fi fostul ministru al Educa\u0163iei, Maia Sandu, a declarat c\u0103 partidele proeuropene de dreapta ar trebui s\u0103 \u00eenainteze un singur candidat la func\u0163ia de pre\u015fedinte, pentru a acumula c\u00e2t mai multe voturi.<\/p>\n","protected":false},"excerpt":{"rendered":"<p>Andrei N\u0103stase este candidatul \u00eenaintat de Partidul &#8222;Platforma Demnitate \u015fi Adev\u0103r&#8221; la alegerile preziden\u0163iale, informeaz\u0103 portalul de \u0219tiri Noi.md. Decizia a fost luat\u0103 ieri, \u00een cadrul Consiliului Na\u0163ional Politic al forma\u0163iunii. Totodat\u0103, vor ini\u0163ia negocieri cu partidele de dreapta, care lupt\u0103 \u00eempotriva regimului oligarhic, \u00een vederea desemn\u0103rii unui candidat unic la preziden\u0163iale. Asta pentru a [&hellip;]<\/p>\n","protected":false},"author":4,"featured_media":9283,"comment_status":"closed","ping_status":"closed","sticky":false,"template":"","format":"standard","meta":{"footnotes":""},"categories":[11],"tags":[],"class_list":["post-9282","post","type-post","status-publish","format-standard","has-post-thumbnail","hentry","category-politica"],"yoast_head":"<!-- This site is optimized with the Yoast SEO plugin v27.4 - https:\/\/yoast.com\/product\/yoast-seo-wordpress\/ -->\n<title>N\u0102STATE, CANDITAT LA PREZIDEN\u021aIALE - BTV<\/title>\n<meta name=\"robots\" content=\"index, follow, max-snippet:-1, max-image-preview:large, max-video-preview:-1\" \/>\n<link rel=\"canonical\" href=\"https:\/\/www.btv.md\/ro\/nastate-canditat-la-prezidentiale\/\" \/>\n<meta property=\"og:locale\" content=\"ro_RO\" \/>\n<meta property=\"og:type\" content=\"article\" \/>\n<meta property=\"og:title\" content=\"N\u0102STATE, CANDITAT LA PREZIDEN\u021aIALE - BTV\" \/>\n<meta property=\"og:description\" content=\"Andrei N\u0103stase este candidatul \u00eenaintat de Partidul &#8222;Platforma Demnitate \u015fi Adev\u0103r&#8221; la alegerile preziden\u0163iale, informeaz\u0103 portalul de \u0219tiri Noi.md. Decizia a fost luat\u0103 ieri, \u00een cadrul Consiliului Na\u0163ional Politic al forma\u0163iunii. Totodat\u0103, vor ini\u0163ia negocieri cu partidele de dreapta, care lupt\u0103 \u00eempotriva regimului oligarhic, \u00een vederea desemn\u0103rii unui candidat unic la preziden\u0163iale. Asta pentru a [&hellip;]\" \/>\n<meta property=\"og:url\" content=\"https:\/\/www.btv.md\/ro\/nastate-canditat-la-prezidentiale\/\" \/>\n<meta property=\"og:site_name\" content=\"BTV\" \/>\n<meta property=\"article:publisher\" content=\"https:\/\/www.facebook.com\/btvmoldova\/\" \/>\n<meta property=\"article:published_time\" content=\"2016-03-21T09:38:11+00:00\" \/>\n<meta property=\"og:image\" content=\"https:\/\/www.btv.md\/wp-content\/uploads\/2016\/03\/timthumb.jpg\" \/>\n\t<meta property=\"og:image:width\" content=\"711\" \/>\n\t<meta property=\"og:image:height\" content=\"400\" \/>\n\t<meta property=\"og:image:type\" content=\"image\/jpeg\" \/>\n<meta name=\"author\" content=\"admin\" \/>\n<meta name=\"twitter:label1\" content=\"Scris de\" \/>\n\t<meta name=\"twitter:data1\" content=\"admin\" \/>\n\t<meta name=\"twitter:label2\" content=\"Timp estimat pentru citire\" \/>\n\t<meta name=\"twitter:data2\" content=\"1 minut\" \/>\n<script type=\"application\/ld+json\" class=\"yoast-schema-graph\">{\"@context\":\"https:\\\/\\\/schema.org\",\"@graph\":[{\"@type\":\"Article\",\"@id\":\"https:\\\/\\\/www.btv.md\\\/ro\\\/nastate-canditat-la-prezidentiale\\\/#article\",\"isPartOf\":{\"@id\":\"https:\\\/\\\/www.btv.md\\\/ro\\\/nastate-canditat-la-prezidentiale\\\/\"},\"author\":{\"name\":\"admin\",\"@id\":\"https:\\\/\\\/www.btv.md\\\/#\\\/schema\\\/person\\\/8fadce81561b3ce2c34c46dadc4ccbf2\"},\"headline\":\"N\u0102STATE, CANDITAT LA PREZIDEN\u021aIALE\",\"datePublished\":\"2016-03-21T09:38:11+00:00\",\"mainEntityOfPage\":{\"@id\":\"https:\\\/\\\/www.btv.md\\\/ro\\\/nastate-canditat-la-prezidentiale\\\/\"},\"wordCount\":259,\"image\":{\"@id\":\"https:\\\/\\\/www.btv.md\\\/ro\\\/nastate-canditat-la-prezidentiale\\\/#primaryimage\"},\"thumbnailUrl\":\"https:\\\/\\\/www.btv.md\\\/wp-content\\\/uploads\\\/2016\\\/03\\\/timthumb.jpg\",\"articleSection\":[\"\u041f\u043e\u043b\u0438\u0442\u0438\u043a\u0430\"],\"inLanguage\":\"ro-RO\"},{\"@type\":\"WebPage\",\"@id\":\"https:\\\/\\\/www.btv.md\\\/ro\\\/nastate-canditat-la-prezidentiale\\\/\",\"url\":\"https:\\\/\\\/www.btv.md\\\/ro\\\/nastate-canditat-la-prezidentiale\\\/\",\"name\":\"N\u0102STATE, CANDITAT LA PREZIDEN\u021aIALE - BTV\",\"isPartOf\":{\"@id\":\"https:\\\/\\\/www.btv.md\\\/#website\"},\"primaryImageOfPage\":{\"@id\":\"https:\\\/\\\/www.btv.md\\\/ro\\\/nastate-canditat-la-prezidentiale\\\/#primaryimage\"},\"image\":{\"@id\":\"https:\\\/\\\/www.btv.md\\\/ro\\\/nastate-canditat-la-prezidentiale\\\/#primaryimage\"},\"thumbnailUrl\":\"https:\\\/\\\/www.btv.md\\\/wp-content\\\/uploads\\\/2016\\\/03\\\/timthumb.jpg\",\"datePublished\":\"2016-03-21T09:38:11+00:00\",\"author\":{\"@id\":\"https:\\\/\\\/www.btv.md\\\/#\\\/schema\\\/person\\\/8fadce81561b3ce2c34c46dadc4ccbf2\"},\"inLanguage\":\"ro-RO\",\"potentialAction\":[{\"@type\":\"ReadAction\",\"target\":[\"https:\\\/\\\/www.btv.md\\\/ro\\\/nastate-canditat-la-prezidentiale\\\/\"]}]},{\"@type\":\"ImageObject\",\"inLanguage\":\"ro-RO\",\"@id\":\"https:\\\/\\\/www.btv.md\\\/ro\\\/nastate-canditat-la-prezidentiale\\\/#primaryimage\",\"url\":\"https:\\\/\\\/www.btv.md\\\/wp-content\\\/uploads\\\/2016\\\/03\\\/timthumb.jpg\",\"contentUrl\":\"https:\\\/\\\/www.btv.md\\\/wp-content\\\/uploads\\\/2016\\\/03\\\/timthumb.jpg\",\"width\":711,\"height\":400,\"caption\":\"tribuna.md\"},{\"@type\":\"WebSite\",\"@id\":\"https:\\\/\\\/www.btv.md\\\/#website\",\"url\":\"https:\\\/\\\/www.btv.md\\\/\",\"name\":\"BTV\",\"description\":\"\u0411\u0435\u043b\u044c\u0446\u043a\u043e\u0435 \u0442\u0435\u043b\u0435\u0432\u0438\u0434\u0435\u043d\u0438\u0435\",\"potentialAction\":[{\"@type\":\"SearchAction\",\"target\":{\"@type\":\"EntryPoint\",\"urlTemplate\":\"https:\\\/\\\/www.btv.md\\\/?s={search_term_string}\"},\"query-input\":{\"@type\":\"PropertyValueSpecification\",\"valueRequired\":true,\"valueName\":\"search_term_string\"}}],\"inLanguage\":\"ro-RO\"},{\"@type\":\"Person\",\"@id\":\"https:\\\/\\\/www.btv.md\\\/#\\\/schema\\\/person\\\/8fadce81561b3ce2c34c46dadc4ccbf2\",\"name\":\"admin\"}]}<\/script>\n<!-- \/ Yoast SEO plugin. -->","yoast_head_json":{"title":"N\u0102STATE, CANDITAT LA PREZIDEN\u021aIALE - BTV","robots":{"index":"index","follow":"follow","max-snippet":"max-snippet:-1","max-image-preview":"max-image-preview:large","max-video-preview":"max-video-preview:-1"},"canonical":"https:\/\/www.btv.md\/ro\/nastate-canditat-la-prezidentiale\/","og_locale":"ro_RO","og_type":"article","og_title":"N\u0102STATE, CANDITAT LA PREZIDEN\u021aIALE - BTV","og_description":"Andrei N\u0103stase este candidatul \u00eenaintat de Partidul &#8222;Platforma Demnitate \u015fi Adev\u0103r&#8221; la alegerile preziden\u0163iale, informeaz\u0103 portalul de \u0219tiri Noi.md. Decizia a fost luat\u0103 ieri, \u00een cadrul Consiliului Na\u0163ional Politic al forma\u0163iunii. Totodat\u0103, vor ini\u0163ia negocieri cu partidele de dreapta, care lupt\u0103 \u00eempotriva regimului oligarhic, \u00een vederea desemn\u0103rii unui candidat unic la preziden\u0163iale. Asta pentru a [&hellip;]","og_url":"https:\/\/www.btv.md\/ro\/nastate-canditat-la-prezidentiale\/","og_site_name":"BTV","article_publisher":"https:\/\/www.facebook.com\/btvmoldova\/","article_published_time":"2016-03-21T09:38:11+00:00","og_image":[{"width":711,"height":400,"url":"https:\/\/www.btv.md\/wp-content\/uploads\/2016\/03\/timthumb.jpg","type":"image\/jpeg"}],"author":"admin","twitter_misc":{"Scris de":"admin","Timp estimat pentru citire":"1 minut"},"schema":{"@context":"https:\/\/schema.org","@graph":[{"@type":"Article","@id":"https:\/\/www.btv.md\/ro\/nastate-canditat-la-prezidentiale\/#article","isPartOf":{"@id":"https:\/\/www.btv.md\/ro\/nastate-canditat-la-prezidentiale\/"},"author":{"name":"admin","@id":"https:\/\/www.btv.md\/#\/schema\/person\/8fadce81561b3ce2c34c46dadc4ccbf2"},"headline":"N\u0102STATE, CANDITAT LA PREZIDEN\u021aIALE","datePublished":"2016-03-21T09:38:11+00:00","mainEntityOfPage":{"@id":"https:\/\/www.btv.md\/ro\/nastate-canditat-la-prezidentiale\/"},"wordCount":259,"image":{"@id":"https:\/\/www.btv.md\/ro\/nastate-canditat-la-prezidentiale\/#primaryimage"},"thumbnailUrl":"https:\/\/www.btv.md\/wp-content\/uploads\/2016\/03\/timthumb.jpg","articleSection":["\u041f\u043e\u043b\u0438\u0442\u0438\u043a\u0430"],"inLanguage":"ro-RO"},{"@type":"WebPage","@id":"https:\/\/www.btv.md\/ro\/nastate-canditat-la-prezidentiale\/","url":"https:\/\/www.btv.md\/ro\/nastate-canditat-la-prezidentiale\/","name":"N\u0102STATE, CANDITAT LA PREZIDEN\u021aIALE - BTV","isPartOf":{"@id":"https:\/\/www.btv.md\/#website"},"primaryImageOfPage":{"@id":"https:\/\/www.btv.md\/ro\/nastate-canditat-la-prezidentiale\/#primaryimage"},"image":{"@id":"https:\/\/www.btv.md\/ro\/nastate-canditat-la-prezidentiale\/#primaryimage"},"thumbnailUrl":"https:\/\/www.btv.md\/wp-content\/uploads\/2016\/03\/timthumb.jpg","datePublished":"2016-03-21T09:38:11+00:00","author":{"@id":"https:\/\/www.btv.md\/#\/schema\/person\/8fadce81561b3ce2c34c46dadc4ccbf2"},"inLanguage":"ro-RO","potentialAction":[{"@type":"ReadAction","target":["https:\/\/www.btv.md\/ro\/nastate-canditat-la-prezidentiale\/"]}]},{"@type":"ImageObject","inLanguage":"ro-RO","@id":"https:\/\/www.btv.md\/ro\/nastate-canditat-la-prezidentiale\/#primaryimage","url":"https:\/\/www.btv.md\/wp-content\/uploads\/2016\/03\/timthumb.jpg","contentUrl":"https:\/\/www.btv.md\/wp-content\/uploads\/2016\/03\/timthumb.jpg","width":711,"height":400,"caption":"tribuna.md"},{"@type":"WebSite","@id":"https:\/\/www.btv.md\/#website","url":"https:\/\/www.btv.md\/","name":"BTV","description":"\u0411\u0435\u043b\u044c\u0446\u043a\u043e\u0435 \u0442\u0435\u043b\u0435\u0432\u0438\u0434\u0435\u043d\u0438\u0435","potentialAction":[{"@type":"SearchAction","target":{"@type":"EntryPoint","urlTemplate":"https:\/\/www.btv.md\/?s={search_term_string}"},"query-input":{"@type":"PropertyValueSpecification","valueRequired":true,"valueName":"search_term_string"}}],"inLanguage":"ro-RO"},{"@type":"Person","@id":"https:\/\/www.btv.md\/#\/schema\/person\/8fadce81561b3ce2c34c46dadc4ccbf2","name":"admin"}]}},"_links":{"self":[{"href":"https:\/\/www.btv.md\/ro\/wp-json\/wp\/v2\/posts\/9282","targetHints":{"allow":["GET"]}}],"collection":[{"href":"https:\/\/www.btv.md\/ro\/wp-json\/wp\/v2\/posts"}],"about":[{"href":"https:\/\/www.btv.md\/ro\/wp-json\/wp\/v2\/types\/post"}],"author":[{"embeddable":true,"href":"https:\/\/www.btv.md\/ro\/wp-json\/wp\/v2\/users\/4"}],"replies":[{"embeddable":true,"href":"https:\/\/www.btv.md\/ro\/wp-json\/wp\/v2\/comments?post=9282"}],"version-history":[{"count":0,"href":"https:\/\/www.btv.md\/ro\/wp-json\/wp\/v2\/posts\/9282\/revisions"}],"wp:featuredmedia":[{"embeddable":true,"href":"https:\/\/www.btv.md\/ro\/wp-json\/wp\/v2\/media\/9283"}],"wp:attachment":[{"href":"https:\/\/www.btv.md\/ro\/wp-json\/wp\/v2\/media?parent=9282"}],"wp:term":[{"taxonomy":"category","embeddable":true,"href":"https:\/\/www.btv.md\/ro\/wp-json\/wp\/v2\/categories?post=9282"},{"taxonomy":"post_tag","embeddable":true,"href":"https:\/\/www.btv.md\/ro\/wp-json\/wp\/v2\/tags?post=9282"}],"curies":[{"name":"wp","href":"https:\/\/api.w.org\/{rel}","templated":true}]}}