{"id":93182,"date":"2020-08-25T16:37:56","date_gmt":"2020-08-25T13:37:56","guid":{"rendered":"http:\/\/www.btv.md\/?p=93182"},"modified":"2020-08-25T16:37:56","modified_gmt":"2020-08-25T13:37:56","slug":"cec-da-start-perioadei-electorale-pentru-scrutinul-prezidential-din-aceasta-toamna","status":"publish","type":"post","link":"https:\/\/www.btv.md\/ro\/cec-da-start-perioadei-electorale-pentru-scrutinul-prezidential-din-aceasta-toamna\/","title":{"rendered":"CEC d\u0103 start perioadei electorale pentru scrutinul preziden\u021bial din aceast\u0103 toamn\u0103"},"content":{"rendered":"<p class=\"v1MsoNormal\"><strong>Perioada electoral\u0103 pentru alegerile preziden\u021biale din aceast\u0103 toamn\u0103 \u00eencepe ast\u0103zi, 25 august, anun\u021b\u0103 Comisia Electoral\u0103 Central\u0103 (CEC). Conform prevederilor legale, durata acesteia este de 90 de zile \u0219i se finalizeaz\u0103 odat\u0103 cu confirmarea rezultatelor alegerilor \u0219i validarea mandatului de pre\u0219edinte de c\u0103tre Curtea Constitu\u021bional\u0103.<\/strong><\/p>\n<p class=\"v1MsoNormal\">Principalele ac\u021biuni \u00een perioada electoral\u0103 constau \u00een constituirea \u0219i organizarea activit\u0103\u021bii organelor electorale inferioare, \u00eenregistrarea grupurilor de ini\u021biativ\u0103 \u0219i a candida\u021bilor la func\u021bia de pre\u0219edinte, constituirea \u0219i organizarea sec\u021biilor de votare, actualizarea \u0219i publicarea listelor electorale, informarea aleg\u0103torilor \u0219i instruirea func\u021bionarilor electorali, monitorizarea alegerilor \u0219i reflectarea lor \u00een mijloacele de informare \u00een mas\u0103, organizarea vot\u0103rii, num\u0103rarea voturilor \u015fi totalizarea rezultatelor alegerilor etc.<\/p>\n<p>Pentru a fi \u00eenregistra\u021bi de CEC, candida\u021bii depun liste de subscrip\u021bie, care con\u021bin semn\u0103turile a cel pu\u021bin 15 000 \u0219i nu mai mult de 25 000 de aleg\u0103tori din cel pu\u021bin jum\u0103tate din num\u0103rul unit\u0103\u021bilor administrativ-teritoriale de nivelul doi.<\/p>\n<p>Campania electoral\u0103 poate \u00eencepe nu mai devreme de 30 de zile \u00eenainte de data alegerilor.<\/p>\n<p>Liderul Platformei DA Andrei N\u0103stase a declarat, luni, c\u0103 ar exista informa\u021bii c\u0103 scrutinul ar putea fi fraudat \u0219i c\u0103 au fost depistate cazuri de corupere a cet\u0103\u021benilor \u0219i de utilizare a resurselor administrative. N\u0103stase s-a declarat mai ales \u00eengrijorat de posibilitatea ca autorit\u0103\u021bile s\u0103 \u00eencurajeze votul masiv \u0219i organizat al aleg\u0103torilor de pe malul st\u00e2ng al Nistrului, \u00een favoarea pre\u0219edintelui Igor Dodon.<\/p>\n<p>Sursa: <a href=\"https:\/\/newsmaker.md\/ro\/cec-da-start-campaniei-pentru-scrutinul-prezidential-din-aceasta-toamna\/\">newsmaker.md<\/a><\/p>\n","protected":false},"excerpt":{"rendered":"<p>Perioada electoral\u0103 pentru alegerile preziden\u021biale din aceast\u0103 toamn\u0103 \u00eencepe ast\u0103zi, 25 august, anun\u021b\u0103 Comisia Electoral\u0103 Central\u0103 (CEC). Conform prevederilor legale, durata acesteia este de 90 de zile \u0219i se finalizeaz\u0103 odat\u0103 cu confirmarea rezultatelor alegerilor \u0219i validarea mandatului de pre\u0219edinte de c\u0103tre Curtea Constitu\u021bional\u0103. Principalele ac\u021biuni \u00een perioada electoral\u0103 constau \u00een constituirea \u0219i organizarea activit\u0103\u021bii [&hellip;]<\/p>\n","protected":false},"author":4,"featured_media":93178,"comment_status":"closed","ping_status":"closed","sticky":false,"template":"","format":"standard","meta":{"footnotes":""},"categories":[6368,6377],"tags":[8806,17211,11963],"class_list":["post-93182","post","type-post","status-publish","format-standard","has-post-thumbnail","hentry","category-politica-ro","category-stiri","tag-alegerile-prezidentiale","tag-comisia-electorala-centrala","tag-curtea-constitutionala"],"yoast_head":"<!-- This site is optimized with the Yoast SEO plugin v27.4 - https:\/\/yoast.com\/product\/yoast-seo-wordpress\/ -->\n<title>CEC d\u0103 start perioadei electorale pentru scrutinul preziden\u021bial din aceast\u0103 toamn\u0103 - BTV<\/title>\n<meta name=\"robots\" content=\"index, follow, max-snippet:-1, max-image-preview:large, max-video-preview:-1\" \/>\n<link rel=\"canonical\" href=\"https:\/\/www.btv.md\/ro\/cec-da-start-perioadei-electorale-pentru-scrutinul-prezidential-din-aceasta-toamna\/\" \/>\n<meta property=\"og:locale\" content=\"ro_RO\" \/>\n<meta property=\"og:type\" content=\"article\" \/>\n<meta property=\"og:title\" content=\"CEC d\u0103 start perioadei electorale pentru scrutinul preziden\u021bial din aceast\u0103 toamn\u0103 - BTV\" \/>\n<meta property=\"og:description\" content=\"Perioada electoral\u0103 pentru alegerile preziden\u021biale din aceast\u0103 toamn\u0103 \u00eencepe ast\u0103zi, 25 august, anun\u021b\u0103 Comisia Electoral\u0103 Central\u0103 (CEC). Conform prevederilor legale, durata acesteia este de 90 de zile \u0219i se finalizeaz\u0103 odat\u0103 cu confirmarea rezultatelor alegerilor \u0219i validarea mandatului de pre\u0219edinte de c\u0103tre Curtea Constitu\u021bional\u0103. Principalele ac\u021biuni \u00een perioada electoral\u0103 constau \u00een constituirea \u0219i organizarea activit\u0103\u021bii [&hellip;]\" \/>\n<meta property=\"og:url\" content=\"https:\/\/www.btv.md\/ro\/cec-da-start-perioadei-electorale-pentru-scrutinul-prezidential-din-aceasta-toamna\/\" \/>\n<meta property=\"og:site_name\" content=\"BTV\" \/>\n<meta property=\"article:publisher\" content=\"https:\/\/www.facebook.com\/btvmoldova\/\" \/>\n<meta property=\"article:published_time\" content=\"2020-08-25T13:37:56+00:00\" \/>\n<meta property=\"og:image\" content=\"https:\/\/www.btv.md\/wp-content\/uploads\/2020\/08\/cms-image-000004649.jpg\" \/>\n\t<meta property=\"og:image:width\" content=\"1500\" \/>\n\t<meta property=\"og:image:height\" content=\"812\" \/>\n\t<meta property=\"og:image:type\" content=\"image\/jpeg\" \/>\n<meta name=\"author\" content=\"admin\" \/>\n<meta name=\"twitter:label1\" content=\"Scris de\" \/>\n\t<meta name=\"twitter:data1\" content=\"admin\" \/>\n\t<meta name=\"twitter:label2\" content=\"Timp estimat pentru citire\" \/>\n\t<meta name=\"twitter:data2\" content=\"1 minut\" \/>\n<script type=\"application\/ld+json\" class=\"yoast-schema-graph\">{\"@context\":\"https:\\\/\\\/schema.org\",\"@graph\":[{\"@type\":\"Article\",\"@id\":\"https:\\\/\\\/www.btv.md\\\/ro\\\/cec-da-start-perioadei-electorale-pentru-scrutinul-prezidential-din-aceasta-toamna\\\/#article\",\"isPartOf\":{\"@id\":\"https:\\\/\\\/www.btv.md\\\/ro\\\/cec-da-start-perioadei-electorale-pentru-scrutinul-prezidential-din-aceasta-toamna\\\/\"},\"author\":{\"name\":\"admin\",\"@id\":\"https:\\\/\\\/www.btv.md\\\/#\\\/schema\\\/person\\\/8fadce81561b3ce2c34c46dadc4ccbf2\"},\"headline\":\"CEC d\u0103 start perioadei electorale pentru scrutinul preziden\u021bial din aceast\u0103 toamn\u0103\",\"datePublished\":\"2020-08-25T13:37:56+00:00\",\"mainEntityOfPage\":{\"@id\":\"https:\\\/\\\/www.btv.md\\\/ro\\\/cec-da-start-perioadei-electorale-pentru-scrutinul-prezidential-din-aceasta-toamna\\\/\"},\"wordCount\":266,\"image\":{\"@id\":\"https:\\\/\\\/www.btv.md\\\/ro\\\/cec-da-start-perioadei-electorale-pentru-scrutinul-prezidential-din-aceasta-toamna\\\/#primaryimage\"},\"thumbnailUrl\":\"https:\\\/\\\/www.btv.md\\\/wp-content\\\/uploads\\\/2020\\\/08\\\/cms-image-000004649.jpg\",\"keywords\":[\"alegerile preziden\u021biale\",\"Comisia Electoral\u0103 Central\u0103\",\"Curtea Constitu\u0163ional\u0103\"],\"articleSection\":[\"Politic\u0103\",\"\u0218tiri\"],\"inLanguage\":\"ro-RO\"},{\"@type\":\"WebPage\",\"@id\":\"https:\\\/\\\/www.btv.md\\\/ro\\\/cec-da-start-perioadei-electorale-pentru-scrutinul-prezidential-din-aceasta-toamna\\\/\",\"url\":\"https:\\\/\\\/www.btv.md\\\/ro\\\/cec-da-start-perioadei-electorale-pentru-scrutinul-prezidential-din-aceasta-toamna\\\/\",\"name\":\"CEC d\u0103 start perioadei electorale pentru scrutinul preziden\u021bial din aceast\u0103 toamn\u0103 - BTV\",\"isPartOf\":{\"@id\":\"https:\\\/\\\/www.btv.md\\\/#website\"},\"primaryImageOfPage\":{\"@id\":\"https:\\\/\\\/www.btv.md\\\/ro\\\/cec-da-start-perioadei-electorale-pentru-scrutinul-prezidential-din-aceasta-toamna\\\/#primaryimage\"},\"image\":{\"@id\":\"https:\\\/\\\/www.btv.md\\\/ro\\\/cec-da-start-perioadei-electorale-pentru-scrutinul-prezidential-din-aceasta-toamna\\\/#primaryimage\"},\"thumbnailUrl\":\"https:\\\/\\\/www.btv.md\\\/wp-content\\\/uploads\\\/2020\\\/08\\\/cms-image-000004649.jpg\",\"datePublished\":\"2020-08-25T13:37:56+00:00\",\"author\":{\"@id\":\"https:\\\/\\\/www.btv.md\\\/#\\\/schema\\\/person\\\/8fadce81561b3ce2c34c46dadc4ccbf2\"},\"inLanguage\":\"ro-RO\",\"potentialAction\":[{\"@type\":\"ReadAction\",\"target\":[\"https:\\\/\\\/www.btv.md\\\/ro\\\/cec-da-start-perioadei-electorale-pentru-scrutinul-prezidential-din-aceasta-toamna\\\/\"]}]},{\"@type\":\"ImageObject\",\"inLanguage\":\"ro-RO\",\"@id\":\"https:\\\/\\\/www.btv.md\\\/ro\\\/cec-da-start-perioadei-electorale-pentru-scrutinul-prezidential-din-aceasta-toamna\\\/#primaryimage\",\"url\":\"https:\\\/\\\/www.btv.md\\\/wp-content\\\/uploads\\\/2020\\\/08\\\/cms-image-000004649.jpg\",\"contentUrl\":\"https:\\\/\\\/www.btv.md\\\/wp-content\\\/uploads\\\/2020\\\/08\\\/cms-image-000004649.jpg\",\"width\":1500,\"height\":812},{\"@type\":\"WebSite\",\"@id\":\"https:\\\/\\\/www.btv.md\\\/#website\",\"url\":\"https:\\\/\\\/www.btv.md\\\/\",\"name\":\"BTV\",\"description\":\"\u0411\u0435\u043b\u044c\u0446\u043a\u043e\u0435 \u0442\u0435\u043b\u0435\u0432\u0438\u0434\u0435\u043d\u0438\u0435\",\"potentialAction\":[{\"@type\":\"SearchAction\",\"target\":{\"@type\":\"EntryPoint\",\"urlTemplate\":\"https:\\\/\\\/www.btv.md\\\/?s={search_term_string}\"},\"query-input\":{\"@type\":\"PropertyValueSpecification\",\"valueRequired\":true,\"valueName\":\"search_term_string\"}}],\"inLanguage\":\"ro-RO\"},{\"@type\":\"Person\",\"@id\":\"https:\\\/\\\/www.btv.md\\\/#\\\/schema\\\/person\\\/8fadce81561b3ce2c34c46dadc4ccbf2\",\"name\":\"admin\"}]}<\/script>\n<!-- \/ Yoast SEO plugin. -->","yoast_head_json":{"title":"CEC d\u0103 start perioadei electorale pentru scrutinul preziden\u021bial din aceast\u0103 toamn\u0103 - BTV","robots":{"index":"index","follow":"follow","max-snippet":"max-snippet:-1","max-image-preview":"max-image-preview:large","max-video-preview":"max-video-preview:-1"},"canonical":"https:\/\/www.btv.md\/ro\/cec-da-start-perioadei-electorale-pentru-scrutinul-prezidential-din-aceasta-toamna\/","og_locale":"ro_RO","og_type":"article","og_title":"CEC d\u0103 start perioadei electorale pentru scrutinul preziden\u021bial din aceast\u0103 toamn\u0103 - BTV","og_description":"Perioada electoral\u0103 pentru alegerile preziden\u021biale din aceast\u0103 toamn\u0103 \u00eencepe ast\u0103zi, 25 august, anun\u021b\u0103 Comisia Electoral\u0103 Central\u0103 (CEC). Conform prevederilor legale, durata acesteia este de 90 de zile \u0219i se finalizeaz\u0103 odat\u0103 cu confirmarea rezultatelor alegerilor \u0219i validarea mandatului de pre\u0219edinte de c\u0103tre Curtea Constitu\u021bional\u0103. Principalele ac\u021biuni \u00een perioada electoral\u0103 constau \u00een constituirea \u0219i organizarea activit\u0103\u021bii [&hellip;]","og_url":"https:\/\/www.btv.md\/ro\/cec-da-start-perioadei-electorale-pentru-scrutinul-prezidential-din-aceasta-toamna\/","og_site_name":"BTV","article_publisher":"https:\/\/www.facebook.com\/btvmoldova\/","article_published_time":"2020-08-25T13:37:56+00:00","og_image":[{"width":1500,"height":812,"url":"https:\/\/www.btv.md\/wp-content\/uploads\/2020\/08\/cms-image-000004649.jpg","type":"image\/jpeg"}],"author":"admin","twitter_misc":{"Scris de":"admin","Timp estimat pentru citire":"1 minut"},"schema":{"@context":"https:\/\/schema.org","@graph":[{"@type":"Article","@id":"https:\/\/www.btv.md\/ro\/cec-da-start-perioadei-electorale-pentru-scrutinul-prezidential-din-aceasta-toamna\/#article","isPartOf":{"@id":"https:\/\/www.btv.md\/ro\/cec-da-start-perioadei-electorale-pentru-scrutinul-prezidential-din-aceasta-toamna\/"},"author":{"name":"admin","@id":"https:\/\/www.btv.md\/#\/schema\/person\/8fadce81561b3ce2c34c46dadc4ccbf2"},"headline":"CEC d\u0103 start perioadei electorale pentru scrutinul preziden\u021bial din aceast\u0103 toamn\u0103","datePublished":"2020-08-25T13:37:56+00:00","mainEntityOfPage":{"@id":"https:\/\/www.btv.md\/ro\/cec-da-start-perioadei-electorale-pentru-scrutinul-prezidential-din-aceasta-toamna\/"},"wordCount":266,"image":{"@id":"https:\/\/www.btv.md\/ro\/cec-da-start-perioadei-electorale-pentru-scrutinul-prezidential-din-aceasta-toamna\/#primaryimage"},"thumbnailUrl":"https:\/\/www.btv.md\/wp-content\/uploads\/2020\/08\/cms-image-000004649.jpg","keywords":["alegerile preziden\u021biale","Comisia Electoral\u0103 Central\u0103","Curtea Constitu\u0163ional\u0103"],"articleSection":["Politic\u0103","\u0218tiri"],"inLanguage":"ro-RO"},{"@type":"WebPage","@id":"https:\/\/www.btv.md\/ro\/cec-da-start-perioadei-electorale-pentru-scrutinul-prezidential-din-aceasta-toamna\/","url":"https:\/\/www.btv.md\/ro\/cec-da-start-perioadei-electorale-pentru-scrutinul-prezidential-din-aceasta-toamna\/","name":"CEC d\u0103 start perioadei electorale pentru scrutinul preziden\u021bial din aceast\u0103 toamn\u0103 - BTV","isPartOf":{"@id":"https:\/\/www.btv.md\/#website"},"primaryImageOfPage":{"@id":"https:\/\/www.btv.md\/ro\/cec-da-start-perioadei-electorale-pentru-scrutinul-prezidential-din-aceasta-toamna\/#primaryimage"},"image":{"@id":"https:\/\/www.btv.md\/ro\/cec-da-start-perioadei-electorale-pentru-scrutinul-prezidential-din-aceasta-toamna\/#primaryimage"},"thumbnailUrl":"https:\/\/www.btv.md\/wp-content\/uploads\/2020\/08\/cms-image-000004649.jpg","datePublished":"2020-08-25T13:37:56+00:00","author":{"@id":"https:\/\/www.btv.md\/#\/schema\/person\/8fadce81561b3ce2c34c46dadc4ccbf2"},"inLanguage":"ro-RO","potentialAction":[{"@type":"ReadAction","target":["https:\/\/www.btv.md\/ro\/cec-da-start-perioadei-electorale-pentru-scrutinul-prezidential-din-aceasta-toamna\/"]}]},{"@type":"ImageObject","inLanguage":"ro-RO","@id":"https:\/\/www.btv.md\/ro\/cec-da-start-perioadei-electorale-pentru-scrutinul-prezidential-din-aceasta-toamna\/#primaryimage","url":"https:\/\/www.btv.md\/wp-content\/uploads\/2020\/08\/cms-image-000004649.jpg","contentUrl":"https:\/\/www.btv.md\/wp-content\/uploads\/2020\/08\/cms-image-000004649.jpg","width":1500,"height":812},{"@type":"WebSite","@id":"https:\/\/www.btv.md\/#website","url":"https:\/\/www.btv.md\/","name":"BTV","description":"\u0411\u0435\u043b\u044c\u0446\u043a\u043e\u0435 \u0442\u0435\u043b\u0435\u0432\u0438\u0434\u0435\u043d\u0438\u0435","potentialAction":[{"@type":"SearchAction","target":{"@type":"EntryPoint","urlTemplate":"https:\/\/www.btv.md\/?s={search_term_string}"},"query-input":{"@type":"PropertyValueSpecification","valueRequired":true,"valueName":"search_term_string"}}],"inLanguage":"ro-RO"},{"@type":"Person","@id":"https:\/\/www.btv.md\/#\/schema\/person\/8fadce81561b3ce2c34c46dadc4ccbf2","name":"admin"}]}},"_links":{"self":[{"href":"https:\/\/www.btv.md\/ro\/wp-json\/wp\/v2\/posts\/93182","targetHints":{"allow":["GET"]}}],"collection":[{"href":"https:\/\/www.btv.md\/ro\/wp-json\/wp\/v2\/posts"}],"about":[{"href":"https:\/\/www.btv.md\/ro\/wp-json\/wp\/v2\/types\/post"}],"author":[{"embeddable":true,"href":"https:\/\/www.btv.md\/ro\/wp-json\/wp\/v2\/users\/4"}],"replies":[{"embeddable":true,"href":"https:\/\/www.btv.md\/ro\/wp-json\/wp\/v2\/comments?post=93182"}],"version-history":[{"count":0,"href":"https:\/\/www.btv.md\/ro\/wp-json\/wp\/v2\/posts\/93182\/revisions"}],"wp:featuredmedia":[{"embeddable":true,"href":"https:\/\/www.btv.md\/ro\/wp-json\/wp\/v2\/media\/93178"}],"wp:attachment":[{"href":"https:\/\/www.btv.md\/ro\/wp-json\/wp\/v2\/media?parent=93182"}],"wp:term":[{"taxonomy":"category","embeddable":true,"href":"https:\/\/www.btv.md\/ro\/wp-json\/wp\/v2\/categories?post=93182"},{"taxonomy":"post_tag","embeddable":true,"href":"https:\/\/www.btv.md\/ro\/wp-json\/wp\/v2\/tags?post=93182"}],"curies":[{"name":"wp","href":"https:\/\/api.w.org\/{rel}","templated":true}]}}