{"id":9323,"date":"2016-03-21T16:27:25","date_gmt":"2016-03-21T13:27:25","guid":{"rendered":"http:\/\/btv.md\/?p=9323"},"modified":"2016-03-21T16:27:25","modified_gmt":"2016-03-21T13:27:25","slug":"in-municipiul-balti-apa-de-la-robinet-nu-va-fi-deconectata","status":"publish","type":"post","link":"https:\/\/www.btv.md\/ro\/in-municipiul-balti-apa-de-la-robinet-nu-va-fi-deconectata\/","title":{"rendered":"\u00ceN  MUNICIPIUL  B\u0102L\u021aI,  APA  DE  LA  ROBINET  NU  VA  FI  DECONECTAT\u0102"},"content":{"rendered":"<p><strong>\u00cen municipiul B\u0103l\u021bi, apa de la robinet nu va fi deconectat\u0103. Cel pu\u021bin astfel a declarat \u0219eful \u00eentreprinderii Ap\u0103-Canal, Victor Corcodel. <\/strong><\/p>\n<p>Preciz\u0103m c\u0103 deconectarea apei este posibil\u0103 din cauza datoriilor acumulate de  \u00eentreprinderea &#8222;Ap\u0103 Canal&#8221; B\u0103l\u0163i fa\u021b\u0103 de &#8222;Acva Nord\u201d, \u00eentreprindere  care la r\u00e2ndul ei este \u0219i ea datoare cu  peste 53 de milioane de lei pentru  consumul de energie electric\u0103 <\/p>\n<p>Amintim c\u0103 anterior ziarul din Soroca a publicat un aviz \u00een care  administratorul  \u00ab Acva Nord \u00bb a  specificat c\u0103 \u00eentreprinderea este  \u00een proces de insolvabilitate. Potrivit acestuia la data de 21 martie, compania va fi deconectat de la curentul electric,  prin urmare aceasta va putea livra \u00een continuare ap\u0103 potabil\u0103 consumatorilor s\u0103i, printre care, se enumer\u0103 \u0219i \u00eentreprinderea Ap\u0103-Canal B\u0103l\u021bi.<\/p>\n<p>Revenim cu  detalii  dup\u0103 ora 16:00<\/p>\n","protected":false},"excerpt":{"rendered":"<p>\u00cen municipiul B\u0103l\u021bi, apa de la robinet nu va fi deconectat\u0103. Cel pu\u021bin astfel a declarat \u0219eful \u00eentreprinderii Ap\u0103-Canal, Victor Corcodel. Preciz\u0103m c\u0103 deconectarea apei este posibil\u0103 din cauza datoriilor acumulate de \u00eentreprinderea &#8222;Ap\u0103 Canal&#8221; B\u0103l\u0163i fa\u021b\u0103 de &#8222;Acva Nord\u201d, \u00eentreprindere care la r\u00e2ndul ei este \u0219i ea datoare cu peste 53 de milioane de [&hellip;]<\/p>\n","protected":false},"author":4,"featured_media":9324,"comment_status":"closed","ping_status":"closed","sticky":false,"template":"","format":"standard","meta":{"footnotes":""},"categories":[6353],"tags":[],"class_list":["post-9323","post","type-post","status-publish","format-standard","has-post-thumbnail","hentry","category-oras"],"yoast_head":"<!-- This site is optimized with the Yoast SEO plugin v27.4 - https:\/\/yoast.com\/product\/yoast-seo-wordpress\/ -->\n<title>\u00ceN MUNICIPIUL B\u0102L\u021aI, APA DE LA ROBINET NU VA FI DECONECTAT\u0102 - BTV<\/title>\n<meta name=\"robots\" content=\"index, follow, max-snippet:-1, max-image-preview:large, max-video-preview:-1\" \/>\n<link rel=\"canonical\" href=\"https:\/\/www.btv.md\/ro\/in-municipiul-balti-apa-de-la-robinet-nu-va-fi-deconectata\/\" \/>\n<meta property=\"og:locale\" content=\"ro_RO\" \/>\n<meta property=\"og:type\" content=\"article\" \/>\n<meta property=\"og:title\" content=\"\u00ceN MUNICIPIUL B\u0102L\u021aI, APA DE LA ROBINET NU VA FI DECONECTAT\u0102 - BTV\" \/>\n<meta property=\"og:description\" content=\"\u00cen municipiul B\u0103l\u021bi, apa de la robinet nu va fi deconectat\u0103. Cel pu\u021bin astfel a declarat \u0219eful \u00eentreprinderii Ap\u0103-Canal, Victor Corcodel. Preciz\u0103m c\u0103 deconectarea apei este posibil\u0103 din cauza datoriilor acumulate de \u00eentreprinderea &#8222;Ap\u0103 Canal&#8221; B\u0103l\u0163i fa\u021b\u0103 de &#8222;Acva Nord\u201d, \u00eentreprindere care la r\u00e2ndul ei este \u0219i ea datoare cu peste 53 de milioane de [&hellip;]\" \/>\n<meta property=\"og:url\" content=\"https:\/\/www.btv.md\/ro\/in-municipiul-balti-apa-de-la-robinet-nu-va-fi-deconectata\/\" \/>\n<meta property=\"og:site_name\" content=\"BTV\" \/>\n<meta property=\"article:publisher\" content=\"https:\/\/www.facebook.com\/btvmoldova\/\" \/>\n<meta property=\"article:published_time\" content=\"2016-03-21T13:27:25+00:00\" \/>\n<meta property=\"og:image\" content=\"https:\/\/www.btv.md\/wp-content\/uploads\/2016\/03\/news488.jpg\" \/>\n\t<meta property=\"og:image:width\" content=\"460\" \/>\n\t<meta property=\"og:image:height\" content=\"288\" \/>\n\t<meta property=\"og:image:type\" content=\"image\/jpeg\" \/>\n<meta name=\"author\" content=\"admin\" \/>\n<meta name=\"twitter:label1\" content=\"Scris de\" \/>\n\t<meta name=\"twitter:data1\" content=\"admin\" \/>\n\t<meta name=\"twitter:label2\" content=\"Timp estimat pentru citire\" \/>\n\t<meta name=\"twitter:data2\" content=\"1 minut\" \/>\n<script type=\"application\/ld+json\" class=\"yoast-schema-graph\">{\"@context\":\"https:\\\/\\\/schema.org\",\"@graph\":[{\"@type\":\"Article\",\"@id\":\"https:\\\/\\\/www.btv.md\\\/ro\\\/in-municipiul-balti-apa-de-la-robinet-nu-va-fi-deconectata\\\/#article\",\"isPartOf\":{\"@id\":\"https:\\\/\\\/www.btv.md\\\/ro\\\/in-municipiul-balti-apa-de-la-robinet-nu-va-fi-deconectata\\\/\"},\"author\":{\"name\":\"admin\",\"@id\":\"https:\\\/\\\/www.btv.md\\\/#\\\/schema\\\/person\\\/8fadce81561b3ce2c34c46dadc4ccbf2\"},\"headline\":\"\u00ceN MUNICIPIUL B\u0102L\u021aI, APA DE LA ROBINET NU VA FI DECONECTAT\u0102\",\"datePublished\":\"2016-03-21T13:27:25+00:00\",\"mainEntityOfPage\":{\"@id\":\"https:\\\/\\\/www.btv.md\\\/ro\\\/in-municipiul-balti-apa-de-la-robinet-nu-va-fi-deconectata\\\/\"},\"wordCount\":148,\"image\":{\"@id\":\"https:\\\/\\\/www.btv.md\\\/ro\\\/in-municipiul-balti-apa-de-la-robinet-nu-va-fi-deconectata\\\/#primaryimage\"},\"thumbnailUrl\":\"https:\\\/\\\/www.btv.md\\\/wp-content\\\/uploads\\\/2016\\\/03\\\/news488.jpg\",\"articleSection\":[\"Ora\u0219\"],\"inLanguage\":\"ro-RO\"},{\"@type\":\"WebPage\",\"@id\":\"https:\\\/\\\/www.btv.md\\\/ro\\\/in-municipiul-balti-apa-de-la-robinet-nu-va-fi-deconectata\\\/\",\"url\":\"https:\\\/\\\/www.btv.md\\\/ro\\\/in-municipiul-balti-apa-de-la-robinet-nu-va-fi-deconectata\\\/\",\"name\":\"\u00ceN MUNICIPIUL B\u0102L\u021aI, APA DE LA ROBINET NU VA FI DECONECTAT\u0102 - BTV\",\"isPartOf\":{\"@id\":\"https:\\\/\\\/www.btv.md\\\/#website\"},\"primaryImageOfPage\":{\"@id\":\"https:\\\/\\\/www.btv.md\\\/ro\\\/in-municipiul-balti-apa-de-la-robinet-nu-va-fi-deconectata\\\/#primaryimage\"},\"image\":{\"@id\":\"https:\\\/\\\/www.btv.md\\\/ro\\\/in-municipiul-balti-apa-de-la-robinet-nu-va-fi-deconectata\\\/#primaryimage\"},\"thumbnailUrl\":\"https:\\\/\\\/www.btv.md\\\/wp-content\\\/uploads\\\/2016\\\/03\\\/news488.jpg\",\"datePublished\":\"2016-03-21T13:27:25+00:00\",\"author\":{\"@id\":\"https:\\\/\\\/www.btv.md\\\/#\\\/schema\\\/person\\\/8fadce81561b3ce2c34c46dadc4ccbf2\"},\"inLanguage\":\"ro-RO\",\"potentialAction\":[{\"@type\":\"ReadAction\",\"target\":[\"https:\\\/\\\/www.btv.md\\\/ro\\\/in-municipiul-balti-apa-de-la-robinet-nu-va-fi-deconectata\\\/\"]}]},{\"@type\":\"ImageObject\",\"inLanguage\":\"ro-RO\",\"@id\":\"https:\\\/\\\/www.btv.md\\\/ro\\\/in-municipiul-balti-apa-de-la-robinet-nu-va-fi-deconectata\\\/#primaryimage\",\"url\":\"https:\\\/\\\/www.btv.md\\\/wp-content\\\/uploads\\\/2016\\\/03\\\/news488.jpg\",\"contentUrl\":\"https:\\\/\\\/www.btv.md\\\/wp-content\\\/uploads\\\/2016\\\/03\\\/news488.jpg\",\"width\":460,\"height\":288},{\"@type\":\"WebSite\",\"@id\":\"https:\\\/\\\/www.btv.md\\\/#website\",\"url\":\"https:\\\/\\\/www.btv.md\\\/\",\"name\":\"BTV\",\"description\":\"\u0411\u0435\u043b\u044c\u0446\u043a\u043e\u0435 \u0442\u0435\u043b\u0435\u0432\u0438\u0434\u0435\u043d\u0438\u0435\",\"potentialAction\":[{\"@type\":\"SearchAction\",\"target\":{\"@type\":\"EntryPoint\",\"urlTemplate\":\"https:\\\/\\\/www.btv.md\\\/?s={search_term_string}\"},\"query-input\":{\"@type\":\"PropertyValueSpecification\",\"valueRequired\":true,\"valueName\":\"search_term_string\"}}],\"inLanguage\":\"ro-RO\"},{\"@type\":\"Person\",\"@id\":\"https:\\\/\\\/www.btv.md\\\/#\\\/schema\\\/person\\\/8fadce81561b3ce2c34c46dadc4ccbf2\",\"name\":\"admin\"}]}<\/script>\n<!-- \/ Yoast SEO plugin. -->","yoast_head_json":{"title":"\u00ceN MUNICIPIUL B\u0102L\u021aI, APA DE LA ROBINET NU VA FI DECONECTAT\u0102 - BTV","robots":{"index":"index","follow":"follow","max-snippet":"max-snippet:-1","max-image-preview":"max-image-preview:large","max-video-preview":"max-video-preview:-1"},"canonical":"https:\/\/www.btv.md\/ro\/in-municipiul-balti-apa-de-la-robinet-nu-va-fi-deconectata\/","og_locale":"ro_RO","og_type":"article","og_title":"\u00ceN MUNICIPIUL B\u0102L\u021aI, APA DE LA ROBINET NU VA FI DECONECTAT\u0102 - BTV","og_description":"\u00cen municipiul B\u0103l\u021bi, apa de la robinet nu va fi deconectat\u0103. Cel pu\u021bin astfel a declarat \u0219eful \u00eentreprinderii Ap\u0103-Canal, Victor Corcodel. Preciz\u0103m c\u0103 deconectarea apei este posibil\u0103 din cauza datoriilor acumulate de \u00eentreprinderea &#8222;Ap\u0103 Canal&#8221; B\u0103l\u0163i fa\u021b\u0103 de &#8222;Acva Nord\u201d, \u00eentreprindere care la r\u00e2ndul ei este \u0219i ea datoare cu peste 53 de milioane de [&hellip;]","og_url":"https:\/\/www.btv.md\/ro\/in-municipiul-balti-apa-de-la-robinet-nu-va-fi-deconectata\/","og_site_name":"BTV","article_publisher":"https:\/\/www.facebook.com\/btvmoldova\/","article_published_time":"2016-03-21T13:27:25+00:00","og_image":[{"width":460,"height":288,"url":"https:\/\/www.btv.md\/wp-content\/uploads\/2016\/03\/news488.jpg","type":"image\/jpeg"}],"author":"admin","twitter_misc":{"Scris de":"admin","Timp estimat pentru citire":"1 minut"},"schema":{"@context":"https:\/\/schema.org","@graph":[{"@type":"Article","@id":"https:\/\/www.btv.md\/ro\/in-municipiul-balti-apa-de-la-robinet-nu-va-fi-deconectata\/#article","isPartOf":{"@id":"https:\/\/www.btv.md\/ro\/in-municipiul-balti-apa-de-la-robinet-nu-va-fi-deconectata\/"},"author":{"name":"admin","@id":"https:\/\/www.btv.md\/#\/schema\/person\/8fadce81561b3ce2c34c46dadc4ccbf2"},"headline":"\u00ceN MUNICIPIUL B\u0102L\u021aI, APA DE LA ROBINET NU VA FI DECONECTAT\u0102","datePublished":"2016-03-21T13:27:25+00:00","mainEntityOfPage":{"@id":"https:\/\/www.btv.md\/ro\/in-municipiul-balti-apa-de-la-robinet-nu-va-fi-deconectata\/"},"wordCount":148,"image":{"@id":"https:\/\/www.btv.md\/ro\/in-municipiul-balti-apa-de-la-robinet-nu-va-fi-deconectata\/#primaryimage"},"thumbnailUrl":"https:\/\/www.btv.md\/wp-content\/uploads\/2016\/03\/news488.jpg","articleSection":["Ora\u0219"],"inLanguage":"ro-RO"},{"@type":"WebPage","@id":"https:\/\/www.btv.md\/ro\/in-municipiul-balti-apa-de-la-robinet-nu-va-fi-deconectata\/","url":"https:\/\/www.btv.md\/ro\/in-municipiul-balti-apa-de-la-robinet-nu-va-fi-deconectata\/","name":"\u00ceN MUNICIPIUL B\u0102L\u021aI, APA DE LA ROBINET NU VA FI DECONECTAT\u0102 - BTV","isPartOf":{"@id":"https:\/\/www.btv.md\/#website"},"primaryImageOfPage":{"@id":"https:\/\/www.btv.md\/ro\/in-municipiul-balti-apa-de-la-robinet-nu-va-fi-deconectata\/#primaryimage"},"image":{"@id":"https:\/\/www.btv.md\/ro\/in-municipiul-balti-apa-de-la-robinet-nu-va-fi-deconectata\/#primaryimage"},"thumbnailUrl":"https:\/\/www.btv.md\/wp-content\/uploads\/2016\/03\/news488.jpg","datePublished":"2016-03-21T13:27:25+00:00","author":{"@id":"https:\/\/www.btv.md\/#\/schema\/person\/8fadce81561b3ce2c34c46dadc4ccbf2"},"inLanguage":"ro-RO","potentialAction":[{"@type":"ReadAction","target":["https:\/\/www.btv.md\/ro\/in-municipiul-balti-apa-de-la-robinet-nu-va-fi-deconectata\/"]}]},{"@type":"ImageObject","inLanguage":"ro-RO","@id":"https:\/\/www.btv.md\/ro\/in-municipiul-balti-apa-de-la-robinet-nu-va-fi-deconectata\/#primaryimage","url":"https:\/\/www.btv.md\/wp-content\/uploads\/2016\/03\/news488.jpg","contentUrl":"https:\/\/www.btv.md\/wp-content\/uploads\/2016\/03\/news488.jpg","width":460,"height":288},{"@type":"WebSite","@id":"https:\/\/www.btv.md\/#website","url":"https:\/\/www.btv.md\/","name":"BTV","description":"\u0411\u0435\u043b\u044c\u0446\u043a\u043e\u0435 \u0442\u0435\u043b\u0435\u0432\u0438\u0434\u0435\u043d\u0438\u0435","potentialAction":[{"@type":"SearchAction","target":{"@type":"EntryPoint","urlTemplate":"https:\/\/www.btv.md\/?s={search_term_string}"},"query-input":{"@type":"PropertyValueSpecification","valueRequired":true,"valueName":"search_term_string"}}],"inLanguage":"ro-RO"},{"@type":"Person","@id":"https:\/\/www.btv.md\/#\/schema\/person\/8fadce81561b3ce2c34c46dadc4ccbf2","name":"admin"}]}},"_links":{"self":[{"href":"https:\/\/www.btv.md\/ro\/wp-json\/wp\/v2\/posts\/9323","targetHints":{"allow":["GET"]}}],"collection":[{"href":"https:\/\/www.btv.md\/ro\/wp-json\/wp\/v2\/posts"}],"about":[{"href":"https:\/\/www.btv.md\/ro\/wp-json\/wp\/v2\/types\/post"}],"author":[{"embeddable":true,"href":"https:\/\/www.btv.md\/ro\/wp-json\/wp\/v2\/users\/4"}],"replies":[{"embeddable":true,"href":"https:\/\/www.btv.md\/ro\/wp-json\/wp\/v2\/comments?post=9323"}],"version-history":[{"count":0,"href":"https:\/\/www.btv.md\/ro\/wp-json\/wp\/v2\/posts\/9323\/revisions"}],"wp:featuredmedia":[{"embeddable":true,"href":"https:\/\/www.btv.md\/ro\/wp-json\/wp\/v2\/media\/9324"}],"wp:attachment":[{"href":"https:\/\/www.btv.md\/ro\/wp-json\/wp\/v2\/media?parent=9323"}],"wp:term":[{"taxonomy":"category","embeddable":true,"href":"https:\/\/www.btv.md\/ro\/wp-json\/wp\/v2\/categories?post=9323"},{"taxonomy":"post_tag","embeddable":true,"href":"https:\/\/www.btv.md\/ro\/wp-json\/wp\/v2\/tags?post=9323"}],"curies":[{"name":"wp","href":"https:\/\/api.w.org\/{rel}","templated":true}]}}