{"id":9359,"date":"2016-03-22T11:36:45","date_gmt":"2016-03-22T08:36:45","guid":{"rendered":"http:\/\/btv.md\/?p=9359"},"modified":"2016-03-22T11:37:35","modified_gmt":"2016-03-22T08:37:35","slug":"update-10-35-inca-doua-explozii-s-au-produs-in-bruxelles-mai-exact-la-doua-statii-metro-malbec-si-schuman","status":"publish","type":"post","link":"https:\/\/www.btv.md\/ro\/update-10-35-inca-doua-explozii-s-au-produs-in-bruxelles-mai-exact-la-doua-statii-metro-malbec-si-schuman\/","title":{"rendered":"UPDATE (10:35) |  \u00cenc\u0103 dou\u0103 explozii s-au produs \u00een Bruxelles, mai exact la dou\u0103 sta\u021bii Metro ( MALBEC \u0219i SCHUMAN)"},"content":{"rendered":"<p><strong>UPDATE (10:35) |  \u00cenc\u0103 dou\u0103 explozii s-au produs \u00een Bruxelles, mai exact la dou\u0103 sta\u021bii Metro ( MALBEC \u0219i SCHUMAN)<\/p>\n<p>\u00cen Belgia a fost ridicat gradul de alert\u0103 terorist\u0103, ridicat la 3-4 .<\/strong><\/p>\n<p>Dou\u0103 explozii puternice s-au produs \u00een aceast\u0103 dimineat\u0103 pe aeroportul Zaventem din Bruxelles. Patrusprezece personae au decedat, iar 30 au fost r\u0103nite.  Oficialii au decis imediat evacuarea aeroportului, iar traficul spre terminale a fost suspendat. Potrivit euronews.com, poli\u021bia belgian\u0103 a calificat aceste aceste deflagra\u021bii drept atentate teroriste. <\/p>\n<p>Martorii au declarat c\u0103 au sim\u0163it  undele de \u015foc provocate de explozii \u015fi cred c\u0103 deflagra\u0163iile au avut loc la check-inul pentru cursa  American Airlines, la ora local\u0103 9.00.<\/p>\n","protected":false},"excerpt":{"rendered":"<p>UPDATE (10:35) | \u00cenc\u0103 dou\u0103 explozii s-au produs \u00een Bruxelles, mai exact la dou\u0103 sta\u021bii Metro ( MALBEC \u0219i SCHUMAN) \u00cen Belgia a fost ridicat gradul de alert\u0103 terorist\u0103, ridicat la 3-4 . Dou\u0103 explozii puternice s-au produs \u00een aceast\u0103 dimineat\u0103 pe aeroportul Zaventem din Bruxelles. Patrusprezece personae au decedat, iar 30 au fost r\u0103nite. [&hellip;]<\/p>\n","protected":false},"author":4,"featured_media":9362,"comment_status":"closed","ping_status":"closed","sticky":false,"template":"","format":"standard","meta":{"footnotes":""},"categories":[6354],"tags":[],"class_list":["post-9359","post","type-post","status-publish","format-standard","has-post-thumbnail","hentry","category-externe-ro"],"yoast_head":"<!-- This site is optimized with the Yoast SEO plugin v27.4 - https:\/\/yoast.com\/product\/yoast-seo-wordpress\/ -->\n<title>UPDATE (10:35) | \u00cenc\u0103 dou\u0103 explozii s-au produs \u00een Bruxelles, mai exact la dou\u0103 sta\u021bii Metro ( MALBEC \u0219i SCHUMAN) - BTV<\/title>\n<meta name=\"robots\" content=\"index, follow, max-snippet:-1, max-image-preview:large, max-video-preview:-1\" \/>\n<link rel=\"canonical\" href=\"https:\/\/www.btv.md\/ro\/update-10-35-inca-doua-explozii-s-au-produs-in-bruxelles-mai-exact-la-doua-statii-metro-malbec-si-schuman\/\" \/>\n<meta property=\"og:locale\" content=\"ro_RO\" \/>\n<meta property=\"og:type\" content=\"article\" \/>\n<meta property=\"og:title\" content=\"UPDATE (10:35) | \u00cenc\u0103 dou\u0103 explozii s-au produs \u00een Bruxelles, mai exact la dou\u0103 sta\u021bii Metro ( MALBEC \u0219i SCHUMAN) - BTV\" \/>\n<meta property=\"og:description\" content=\"UPDATE (10:35) | \u00cenc\u0103 dou\u0103 explozii s-au produs \u00een Bruxelles, mai exact la dou\u0103 sta\u021bii Metro ( MALBEC \u0219i SCHUMAN) \u00cen Belgia a fost ridicat gradul de alert\u0103 terorist\u0103, ridicat la 3-4 . Dou\u0103 explozii puternice s-au produs \u00een aceast\u0103 dimineat\u0103 pe aeroportul Zaventem din Bruxelles. Patrusprezece personae au decedat, iar 30 au fost r\u0103nite. [&hellip;]\" \/>\n<meta property=\"og:url\" content=\"https:\/\/www.btv.md\/ro\/update-10-35-inca-doua-explozii-s-au-produs-in-bruxelles-mai-exact-la-doua-statii-metro-malbec-si-schuman\/\" \/>\n<meta property=\"og:site_name\" content=\"BTV\" \/>\n<meta property=\"article:publisher\" content=\"https:\/\/www.facebook.com\/btvmoldova\/\" \/>\n<meta property=\"article:published_time\" content=\"2016-03-22T08:36:45+00:00\" \/>\n<meta property=\"article:modified_time\" content=\"2016-03-22T08:37:35+00:00\" \/>\n<meta property=\"og:image\" content=\"https:\/\/www.btv.md\/wp-content\/uploads\/2016\/03\/foto.jpg\" \/>\n\t<meta property=\"og:image:width\" content=\"610\" \/>\n\t<meta property=\"og:image:height\" content=\"386\" \/>\n\t<meta property=\"og:image:type\" content=\"image\/jpeg\" \/>\n<meta name=\"author\" content=\"admin\" \/>\n<meta name=\"twitter:label1\" content=\"Scris de\" \/>\n\t<meta name=\"twitter:data1\" content=\"admin\" \/>\n\t<meta name=\"twitter:label2\" content=\"Timp estimat pentru citire\" \/>\n\t<meta name=\"twitter:data2\" content=\"1 minut\" \/>\n<script type=\"application\/ld+json\" class=\"yoast-schema-graph\">{\"@context\":\"https:\\\/\\\/schema.org\",\"@graph\":[{\"@type\":\"Article\",\"@id\":\"https:\\\/\\\/www.btv.md\\\/ro\\\/update-10-35-inca-doua-explozii-s-au-produs-in-bruxelles-mai-exact-la-doua-statii-metro-malbec-si-schuman\\\/#article\",\"isPartOf\":{\"@id\":\"https:\\\/\\\/www.btv.md\\\/ro\\\/update-10-35-inca-doua-explozii-s-au-produs-in-bruxelles-mai-exact-la-doua-statii-metro-malbec-si-schuman\\\/\"},\"author\":{\"name\":\"admin\",\"@id\":\"https:\\\/\\\/www.btv.md\\\/#\\\/schema\\\/person\\\/8fadce81561b3ce2c34c46dadc4ccbf2\"},\"headline\":\"UPDATE (10:35) | \u00cenc\u0103 dou\u0103 explozii s-au produs \u00een Bruxelles, mai exact la dou\u0103 sta\u021bii Metro ( MALBEC \u0219i SCHUMAN)\",\"datePublished\":\"2016-03-22T08:36:45+00:00\",\"dateModified\":\"2016-03-22T08:37:35+00:00\",\"mainEntityOfPage\":{\"@id\":\"https:\\\/\\\/www.btv.md\\\/ro\\\/update-10-35-inca-doua-explozii-s-au-produs-in-bruxelles-mai-exact-la-doua-statii-metro-malbec-si-schuman\\\/\"},\"wordCount\":128,\"image\":{\"@id\":\"https:\\\/\\\/www.btv.md\\\/ro\\\/update-10-35-inca-doua-explozii-s-au-produs-in-bruxelles-mai-exact-la-doua-statii-metro-malbec-si-schuman\\\/#primaryimage\"},\"thumbnailUrl\":\"https:\\\/\\\/www.btv.md\\\/wp-content\\\/uploads\\\/2016\\\/03\\\/foto.jpg\",\"articleSection\":[\"Externe\"],\"inLanguage\":\"ro-RO\"},{\"@type\":\"WebPage\",\"@id\":\"https:\\\/\\\/www.btv.md\\\/ro\\\/update-10-35-inca-doua-explozii-s-au-produs-in-bruxelles-mai-exact-la-doua-statii-metro-malbec-si-schuman\\\/\",\"url\":\"https:\\\/\\\/www.btv.md\\\/ro\\\/update-10-35-inca-doua-explozii-s-au-produs-in-bruxelles-mai-exact-la-doua-statii-metro-malbec-si-schuman\\\/\",\"name\":\"UPDATE (10:35) | \u00cenc\u0103 dou\u0103 explozii s-au produs \u00een Bruxelles, mai exact la dou\u0103 sta\u021bii Metro ( MALBEC \u0219i SCHUMAN) - BTV\",\"isPartOf\":{\"@id\":\"https:\\\/\\\/www.btv.md\\\/#website\"},\"primaryImageOfPage\":{\"@id\":\"https:\\\/\\\/www.btv.md\\\/ro\\\/update-10-35-inca-doua-explozii-s-au-produs-in-bruxelles-mai-exact-la-doua-statii-metro-malbec-si-schuman\\\/#primaryimage\"},\"image\":{\"@id\":\"https:\\\/\\\/www.btv.md\\\/ro\\\/update-10-35-inca-doua-explozii-s-au-produs-in-bruxelles-mai-exact-la-doua-statii-metro-malbec-si-schuman\\\/#primaryimage\"},\"thumbnailUrl\":\"https:\\\/\\\/www.btv.md\\\/wp-content\\\/uploads\\\/2016\\\/03\\\/foto.jpg\",\"datePublished\":\"2016-03-22T08:36:45+00:00\",\"dateModified\":\"2016-03-22T08:37:35+00:00\",\"author\":{\"@id\":\"https:\\\/\\\/www.btv.md\\\/#\\\/schema\\\/person\\\/8fadce81561b3ce2c34c46dadc4ccbf2\"},\"inLanguage\":\"ro-RO\",\"potentialAction\":[{\"@type\":\"ReadAction\",\"target\":[\"https:\\\/\\\/www.btv.md\\\/ro\\\/update-10-35-inca-doua-explozii-s-au-produs-in-bruxelles-mai-exact-la-doua-statii-metro-malbec-si-schuman\\\/\"]}]},{\"@type\":\"ImageObject\",\"inLanguage\":\"ro-RO\",\"@id\":\"https:\\\/\\\/www.btv.md\\\/ro\\\/update-10-35-inca-doua-explozii-s-au-produs-in-bruxelles-mai-exact-la-doua-statii-metro-malbec-si-schuman\\\/#primaryimage\",\"url\":\"https:\\\/\\\/www.btv.md\\\/wp-content\\\/uploads\\\/2016\\\/03\\\/foto.jpg\",\"contentUrl\":\"https:\\\/\\\/www.btv.md\\\/wp-content\\\/uploads\\\/2016\\\/03\\\/foto.jpg\",\"width\":610,\"height\":386},{\"@type\":\"WebSite\",\"@id\":\"https:\\\/\\\/www.btv.md\\\/#website\",\"url\":\"https:\\\/\\\/www.btv.md\\\/\",\"name\":\"BTV\",\"description\":\"\u0411\u0435\u043b\u044c\u0446\u043a\u043e\u0435 \u0442\u0435\u043b\u0435\u0432\u0438\u0434\u0435\u043d\u0438\u0435\",\"potentialAction\":[{\"@type\":\"SearchAction\",\"target\":{\"@type\":\"EntryPoint\",\"urlTemplate\":\"https:\\\/\\\/www.btv.md\\\/?s={search_term_string}\"},\"query-input\":{\"@type\":\"PropertyValueSpecification\",\"valueRequired\":true,\"valueName\":\"search_term_string\"}}],\"inLanguage\":\"ro-RO\"},{\"@type\":\"Person\",\"@id\":\"https:\\\/\\\/www.btv.md\\\/#\\\/schema\\\/person\\\/8fadce81561b3ce2c34c46dadc4ccbf2\",\"name\":\"admin\"}]}<\/script>\n<!-- \/ Yoast SEO plugin. -->","yoast_head_json":{"title":"UPDATE (10:35) | \u00cenc\u0103 dou\u0103 explozii s-au produs \u00een Bruxelles, mai exact la dou\u0103 sta\u021bii Metro ( MALBEC \u0219i SCHUMAN) - BTV","robots":{"index":"index","follow":"follow","max-snippet":"max-snippet:-1","max-image-preview":"max-image-preview:large","max-video-preview":"max-video-preview:-1"},"canonical":"https:\/\/www.btv.md\/ro\/update-10-35-inca-doua-explozii-s-au-produs-in-bruxelles-mai-exact-la-doua-statii-metro-malbec-si-schuman\/","og_locale":"ro_RO","og_type":"article","og_title":"UPDATE (10:35) | \u00cenc\u0103 dou\u0103 explozii s-au produs \u00een Bruxelles, mai exact la dou\u0103 sta\u021bii Metro ( MALBEC \u0219i SCHUMAN) - BTV","og_description":"UPDATE (10:35) | \u00cenc\u0103 dou\u0103 explozii s-au produs \u00een Bruxelles, mai exact la dou\u0103 sta\u021bii Metro ( MALBEC \u0219i SCHUMAN) \u00cen Belgia a fost ridicat gradul de alert\u0103 terorist\u0103, ridicat la 3-4 . Dou\u0103 explozii puternice s-au produs \u00een aceast\u0103 dimineat\u0103 pe aeroportul Zaventem din Bruxelles. Patrusprezece personae au decedat, iar 30 au fost r\u0103nite. [&hellip;]","og_url":"https:\/\/www.btv.md\/ro\/update-10-35-inca-doua-explozii-s-au-produs-in-bruxelles-mai-exact-la-doua-statii-metro-malbec-si-schuman\/","og_site_name":"BTV","article_publisher":"https:\/\/www.facebook.com\/btvmoldova\/","article_published_time":"2016-03-22T08:36:45+00:00","article_modified_time":"2016-03-22T08:37:35+00:00","og_image":[{"width":610,"height":386,"url":"https:\/\/www.btv.md\/wp-content\/uploads\/2016\/03\/foto.jpg","type":"image\/jpeg"}],"author":"admin","twitter_misc":{"Scris de":"admin","Timp estimat pentru citire":"1 minut"},"schema":{"@context":"https:\/\/schema.org","@graph":[{"@type":"Article","@id":"https:\/\/www.btv.md\/ro\/update-10-35-inca-doua-explozii-s-au-produs-in-bruxelles-mai-exact-la-doua-statii-metro-malbec-si-schuman\/#article","isPartOf":{"@id":"https:\/\/www.btv.md\/ro\/update-10-35-inca-doua-explozii-s-au-produs-in-bruxelles-mai-exact-la-doua-statii-metro-malbec-si-schuman\/"},"author":{"name":"admin","@id":"https:\/\/www.btv.md\/#\/schema\/person\/8fadce81561b3ce2c34c46dadc4ccbf2"},"headline":"UPDATE (10:35) | \u00cenc\u0103 dou\u0103 explozii s-au produs \u00een Bruxelles, mai exact la dou\u0103 sta\u021bii Metro ( MALBEC \u0219i SCHUMAN)","datePublished":"2016-03-22T08:36:45+00:00","dateModified":"2016-03-22T08:37:35+00:00","mainEntityOfPage":{"@id":"https:\/\/www.btv.md\/ro\/update-10-35-inca-doua-explozii-s-au-produs-in-bruxelles-mai-exact-la-doua-statii-metro-malbec-si-schuman\/"},"wordCount":128,"image":{"@id":"https:\/\/www.btv.md\/ro\/update-10-35-inca-doua-explozii-s-au-produs-in-bruxelles-mai-exact-la-doua-statii-metro-malbec-si-schuman\/#primaryimage"},"thumbnailUrl":"https:\/\/www.btv.md\/wp-content\/uploads\/2016\/03\/foto.jpg","articleSection":["Externe"],"inLanguage":"ro-RO"},{"@type":"WebPage","@id":"https:\/\/www.btv.md\/ro\/update-10-35-inca-doua-explozii-s-au-produs-in-bruxelles-mai-exact-la-doua-statii-metro-malbec-si-schuman\/","url":"https:\/\/www.btv.md\/ro\/update-10-35-inca-doua-explozii-s-au-produs-in-bruxelles-mai-exact-la-doua-statii-metro-malbec-si-schuman\/","name":"UPDATE (10:35) | \u00cenc\u0103 dou\u0103 explozii s-au produs \u00een Bruxelles, mai exact la dou\u0103 sta\u021bii Metro ( MALBEC \u0219i SCHUMAN) - BTV","isPartOf":{"@id":"https:\/\/www.btv.md\/#website"},"primaryImageOfPage":{"@id":"https:\/\/www.btv.md\/ro\/update-10-35-inca-doua-explozii-s-au-produs-in-bruxelles-mai-exact-la-doua-statii-metro-malbec-si-schuman\/#primaryimage"},"image":{"@id":"https:\/\/www.btv.md\/ro\/update-10-35-inca-doua-explozii-s-au-produs-in-bruxelles-mai-exact-la-doua-statii-metro-malbec-si-schuman\/#primaryimage"},"thumbnailUrl":"https:\/\/www.btv.md\/wp-content\/uploads\/2016\/03\/foto.jpg","datePublished":"2016-03-22T08:36:45+00:00","dateModified":"2016-03-22T08:37:35+00:00","author":{"@id":"https:\/\/www.btv.md\/#\/schema\/person\/8fadce81561b3ce2c34c46dadc4ccbf2"},"inLanguage":"ro-RO","potentialAction":[{"@type":"ReadAction","target":["https:\/\/www.btv.md\/ro\/update-10-35-inca-doua-explozii-s-au-produs-in-bruxelles-mai-exact-la-doua-statii-metro-malbec-si-schuman\/"]}]},{"@type":"ImageObject","inLanguage":"ro-RO","@id":"https:\/\/www.btv.md\/ro\/update-10-35-inca-doua-explozii-s-au-produs-in-bruxelles-mai-exact-la-doua-statii-metro-malbec-si-schuman\/#primaryimage","url":"https:\/\/www.btv.md\/wp-content\/uploads\/2016\/03\/foto.jpg","contentUrl":"https:\/\/www.btv.md\/wp-content\/uploads\/2016\/03\/foto.jpg","width":610,"height":386},{"@type":"WebSite","@id":"https:\/\/www.btv.md\/#website","url":"https:\/\/www.btv.md\/","name":"BTV","description":"\u0411\u0435\u043b\u044c\u0446\u043a\u043e\u0435 \u0442\u0435\u043b\u0435\u0432\u0438\u0434\u0435\u043d\u0438\u0435","potentialAction":[{"@type":"SearchAction","target":{"@type":"EntryPoint","urlTemplate":"https:\/\/www.btv.md\/?s={search_term_string}"},"query-input":{"@type":"PropertyValueSpecification","valueRequired":true,"valueName":"search_term_string"}}],"inLanguage":"ro-RO"},{"@type":"Person","@id":"https:\/\/www.btv.md\/#\/schema\/person\/8fadce81561b3ce2c34c46dadc4ccbf2","name":"admin"}]}},"_links":{"self":[{"href":"https:\/\/www.btv.md\/ro\/wp-json\/wp\/v2\/posts\/9359","targetHints":{"allow":["GET"]}}],"collection":[{"href":"https:\/\/www.btv.md\/ro\/wp-json\/wp\/v2\/posts"}],"about":[{"href":"https:\/\/www.btv.md\/ro\/wp-json\/wp\/v2\/types\/post"}],"author":[{"embeddable":true,"href":"https:\/\/www.btv.md\/ro\/wp-json\/wp\/v2\/users\/4"}],"replies":[{"embeddable":true,"href":"https:\/\/www.btv.md\/ro\/wp-json\/wp\/v2\/comments?post=9359"}],"version-history":[{"count":0,"href":"https:\/\/www.btv.md\/ro\/wp-json\/wp\/v2\/posts\/9359\/revisions"}],"wp:featuredmedia":[{"embeddable":true,"href":"https:\/\/www.btv.md\/ro\/wp-json\/wp\/v2\/media\/9362"}],"wp:attachment":[{"href":"https:\/\/www.btv.md\/ro\/wp-json\/wp\/v2\/media?parent=9359"}],"wp:term":[{"taxonomy":"category","embeddable":true,"href":"https:\/\/www.btv.md\/ro\/wp-json\/wp\/v2\/categories?post=9359"},{"taxonomy":"post_tag","embeddable":true,"href":"https:\/\/www.btv.md\/ro\/wp-json\/wp\/v2\/tags?post=9359"}],"curies":[{"name":"wp","href":"https:\/\/api.w.org\/{rel}","templated":true}]}}