{"id":9381,"date":"2016-03-22T14:22:11","date_gmt":"2016-03-22T11:22:11","guid":{"rendered":"http:\/\/btv.md\/?p=9381"},"modified":"2016-03-22T14:22:11","modified_gmt":"2016-03-22T11:22:11","slug":"baltiul-va-deveni-orasul-trandafirilor","status":"publish","type":"post","link":"https:\/\/www.btv.md\/ro\/baltiul-va-deveni-orasul-trandafirilor\/","title":{"rendered":"B\u0102L\u021aIUL  VA  DEVENI  ORA\u0218UL  TRANDAFIRILOR"},"content":{"rendered":"<p><strong>\u00cen municipiul B\u0103l\u021bi vor fi planta\u021bi zece mii de trandafiri. Primele lucr\u0103ri de amenajare a spa\u021biului public au demarat pe strada \u0218tefan cel Mare, l\u00e2ng\u0103 Stationul Or\u0103\u0219enesc. Aici sunt planta\u021bi cinci mii de trandafiri.<\/strong><\/p>\n<p>Potrivit \u0219efei \u00eentreprinderii municipale \u201eAmenajarea Teritoriului \u0219i Spa\u021bii Verzi\u201d, Svetlana Novicova, ideea de a \u00eenfrumuse\u021ba ora\u0219ul cu flori, apar\u021bine primarului de B\u0103l\u021bi, Renato Usat\u00eei. \u00cen acest scop, edilul a d\u0103ruit o mie de trandafiri.<\/p>\n<p>\u201e<em>O parte din trandafiri au fost procura\u021bi de c\u0103tre fondul \u201eRenato Usat\u00eei\u201d, celelalte din sursele oferite din bugetul municipal pentru amenajarea teritoriului \u00een 2016. Cel\u0103lat teritoriu din preajma opririi publice va fi amenajat \u00een toamn\u0103, asta pentru c\u0103 acolo,  \u201eDirec\u021bia de Troleibuze B\u0103l\u021bi\u201d  efectueaz\u0103 lucr\u0103ri de repara\u021bie \u00een re\u021bea. Aici plant\u0103m cinci mii de trandafiri, restul \u00eei vom planta \u00een alte sectoare din centrul ora\u0219ului<\/em>\u201d.<\/p>\n<p>Planurile \u00eens\u0103 nu se termin\u0103 aici. Renato Usat\u00eei a d\u0103ruit ora\u0219ului o sut\u0103 de puie\u021bi de liliac \u0219i 400 de pomi. Potrivit Svetlanei Novicova, liliacul va fi plantat l\u00e2ng\u0103 Stadionul Or\u0103\u0219enesc, pentru a completa peisajul, iar pomii de-a lungul arterelor principale.<\/p>\n<p>\u201e<em>\u00cen cel mai scurt timp, preconiz\u0103m \u0219i s\u0103direa unor pomi. De aceast\u0103 dat\u0103 vorbim despre pomi a c\u00e2te 8 ani \u0219i mai mult, care vor fi planta\u021bi pe marginea arterelor principale din ora\u0219. Acum urmeaz\u0103 s\u0103 stabilim cu certitudine locurile unde ace\u0219tia pot fi planta\u021bi<\/em>\u201d.<\/p>\n<p>Lucr\u0103rile de amenajare a spa\u021biilor verzi au demarat \u00een data de 21 martie.<\/p>\n<p><iframe width=\"420\" height=\"315\" data-src=\"https:\/\/www.youtube.com\/embed\/0aGF307PfV0\" frameborder=\"0\" allowfullscreen src=\"data:image\/svg+xml;base64,PHN2ZyB3aWR0aD0iMSIgaGVpZ2h0PSIxIiB4bWxucz0iaHR0cDovL3d3dy53My5vcmcvMjAwMC9zdmciPjwvc3ZnPg==\" class=\"lazyload\" data-load-mode=\"1\"><\/iframe><\/p>\n","protected":false},"excerpt":{"rendered":"<p>\u00cen municipiul B\u0103l\u021bi vor fi planta\u021bi zece mii de trandafiri. Primele lucr\u0103ri de amenajare a spa\u021biului public au demarat pe strada \u0218tefan cel Mare, l\u00e2ng\u0103 Stationul Or\u0103\u0219enesc. Aici sunt planta\u021bi cinci mii de trandafiri. Potrivit \u0219efei \u00eentreprinderii municipale \u201eAmenajarea Teritoriului \u0219i Spa\u021bii Verzi\u201d, Svetlana Novicova, ideea de a \u00eenfrumuse\u021ba ora\u0219ul cu flori, apar\u021bine primarului de [&hellip;]<\/p>\n","protected":false},"author":4,"featured_media":9382,"comment_status":"closed","ping_status":"closed","sticky":false,"template":"","format":"standard","meta":{"footnotes":""},"categories":[6353],"tags":[],"class_list":["post-9381","post","type-post","status-publish","format-standard","has-post-thumbnail","hentry","category-oras"],"yoast_head":"<!-- This site is optimized with the Yoast SEO plugin v27.4 - https:\/\/yoast.com\/product\/yoast-seo-wordpress\/ -->\n<title>B\u0102L\u021aIUL VA DEVENI ORA\u0218UL TRANDAFIRILOR - BTV<\/title>\n<meta name=\"robots\" content=\"index, follow, max-snippet:-1, max-image-preview:large, max-video-preview:-1\" \/>\n<link rel=\"canonical\" href=\"https:\/\/www.btv.md\/ro\/baltiul-va-deveni-orasul-trandafirilor\/\" \/>\n<meta property=\"og:locale\" content=\"ro_RO\" \/>\n<meta property=\"og:type\" content=\"article\" \/>\n<meta property=\"og:title\" content=\"B\u0102L\u021aIUL VA DEVENI ORA\u0218UL TRANDAFIRILOR - BTV\" \/>\n<meta property=\"og:description\" content=\"\u00cen municipiul B\u0103l\u021bi vor fi planta\u021bi zece mii de trandafiri. Primele lucr\u0103ri de amenajare a spa\u021biului public au demarat pe strada \u0218tefan cel Mare, l\u00e2ng\u0103 Stationul Or\u0103\u0219enesc. Aici sunt planta\u021bi cinci mii de trandafiri. Potrivit \u0219efei \u00eentreprinderii municipale \u201eAmenajarea Teritoriului \u0219i Spa\u021bii Verzi\u201d, Svetlana Novicova, ideea de a \u00eenfrumuse\u021ba ora\u0219ul cu flori, apar\u021bine primarului de [&hellip;]\" \/>\n<meta property=\"og:url\" content=\"https:\/\/www.btv.md\/ro\/baltiul-va-deveni-orasul-trandafirilor\/\" \/>\n<meta property=\"og:site_name\" content=\"BTV\" \/>\n<meta property=\"article:publisher\" content=\"https:\/\/www.facebook.com\/btvmoldova\/\" \/>\n<meta property=\"article:published_time\" content=\"2016-03-22T11:22:11+00:00\" \/>\n<meta property=\"og:image\" content=\"https:\/\/www.btv.md\/wp-content\/uploads\/2016\/03\/Trandafiri.jpg\" \/>\n\t<meta property=\"og:image:width\" content=\"1600\" \/>\n\t<meta property=\"og:image:height\" content=\"1200\" \/>\n\t<meta property=\"og:image:type\" content=\"image\/jpeg\" \/>\n<meta name=\"author\" content=\"admin\" \/>\n<meta name=\"twitter:label1\" content=\"Scris de\" \/>\n\t<meta name=\"twitter:data1\" content=\"admin\" \/>\n\t<meta name=\"twitter:label2\" content=\"Timp estimat pentru citire\" \/>\n\t<meta name=\"twitter:data2\" content=\"1 minut\" \/>\n<script type=\"application\/ld+json\" class=\"yoast-schema-graph\">{\"@context\":\"https:\\\/\\\/schema.org\",\"@graph\":[{\"@type\":\"Article\",\"@id\":\"https:\\\/\\\/www.btv.md\\\/ro\\\/baltiul-va-deveni-orasul-trandafirilor\\\/#article\",\"isPartOf\":{\"@id\":\"https:\\\/\\\/www.btv.md\\\/ro\\\/baltiul-va-deveni-orasul-trandafirilor\\\/\"},\"author\":{\"name\":\"admin\",\"@id\":\"https:\\\/\\\/www.btv.md\\\/#\\\/schema\\\/person\\\/8fadce81561b3ce2c34c46dadc4ccbf2\"},\"headline\":\"B\u0102L\u021aIUL VA DEVENI ORA\u0218UL TRANDAFIRILOR\",\"datePublished\":\"2016-03-22T11:22:11+00:00\",\"mainEntityOfPage\":{\"@id\":\"https:\\\/\\\/www.btv.md\\\/ro\\\/baltiul-va-deveni-orasul-trandafirilor\\\/\"},\"wordCount\":278,\"image\":{\"@id\":\"https:\\\/\\\/www.btv.md\\\/ro\\\/baltiul-va-deveni-orasul-trandafirilor\\\/#primaryimage\"},\"thumbnailUrl\":\"https:\\\/\\\/www.btv.md\\\/wp-content\\\/uploads\\\/2016\\\/03\\\/Trandafiri.jpg\",\"articleSection\":[\"Ora\u0219\"],\"inLanguage\":\"ro-RO\"},{\"@type\":\"WebPage\",\"@id\":\"https:\\\/\\\/www.btv.md\\\/ro\\\/baltiul-va-deveni-orasul-trandafirilor\\\/\",\"url\":\"https:\\\/\\\/www.btv.md\\\/ro\\\/baltiul-va-deveni-orasul-trandafirilor\\\/\",\"name\":\"B\u0102L\u021aIUL VA DEVENI ORA\u0218UL TRANDAFIRILOR - BTV\",\"isPartOf\":{\"@id\":\"https:\\\/\\\/www.btv.md\\\/#website\"},\"primaryImageOfPage\":{\"@id\":\"https:\\\/\\\/www.btv.md\\\/ro\\\/baltiul-va-deveni-orasul-trandafirilor\\\/#primaryimage\"},\"image\":{\"@id\":\"https:\\\/\\\/www.btv.md\\\/ro\\\/baltiul-va-deveni-orasul-trandafirilor\\\/#primaryimage\"},\"thumbnailUrl\":\"https:\\\/\\\/www.btv.md\\\/wp-content\\\/uploads\\\/2016\\\/03\\\/Trandafiri.jpg\",\"datePublished\":\"2016-03-22T11:22:11+00:00\",\"author\":{\"@id\":\"https:\\\/\\\/www.btv.md\\\/#\\\/schema\\\/person\\\/8fadce81561b3ce2c34c46dadc4ccbf2\"},\"inLanguage\":\"ro-RO\",\"potentialAction\":[{\"@type\":\"ReadAction\",\"target\":[\"https:\\\/\\\/www.btv.md\\\/ro\\\/baltiul-va-deveni-orasul-trandafirilor\\\/\"]}]},{\"@type\":\"ImageObject\",\"inLanguage\":\"ro-RO\",\"@id\":\"https:\\\/\\\/www.btv.md\\\/ro\\\/baltiul-va-deveni-orasul-trandafirilor\\\/#primaryimage\",\"url\":\"https:\\\/\\\/www.btv.md\\\/wp-content\\\/uploads\\\/2016\\\/03\\\/Trandafiri.jpg\",\"contentUrl\":\"https:\\\/\\\/www.btv.md\\\/wp-content\\\/uploads\\\/2016\\\/03\\\/Trandafiri.jpg\",\"width\":1600,\"height\":1200,\"caption\":\"mugurelpatrichi.blogspot.com\"},{\"@type\":\"WebSite\",\"@id\":\"https:\\\/\\\/www.btv.md\\\/#website\",\"url\":\"https:\\\/\\\/www.btv.md\\\/\",\"name\":\"BTV\",\"description\":\"\u0411\u0435\u043b\u044c\u0446\u043a\u043e\u0435 \u0442\u0435\u043b\u0435\u0432\u0438\u0434\u0435\u043d\u0438\u0435\",\"potentialAction\":[{\"@type\":\"SearchAction\",\"target\":{\"@type\":\"EntryPoint\",\"urlTemplate\":\"https:\\\/\\\/www.btv.md\\\/?s={search_term_string}\"},\"query-input\":{\"@type\":\"PropertyValueSpecification\",\"valueRequired\":true,\"valueName\":\"search_term_string\"}}],\"inLanguage\":\"ro-RO\"},{\"@type\":\"Person\",\"@id\":\"https:\\\/\\\/www.btv.md\\\/#\\\/schema\\\/person\\\/8fadce81561b3ce2c34c46dadc4ccbf2\",\"name\":\"admin\"}]}<\/script>\n<!-- \/ Yoast SEO plugin. -->","yoast_head_json":{"title":"B\u0102L\u021aIUL VA DEVENI ORA\u0218UL TRANDAFIRILOR - BTV","robots":{"index":"index","follow":"follow","max-snippet":"max-snippet:-1","max-image-preview":"max-image-preview:large","max-video-preview":"max-video-preview:-1"},"canonical":"https:\/\/www.btv.md\/ro\/baltiul-va-deveni-orasul-trandafirilor\/","og_locale":"ro_RO","og_type":"article","og_title":"B\u0102L\u021aIUL VA DEVENI ORA\u0218UL TRANDAFIRILOR - BTV","og_description":"\u00cen municipiul B\u0103l\u021bi vor fi planta\u021bi zece mii de trandafiri. Primele lucr\u0103ri de amenajare a spa\u021biului public au demarat pe strada \u0218tefan cel Mare, l\u00e2ng\u0103 Stationul Or\u0103\u0219enesc. Aici sunt planta\u021bi cinci mii de trandafiri. Potrivit \u0219efei \u00eentreprinderii municipale \u201eAmenajarea Teritoriului \u0219i Spa\u021bii Verzi\u201d, Svetlana Novicova, ideea de a \u00eenfrumuse\u021ba ora\u0219ul cu flori, apar\u021bine primarului de [&hellip;]","og_url":"https:\/\/www.btv.md\/ro\/baltiul-va-deveni-orasul-trandafirilor\/","og_site_name":"BTV","article_publisher":"https:\/\/www.facebook.com\/btvmoldova\/","article_published_time":"2016-03-22T11:22:11+00:00","og_image":[{"width":1600,"height":1200,"url":"https:\/\/www.btv.md\/wp-content\/uploads\/2016\/03\/Trandafiri.jpg","type":"image\/jpeg"}],"author":"admin","twitter_misc":{"Scris de":"admin","Timp estimat pentru citire":"1 minut"},"schema":{"@context":"https:\/\/schema.org","@graph":[{"@type":"Article","@id":"https:\/\/www.btv.md\/ro\/baltiul-va-deveni-orasul-trandafirilor\/#article","isPartOf":{"@id":"https:\/\/www.btv.md\/ro\/baltiul-va-deveni-orasul-trandafirilor\/"},"author":{"name":"admin","@id":"https:\/\/www.btv.md\/#\/schema\/person\/8fadce81561b3ce2c34c46dadc4ccbf2"},"headline":"B\u0102L\u021aIUL VA DEVENI ORA\u0218UL TRANDAFIRILOR","datePublished":"2016-03-22T11:22:11+00:00","mainEntityOfPage":{"@id":"https:\/\/www.btv.md\/ro\/baltiul-va-deveni-orasul-trandafirilor\/"},"wordCount":278,"image":{"@id":"https:\/\/www.btv.md\/ro\/baltiul-va-deveni-orasul-trandafirilor\/#primaryimage"},"thumbnailUrl":"https:\/\/www.btv.md\/wp-content\/uploads\/2016\/03\/Trandafiri.jpg","articleSection":["Ora\u0219"],"inLanguage":"ro-RO"},{"@type":"WebPage","@id":"https:\/\/www.btv.md\/ro\/baltiul-va-deveni-orasul-trandafirilor\/","url":"https:\/\/www.btv.md\/ro\/baltiul-va-deveni-orasul-trandafirilor\/","name":"B\u0102L\u021aIUL VA DEVENI ORA\u0218UL TRANDAFIRILOR - BTV","isPartOf":{"@id":"https:\/\/www.btv.md\/#website"},"primaryImageOfPage":{"@id":"https:\/\/www.btv.md\/ro\/baltiul-va-deveni-orasul-trandafirilor\/#primaryimage"},"image":{"@id":"https:\/\/www.btv.md\/ro\/baltiul-va-deveni-orasul-trandafirilor\/#primaryimage"},"thumbnailUrl":"https:\/\/www.btv.md\/wp-content\/uploads\/2016\/03\/Trandafiri.jpg","datePublished":"2016-03-22T11:22:11+00:00","author":{"@id":"https:\/\/www.btv.md\/#\/schema\/person\/8fadce81561b3ce2c34c46dadc4ccbf2"},"inLanguage":"ro-RO","potentialAction":[{"@type":"ReadAction","target":["https:\/\/www.btv.md\/ro\/baltiul-va-deveni-orasul-trandafirilor\/"]}]},{"@type":"ImageObject","inLanguage":"ro-RO","@id":"https:\/\/www.btv.md\/ro\/baltiul-va-deveni-orasul-trandafirilor\/#primaryimage","url":"https:\/\/www.btv.md\/wp-content\/uploads\/2016\/03\/Trandafiri.jpg","contentUrl":"https:\/\/www.btv.md\/wp-content\/uploads\/2016\/03\/Trandafiri.jpg","width":1600,"height":1200,"caption":"mugurelpatrichi.blogspot.com"},{"@type":"WebSite","@id":"https:\/\/www.btv.md\/#website","url":"https:\/\/www.btv.md\/","name":"BTV","description":"\u0411\u0435\u043b\u044c\u0446\u043a\u043e\u0435 \u0442\u0435\u043b\u0435\u0432\u0438\u0434\u0435\u043d\u0438\u0435","potentialAction":[{"@type":"SearchAction","target":{"@type":"EntryPoint","urlTemplate":"https:\/\/www.btv.md\/?s={search_term_string}"},"query-input":{"@type":"PropertyValueSpecification","valueRequired":true,"valueName":"search_term_string"}}],"inLanguage":"ro-RO"},{"@type":"Person","@id":"https:\/\/www.btv.md\/#\/schema\/person\/8fadce81561b3ce2c34c46dadc4ccbf2","name":"admin"}]}},"_links":{"self":[{"href":"https:\/\/www.btv.md\/ro\/wp-json\/wp\/v2\/posts\/9381","targetHints":{"allow":["GET"]}}],"collection":[{"href":"https:\/\/www.btv.md\/ro\/wp-json\/wp\/v2\/posts"}],"about":[{"href":"https:\/\/www.btv.md\/ro\/wp-json\/wp\/v2\/types\/post"}],"author":[{"embeddable":true,"href":"https:\/\/www.btv.md\/ro\/wp-json\/wp\/v2\/users\/4"}],"replies":[{"embeddable":true,"href":"https:\/\/www.btv.md\/ro\/wp-json\/wp\/v2\/comments?post=9381"}],"version-history":[{"count":0,"href":"https:\/\/www.btv.md\/ro\/wp-json\/wp\/v2\/posts\/9381\/revisions"}],"wp:featuredmedia":[{"embeddable":true,"href":"https:\/\/www.btv.md\/ro\/wp-json\/wp\/v2\/media\/9382"}],"wp:attachment":[{"href":"https:\/\/www.btv.md\/ro\/wp-json\/wp\/v2\/media?parent=9381"}],"wp:term":[{"taxonomy":"category","embeddable":true,"href":"https:\/\/www.btv.md\/ro\/wp-json\/wp\/v2\/categories?post=9381"},{"taxonomy":"post_tag","embeddable":true,"href":"https:\/\/www.btv.md\/ro\/wp-json\/wp\/v2\/tags?post=9381"}],"curies":[{"name":"wp","href":"https:\/\/api.w.org\/{rel}","templated":true}]}}