{"id":9390,"date":"2016-03-22T15:55:59","date_gmt":"2016-03-22T12:55:59","guid":{"rendered":"http:\/\/btv.md\/?p=9390"},"modified":"2016-03-22T15:55:59","modified_gmt":"2016-03-22T12:55:59","slug":"atentate-teroriste-la-bruxelles-28-de-morti","status":"publish","type":"post","link":"https:\/\/www.btv.md\/ro\/atentate-teroriste-la-bruxelles-28-de-morti\/","title":{"rendered":"ATENTATE TERORISTE LA BRUXELLES &#8211; 28 DE MOR\u021aI"},"content":{"rendered":"<p><strong>Cel pu\u0163in 28 de persoane au murit, iar alte zeci sunt r\u0103nite \u00een urma exploziilor produse pe un aeroport \u015fi \u00een sta\u0163ii de metrou din ora\u015ful belgian Bruxelles, \u00een ceea ce par a fi atacuri teroriste coordonate, afirm\u0103 surse citate de presa belgian\u0103. Alte dou\u0103 explozii au fost semnalate \u00een sta\u0163iile de metrou Schuman \u015fi Maalbeek, foarte aproape de sediul Comisiei Europene.<\/strong><\/p>\n<p>Procurorul general belgian a confirmat ipoteza atentatului sinuciga\u015f din aeroportul Zaventem, din Bruxelles, unde au avut loc, mar\u0163i diminea\u0163\u0103 dou\u0103 explozii, dar \u015fi bilan\u0163ul provizoriu de 13 mor\u0163i \u015fi 35 de r\u0103ni\u0163i, informeaz\u0103 Le Figaro.<\/p>\n<p>\u00cen aeroportul din Bruxelles unde au avut loc exploziile se afla \u0219i deputata Valentina Buliga. Informa\u021bia a fost confirmat\u0103 de pre\u0219edintele de onoare al Partidului Democrat, Dumitru Diacov, care se afl\u0103 \u0219i el \u00een prezent \u00een capitala belgian\u0103.<\/p>\n<p>Pre\u0219edintele Republicii Moldova, domnul Nicolae Timofti, condamn\u0103 ferm atacurile teroriste care au avut loc, \u00een diminea\u021ba zilei de ast\u0103zi, pe Aeroportul Zaventem \u0219i la metroul din Bruxelles.<\/p>\n<p>Astfel de evenimente tragice vin s\u0103 destabilizeze Uniunea European\u0103 \u0219i s\u0103 creeze panic\u0103 \u00een aceast\u0103 zon\u0103. Tocmai din acest motiv statele Europei  \u0219i \u00eentreaga lume trebuie s\u0103 r\u0103m\u00e2n\u0103 unite \u0219i s\u0103 consolideze for\u021bele \u00een lupta \u00eempotriva terorismului, men\u021bioneaz\u0103 \u0219eful statului.  <\/p>\n<p>De asemenea, Pre\u0219edintele Timofti transmite condolean\u021be familiilor celor care \u0219i-au pierdut via\u021ba, \u00een urma atentatelor, \u0219i ureaz\u0103 \u00eens\u0103n\u0103to\u0219ire grabnic\u0103 celor r\u0103ni\u021bi.<\/p>\n<p><iframe width=\"420\" height=\"315\" data-src=\"https:\/\/www.youtube.com\/embed\/VyFYr4paZV8\" frameborder=\"0\" allowfullscreen src=\"data:image\/svg+xml;base64,PHN2ZyB3aWR0aD0iMSIgaGVpZ2h0PSIxIiB4bWxucz0iaHR0cDovL3d3dy53My5vcmcvMjAwMC9zdmciPjwvc3ZnPg==\" class=\"lazyload\" data-load-mode=\"1\"><\/iframe><\/p>\n","protected":false},"excerpt":{"rendered":"<p>Cel pu\u0163in 28 de persoane au murit, iar alte zeci sunt r\u0103nite \u00een urma exploziilor produse pe un aeroport \u015fi \u00een sta\u0163ii de metrou din ora\u015ful belgian Bruxelles, \u00een ceea ce par a fi atacuri teroriste coordonate, afirm\u0103 surse citate de presa belgian\u0103. Alte dou\u0103 explozii au fost semnalate \u00een sta\u0163iile de metrou Schuman \u015fi [&hellip;]<\/p>\n","protected":false},"author":4,"featured_media":9391,"comment_status":"closed","ping_status":"closed","sticky":false,"template":"","format":"standard","meta":{"footnotes":""},"categories":[6354],"tags":[],"class_list":["post-9390","post","type-post","status-publish","format-standard","has-post-thumbnail","hentry","category-externe-ro"],"yoast_head":"<!-- This site is optimized with the Yoast SEO plugin v27.4 - https:\/\/yoast.com\/product\/yoast-seo-wordpress\/ -->\n<title>ATENTATE TERORISTE LA BRUXELLES - 28 DE MOR\u021aI - BTV<\/title>\n<meta name=\"robots\" content=\"index, follow, max-snippet:-1, max-image-preview:large, max-video-preview:-1\" \/>\n<link rel=\"canonical\" href=\"https:\/\/www.btv.md\/ro\/atentate-teroriste-la-bruxelles-28-de-morti\/\" \/>\n<meta property=\"og:locale\" content=\"ro_RO\" \/>\n<meta property=\"og:type\" content=\"article\" \/>\n<meta property=\"og:title\" content=\"ATENTATE TERORISTE LA BRUXELLES - 28 DE MOR\u021aI - BTV\" \/>\n<meta property=\"og:description\" content=\"Cel pu\u0163in 28 de persoane au murit, iar alte zeci sunt r\u0103nite \u00een urma exploziilor produse pe un aeroport \u015fi \u00een sta\u0163ii de metrou din ora\u015ful belgian Bruxelles, \u00een ceea ce par a fi atacuri teroriste coordonate, afirm\u0103 surse citate de presa belgian\u0103. Alte dou\u0103 explozii au fost semnalate \u00een sta\u0163iile de metrou Schuman \u015fi [&hellip;]\" \/>\n<meta property=\"og:url\" content=\"https:\/\/www.btv.md\/ro\/atentate-teroriste-la-bruxelles-28-de-morti\/\" \/>\n<meta property=\"og:site_name\" content=\"BTV\" \/>\n<meta property=\"article:publisher\" content=\"https:\/\/www.facebook.com\/btvmoldova\/\" \/>\n<meta property=\"article:published_time\" content=\"2016-03-22T12:55:59+00:00\" \/>\n<meta property=\"og:image\" content=\"https:\/\/www.btv.md\/wp-content\/uploads\/2016\/03\/dou-persoane-care-pl-nuiau-atacuri-teroriste-la-bruxelles-de-revelion-au-fost-arestate-1.jpg\" \/>\n\t<meta property=\"og:image:width\" content=\"1600\" \/>\n\t<meta property=\"og:image:height\" content=\"858\" \/>\n\t<meta property=\"og:image:type\" content=\"image\/jpeg\" \/>\n<meta name=\"author\" content=\"admin\" \/>\n<meta name=\"twitter:label1\" content=\"Scris de\" \/>\n\t<meta name=\"twitter:data1\" content=\"admin\" \/>\n\t<meta name=\"twitter:label2\" content=\"Timp estimat pentru citire\" \/>\n\t<meta name=\"twitter:data2\" content=\"1 minut\" \/>\n<script type=\"application\/ld+json\" class=\"yoast-schema-graph\">{\"@context\":\"https:\\\/\\\/schema.org\",\"@graph\":[{\"@type\":\"Article\",\"@id\":\"https:\\\/\\\/www.btv.md\\\/ro\\\/atentate-teroriste-la-bruxelles-28-de-morti\\\/#article\",\"isPartOf\":{\"@id\":\"https:\\\/\\\/www.btv.md\\\/ro\\\/atentate-teroriste-la-bruxelles-28-de-morti\\\/\"},\"author\":{\"name\":\"admin\",\"@id\":\"https:\\\/\\\/www.btv.md\\\/#\\\/schema\\\/person\\\/8fadce81561b3ce2c34c46dadc4ccbf2\"},\"headline\":\"ATENTATE TERORISTE LA BRUXELLES &#8211; 28 DE MOR\u021aI\",\"datePublished\":\"2016-03-22T12:55:59+00:00\",\"mainEntityOfPage\":{\"@id\":\"https:\\\/\\\/www.btv.md\\\/ro\\\/atentate-teroriste-la-bruxelles-28-de-morti\\\/\"},\"wordCount\":255,\"image\":{\"@id\":\"https:\\\/\\\/www.btv.md\\\/ro\\\/atentate-teroriste-la-bruxelles-28-de-morti\\\/#primaryimage\"},\"thumbnailUrl\":\"https:\\\/\\\/www.btv.md\\\/wp-content\\\/uploads\\\/2016\\\/03\\\/dou-persoane-care-pl-nuiau-atacuri-teroriste-la-bruxelles-de-revelion-au-fost-arestate-1.jpg\",\"articleSection\":[\"Externe\"],\"inLanguage\":\"ro-RO\"},{\"@type\":\"WebPage\",\"@id\":\"https:\\\/\\\/www.btv.md\\\/ro\\\/atentate-teroriste-la-bruxelles-28-de-morti\\\/\",\"url\":\"https:\\\/\\\/www.btv.md\\\/ro\\\/atentate-teroriste-la-bruxelles-28-de-morti\\\/\",\"name\":\"ATENTATE TERORISTE LA BRUXELLES - 28 DE MOR\u021aI - BTV\",\"isPartOf\":{\"@id\":\"https:\\\/\\\/www.btv.md\\\/#website\"},\"primaryImageOfPage\":{\"@id\":\"https:\\\/\\\/www.btv.md\\\/ro\\\/atentate-teroriste-la-bruxelles-28-de-morti\\\/#primaryimage\"},\"image\":{\"@id\":\"https:\\\/\\\/www.btv.md\\\/ro\\\/atentate-teroriste-la-bruxelles-28-de-morti\\\/#primaryimage\"},\"thumbnailUrl\":\"https:\\\/\\\/www.btv.md\\\/wp-content\\\/uploads\\\/2016\\\/03\\\/dou-persoane-care-pl-nuiau-atacuri-teroriste-la-bruxelles-de-revelion-au-fost-arestate-1.jpg\",\"datePublished\":\"2016-03-22T12:55:59+00:00\",\"author\":{\"@id\":\"https:\\\/\\\/www.btv.md\\\/#\\\/schema\\\/person\\\/8fadce81561b3ce2c34c46dadc4ccbf2\"},\"inLanguage\":\"ro-RO\",\"potentialAction\":[{\"@type\":\"ReadAction\",\"target\":[\"https:\\\/\\\/www.btv.md\\\/ro\\\/atentate-teroriste-la-bruxelles-28-de-morti\\\/\"]}]},{\"@type\":\"ImageObject\",\"inLanguage\":\"ro-RO\",\"@id\":\"https:\\\/\\\/www.btv.md\\\/ro\\\/atentate-teroriste-la-bruxelles-28-de-morti\\\/#primaryimage\",\"url\":\"https:\\\/\\\/www.btv.md\\\/wp-content\\\/uploads\\\/2016\\\/03\\\/dou-persoane-care-pl-nuiau-atacuri-teroriste-la-bruxelles-de-revelion-au-fost-arestate-1.jpg\",\"contentUrl\":\"https:\\\/\\\/www.btv.md\\\/wp-content\\\/uploads\\\/2016\\\/03\\\/dou-persoane-care-pl-nuiau-atacuri-teroriste-la-bruxelles-de-revelion-au-fost-arestate-1.jpg\",\"width\":1600,\"height\":858,\"caption\":\"www.ziuanews.ro\"},{\"@type\":\"WebSite\",\"@id\":\"https:\\\/\\\/www.btv.md\\\/#website\",\"url\":\"https:\\\/\\\/www.btv.md\\\/\",\"name\":\"BTV\",\"description\":\"\u0411\u0435\u043b\u044c\u0446\u043a\u043e\u0435 \u0442\u0435\u043b\u0435\u0432\u0438\u0434\u0435\u043d\u0438\u0435\",\"potentialAction\":[{\"@type\":\"SearchAction\",\"target\":{\"@type\":\"EntryPoint\",\"urlTemplate\":\"https:\\\/\\\/www.btv.md\\\/?s={search_term_string}\"},\"query-input\":{\"@type\":\"PropertyValueSpecification\",\"valueRequired\":true,\"valueName\":\"search_term_string\"}}],\"inLanguage\":\"ro-RO\"},{\"@type\":\"Person\",\"@id\":\"https:\\\/\\\/www.btv.md\\\/#\\\/schema\\\/person\\\/8fadce81561b3ce2c34c46dadc4ccbf2\",\"name\":\"admin\"}]}<\/script>\n<!-- \/ Yoast SEO plugin. -->","yoast_head_json":{"title":"ATENTATE TERORISTE LA BRUXELLES - 28 DE MOR\u021aI - BTV","robots":{"index":"index","follow":"follow","max-snippet":"max-snippet:-1","max-image-preview":"max-image-preview:large","max-video-preview":"max-video-preview:-1"},"canonical":"https:\/\/www.btv.md\/ro\/atentate-teroriste-la-bruxelles-28-de-morti\/","og_locale":"ro_RO","og_type":"article","og_title":"ATENTATE TERORISTE LA BRUXELLES - 28 DE MOR\u021aI - BTV","og_description":"Cel pu\u0163in 28 de persoane au murit, iar alte zeci sunt r\u0103nite \u00een urma exploziilor produse pe un aeroport \u015fi \u00een sta\u0163ii de metrou din ora\u015ful belgian Bruxelles, \u00een ceea ce par a fi atacuri teroriste coordonate, afirm\u0103 surse citate de presa belgian\u0103. Alte dou\u0103 explozii au fost semnalate \u00een sta\u0163iile de metrou Schuman \u015fi [&hellip;]","og_url":"https:\/\/www.btv.md\/ro\/atentate-teroriste-la-bruxelles-28-de-morti\/","og_site_name":"BTV","article_publisher":"https:\/\/www.facebook.com\/btvmoldova\/","article_published_time":"2016-03-22T12:55:59+00:00","og_image":[{"width":1600,"height":858,"url":"https:\/\/www.btv.md\/wp-content\/uploads\/2016\/03\/dou-persoane-care-pl-nuiau-atacuri-teroriste-la-bruxelles-de-revelion-au-fost-arestate-1.jpg","type":"image\/jpeg"}],"author":"admin","twitter_misc":{"Scris de":"admin","Timp estimat pentru citire":"1 minut"},"schema":{"@context":"https:\/\/schema.org","@graph":[{"@type":"Article","@id":"https:\/\/www.btv.md\/ro\/atentate-teroriste-la-bruxelles-28-de-morti\/#article","isPartOf":{"@id":"https:\/\/www.btv.md\/ro\/atentate-teroriste-la-bruxelles-28-de-morti\/"},"author":{"name":"admin","@id":"https:\/\/www.btv.md\/#\/schema\/person\/8fadce81561b3ce2c34c46dadc4ccbf2"},"headline":"ATENTATE TERORISTE LA BRUXELLES &#8211; 28 DE MOR\u021aI","datePublished":"2016-03-22T12:55:59+00:00","mainEntityOfPage":{"@id":"https:\/\/www.btv.md\/ro\/atentate-teroriste-la-bruxelles-28-de-morti\/"},"wordCount":255,"image":{"@id":"https:\/\/www.btv.md\/ro\/atentate-teroriste-la-bruxelles-28-de-morti\/#primaryimage"},"thumbnailUrl":"https:\/\/www.btv.md\/wp-content\/uploads\/2016\/03\/dou-persoane-care-pl-nuiau-atacuri-teroriste-la-bruxelles-de-revelion-au-fost-arestate-1.jpg","articleSection":["Externe"],"inLanguage":"ro-RO"},{"@type":"WebPage","@id":"https:\/\/www.btv.md\/ro\/atentate-teroriste-la-bruxelles-28-de-morti\/","url":"https:\/\/www.btv.md\/ro\/atentate-teroriste-la-bruxelles-28-de-morti\/","name":"ATENTATE TERORISTE LA BRUXELLES - 28 DE MOR\u021aI - BTV","isPartOf":{"@id":"https:\/\/www.btv.md\/#website"},"primaryImageOfPage":{"@id":"https:\/\/www.btv.md\/ro\/atentate-teroriste-la-bruxelles-28-de-morti\/#primaryimage"},"image":{"@id":"https:\/\/www.btv.md\/ro\/atentate-teroriste-la-bruxelles-28-de-morti\/#primaryimage"},"thumbnailUrl":"https:\/\/www.btv.md\/wp-content\/uploads\/2016\/03\/dou-persoane-care-pl-nuiau-atacuri-teroriste-la-bruxelles-de-revelion-au-fost-arestate-1.jpg","datePublished":"2016-03-22T12:55:59+00:00","author":{"@id":"https:\/\/www.btv.md\/#\/schema\/person\/8fadce81561b3ce2c34c46dadc4ccbf2"},"inLanguage":"ro-RO","potentialAction":[{"@type":"ReadAction","target":["https:\/\/www.btv.md\/ro\/atentate-teroriste-la-bruxelles-28-de-morti\/"]}]},{"@type":"ImageObject","inLanguage":"ro-RO","@id":"https:\/\/www.btv.md\/ro\/atentate-teroriste-la-bruxelles-28-de-morti\/#primaryimage","url":"https:\/\/www.btv.md\/wp-content\/uploads\/2016\/03\/dou-persoane-care-pl-nuiau-atacuri-teroriste-la-bruxelles-de-revelion-au-fost-arestate-1.jpg","contentUrl":"https:\/\/www.btv.md\/wp-content\/uploads\/2016\/03\/dou-persoane-care-pl-nuiau-atacuri-teroriste-la-bruxelles-de-revelion-au-fost-arestate-1.jpg","width":1600,"height":858,"caption":"www.ziuanews.ro"},{"@type":"WebSite","@id":"https:\/\/www.btv.md\/#website","url":"https:\/\/www.btv.md\/","name":"BTV","description":"\u0411\u0435\u043b\u044c\u0446\u043a\u043e\u0435 \u0442\u0435\u043b\u0435\u0432\u0438\u0434\u0435\u043d\u0438\u0435","potentialAction":[{"@type":"SearchAction","target":{"@type":"EntryPoint","urlTemplate":"https:\/\/www.btv.md\/?s={search_term_string}"},"query-input":{"@type":"PropertyValueSpecification","valueRequired":true,"valueName":"search_term_string"}}],"inLanguage":"ro-RO"},{"@type":"Person","@id":"https:\/\/www.btv.md\/#\/schema\/person\/8fadce81561b3ce2c34c46dadc4ccbf2","name":"admin"}]}},"_links":{"self":[{"href":"https:\/\/www.btv.md\/ro\/wp-json\/wp\/v2\/posts\/9390","targetHints":{"allow":["GET"]}}],"collection":[{"href":"https:\/\/www.btv.md\/ro\/wp-json\/wp\/v2\/posts"}],"about":[{"href":"https:\/\/www.btv.md\/ro\/wp-json\/wp\/v2\/types\/post"}],"author":[{"embeddable":true,"href":"https:\/\/www.btv.md\/ro\/wp-json\/wp\/v2\/users\/4"}],"replies":[{"embeddable":true,"href":"https:\/\/www.btv.md\/ro\/wp-json\/wp\/v2\/comments?post=9390"}],"version-history":[{"count":0,"href":"https:\/\/www.btv.md\/ro\/wp-json\/wp\/v2\/posts\/9390\/revisions"}],"wp:featuredmedia":[{"embeddable":true,"href":"https:\/\/www.btv.md\/ro\/wp-json\/wp\/v2\/media\/9391"}],"wp:attachment":[{"href":"https:\/\/www.btv.md\/ro\/wp-json\/wp\/v2\/media?parent=9390"}],"wp:term":[{"taxonomy":"category","embeddable":true,"href":"https:\/\/www.btv.md\/ro\/wp-json\/wp\/v2\/categories?post=9390"},{"taxonomy":"post_tag","embeddable":true,"href":"https:\/\/www.btv.md\/ro\/wp-json\/wp\/v2\/tags?post=9390"}],"curies":[{"name":"wp","href":"https:\/\/api.w.org\/{rel}","templated":true}]}}