{"id":9402,"date":"2016-03-22T17:35:38","date_gmt":"2016-03-22T14:35:38","guid":{"rendered":"http:\/\/btv.md\/?p=9402"},"modified":"2016-03-22T17:35:38","modified_gmt":"2016-03-22T14:35:38","slug":"copiii-va-provoaca-la-un-maraton-de-fapte-bune","status":"publish","type":"post","link":"https:\/\/www.btv.md\/ro\/copiii-va-provoaca-la-un-maraton-de-fapte-bune\/","title":{"rendered":"COPIII  V\u0102  PROVOAC\u0102  LA  UN  MARATON  DE  FAPTE  BUNE"},"content":{"rendered":"<p><strong>Au plantat flori, copaci \u0219i au construit colivii pentru p\u0103s\u0103ri. Copiii de la institu\u021bia pre\u0219colar\u0103 \u201e\u00cengera\u0219ul\u201d din municipiul B\u0103l\u021bi, au demonstrat c\u0103 \u0219tiu ce \u00eenseamn\u0103 o fapt\u0103 bun\u0103 \u0219i mai ales, cum poate fi realizat\u0103 prin efort comun.<\/strong><\/p>\n<p>\u00cen data de 21 martie, angaja\u021bii gr\u0103dini\u021bei, \u00eempreun\u0103 cu copiii \u0219i p\u0103rin\u021bii lor, au f\u0103cut totalurile faptelor bune realizate timp de un an.<\/p>\n<p>\u201e<em>Generaliz\u0103m fatele bune care le-am putut face timp de un an \u00een luna martie \u0219i o numim noi, luna faptelor bune. Anul acesta suntem la a treia edi\u021bie, c\u00e2nd \u00eencerc\u0103m s\u0103 devenim pu\u021bin mai buni<\/em>\u201d.  <\/p>\n<p>\u201e<em>Am discutat foarte mult ce \u00eenseamn\u0103 s\u0103 fii ecologist, cum s\u0103 ai grij\u0103 de natur\u0103 \u0219i care sunt cauzele nerespect\u0103rii regulilor de comportare \u00een mediu ambiant<\/em>\u201d.<\/p>\n<p>\u0218i pentru a mai ad\u0103uga c\u00e2teva pagini \u00een cartea faptelor bune, cei mai harnici s-au mobilizat din nou, pentru a amenaja curtea gr\u0103dini\u021bei.<\/p>\n<p>Consilierul municipal, Svetlana Cudrea\u0219ova, a r\u0103mas impresionat\u0103 de activitatea copiilor \u0219i educatorilor de aici.<\/p>\n<p>\u201e<em>Fapta bun\u0103 ne face \u0219i pe noi mai buni. Ceea ce face doamna Livia este un gest binevenit, s\u0103 \u00eenve\u021be copii s\u0103 fie mai buni, mai receptivi, s\u0103 acorde o m\u00e2n\u0103 de ajutor a\u0219a cum pot ei la aceast\u0103 v\u00e2rst\u0103 fraged\u0103<\/em>\u201d.<\/p>\n<p>Faptele bune ale copiilor \u0219i educatorilor nu se limiteaz\u0103 \u00eens\u0103 la amenajarea spa\u021biilor publice. Ace\u0219tia se pot m\u00e2ndri \u0219i de sus\u021binerea acordat\u0103 unor b\u0103tr\u00e2ni din B\u0103l\u021bi.<\/p>\n<p>\u201e<em>Cadrele didactice a institu\u021biei, \u00eempreun\u0103 cu copiii, am mers la \u0219ase b\u0103tr\u00eeni din municipiu. Le-am dus ce am putut \u0219i s-au bucurat foarte mult<\/em>\u201d.<\/p>\n<p>Ziua faptelor bune s-a \u00eencheiat cu un concert, \u00een cadrul c\u0103ruia a fost abordat\u0103 aceia\u0219i tem\u0103, importan\u021ba faptelor bune.<\/p>\n<p><iframe width=\"420\" height=\"315\" data-src=\"https:\/\/www.youtube.com\/embed\/rp8oN5AWqiQ\" frameborder=\"0\" allowfullscreen src=\"data:image\/svg+xml;base64,PHN2ZyB3aWR0aD0iMSIgaGVpZ2h0PSIxIiB4bWxucz0iaHR0cDovL3d3dy53My5vcmcvMjAwMC9zdmciPjwvc3ZnPg==\" class=\"lazyload\" data-load-mode=\"1\"><\/iframe><\/p>\n","protected":false},"excerpt":{"rendered":"<p>Au plantat flori, copaci \u0219i au construit colivii pentru p\u0103s\u0103ri. Copiii de la institu\u021bia pre\u0219colar\u0103 \u201e\u00cengera\u0219ul\u201d din municipiul B\u0103l\u021bi, au demonstrat c\u0103 \u0219tiu ce \u00eenseamn\u0103 o fapt\u0103 bun\u0103 \u0219i mai ales, cum poate fi realizat\u0103 prin efort comun. \u00cen data de 21 martie, angaja\u021bii gr\u0103dini\u021bei, \u00eempreun\u0103 cu copiii \u0219i p\u0103rin\u021bii lor, au f\u0103cut totalurile faptelor [&hellip;]<\/p>\n","protected":false},"author":4,"featured_media":9403,"comment_status":"closed","ping_status":"closed","sticky":false,"template":"","format":"standard","meta":{"footnotes":""},"categories":[6353],"tags":[],"class_list":["post-9402","post","type-post","status-publish","format-standard","has-post-thumbnail","hentry","category-oras"],"yoast_head":"<!-- This site is optimized with the Yoast SEO plugin v27.4 - https:\/\/yoast.com\/product\/yoast-seo-wordpress\/ -->\n<title>COPIII V\u0102 PROVOAC\u0102 LA UN MARATON DE FAPTE BUNE  - BTV<\/title>\n<meta name=\"robots\" content=\"index, follow, max-snippet:-1, max-image-preview:large, max-video-preview:-1\" \/>\n<link rel=\"canonical\" href=\"https:\/\/www.btv.md\/ro\/copiii-va-provoaca-la-un-maraton-de-fapte-bune\/\" \/>\n<meta property=\"og:locale\" content=\"ro_RO\" \/>\n<meta property=\"og:type\" content=\"article\" \/>\n<meta property=\"og:title\" content=\"COPIII V\u0102 PROVOAC\u0102 LA UN MARATON DE FAPTE BUNE  - BTV\" \/>\n<meta property=\"og:description\" content=\"Au plantat flori, copaci \u0219i au construit colivii pentru p\u0103s\u0103ri. Copiii de la institu\u021bia pre\u0219colar\u0103 \u201e\u00cengera\u0219ul\u201d din municipiul B\u0103l\u021bi, au demonstrat c\u0103 \u0219tiu ce \u00eenseamn\u0103 o fapt\u0103 bun\u0103 \u0219i mai ales, cum poate fi realizat\u0103 prin efort comun. \u00cen data de 21 martie, angaja\u021bii gr\u0103dini\u021bei, \u00eempreun\u0103 cu copiii \u0219i p\u0103rin\u021bii lor, au f\u0103cut totalurile faptelor [&hellip;]\" \/>\n<meta property=\"og:url\" content=\"https:\/\/www.btv.md\/ro\/copiii-va-provoaca-la-un-maraton-de-fapte-bune\/\" \/>\n<meta property=\"og:site_name\" content=\"BTV\" \/>\n<meta property=\"article:publisher\" content=\"https:\/\/www.facebook.com\/btvmoldova\/\" \/>\n<meta property=\"article:published_time\" content=\"2016-03-22T14:35:38+00:00\" \/>\n<meta property=\"og:image\" content=\"https:\/\/www.btv.md\/wp-content\/uploads\/2016\/03\/copii.png\" \/>\n\t<meta property=\"og:image:width\" content=\"969\" \/>\n\t<meta property=\"og:image:height\" content=\"593\" \/>\n\t<meta property=\"og:image:type\" content=\"image\/png\" \/>\n<meta name=\"author\" content=\"admin\" \/>\n<meta name=\"twitter:label1\" content=\"Scris de\" \/>\n\t<meta name=\"twitter:data1\" content=\"admin\" \/>\n\t<meta name=\"twitter:label2\" content=\"Timp estimat pentru citire\" \/>\n\t<meta name=\"twitter:data2\" content=\"2 minute\" \/>\n<script type=\"application\/ld+json\" class=\"yoast-schema-graph\">{\"@context\":\"https:\\\/\\\/schema.org\",\"@graph\":[{\"@type\":\"Article\",\"@id\":\"https:\\\/\\\/www.btv.md\\\/ro\\\/copiii-va-provoaca-la-un-maraton-de-fapte-bune\\\/#article\",\"isPartOf\":{\"@id\":\"https:\\\/\\\/www.btv.md\\\/ro\\\/copiii-va-provoaca-la-un-maraton-de-fapte-bune\\\/\"},\"author\":{\"name\":\"admin\",\"@id\":\"https:\\\/\\\/www.btv.md\\\/#\\\/schema\\\/person\\\/8fadce81561b3ce2c34c46dadc4ccbf2\"},\"headline\":\"COPIII V\u0102 PROVOAC\u0102 LA UN MARATON DE FAPTE BUNE\",\"datePublished\":\"2016-03-22T14:35:38+00:00\",\"mainEntityOfPage\":{\"@id\":\"https:\\\/\\\/www.btv.md\\\/ro\\\/copiii-va-provoaca-la-un-maraton-de-fapte-bune\\\/\"},\"wordCount\":320,\"image\":{\"@id\":\"https:\\\/\\\/www.btv.md\\\/ro\\\/copiii-va-provoaca-la-un-maraton-de-fapte-bune\\\/#primaryimage\"},\"thumbnailUrl\":\"https:\\\/\\\/www.btv.md\\\/wp-content\\\/uploads\\\/2016\\\/03\\\/copii.png\",\"articleSection\":[\"Ora\u0219\"],\"inLanguage\":\"ro-RO\"},{\"@type\":\"WebPage\",\"@id\":\"https:\\\/\\\/www.btv.md\\\/ro\\\/copiii-va-provoaca-la-un-maraton-de-fapte-bune\\\/\",\"url\":\"https:\\\/\\\/www.btv.md\\\/ro\\\/copiii-va-provoaca-la-un-maraton-de-fapte-bune\\\/\",\"name\":\"COPIII V\u0102 PROVOAC\u0102 LA UN MARATON DE FAPTE BUNE - BTV\",\"isPartOf\":{\"@id\":\"https:\\\/\\\/www.btv.md\\\/#website\"},\"primaryImageOfPage\":{\"@id\":\"https:\\\/\\\/www.btv.md\\\/ro\\\/copiii-va-provoaca-la-un-maraton-de-fapte-bune\\\/#primaryimage\"},\"image\":{\"@id\":\"https:\\\/\\\/www.btv.md\\\/ro\\\/copiii-va-provoaca-la-un-maraton-de-fapte-bune\\\/#primaryimage\"},\"thumbnailUrl\":\"https:\\\/\\\/www.btv.md\\\/wp-content\\\/uploads\\\/2016\\\/03\\\/copii.png\",\"datePublished\":\"2016-03-22T14:35:38+00:00\",\"author\":{\"@id\":\"https:\\\/\\\/www.btv.md\\\/#\\\/schema\\\/person\\\/8fadce81561b3ce2c34c46dadc4ccbf2\"},\"inLanguage\":\"ro-RO\",\"potentialAction\":[{\"@type\":\"ReadAction\",\"target\":[\"https:\\\/\\\/www.btv.md\\\/ro\\\/copiii-va-provoaca-la-un-maraton-de-fapte-bune\\\/\"]}]},{\"@type\":\"ImageObject\",\"inLanguage\":\"ro-RO\",\"@id\":\"https:\\\/\\\/www.btv.md\\\/ro\\\/copiii-va-provoaca-la-un-maraton-de-fapte-bune\\\/#primaryimage\",\"url\":\"https:\\\/\\\/www.btv.md\\\/wp-content\\\/uploads\\\/2016\\\/03\\\/copii.png\",\"contentUrl\":\"https:\\\/\\\/www.btv.md\\\/wp-content\\\/uploads\\\/2016\\\/03\\\/copii.png\",\"width\":969,\"height\":593},{\"@type\":\"WebSite\",\"@id\":\"https:\\\/\\\/www.btv.md\\\/#website\",\"url\":\"https:\\\/\\\/www.btv.md\\\/\",\"name\":\"BTV\",\"description\":\"\u0411\u0435\u043b\u044c\u0446\u043a\u043e\u0435 \u0442\u0435\u043b\u0435\u0432\u0438\u0434\u0435\u043d\u0438\u0435\",\"potentialAction\":[{\"@type\":\"SearchAction\",\"target\":{\"@type\":\"EntryPoint\",\"urlTemplate\":\"https:\\\/\\\/www.btv.md\\\/?s={search_term_string}\"},\"query-input\":{\"@type\":\"PropertyValueSpecification\",\"valueRequired\":true,\"valueName\":\"search_term_string\"}}],\"inLanguage\":\"ro-RO\"},{\"@type\":\"Person\",\"@id\":\"https:\\\/\\\/www.btv.md\\\/#\\\/schema\\\/person\\\/8fadce81561b3ce2c34c46dadc4ccbf2\",\"name\":\"admin\"}]}<\/script>\n<!-- \/ Yoast SEO plugin. -->","yoast_head_json":{"title":"COPIII V\u0102 PROVOAC\u0102 LA UN MARATON DE FAPTE BUNE  - BTV","robots":{"index":"index","follow":"follow","max-snippet":"max-snippet:-1","max-image-preview":"max-image-preview:large","max-video-preview":"max-video-preview:-1"},"canonical":"https:\/\/www.btv.md\/ro\/copiii-va-provoaca-la-un-maraton-de-fapte-bune\/","og_locale":"ro_RO","og_type":"article","og_title":"COPIII V\u0102 PROVOAC\u0102 LA UN MARATON DE FAPTE BUNE  - BTV","og_description":"Au plantat flori, copaci \u0219i au construit colivii pentru p\u0103s\u0103ri. Copiii de la institu\u021bia pre\u0219colar\u0103 \u201e\u00cengera\u0219ul\u201d din municipiul B\u0103l\u021bi, au demonstrat c\u0103 \u0219tiu ce \u00eenseamn\u0103 o fapt\u0103 bun\u0103 \u0219i mai ales, cum poate fi realizat\u0103 prin efort comun. \u00cen data de 21 martie, angaja\u021bii gr\u0103dini\u021bei, \u00eempreun\u0103 cu copiii \u0219i p\u0103rin\u021bii lor, au f\u0103cut totalurile faptelor [&hellip;]","og_url":"https:\/\/www.btv.md\/ro\/copiii-va-provoaca-la-un-maraton-de-fapte-bune\/","og_site_name":"BTV","article_publisher":"https:\/\/www.facebook.com\/btvmoldova\/","article_published_time":"2016-03-22T14:35:38+00:00","og_image":[{"width":969,"height":593,"url":"https:\/\/www.btv.md\/wp-content\/uploads\/2016\/03\/copii.png","type":"image\/png"}],"author":"admin","twitter_misc":{"Scris de":"admin","Timp estimat pentru citire":"2 minute"},"schema":{"@context":"https:\/\/schema.org","@graph":[{"@type":"Article","@id":"https:\/\/www.btv.md\/ro\/copiii-va-provoaca-la-un-maraton-de-fapte-bune\/#article","isPartOf":{"@id":"https:\/\/www.btv.md\/ro\/copiii-va-provoaca-la-un-maraton-de-fapte-bune\/"},"author":{"name":"admin","@id":"https:\/\/www.btv.md\/#\/schema\/person\/8fadce81561b3ce2c34c46dadc4ccbf2"},"headline":"COPIII V\u0102 PROVOAC\u0102 LA UN MARATON DE FAPTE BUNE","datePublished":"2016-03-22T14:35:38+00:00","mainEntityOfPage":{"@id":"https:\/\/www.btv.md\/ro\/copiii-va-provoaca-la-un-maraton-de-fapte-bune\/"},"wordCount":320,"image":{"@id":"https:\/\/www.btv.md\/ro\/copiii-va-provoaca-la-un-maraton-de-fapte-bune\/#primaryimage"},"thumbnailUrl":"https:\/\/www.btv.md\/wp-content\/uploads\/2016\/03\/copii.png","articleSection":["Ora\u0219"],"inLanguage":"ro-RO"},{"@type":"WebPage","@id":"https:\/\/www.btv.md\/ro\/copiii-va-provoaca-la-un-maraton-de-fapte-bune\/","url":"https:\/\/www.btv.md\/ro\/copiii-va-provoaca-la-un-maraton-de-fapte-bune\/","name":"COPIII V\u0102 PROVOAC\u0102 LA UN MARATON DE FAPTE BUNE - BTV","isPartOf":{"@id":"https:\/\/www.btv.md\/#website"},"primaryImageOfPage":{"@id":"https:\/\/www.btv.md\/ro\/copiii-va-provoaca-la-un-maraton-de-fapte-bune\/#primaryimage"},"image":{"@id":"https:\/\/www.btv.md\/ro\/copiii-va-provoaca-la-un-maraton-de-fapte-bune\/#primaryimage"},"thumbnailUrl":"https:\/\/www.btv.md\/wp-content\/uploads\/2016\/03\/copii.png","datePublished":"2016-03-22T14:35:38+00:00","author":{"@id":"https:\/\/www.btv.md\/#\/schema\/person\/8fadce81561b3ce2c34c46dadc4ccbf2"},"inLanguage":"ro-RO","potentialAction":[{"@type":"ReadAction","target":["https:\/\/www.btv.md\/ro\/copiii-va-provoaca-la-un-maraton-de-fapte-bune\/"]}]},{"@type":"ImageObject","inLanguage":"ro-RO","@id":"https:\/\/www.btv.md\/ro\/copiii-va-provoaca-la-un-maraton-de-fapte-bune\/#primaryimage","url":"https:\/\/www.btv.md\/wp-content\/uploads\/2016\/03\/copii.png","contentUrl":"https:\/\/www.btv.md\/wp-content\/uploads\/2016\/03\/copii.png","width":969,"height":593},{"@type":"WebSite","@id":"https:\/\/www.btv.md\/#website","url":"https:\/\/www.btv.md\/","name":"BTV","description":"\u0411\u0435\u043b\u044c\u0446\u043a\u043e\u0435 \u0442\u0435\u043b\u0435\u0432\u0438\u0434\u0435\u043d\u0438\u0435","potentialAction":[{"@type":"SearchAction","target":{"@type":"EntryPoint","urlTemplate":"https:\/\/www.btv.md\/?s={search_term_string}"},"query-input":{"@type":"PropertyValueSpecification","valueRequired":true,"valueName":"search_term_string"}}],"inLanguage":"ro-RO"},{"@type":"Person","@id":"https:\/\/www.btv.md\/#\/schema\/person\/8fadce81561b3ce2c34c46dadc4ccbf2","name":"admin"}]}},"_links":{"self":[{"href":"https:\/\/www.btv.md\/ro\/wp-json\/wp\/v2\/posts\/9402","targetHints":{"allow":["GET"]}}],"collection":[{"href":"https:\/\/www.btv.md\/ro\/wp-json\/wp\/v2\/posts"}],"about":[{"href":"https:\/\/www.btv.md\/ro\/wp-json\/wp\/v2\/types\/post"}],"author":[{"embeddable":true,"href":"https:\/\/www.btv.md\/ro\/wp-json\/wp\/v2\/users\/4"}],"replies":[{"embeddable":true,"href":"https:\/\/www.btv.md\/ro\/wp-json\/wp\/v2\/comments?post=9402"}],"version-history":[{"count":0,"href":"https:\/\/www.btv.md\/ro\/wp-json\/wp\/v2\/posts\/9402\/revisions"}],"wp:featuredmedia":[{"embeddable":true,"href":"https:\/\/www.btv.md\/ro\/wp-json\/wp\/v2\/media\/9403"}],"wp:attachment":[{"href":"https:\/\/www.btv.md\/ro\/wp-json\/wp\/v2\/media?parent=9402"}],"wp:term":[{"taxonomy":"category","embeddable":true,"href":"https:\/\/www.btv.md\/ro\/wp-json\/wp\/v2\/categories?post=9402"},{"taxonomy":"post_tag","embeddable":true,"href":"https:\/\/www.btv.md\/ro\/wp-json\/wp\/v2\/tags?post=9402"}],"curies":[{"name":"wp","href":"https:\/\/api.w.org\/{rel}","templated":true}]}}