{"id":9412,"date":"2016-03-22T18:30:40","date_gmt":"2016-03-22T15:30:40","guid":{"rendered":"http:\/\/btv.md\/?p=9412"},"modified":"2016-03-22T18:30:40","modified_gmt":"2016-03-22T15:30:40","slug":"baltenii-nu-se-grabesc-sa-dea-bani-pe-polita-medicala","status":"publish","type":"post","link":"https:\/\/www.btv.md\/ro\/baltenii-nu-se-grabesc-sa-dea-bani-pe-polita-medicala\/","title":{"rendered":"B\u0102L\u021aENII  NU  SE  GR\u0102BESC  S\u0102  DEA  BANI  PE POLI\u021aA  MEDICAL\u0102"},"content":{"rendered":"<p><strong><em>ASIGURAREA  DE  S\u0102N\u0102TATE  ESTE  INUTIL\u0102  \u00ceN  DETRIMENTUL  PRE\u021aULUIM <\/em><\/strong><\/p>\n<p><strong>Au r\u0103mas zile num\u0103rate \u00een care poli\u0163a de asigurare obligatorie de asisten\u0163\u0103 medical\u0103 poate fi cump\u0103rat\u0103 la un pre\u0163 redus. \u00cen acest scop, angaja\u021bii Agen\u021biei Teritoriale Nord \u2013 Vest al Companiei Na\u021bionale de Asigur\u0103ri \u00een Medicin\u0103 au \u00eemp\u0103r\u021bit pliante \u0219i bro\u0219uri locuitorilor municipiului B\u0103l\u021bi, pentru ai informa c\u0103 vor beneficia de  reduceri semnificative la procurarea primei de p\u00e2n\u0103 \u00een data de 31 martie. <\/strong><\/p>\n<p>\u0218eful CNAM din B\u0103l\u021bi, Grigore Cugal a precizat c\u0103 de la \u00eenceputul anului s-a \u00eenregistrat o mic\u0219orare de 5 la sut\u0103 a num\u0103rului de persoane care vor s\u0103-\u0219i  asigure s\u0103n\u0103tate, comparativ cu aceea\u0219i perioad\u0103 a anului trecut. <\/p>\n<p>B\u0103l\u021benii  nu se gr\u0103besc s\u0103 profite de reduceri la procurea poli\u021bei de asigurare medical\u0103. Mai mult ca at\u00e2t,  locuitorii municipiului B\u0103l\u021bi spun c\u0103 chiar dac\u0103 de\u021bin poli\u021b\u0103 de asigurare medical\u0103 ei sunt nevoi\u021bi s\u0103 achite din propriul buzunar serviiciile medicale. <\/p>\n<p>Astfel,  p\u00e2n\u0103 pe 31 martie persoanele care se asigur\u0103 \u00een mod individual beneficiaz\u0103 de reduceri \u00een m\u0103rime de 75% \u0219i 50% la achitarea primei de sigurare obligatorie de asisten\u021b\u0103 medical\u0103. Proprietarii de teren agricol au reduceri vor scoate din buzunar la procurarea primei doar o mie de lei, ceea ce reprezint\u0103 25 de procente din prima de asigurare medical\u0103. Notarii, avoca\u0163ii \u015fi executorii judec\u0103tore\u015fti vor achita prima \u00een m\u0103rime integral\u0103, de 4056 lei.<\/p>\n<p>Poli\u021ba medical\u0103 poate fi procurat\u0103 la oficiile Po\u0219ta Moldovei  \u0219i la Agen\u021biile teritoriale ale Companiei Na\u021bionale de Asigur\u0103ri \u00een Medicin\u0103.<\/p>\n<p><iframe width=\"420\" height=\"315\" data-src=\"https:\/\/www.youtube.com\/embed\/yq-X_YavFOE\" frameborder=\"0\" allowfullscreen src=\"data:image\/svg+xml;base64,PHN2ZyB3aWR0aD0iMSIgaGVpZ2h0PSIxIiB4bWxucz0iaHR0cDovL3d3dy53My5vcmcvMjAwMC9zdmciPjwvc3ZnPg==\" class=\"lazyload\" data-load-mode=\"1\"><\/iframe><\/p>\n","protected":false},"excerpt":{"rendered":"<p>ASIGURAREA DE S\u0102N\u0102TATE ESTE INUTIL\u0102 \u00ceN DETRIMENTUL PRE\u021aULUIM Au r\u0103mas zile num\u0103rate \u00een care poli\u0163a de asigurare obligatorie de asisten\u0163\u0103 medical\u0103 poate fi cump\u0103rat\u0103 la un pre\u0163 redus. \u00cen acest scop, angaja\u021bii Agen\u021biei Teritoriale Nord \u2013 Vest al Companiei Na\u021bionale de Asigur\u0103ri \u00een Medicin\u0103 au \u00eemp\u0103r\u021bit pliante \u0219i bro\u0219uri locuitorilor municipiului B\u0103l\u021bi, pentru ai informa [&hellip;]<\/p>\n","protected":false},"author":4,"featured_media":9413,"comment_status":"closed","ping_status":"closed","sticky":false,"template":"","format":"standard","meta":{"footnotes":""},"categories":[6353],"tags":[],"class_list":["post-9412","post","type-post","status-publish","format-standard","has-post-thumbnail","hentry","category-oras"],"yoast_head":"<!-- This site is optimized with the Yoast SEO plugin v27.4 - https:\/\/yoast.com\/product\/yoast-seo-wordpress\/ -->\n<title>B\u0102L\u021aENII NU SE GR\u0102BESC S\u0102 DEA BANI PE POLI\u021aA MEDICAL\u0102  - BTV<\/title>\n<meta name=\"robots\" content=\"index, follow, max-snippet:-1, max-image-preview:large, max-video-preview:-1\" \/>\n<link rel=\"canonical\" href=\"https:\/\/www.btv.md\/ro\/baltenii-nu-se-grabesc-sa-dea-bani-pe-polita-medicala\/\" \/>\n<meta property=\"og:locale\" content=\"ro_RO\" \/>\n<meta property=\"og:type\" content=\"article\" \/>\n<meta property=\"og:title\" content=\"B\u0102L\u021aENII NU SE GR\u0102BESC S\u0102 DEA BANI PE POLI\u021aA MEDICAL\u0102  - BTV\" \/>\n<meta property=\"og:description\" content=\"ASIGURAREA DE S\u0102N\u0102TATE ESTE INUTIL\u0102 \u00ceN DETRIMENTUL PRE\u021aULUIM Au r\u0103mas zile num\u0103rate \u00een care poli\u0163a de asigurare obligatorie de asisten\u0163\u0103 medical\u0103 poate fi cump\u0103rat\u0103 la un pre\u0163 redus. \u00cen acest scop, angaja\u021bii Agen\u021biei Teritoriale Nord \u2013 Vest al Companiei Na\u021bionale de Asigur\u0103ri \u00een Medicin\u0103 au \u00eemp\u0103r\u021bit pliante \u0219i bro\u0219uri locuitorilor municipiului B\u0103l\u021bi, pentru ai informa [&hellip;]\" \/>\n<meta property=\"og:url\" content=\"https:\/\/www.btv.md\/ro\/baltenii-nu-se-grabesc-sa-dea-bani-pe-polita-medicala\/\" \/>\n<meta property=\"og:site_name\" content=\"BTV\" \/>\n<meta property=\"article:publisher\" content=\"https:\/\/www.facebook.com\/btvmoldova\/\" \/>\n<meta property=\"article:published_time\" content=\"2016-03-22T15:30:40+00:00\" \/>\n<meta property=\"og:image\" content=\"https:\/\/www.btv.md\/wp-content\/uploads\/2016\/03\/cnam.png\" \/>\n\t<meta property=\"og:image:width\" content=\"1007\" \/>\n\t<meta property=\"og:image:height\" content=\"575\" \/>\n\t<meta property=\"og:image:type\" content=\"image\/png\" \/>\n<meta name=\"author\" content=\"admin\" \/>\n<meta name=\"twitter:label1\" content=\"Scris de\" \/>\n\t<meta name=\"twitter:data1\" content=\"admin\" \/>\n\t<meta name=\"twitter:label2\" content=\"Timp estimat pentru citire\" \/>\n\t<meta name=\"twitter:data2\" content=\"1 minut\" \/>\n<script type=\"application\/ld+json\" class=\"yoast-schema-graph\">{\"@context\":\"https:\\\/\\\/schema.org\",\"@graph\":[{\"@type\":\"Article\",\"@id\":\"https:\\\/\\\/www.btv.md\\\/ro\\\/baltenii-nu-se-grabesc-sa-dea-bani-pe-polita-medicala\\\/#article\",\"isPartOf\":{\"@id\":\"https:\\\/\\\/www.btv.md\\\/ro\\\/baltenii-nu-se-grabesc-sa-dea-bani-pe-polita-medicala\\\/\"},\"author\":{\"name\":\"admin\",\"@id\":\"https:\\\/\\\/www.btv.md\\\/#\\\/schema\\\/person\\\/8fadce81561b3ce2c34c46dadc4ccbf2\"},\"headline\":\"B\u0102L\u021aENII NU SE GR\u0102BESC S\u0102 DEA BANI PE POLI\u021aA MEDICAL\u0102\",\"datePublished\":\"2016-03-22T15:30:40+00:00\",\"mainEntityOfPage\":{\"@id\":\"https:\\\/\\\/www.btv.md\\\/ro\\\/baltenii-nu-se-grabesc-sa-dea-bani-pe-polita-medicala\\\/\"},\"wordCount\":293,\"image\":{\"@id\":\"https:\\\/\\\/www.btv.md\\\/ro\\\/baltenii-nu-se-grabesc-sa-dea-bani-pe-polita-medicala\\\/#primaryimage\"},\"thumbnailUrl\":\"https:\\\/\\\/www.btv.md\\\/wp-content\\\/uploads\\\/2016\\\/03\\\/cnam.png\",\"articleSection\":[\"Ora\u0219\"],\"inLanguage\":\"ro-RO\"},{\"@type\":\"WebPage\",\"@id\":\"https:\\\/\\\/www.btv.md\\\/ro\\\/baltenii-nu-se-grabesc-sa-dea-bani-pe-polita-medicala\\\/\",\"url\":\"https:\\\/\\\/www.btv.md\\\/ro\\\/baltenii-nu-se-grabesc-sa-dea-bani-pe-polita-medicala\\\/\",\"name\":\"B\u0102L\u021aENII NU SE GR\u0102BESC S\u0102 DEA BANI PE POLI\u021aA MEDICAL\u0102 - BTV\",\"isPartOf\":{\"@id\":\"https:\\\/\\\/www.btv.md\\\/#website\"},\"primaryImageOfPage\":{\"@id\":\"https:\\\/\\\/www.btv.md\\\/ro\\\/baltenii-nu-se-grabesc-sa-dea-bani-pe-polita-medicala\\\/#primaryimage\"},\"image\":{\"@id\":\"https:\\\/\\\/www.btv.md\\\/ro\\\/baltenii-nu-se-grabesc-sa-dea-bani-pe-polita-medicala\\\/#primaryimage\"},\"thumbnailUrl\":\"https:\\\/\\\/www.btv.md\\\/wp-content\\\/uploads\\\/2016\\\/03\\\/cnam.png\",\"datePublished\":\"2016-03-22T15:30:40+00:00\",\"author\":{\"@id\":\"https:\\\/\\\/www.btv.md\\\/#\\\/schema\\\/person\\\/8fadce81561b3ce2c34c46dadc4ccbf2\"},\"inLanguage\":\"ro-RO\",\"potentialAction\":[{\"@type\":\"ReadAction\",\"target\":[\"https:\\\/\\\/www.btv.md\\\/ro\\\/baltenii-nu-se-grabesc-sa-dea-bani-pe-polita-medicala\\\/\"]}]},{\"@type\":\"ImageObject\",\"inLanguage\":\"ro-RO\",\"@id\":\"https:\\\/\\\/www.btv.md\\\/ro\\\/baltenii-nu-se-grabesc-sa-dea-bani-pe-polita-medicala\\\/#primaryimage\",\"url\":\"https:\\\/\\\/www.btv.md\\\/wp-content\\\/uploads\\\/2016\\\/03\\\/cnam.png\",\"contentUrl\":\"https:\\\/\\\/www.btv.md\\\/wp-content\\\/uploads\\\/2016\\\/03\\\/cnam.png\",\"width\":1007,\"height\":575},{\"@type\":\"WebSite\",\"@id\":\"https:\\\/\\\/www.btv.md\\\/#website\",\"url\":\"https:\\\/\\\/www.btv.md\\\/\",\"name\":\"BTV\",\"description\":\"\u0411\u0435\u043b\u044c\u0446\u043a\u043e\u0435 \u0442\u0435\u043b\u0435\u0432\u0438\u0434\u0435\u043d\u0438\u0435\",\"potentialAction\":[{\"@type\":\"SearchAction\",\"target\":{\"@type\":\"EntryPoint\",\"urlTemplate\":\"https:\\\/\\\/www.btv.md\\\/?s={search_term_string}\"},\"query-input\":{\"@type\":\"PropertyValueSpecification\",\"valueRequired\":true,\"valueName\":\"search_term_string\"}}],\"inLanguage\":\"ro-RO\"},{\"@type\":\"Person\",\"@id\":\"https:\\\/\\\/www.btv.md\\\/#\\\/schema\\\/person\\\/8fadce81561b3ce2c34c46dadc4ccbf2\",\"name\":\"admin\"}]}<\/script>\n<!-- \/ Yoast SEO plugin. -->","yoast_head_json":{"title":"B\u0102L\u021aENII NU SE GR\u0102BESC S\u0102 DEA BANI PE POLI\u021aA MEDICAL\u0102  - BTV","robots":{"index":"index","follow":"follow","max-snippet":"max-snippet:-1","max-image-preview":"max-image-preview:large","max-video-preview":"max-video-preview:-1"},"canonical":"https:\/\/www.btv.md\/ro\/baltenii-nu-se-grabesc-sa-dea-bani-pe-polita-medicala\/","og_locale":"ro_RO","og_type":"article","og_title":"B\u0102L\u021aENII NU SE GR\u0102BESC S\u0102 DEA BANI PE POLI\u021aA MEDICAL\u0102  - BTV","og_description":"ASIGURAREA DE S\u0102N\u0102TATE ESTE INUTIL\u0102 \u00ceN DETRIMENTUL PRE\u021aULUIM Au r\u0103mas zile num\u0103rate \u00een care poli\u0163a de asigurare obligatorie de asisten\u0163\u0103 medical\u0103 poate fi cump\u0103rat\u0103 la un pre\u0163 redus. \u00cen acest scop, angaja\u021bii Agen\u021biei Teritoriale Nord \u2013 Vest al Companiei Na\u021bionale de Asigur\u0103ri \u00een Medicin\u0103 au \u00eemp\u0103r\u021bit pliante \u0219i bro\u0219uri locuitorilor municipiului B\u0103l\u021bi, pentru ai informa [&hellip;]","og_url":"https:\/\/www.btv.md\/ro\/baltenii-nu-se-grabesc-sa-dea-bani-pe-polita-medicala\/","og_site_name":"BTV","article_publisher":"https:\/\/www.facebook.com\/btvmoldova\/","article_published_time":"2016-03-22T15:30:40+00:00","og_image":[{"width":1007,"height":575,"url":"https:\/\/www.btv.md\/wp-content\/uploads\/2016\/03\/cnam.png","type":"image\/png"}],"author":"admin","twitter_misc":{"Scris de":"admin","Timp estimat pentru citire":"1 minut"},"schema":{"@context":"https:\/\/schema.org","@graph":[{"@type":"Article","@id":"https:\/\/www.btv.md\/ro\/baltenii-nu-se-grabesc-sa-dea-bani-pe-polita-medicala\/#article","isPartOf":{"@id":"https:\/\/www.btv.md\/ro\/baltenii-nu-se-grabesc-sa-dea-bani-pe-polita-medicala\/"},"author":{"name":"admin","@id":"https:\/\/www.btv.md\/#\/schema\/person\/8fadce81561b3ce2c34c46dadc4ccbf2"},"headline":"B\u0102L\u021aENII NU SE GR\u0102BESC S\u0102 DEA BANI PE POLI\u021aA MEDICAL\u0102","datePublished":"2016-03-22T15:30:40+00:00","mainEntityOfPage":{"@id":"https:\/\/www.btv.md\/ro\/baltenii-nu-se-grabesc-sa-dea-bani-pe-polita-medicala\/"},"wordCount":293,"image":{"@id":"https:\/\/www.btv.md\/ro\/baltenii-nu-se-grabesc-sa-dea-bani-pe-polita-medicala\/#primaryimage"},"thumbnailUrl":"https:\/\/www.btv.md\/wp-content\/uploads\/2016\/03\/cnam.png","articleSection":["Ora\u0219"],"inLanguage":"ro-RO"},{"@type":"WebPage","@id":"https:\/\/www.btv.md\/ro\/baltenii-nu-se-grabesc-sa-dea-bani-pe-polita-medicala\/","url":"https:\/\/www.btv.md\/ro\/baltenii-nu-se-grabesc-sa-dea-bani-pe-polita-medicala\/","name":"B\u0102L\u021aENII NU SE GR\u0102BESC S\u0102 DEA BANI PE POLI\u021aA MEDICAL\u0102 - BTV","isPartOf":{"@id":"https:\/\/www.btv.md\/#website"},"primaryImageOfPage":{"@id":"https:\/\/www.btv.md\/ro\/baltenii-nu-se-grabesc-sa-dea-bani-pe-polita-medicala\/#primaryimage"},"image":{"@id":"https:\/\/www.btv.md\/ro\/baltenii-nu-se-grabesc-sa-dea-bani-pe-polita-medicala\/#primaryimage"},"thumbnailUrl":"https:\/\/www.btv.md\/wp-content\/uploads\/2016\/03\/cnam.png","datePublished":"2016-03-22T15:30:40+00:00","author":{"@id":"https:\/\/www.btv.md\/#\/schema\/person\/8fadce81561b3ce2c34c46dadc4ccbf2"},"inLanguage":"ro-RO","potentialAction":[{"@type":"ReadAction","target":["https:\/\/www.btv.md\/ro\/baltenii-nu-se-grabesc-sa-dea-bani-pe-polita-medicala\/"]}]},{"@type":"ImageObject","inLanguage":"ro-RO","@id":"https:\/\/www.btv.md\/ro\/baltenii-nu-se-grabesc-sa-dea-bani-pe-polita-medicala\/#primaryimage","url":"https:\/\/www.btv.md\/wp-content\/uploads\/2016\/03\/cnam.png","contentUrl":"https:\/\/www.btv.md\/wp-content\/uploads\/2016\/03\/cnam.png","width":1007,"height":575},{"@type":"WebSite","@id":"https:\/\/www.btv.md\/#website","url":"https:\/\/www.btv.md\/","name":"BTV","description":"\u0411\u0435\u043b\u044c\u0446\u043a\u043e\u0435 \u0442\u0435\u043b\u0435\u0432\u0438\u0434\u0435\u043d\u0438\u0435","potentialAction":[{"@type":"SearchAction","target":{"@type":"EntryPoint","urlTemplate":"https:\/\/www.btv.md\/?s={search_term_string}"},"query-input":{"@type":"PropertyValueSpecification","valueRequired":true,"valueName":"search_term_string"}}],"inLanguage":"ro-RO"},{"@type":"Person","@id":"https:\/\/www.btv.md\/#\/schema\/person\/8fadce81561b3ce2c34c46dadc4ccbf2","name":"admin"}]}},"_links":{"self":[{"href":"https:\/\/www.btv.md\/ro\/wp-json\/wp\/v2\/posts\/9412","targetHints":{"allow":["GET"]}}],"collection":[{"href":"https:\/\/www.btv.md\/ro\/wp-json\/wp\/v2\/posts"}],"about":[{"href":"https:\/\/www.btv.md\/ro\/wp-json\/wp\/v2\/types\/post"}],"author":[{"embeddable":true,"href":"https:\/\/www.btv.md\/ro\/wp-json\/wp\/v2\/users\/4"}],"replies":[{"embeddable":true,"href":"https:\/\/www.btv.md\/ro\/wp-json\/wp\/v2\/comments?post=9412"}],"version-history":[{"count":0,"href":"https:\/\/www.btv.md\/ro\/wp-json\/wp\/v2\/posts\/9412\/revisions"}],"wp:featuredmedia":[{"embeddable":true,"href":"https:\/\/www.btv.md\/ro\/wp-json\/wp\/v2\/media\/9413"}],"wp:attachment":[{"href":"https:\/\/www.btv.md\/ro\/wp-json\/wp\/v2\/media?parent=9412"}],"wp:term":[{"taxonomy":"category","embeddable":true,"href":"https:\/\/www.btv.md\/ro\/wp-json\/wp\/v2\/categories?post=9412"},{"taxonomy":"post_tag","embeddable":true,"href":"https:\/\/www.btv.md\/ro\/wp-json\/wp\/v2\/tags?post=9412"}],"curies":[{"name":"wp","href":"https:\/\/api.w.org\/{rel}","templated":true}]}}