{"id":9415,"date":"2016-03-22T18:44:26","date_gmt":"2016-03-22T15:44:26","guid":{"rendered":"http:\/\/btv.md\/?p=9415"},"modified":"2016-03-22T18:44:26","modified_gmt":"2016-03-22T15:44:26","slug":"directorul-balteanca-muncitorii-inca-nu-si-au-ridicat-salariile","status":"publish","type":"post","link":"https:\/\/www.btv.md\/ro\/directorul-balteanca-muncitorii-inca-nu-si-au-ridicat-salariile\/","title":{"rendered":"DIRECTORUL \u201eB\u0102L\u021aEANCA\u201d: MUNCITORII  \u00ceNC\u0102  NU  \u0218I-AU  RIDICAT  SALARIILE"},"content":{"rendered":"<p><strong>Angaja\u021bii fabricii de confec\u021bii \u201e B\u0103l\u021beanca\u201d din municipiul B\u0103l\u021bi  \u00eenc\u0103 nu \u0219i-au luat salariile \u0219i nici \u00eendemniza\u021biile de concediu. Potrivit directorului \u00eentreprinderii, Iurie Hanganu, ac\u021bionarul majoritar din Germania \u00eent\u00e2mpin\u0103 un \u0219ir probleme de ordin bancar \u0219i din acest motiv au loc re\u021binerile salariale.<\/strong><\/p>\n<p>Totodat\u0103 directorul Iurie Hangan a dat asigur\u0103ri c\u0103 \u00een viitorul apropiat angaja\u021bii fabricii de confec\u021bii \u00ee\u0219i vor ridica salariile \u0219i indemniza\u021biile de concediu.<\/p>\n<p>Men\u021bion\u0103m c\u0103 declara\u021bile directorului fabricii de confec\u021bii \u201e B\u0103l\u021beanca\u201d vine ca reac\u021bie la materialul difuzat de postul BTV cu privire la c\u021biunile de protest din fa\u021ba \u00eentreprinderii.<\/p>\n<p>Acum o s\u0103pt\u0103m\u00e2n\u0103, zeci de angaja\u021bi ai \u00eentreprinderii au protestat pentru c\u0103 nu \u0219i-au luat salariile \u0219i nici \u00eendemniza\u021biile de concediu.<\/p>\n<p>\u00cen cadrul \u00eentreprinderii activeaz\u0103 peste 500 de persoane. <\/p>\n<p><iframe width=\"420\" height=\"315\" data-src=\"https:\/\/www.youtube.com\/embed\/uhKngH6dq3E\" frameborder=\"0\" allowfullscreen src=\"data:image\/svg+xml;base64,PHN2ZyB3aWR0aD0iMSIgaGVpZ2h0PSIxIiB4bWxucz0iaHR0cDovL3d3dy53My5vcmcvMjAwMC9zdmciPjwvc3ZnPg==\" class=\"lazyload\" data-load-mode=\"1\"><\/iframe><\/p>\n","protected":false},"excerpt":{"rendered":"<p>Angaja\u021bii fabricii de confec\u021bii \u201e B\u0103l\u021beanca\u201d din municipiul B\u0103l\u021bi \u00eenc\u0103 nu \u0219i-au luat salariile \u0219i nici \u00eendemniza\u021biile de concediu. Potrivit directorului \u00eentreprinderii, Iurie Hanganu, ac\u021bionarul majoritar din Germania \u00eent\u00e2mpin\u0103 un \u0219ir probleme de ordin bancar \u0219i din acest motiv au loc re\u021binerile salariale. Totodat\u0103 directorul Iurie Hangan a dat asigur\u0103ri c\u0103 \u00een viitorul apropiat angaja\u021bii [&hellip;]<\/p>\n","protected":false},"author":4,"featured_media":9416,"comment_status":"closed","ping_status":"closed","sticky":false,"template":"","format":"standard","meta":{"footnotes":""},"categories":[12],"tags":[],"class_list":["post-9415","post","type-post","status-publish","format-standard","has-post-thumbnail","hentry","category-balti"],"yoast_head":"<!-- This site is optimized with the Yoast SEO plugin v27.4 - https:\/\/yoast.com\/product\/yoast-seo-wordpress\/ -->\n<title>DIRECTORUL \u201eB\u0102L\u021aEANCA\u201d: MUNCITORII \u00ceNC\u0102 NU \u0218I-AU RIDICAT SALARIILE - BTV<\/title>\n<meta name=\"robots\" content=\"index, follow, max-snippet:-1, max-image-preview:large, max-video-preview:-1\" \/>\n<link rel=\"canonical\" href=\"https:\/\/www.btv.md\/ro\/directorul-balteanca-muncitorii-inca-nu-si-au-ridicat-salariile\/\" \/>\n<meta property=\"og:locale\" content=\"ro_RO\" \/>\n<meta property=\"og:type\" content=\"article\" \/>\n<meta property=\"og:title\" content=\"DIRECTORUL \u201eB\u0102L\u021aEANCA\u201d: MUNCITORII \u00ceNC\u0102 NU \u0218I-AU RIDICAT SALARIILE - BTV\" \/>\n<meta property=\"og:description\" content=\"Angaja\u021bii fabricii de confec\u021bii \u201e B\u0103l\u021beanca\u201d din municipiul B\u0103l\u021bi \u00eenc\u0103 nu \u0219i-au luat salariile \u0219i nici \u00eendemniza\u021biile de concediu. Potrivit directorului \u00eentreprinderii, Iurie Hanganu, ac\u021bionarul majoritar din Germania \u00eent\u00e2mpin\u0103 un \u0219ir probleme de ordin bancar \u0219i din acest motiv au loc re\u021binerile salariale. Totodat\u0103 directorul Iurie Hangan a dat asigur\u0103ri c\u0103 \u00een viitorul apropiat angaja\u021bii [&hellip;]\" \/>\n<meta property=\"og:url\" content=\"https:\/\/www.btv.md\/ro\/directorul-balteanca-muncitorii-inca-nu-si-au-ridicat-salariile\/\" \/>\n<meta property=\"og:site_name\" content=\"BTV\" \/>\n<meta property=\"article:publisher\" content=\"https:\/\/www.facebook.com\/btvmoldova\/\" \/>\n<meta property=\"article:published_time\" content=\"2016-03-22T15:44:26+00:00\" \/>\n<meta property=\"og:image\" content=\"https:\/\/www.btv.md\/wp-content\/uploads\/2016\/03\/balteanca.png\" \/>\n\t<meta property=\"og:image:width\" content=\"1017\" \/>\n\t<meta property=\"og:image:height\" content=\"551\" \/>\n\t<meta property=\"og:image:type\" content=\"image\/png\" \/>\n<meta name=\"author\" content=\"admin\" \/>\n<meta name=\"twitter:label1\" content=\"Scris de\" \/>\n\t<meta name=\"twitter:data1\" content=\"admin\" \/>\n\t<meta name=\"twitter:label2\" content=\"Timp estimat pentru citire\" \/>\n\t<meta name=\"twitter:data2\" content=\"1 minut\" \/>\n<script type=\"application\/ld+json\" class=\"yoast-schema-graph\">{\"@context\":\"https:\\\/\\\/schema.org\",\"@graph\":[{\"@type\":\"Article\",\"@id\":\"https:\\\/\\\/www.btv.md\\\/ro\\\/directorul-balteanca-muncitorii-inca-nu-si-au-ridicat-salariile\\\/#article\",\"isPartOf\":{\"@id\":\"https:\\\/\\\/www.btv.md\\\/ro\\\/directorul-balteanca-muncitorii-inca-nu-si-au-ridicat-salariile\\\/\"},\"author\":{\"name\":\"admin\",\"@id\":\"https:\\\/\\\/www.btv.md\\\/#\\\/schema\\\/person\\\/8fadce81561b3ce2c34c46dadc4ccbf2\"},\"headline\":\"DIRECTORUL \u201eB\u0102L\u021aEANCA\u201d: MUNCITORII \u00ceNC\u0102 NU \u0218I-AU RIDICAT SALARIILE\",\"datePublished\":\"2016-03-22T15:44:26+00:00\",\"mainEntityOfPage\":{\"@id\":\"https:\\\/\\\/www.btv.md\\\/ro\\\/directorul-balteanca-muncitorii-inca-nu-si-au-ridicat-salariile\\\/\"},\"wordCount\":157,\"image\":{\"@id\":\"https:\\\/\\\/www.btv.md\\\/ro\\\/directorul-balteanca-muncitorii-inca-nu-si-au-ridicat-salariile\\\/#primaryimage\"},\"thumbnailUrl\":\"https:\\\/\\\/www.btv.md\\\/wp-content\\\/uploads\\\/2016\\\/03\\\/balteanca.png\",\"articleSection\":[\"\u0413\u043e\u0440\u043e\u0434\"],\"inLanguage\":\"ro-RO\"},{\"@type\":\"WebPage\",\"@id\":\"https:\\\/\\\/www.btv.md\\\/ro\\\/directorul-balteanca-muncitorii-inca-nu-si-au-ridicat-salariile\\\/\",\"url\":\"https:\\\/\\\/www.btv.md\\\/ro\\\/directorul-balteanca-muncitorii-inca-nu-si-au-ridicat-salariile\\\/\",\"name\":\"DIRECTORUL \u201eB\u0102L\u021aEANCA\u201d: MUNCITORII \u00ceNC\u0102 NU \u0218I-AU RIDICAT SALARIILE - BTV\",\"isPartOf\":{\"@id\":\"https:\\\/\\\/www.btv.md\\\/#website\"},\"primaryImageOfPage\":{\"@id\":\"https:\\\/\\\/www.btv.md\\\/ro\\\/directorul-balteanca-muncitorii-inca-nu-si-au-ridicat-salariile\\\/#primaryimage\"},\"image\":{\"@id\":\"https:\\\/\\\/www.btv.md\\\/ro\\\/directorul-balteanca-muncitorii-inca-nu-si-au-ridicat-salariile\\\/#primaryimage\"},\"thumbnailUrl\":\"https:\\\/\\\/www.btv.md\\\/wp-content\\\/uploads\\\/2016\\\/03\\\/balteanca.png\",\"datePublished\":\"2016-03-22T15:44:26+00:00\",\"author\":{\"@id\":\"https:\\\/\\\/www.btv.md\\\/#\\\/schema\\\/person\\\/8fadce81561b3ce2c34c46dadc4ccbf2\"},\"inLanguage\":\"ro-RO\",\"potentialAction\":[{\"@type\":\"ReadAction\",\"target\":[\"https:\\\/\\\/www.btv.md\\\/ro\\\/directorul-balteanca-muncitorii-inca-nu-si-au-ridicat-salariile\\\/\"]}]},{\"@type\":\"ImageObject\",\"inLanguage\":\"ro-RO\",\"@id\":\"https:\\\/\\\/www.btv.md\\\/ro\\\/directorul-balteanca-muncitorii-inca-nu-si-au-ridicat-salariile\\\/#primaryimage\",\"url\":\"https:\\\/\\\/www.btv.md\\\/wp-content\\\/uploads\\\/2016\\\/03\\\/balteanca.png\",\"contentUrl\":\"https:\\\/\\\/www.btv.md\\\/wp-content\\\/uploads\\\/2016\\\/03\\\/balteanca.png\",\"width\":1017,\"height\":551},{\"@type\":\"WebSite\",\"@id\":\"https:\\\/\\\/www.btv.md\\\/#website\",\"url\":\"https:\\\/\\\/www.btv.md\\\/\",\"name\":\"BTV\",\"description\":\"\u0411\u0435\u043b\u044c\u0446\u043a\u043e\u0435 \u0442\u0435\u043b\u0435\u0432\u0438\u0434\u0435\u043d\u0438\u0435\",\"potentialAction\":[{\"@type\":\"SearchAction\",\"target\":{\"@type\":\"EntryPoint\",\"urlTemplate\":\"https:\\\/\\\/www.btv.md\\\/?s={search_term_string}\"},\"query-input\":{\"@type\":\"PropertyValueSpecification\",\"valueRequired\":true,\"valueName\":\"search_term_string\"}}],\"inLanguage\":\"ro-RO\"},{\"@type\":\"Person\",\"@id\":\"https:\\\/\\\/www.btv.md\\\/#\\\/schema\\\/person\\\/8fadce81561b3ce2c34c46dadc4ccbf2\",\"name\":\"admin\"}]}<\/script>\n<!-- \/ Yoast SEO plugin. -->","yoast_head_json":{"title":"DIRECTORUL \u201eB\u0102L\u021aEANCA\u201d: MUNCITORII \u00ceNC\u0102 NU \u0218I-AU RIDICAT SALARIILE - BTV","robots":{"index":"index","follow":"follow","max-snippet":"max-snippet:-1","max-image-preview":"max-image-preview:large","max-video-preview":"max-video-preview:-1"},"canonical":"https:\/\/www.btv.md\/ro\/directorul-balteanca-muncitorii-inca-nu-si-au-ridicat-salariile\/","og_locale":"ro_RO","og_type":"article","og_title":"DIRECTORUL \u201eB\u0102L\u021aEANCA\u201d: MUNCITORII \u00ceNC\u0102 NU \u0218I-AU RIDICAT SALARIILE - BTV","og_description":"Angaja\u021bii fabricii de confec\u021bii \u201e B\u0103l\u021beanca\u201d din municipiul B\u0103l\u021bi \u00eenc\u0103 nu \u0219i-au luat salariile \u0219i nici \u00eendemniza\u021biile de concediu. Potrivit directorului \u00eentreprinderii, Iurie Hanganu, ac\u021bionarul majoritar din Germania \u00eent\u00e2mpin\u0103 un \u0219ir probleme de ordin bancar \u0219i din acest motiv au loc re\u021binerile salariale. Totodat\u0103 directorul Iurie Hangan a dat asigur\u0103ri c\u0103 \u00een viitorul apropiat angaja\u021bii [&hellip;]","og_url":"https:\/\/www.btv.md\/ro\/directorul-balteanca-muncitorii-inca-nu-si-au-ridicat-salariile\/","og_site_name":"BTV","article_publisher":"https:\/\/www.facebook.com\/btvmoldova\/","article_published_time":"2016-03-22T15:44:26+00:00","og_image":[{"width":1017,"height":551,"url":"https:\/\/www.btv.md\/wp-content\/uploads\/2016\/03\/balteanca.png","type":"image\/png"}],"author":"admin","twitter_misc":{"Scris de":"admin","Timp estimat pentru citire":"1 minut"},"schema":{"@context":"https:\/\/schema.org","@graph":[{"@type":"Article","@id":"https:\/\/www.btv.md\/ro\/directorul-balteanca-muncitorii-inca-nu-si-au-ridicat-salariile\/#article","isPartOf":{"@id":"https:\/\/www.btv.md\/ro\/directorul-balteanca-muncitorii-inca-nu-si-au-ridicat-salariile\/"},"author":{"name":"admin","@id":"https:\/\/www.btv.md\/#\/schema\/person\/8fadce81561b3ce2c34c46dadc4ccbf2"},"headline":"DIRECTORUL \u201eB\u0102L\u021aEANCA\u201d: MUNCITORII \u00ceNC\u0102 NU \u0218I-AU RIDICAT SALARIILE","datePublished":"2016-03-22T15:44:26+00:00","mainEntityOfPage":{"@id":"https:\/\/www.btv.md\/ro\/directorul-balteanca-muncitorii-inca-nu-si-au-ridicat-salariile\/"},"wordCount":157,"image":{"@id":"https:\/\/www.btv.md\/ro\/directorul-balteanca-muncitorii-inca-nu-si-au-ridicat-salariile\/#primaryimage"},"thumbnailUrl":"https:\/\/www.btv.md\/wp-content\/uploads\/2016\/03\/balteanca.png","articleSection":["\u0413\u043e\u0440\u043e\u0434"],"inLanguage":"ro-RO"},{"@type":"WebPage","@id":"https:\/\/www.btv.md\/ro\/directorul-balteanca-muncitorii-inca-nu-si-au-ridicat-salariile\/","url":"https:\/\/www.btv.md\/ro\/directorul-balteanca-muncitorii-inca-nu-si-au-ridicat-salariile\/","name":"DIRECTORUL \u201eB\u0102L\u021aEANCA\u201d: MUNCITORII \u00ceNC\u0102 NU \u0218I-AU RIDICAT SALARIILE - BTV","isPartOf":{"@id":"https:\/\/www.btv.md\/#website"},"primaryImageOfPage":{"@id":"https:\/\/www.btv.md\/ro\/directorul-balteanca-muncitorii-inca-nu-si-au-ridicat-salariile\/#primaryimage"},"image":{"@id":"https:\/\/www.btv.md\/ro\/directorul-balteanca-muncitorii-inca-nu-si-au-ridicat-salariile\/#primaryimage"},"thumbnailUrl":"https:\/\/www.btv.md\/wp-content\/uploads\/2016\/03\/balteanca.png","datePublished":"2016-03-22T15:44:26+00:00","author":{"@id":"https:\/\/www.btv.md\/#\/schema\/person\/8fadce81561b3ce2c34c46dadc4ccbf2"},"inLanguage":"ro-RO","potentialAction":[{"@type":"ReadAction","target":["https:\/\/www.btv.md\/ro\/directorul-balteanca-muncitorii-inca-nu-si-au-ridicat-salariile\/"]}]},{"@type":"ImageObject","inLanguage":"ro-RO","@id":"https:\/\/www.btv.md\/ro\/directorul-balteanca-muncitorii-inca-nu-si-au-ridicat-salariile\/#primaryimage","url":"https:\/\/www.btv.md\/wp-content\/uploads\/2016\/03\/balteanca.png","contentUrl":"https:\/\/www.btv.md\/wp-content\/uploads\/2016\/03\/balteanca.png","width":1017,"height":551},{"@type":"WebSite","@id":"https:\/\/www.btv.md\/#website","url":"https:\/\/www.btv.md\/","name":"BTV","description":"\u0411\u0435\u043b\u044c\u0446\u043a\u043e\u0435 \u0442\u0435\u043b\u0435\u0432\u0438\u0434\u0435\u043d\u0438\u0435","potentialAction":[{"@type":"SearchAction","target":{"@type":"EntryPoint","urlTemplate":"https:\/\/www.btv.md\/?s={search_term_string}"},"query-input":{"@type":"PropertyValueSpecification","valueRequired":true,"valueName":"search_term_string"}}],"inLanguage":"ro-RO"},{"@type":"Person","@id":"https:\/\/www.btv.md\/#\/schema\/person\/8fadce81561b3ce2c34c46dadc4ccbf2","name":"admin"}]}},"_links":{"self":[{"href":"https:\/\/www.btv.md\/ro\/wp-json\/wp\/v2\/posts\/9415","targetHints":{"allow":["GET"]}}],"collection":[{"href":"https:\/\/www.btv.md\/ro\/wp-json\/wp\/v2\/posts"}],"about":[{"href":"https:\/\/www.btv.md\/ro\/wp-json\/wp\/v2\/types\/post"}],"author":[{"embeddable":true,"href":"https:\/\/www.btv.md\/ro\/wp-json\/wp\/v2\/users\/4"}],"replies":[{"embeddable":true,"href":"https:\/\/www.btv.md\/ro\/wp-json\/wp\/v2\/comments?post=9415"}],"version-history":[{"count":0,"href":"https:\/\/www.btv.md\/ro\/wp-json\/wp\/v2\/posts\/9415\/revisions"}],"wp:featuredmedia":[{"embeddable":true,"href":"https:\/\/www.btv.md\/ro\/wp-json\/wp\/v2\/media\/9416"}],"wp:attachment":[{"href":"https:\/\/www.btv.md\/ro\/wp-json\/wp\/v2\/media?parent=9415"}],"wp:term":[{"taxonomy":"category","embeddable":true,"href":"https:\/\/www.btv.md\/ro\/wp-json\/wp\/v2\/categories?post=9415"},{"taxonomy":"post_tag","embeddable":true,"href":"https:\/\/www.btv.md\/ro\/wp-json\/wp\/v2\/tags?post=9415"}],"curies":[{"name":"wp","href":"https:\/\/api.w.org\/{rel}","templated":true}]}}