{"id":9418,"date":"2016-03-22T19:06:35","date_gmt":"2016-03-22T16:06:35","guid":{"rendered":"http:\/\/btv.md\/?p=9418"},"modified":"2016-03-22T19:06:35","modified_gmt":"2016-03-22T16:06:35","slug":"biserica-condamna-traditia-de-a-bea-40-de-pahare-in-ziua-celor-40-de-mucenici","status":"publish","type":"post","link":"https:\/\/www.btv.md\/ro\/biserica-condamna-traditia-de-a-bea-40-de-pahare-in-ziua-celor-40-de-mucenici\/","title":{"rendered":"Biserica condamn\u0103 tradi\u021bia de a bea 40 de pahare \u00een ziua celor 40 de Mucenici"},"content":{"rendered":"<p><strong>Biserica ortodx\u0103 \u00eei cinste\u0219te mar\u021bi pe Sfin\u0163ii 40 de Mucenici, care pentru credin\u0163a lor, au fost omor\u00e2\u0163i \u00een vremea \u00eemp\u0103ratului Licinius din Sevastia. <\/strong><\/p>\n<p>Potrivit parohului catedralei \u201eSf\u00e2ntul Nicolae\u201d, Mihail S\u0103r\u0103cu\u021b\u0103, \u00een aceast\u0103 zi, cre\u0219tinii ortodoxi merg la biseric\u0103, se m\u0103rturisesc, se \u00eemp\u0103rt\u0103\u0219esc \u0219i ascult\u0103 despre soarta celor 40 de Mucenici.<\/p>\n<p>\u201e<em>Aceasta s\u0103rb\u0103toare este foarte important\u0103 pentru noi. Via\u021ba celor 40 de Mucenici este o pild\u0103 pentru noi, cum ar trebui s\u0103 le urm\u0103m credin\u021ba \u00een Hristos. Atunci c\u00e2nd au fost omor\u00e2\u021bi pentru Hristos, asupra capetelor acestora s-au cobor\u00e2t 40 de cununi cere\u0219ti, dovad\u0103 c\u0103 Dumnezeu i-a primit \u00een ceruri<\/em>\u201d.<\/p>\n<p>Cu p\u0103rere de r\u0103u, cei mai mul\u0163i oameni \u201cs\u0103rb\u0103toresc 40 de sfin\u0163i\u201d f\u0103r\u0103 s\u0103 cunoasc\u0103 ceva despre ei \u015fi au atribuit amintirii lor elemente p\u0103g\u00e2ne. <\/p>\n<p>Printre ideile gre\u0219ite ale oamenilor se num\u0103r\u0103 \u0219i tradi\u021bia de a bea \u00een aceast\u0103 zi tocmai 40 de pahare cu vin. <\/p>\n<p>\u201e<em>Aceasta este o r\u0103t\u0103cire total\u0103. Ei sunt 40 de sfin\u021bi care \u0219i-au dat via\u021ba pentru Hristos \u0219i au fost pild\u0103 pentru noi. Consumul de alcool \u00een cantitate de 40 de pahare este o r\u0103t\u0103cire<\/em>\u201d.<\/p>\n<p>Enoria\u0219ii nu recunosc o astfel de tradi\u021bie, de\u0219i \u0219tiu c\u0103 mul\u021bi oameni se las\u0103 min\u021bi\u021bi de aceast\u0103 idee.<\/p>\n<p>Potrivit Tradi\u0163iei Ortodoxe, \u00een anul 313 dup\u0103 Hristos, \u00eemp\u0103ratul roman Constantin a emis un edict, prin care legaliza cre\u015ftinismul. Cumnatul lui Constantin, Liciniu, era \u00eens\u0103 p\u0103g\u00e2n \u015fi a hot\u0103r\u00e2t s\u0103 st\u00e2rpeasc\u0103 aceast\u0103 religie. El se temea de o eventual\u0103 tr\u0103dare \u015fi a decis s\u0103 scape de cre\u015ftinii din armata sa. \u00cen cetatea Sevastiei, din Armenia, erau 40 de o\u015fteni, care \u00eemp\u0103rt\u0103\u015feau cre\u015ftinismul. Ei au refuzat s\u0103 se \u00eenchine idolilor. Dup\u0103 ce au trecut prin mai multe suferin\u021be, le-au fost zdrobite fluierele picioarelor \u015fi au fost ar\u015fi de vii.<\/p>\n<p><iframe width=\"420\" height=\"315\" data-src=\"https:\/\/www.youtube.com\/embed\/hh9fLElBR6U\" frameborder=\"0\" allowfullscreen src=\"data:image\/svg+xml;base64,PHN2ZyB3aWR0aD0iMSIgaGVpZ2h0PSIxIiB4bWxucz0iaHR0cDovL3d3dy53My5vcmcvMjAwMC9zdmciPjwvc3ZnPg==\" class=\"lazyload\" data-load-mode=\"1\"><\/iframe><\/p>\n","protected":false},"excerpt":{"rendered":"<p>Biserica ortodx\u0103 \u00eei cinste\u0219te mar\u021bi pe Sfin\u0163ii 40 de Mucenici, care pentru credin\u0163a lor, au fost omor\u00e2\u0163i \u00een vremea \u00eemp\u0103ratului Licinius din Sevastia. Potrivit parohului catedralei \u201eSf\u00e2ntul Nicolae\u201d, Mihail S\u0103r\u0103cu\u021b\u0103, \u00een aceast\u0103 zi, cre\u0219tinii ortodoxi merg la biseric\u0103, se m\u0103rturisesc, se \u00eemp\u0103rt\u0103\u0219esc \u0219i ascult\u0103 despre soarta celor 40 de Mucenici. \u201eAceasta s\u0103rb\u0103toare este foarte important\u0103 [&hellip;]<\/p>\n","protected":false},"author":4,"featured_media":9419,"comment_status":"closed","ping_status":"closed","sticky":false,"template":"","format":"standard","meta":{"footnotes":""},"categories":[6353],"tags":[],"class_list":["post-9418","post","type-post","status-publish","format-standard","has-post-thumbnail","hentry","category-oras"],"yoast_head":"<!-- This site is optimized with the Yoast SEO plugin v27.4 - https:\/\/yoast.com\/product\/yoast-seo-wordpress\/ -->\n<title>Biserica condamn\u0103 tradi\u021bia de a bea 40 de pahare \u00een ziua celor 40 de Mucenici - BTV<\/title>\n<meta name=\"robots\" content=\"index, follow, max-snippet:-1, max-image-preview:large, max-video-preview:-1\" \/>\n<link rel=\"canonical\" href=\"https:\/\/www.btv.md\/ro\/biserica-condamna-traditia-de-a-bea-40-de-pahare-in-ziua-celor-40-de-mucenici\/\" \/>\n<meta property=\"og:locale\" content=\"ro_RO\" \/>\n<meta property=\"og:type\" content=\"article\" \/>\n<meta property=\"og:title\" content=\"Biserica condamn\u0103 tradi\u021bia de a bea 40 de pahare \u00een ziua celor 40 de Mucenici - BTV\" \/>\n<meta property=\"og:description\" content=\"Biserica ortodx\u0103 \u00eei cinste\u0219te mar\u021bi pe Sfin\u0163ii 40 de Mucenici, care pentru credin\u0163a lor, au fost omor\u00e2\u0163i \u00een vremea \u00eemp\u0103ratului Licinius din Sevastia. Potrivit parohului catedralei \u201eSf\u00e2ntul Nicolae\u201d, Mihail S\u0103r\u0103cu\u021b\u0103, \u00een aceast\u0103 zi, cre\u0219tinii ortodoxi merg la biseric\u0103, se m\u0103rturisesc, se \u00eemp\u0103rt\u0103\u0219esc \u0219i ascult\u0103 despre soarta celor 40 de Mucenici. \u201eAceasta s\u0103rb\u0103toare este foarte important\u0103 [&hellip;]\" \/>\n<meta property=\"og:url\" content=\"https:\/\/www.btv.md\/ro\/biserica-condamna-traditia-de-a-bea-40-de-pahare-in-ziua-celor-40-de-mucenici\/\" \/>\n<meta property=\"og:site_name\" content=\"BTV\" \/>\n<meta property=\"article:publisher\" content=\"https:\/\/www.facebook.com\/btvmoldova\/\" \/>\n<meta property=\"article:published_time\" content=\"2016-03-22T16:06:35+00:00\" \/>\n<meta property=\"og:image\" content=\"https:\/\/www.btv.md\/wp-content\/uploads\/2016\/03\/biserika.png\" \/>\n\t<meta property=\"og:image:width\" content=\"1009\" \/>\n\t<meta property=\"og:image:height\" content=\"613\" \/>\n\t<meta property=\"og:image:type\" content=\"image\/png\" \/>\n<meta name=\"author\" content=\"admin\" \/>\n<meta name=\"twitter:label1\" content=\"Scris de\" \/>\n\t<meta name=\"twitter:data1\" content=\"admin\" \/>\n\t<meta name=\"twitter:label2\" content=\"Timp estimat pentru citire\" \/>\n\t<meta name=\"twitter:data2\" content=\"2 minute\" \/>\n<script type=\"application\/ld+json\" class=\"yoast-schema-graph\">{\"@context\":\"https:\\\/\\\/schema.org\",\"@graph\":[{\"@type\":\"Article\",\"@id\":\"https:\\\/\\\/www.btv.md\\\/ro\\\/biserica-condamna-traditia-de-a-bea-40-de-pahare-in-ziua-celor-40-de-mucenici\\\/#article\",\"isPartOf\":{\"@id\":\"https:\\\/\\\/www.btv.md\\\/ro\\\/biserica-condamna-traditia-de-a-bea-40-de-pahare-in-ziua-celor-40-de-mucenici\\\/\"},\"author\":{\"name\":\"admin\",\"@id\":\"https:\\\/\\\/www.btv.md\\\/#\\\/schema\\\/person\\\/8fadce81561b3ce2c34c46dadc4ccbf2\"},\"headline\":\"Biserica condamn\u0103 tradi\u021bia de a bea 40 de pahare \u00een ziua celor 40 de Mucenici\",\"datePublished\":\"2016-03-22T16:06:35+00:00\",\"mainEntityOfPage\":{\"@id\":\"https:\\\/\\\/www.btv.md\\\/ro\\\/biserica-condamna-traditia-de-a-bea-40-de-pahare-in-ziua-celor-40-de-mucenici\\\/\"},\"wordCount\":351,\"image\":{\"@id\":\"https:\\\/\\\/www.btv.md\\\/ro\\\/biserica-condamna-traditia-de-a-bea-40-de-pahare-in-ziua-celor-40-de-mucenici\\\/#primaryimage\"},\"thumbnailUrl\":\"https:\\\/\\\/www.btv.md\\\/wp-content\\\/uploads\\\/2016\\\/03\\\/biserika.png\",\"articleSection\":[\"Ora\u0219\"],\"inLanguage\":\"ro-RO\"},{\"@type\":\"WebPage\",\"@id\":\"https:\\\/\\\/www.btv.md\\\/ro\\\/biserica-condamna-traditia-de-a-bea-40-de-pahare-in-ziua-celor-40-de-mucenici\\\/\",\"url\":\"https:\\\/\\\/www.btv.md\\\/ro\\\/biserica-condamna-traditia-de-a-bea-40-de-pahare-in-ziua-celor-40-de-mucenici\\\/\",\"name\":\"Biserica condamn\u0103 tradi\u021bia de a bea 40 de pahare \u00een ziua celor 40 de Mucenici - BTV\",\"isPartOf\":{\"@id\":\"https:\\\/\\\/www.btv.md\\\/#website\"},\"primaryImageOfPage\":{\"@id\":\"https:\\\/\\\/www.btv.md\\\/ro\\\/biserica-condamna-traditia-de-a-bea-40-de-pahare-in-ziua-celor-40-de-mucenici\\\/#primaryimage\"},\"image\":{\"@id\":\"https:\\\/\\\/www.btv.md\\\/ro\\\/biserica-condamna-traditia-de-a-bea-40-de-pahare-in-ziua-celor-40-de-mucenici\\\/#primaryimage\"},\"thumbnailUrl\":\"https:\\\/\\\/www.btv.md\\\/wp-content\\\/uploads\\\/2016\\\/03\\\/biserika.png\",\"datePublished\":\"2016-03-22T16:06:35+00:00\",\"author\":{\"@id\":\"https:\\\/\\\/www.btv.md\\\/#\\\/schema\\\/person\\\/8fadce81561b3ce2c34c46dadc4ccbf2\"},\"inLanguage\":\"ro-RO\",\"potentialAction\":[{\"@type\":\"ReadAction\",\"target\":[\"https:\\\/\\\/www.btv.md\\\/ro\\\/biserica-condamna-traditia-de-a-bea-40-de-pahare-in-ziua-celor-40-de-mucenici\\\/\"]}]},{\"@type\":\"ImageObject\",\"inLanguage\":\"ro-RO\",\"@id\":\"https:\\\/\\\/www.btv.md\\\/ro\\\/biserica-condamna-traditia-de-a-bea-40-de-pahare-in-ziua-celor-40-de-mucenici\\\/#primaryimage\",\"url\":\"https:\\\/\\\/www.btv.md\\\/wp-content\\\/uploads\\\/2016\\\/03\\\/biserika.png\",\"contentUrl\":\"https:\\\/\\\/www.btv.md\\\/wp-content\\\/uploads\\\/2016\\\/03\\\/biserika.png\",\"width\":1009,\"height\":613},{\"@type\":\"WebSite\",\"@id\":\"https:\\\/\\\/www.btv.md\\\/#website\",\"url\":\"https:\\\/\\\/www.btv.md\\\/\",\"name\":\"BTV\",\"description\":\"\u0411\u0435\u043b\u044c\u0446\u043a\u043e\u0435 \u0442\u0435\u043b\u0435\u0432\u0438\u0434\u0435\u043d\u0438\u0435\",\"potentialAction\":[{\"@type\":\"SearchAction\",\"target\":{\"@type\":\"EntryPoint\",\"urlTemplate\":\"https:\\\/\\\/www.btv.md\\\/?s={search_term_string}\"},\"query-input\":{\"@type\":\"PropertyValueSpecification\",\"valueRequired\":true,\"valueName\":\"search_term_string\"}}],\"inLanguage\":\"ro-RO\"},{\"@type\":\"Person\",\"@id\":\"https:\\\/\\\/www.btv.md\\\/#\\\/schema\\\/person\\\/8fadce81561b3ce2c34c46dadc4ccbf2\",\"name\":\"admin\"}]}<\/script>\n<!-- \/ Yoast SEO plugin. -->","yoast_head_json":{"title":"Biserica condamn\u0103 tradi\u021bia de a bea 40 de pahare \u00een ziua celor 40 de Mucenici - BTV","robots":{"index":"index","follow":"follow","max-snippet":"max-snippet:-1","max-image-preview":"max-image-preview:large","max-video-preview":"max-video-preview:-1"},"canonical":"https:\/\/www.btv.md\/ro\/biserica-condamna-traditia-de-a-bea-40-de-pahare-in-ziua-celor-40-de-mucenici\/","og_locale":"ro_RO","og_type":"article","og_title":"Biserica condamn\u0103 tradi\u021bia de a bea 40 de pahare \u00een ziua celor 40 de Mucenici - BTV","og_description":"Biserica ortodx\u0103 \u00eei cinste\u0219te mar\u021bi pe Sfin\u0163ii 40 de Mucenici, care pentru credin\u0163a lor, au fost omor\u00e2\u0163i \u00een vremea \u00eemp\u0103ratului Licinius din Sevastia. Potrivit parohului catedralei \u201eSf\u00e2ntul Nicolae\u201d, Mihail S\u0103r\u0103cu\u021b\u0103, \u00een aceast\u0103 zi, cre\u0219tinii ortodoxi merg la biseric\u0103, se m\u0103rturisesc, se \u00eemp\u0103rt\u0103\u0219esc \u0219i ascult\u0103 despre soarta celor 40 de Mucenici. \u201eAceasta s\u0103rb\u0103toare este foarte important\u0103 [&hellip;]","og_url":"https:\/\/www.btv.md\/ro\/biserica-condamna-traditia-de-a-bea-40-de-pahare-in-ziua-celor-40-de-mucenici\/","og_site_name":"BTV","article_publisher":"https:\/\/www.facebook.com\/btvmoldova\/","article_published_time":"2016-03-22T16:06:35+00:00","og_image":[{"width":1009,"height":613,"url":"https:\/\/www.btv.md\/wp-content\/uploads\/2016\/03\/biserika.png","type":"image\/png"}],"author":"admin","twitter_misc":{"Scris de":"admin","Timp estimat pentru citire":"2 minute"},"schema":{"@context":"https:\/\/schema.org","@graph":[{"@type":"Article","@id":"https:\/\/www.btv.md\/ro\/biserica-condamna-traditia-de-a-bea-40-de-pahare-in-ziua-celor-40-de-mucenici\/#article","isPartOf":{"@id":"https:\/\/www.btv.md\/ro\/biserica-condamna-traditia-de-a-bea-40-de-pahare-in-ziua-celor-40-de-mucenici\/"},"author":{"name":"admin","@id":"https:\/\/www.btv.md\/#\/schema\/person\/8fadce81561b3ce2c34c46dadc4ccbf2"},"headline":"Biserica condamn\u0103 tradi\u021bia de a bea 40 de pahare \u00een ziua celor 40 de Mucenici","datePublished":"2016-03-22T16:06:35+00:00","mainEntityOfPage":{"@id":"https:\/\/www.btv.md\/ro\/biserica-condamna-traditia-de-a-bea-40-de-pahare-in-ziua-celor-40-de-mucenici\/"},"wordCount":351,"image":{"@id":"https:\/\/www.btv.md\/ro\/biserica-condamna-traditia-de-a-bea-40-de-pahare-in-ziua-celor-40-de-mucenici\/#primaryimage"},"thumbnailUrl":"https:\/\/www.btv.md\/wp-content\/uploads\/2016\/03\/biserika.png","articleSection":["Ora\u0219"],"inLanguage":"ro-RO"},{"@type":"WebPage","@id":"https:\/\/www.btv.md\/ro\/biserica-condamna-traditia-de-a-bea-40-de-pahare-in-ziua-celor-40-de-mucenici\/","url":"https:\/\/www.btv.md\/ro\/biserica-condamna-traditia-de-a-bea-40-de-pahare-in-ziua-celor-40-de-mucenici\/","name":"Biserica condamn\u0103 tradi\u021bia de a bea 40 de pahare \u00een ziua celor 40 de Mucenici - BTV","isPartOf":{"@id":"https:\/\/www.btv.md\/#website"},"primaryImageOfPage":{"@id":"https:\/\/www.btv.md\/ro\/biserica-condamna-traditia-de-a-bea-40-de-pahare-in-ziua-celor-40-de-mucenici\/#primaryimage"},"image":{"@id":"https:\/\/www.btv.md\/ro\/biserica-condamna-traditia-de-a-bea-40-de-pahare-in-ziua-celor-40-de-mucenici\/#primaryimage"},"thumbnailUrl":"https:\/\/www.btv.md\/wp-content\/uploads\/2016\/03\/biserika.png","datePublished":"2016-03-22T16:06:35+00:00","author":{"@id":"https:\/\/www.btv.md\/#\/schema\/person\/8fadce81561b3ce2c34c46dadc4ccbf2"},"inLanguage":"ro-RO","potentialAction":[{"@type":"ReadAction","target":["https:\/\/www.btv.md\/ro\/biserica-condamna-traditia-de-a-bea-40-de-pahare-in-ziua-celor-40-de-mucenici\/"]}]},{"@type":"ImageObject","inLanguage":"ro-RO","@id":"https:\/\/www.btv.md\/ro\/biserica-condamna-traditia-de-a-bea-40-de-pahare-in-ziua-celor-40-de-mucenici\/#primaryimage","url":"https:\/\/www.btv.md\/wp-content\/uploads\/2016\/03\/biserika.png","contentUrl":"https:\/\/www.btv.md\/wp-content\/uploads\/2016\/03\/biserika.png","width":1009,"height":613},{"@type":"WebSite","@id":"https:\/\/www.btv.md\/#website","url":"https:\/\/www.btv.md\/","name":"BTV","description":"\u0411\u0435\u043b\u044c\u0446\u043a\u043e\u0435 \u0442\u0435\u043b\u0435\u0432\u0438\u0434\u0435\u043d\u0438\u0435","potentialAction":[{"@type":"SearchAction","target":{"@type":"EntryPoint","urlTemplate":"https:\/\/www.btv.md\/?s={search_term_string}"},"query-input":{"@type":"PropertyValueSpecification","valueRequired":true,"valueName":"search_term_string"}}],"inLanguage":"ro-RO"},{"@type":"Person","@id":"https:\/\/www.btv.md\/#\/schema\/person\/8fadce81561b3ce2c34c46dadc4ccbf2","name":"admin"}]}},"_links":{"self":[{"href":"https:\/\/www.btv.md\/ro\/wp-json\/wp\/v2\/posts\/9418","targetHints":{"allow":["GET"]}}],"collection":[{"href":"https:\/\/www.btv.md\/ro\/wp-json\/wp\/v2\/posts"}],"about":[{"href":"https:\/\/www.btv.md\/ro\/wp-json\/wp\/v2\/types\/post"}],"author":[{"embeddable":true,"href":"https:\/\/www.btv.md\/ro\/wp-json\/wp\/v2\/users\/4"}],"replies":[{"embeddable":true,"href":"https:\/\/www.btv.md\/ro\/wp-json\/wp\/v2\/comments?post=9418"}],"version-history":[{"count":0,"href":"https:\/\/www.btv.md\/ro\/wp-json\/wp\/v2\/posts\/9418\/revisions"}],"wp:featuredmedia":[{"embeddable":true,"href":"https:\/\/www.btv.md\/ro\/wp-json\/wp\/v2\/media\/9419"}],"wp:attachment":[{"href":"https:\/\/www.btv.md\/ro\/wp-json\/wp\/v2\/media?parent=9418"}],"wp:term":[{"taxonomy":"category","embeddable":true,"href":"https:\/\/www.btv.md\/ro\/wp-json\/wp\/v2\/categories?post=9418"},{"taxonomy":"post_tag","embeddable":true,"href":"https:\/\/www.btv.md\/ro\/wp-json\/wp\/v2\/tags?post=9418"}],"curies":[{"name":"wp","href":"https:\/\/api.w.org\/{rel}","templated":true}]}}