{"id":9459,"date":"2016-03-23T14:00:57","date_gmt":"2016-03-23T11:00:57","guid":{"rendered":"http:\/\/btv.md\/?p=9459"},"modified":"2016-03-23T14:00:57","modified_gmt":"2016-03-23T11:00:57","slug":"ultima-zi-a-lui-timofti-la-carma-republicii-moldova","status":"publish","type":"post","link":"https:\/\/www.btv.md\/ro\/ultima-zi-a-lui-timofti-la-carma-republicii-moldova\/","title":{"rendered":"ULTIMA ZI  A LUI TIMOFTI LA C\u00c2RMA REPUBLICII MOLDOVA"},"content":{"rendered":"<p><strong>\u0218eful statului, Nicolae Timofti se afl\u0103 la ultima zi de mandat. Miercuri a expirat cei patru ani de c\u00e2nd a fost \u00eenvestit \u00een func\u021bie, transmite <a href=\"http:\/\/unimedia.info\/stiri\/presedintele-nicolae-timofti--la-ultima-zi-de-mandat-111742.html\" target=\"_blank\">UNIMEDIA<\/a>.<\/strong><\/p>\n<p>Timofti va asigura interimatul func\u021biei p\u00e2n\u0103 c\u00e2nd noul pre\u0219edinte va depune jur\u0103m\u00e2ntul. Not\u0103m c\u0103, acesta a fost ales \u00een calitate de \u0219ef al statului la data de 16 martie 2012, iar la data de 23 martie a fost \u00eenvestit \u00een func\u021bie.<\/p>\n<p>Pentru alegerea sa \u00een func\u021bie au votat 62 de de deputa\u021bi, cei din fosta AIE, Mihai Godea \u0219i deputa\u021bii din grupul Dodon.<\/p>\n<p>Astfel c\u0103, Nicolae Timofti a fost ales dup\u0103 mai bine de doi ani de dezbateri politice. La momentul \u00eenvestirii avea 63 de ani, iar anterior de\u021binuse func\u021bia de pre\u0219edinte al Consiliului Superior al Magistraturii (CSM).<\/p>\n<p>\u00cen discursul s\u0103u \u021binut \u00eenainte de alegere, acesta declara c\u0103 va asigura bunul parcurs al integr\u0103rii europene \u0219i va face tot posibilul pentru cre\u0219terea \u00eencrederii \u00een cele dou\u0103 maluri ale Nistrului.<\/p>\n<p>UNIMEDIA noteaz\u0103 c\u0103, serviciul de pres\u0103 al Pre\u0219edin\u021biei nu a anun\u021bat deocamdat\u0103 dac\u0103 pre\u0219edintele Timofti va face un bilan\u021b al celor patru ani de activitate.<\/p>\n","protected":false},"excerpt":{"rendered":"<p>\u0218eful statului, Nicolae Timofti se afl\u0103 la ultima zi de mandat. Miercuri a expirat cei patru ani de c\u00e2nd a fost \u00eenvestit \u00een func\u021bie, transmite UNIMEDIA. Timofti va asigura interimatul func\u021biei p\u00e2n\u0103 c\u00e2nd noul pre\u0219edinte va depune jur\u0103m\u00e2ntul. Not\u0103m c\u0103, acesta a fost ales \u00een calitate de \u0219ef al statului la data de 16 martie [&hellip;]<\/p>\n","protected":false},"author":4,"featured_media":9460,"comment_status":"closed","ping_status":"closed","sticky":false,"template":"","format":"standard","meta":{"footnotes":""},"categories":[6368],"tags":[],"class_list":["post-9459","post","type-post","status-publish","format-standard","has-post-thumbnail","hentry","category-politica-ro"],"yoast_head":"<!-- This site is optimized with the Yoast SEO plugin v27.4 - https:\/\/yoast.com\/product\/yoast-seo-wordpress\/ -->\n<title>ULTIMA ZI A LUI TIMOFTI LA C\u00c2RMA REPUBLICII MOLDOVA - BTV<\/title>\n<meta name=\"robots\" content=\"index, follow, max-snippet:-1, max-image-preview:large, max-video-preview:-1\" \/>\n<link rel=\"canonical\" href=\"https:\/\/www.btv.md\/ro\/ultima-zi-a-lui-timofti-la-carma-republicii-moldova\/\" \/>\n<meta property=\"og:locale\" content=\"ro_RO\" \/>\n<meta property=\"og:type\" content=\"article\" \/>\n<meta property=\"og:title\" content=\"ULTIMA ZI A LUI TIMOFTI LA C\u00c2RMA REPUBLICII MOLDOVA - BTV\" \/>\n<meta property=\"og:description\" content=\"\u0218eful statului, Nicolae Timofti se afl\u0103 la ultima zi de mandat. Miercuri a expirat cei patru ani de c\u00e2nd a fost \u00eenvestit \u00een func\u021bie, transmite UNIMEDIA. Timofti va asigura interimatul func\u021biei p\u00e2n\u0103 c\u00e2nd noul pre\u0219edinte va depune jur\u0103m\u00e2ntul. Not\u0103m c\u0103, acesta a fost ales \u00een calitate de \u0219ef al statului la data de 16 martie [&hellip;]\" \/>\n<meta property=\"og:url\" content=\"https:\/\/www.btv.md\/ro\/ultima-zi-a-lui-timofti-la-carma-republicii-moldova\/\" \/>\n<meta property=\"og:site_name\" content=\"BTV\" \/>\n<meta property=\"article:publisher\" content=\"https:\/\/www.facebook.com\/btvmoldova\/\" \/>\n<meta property=\"article:published_time\" content=\"2016-03-23T11:00:57+00:00\" \/>\n<meta property=\"og:image\" content=\"https:\/\/www.btv.md\/wp-content\/uploads\/2016\/03\/2949080.jpg\" \/>\n\t<meta property=\"og:image:width\" content=\"705\" \/>\n\t<meta property=\"og:image:height\" content=\"375\" \/>\n\t<meta property=\"og:image:type\" content=\"image\/jpeg\" \/>\n<meta name=\"author\" content=\"admin\" \/>\n<meta name=\"twitter:label1\" content=\"Scris de\" \/>\n\t<meta name=\"twitter:data1\" content=\"admin\" \/>\n\t<meta name=\"twitter:label2\" content=\"Timp estimat pentru citire\" \/>\n\t<meta name=\"twitter:data2\" content=\"1 minut\" \/>\n<script type=\"application\/ld+json\" class=\"yoast-schema-graph\">{\"@context\":\"https:\\\/\\\/schema.org\",\"@graph\":[{\"@type\":\"Article\",\"@id\":\"https:\\\/\\\/www.btv.md\\\/ro\\\/ultima-zi-a-lui-timofti-la-carma-republicii-moldova\\\/#article\",\"isPartOf\":{\"@id\":\"https:\\\/\\\/www.btv.md\\\/ro\\\/ultima-zi-a-lui-timofti-la-carma-republicii-moldova\\\/\"},\"author\":{\"name\":\"admin\",\"@id\":\"https:\\\/\\\/www.btv.md\\\/#\\\/schema\\\/person\\\/8fadce81561b3ce2c34c46dadc4ccbf2\"},\"headline\":\"ULTIMA ZI A LUI TIMOFTI LA C\u00c2RMA REPUBLICII MOLDOVA\",\"datePublished\":\"2016-03-23T11:00:57+00:00\",\"mainEntityOfPage\":{\"@id\":\"https:\\\/\\\/www.btv.md\\\/ro\\\/ultima-zi-a-lui-timofti-la-carma-republicii-moldova\\\/\"},\"wordCount\":208,\"image\":{\"@id\":\"https:\\\/\\\/www.btv.md\\\/ro\\\/ultima-zi-a-lui-timofti-la-carma-republicii-moldova\\\/#primaryimage\"},\"thumbnailUrl\":\"https:\\\/\\\/www.btv.md\\\/wp-content\\\/uploads\\\/2016\\\/03\\\/2949080.jpg\",\"articleSection\":[\"Politic\u0103\"],\"inLanguage\":\"ro-RO\"},{\"@type\":\"WebPage\",\"@id\":\"https:\\\/\\\/www.btv.md\\\/ro\\\/ultima-zi-a-lui-timofti-la-carma-republicii-moldova\\\/\",\"url\":\"https:\\\/\\\/www.btv.md\\\/ro\\\/ultima-zi-a-lui-timofti-la-carma-republicii-moldova\\\/\",\"name\":\"ULTIMA ZI A LUI TIMOFTI LA C\u00c2RMA REPUBLICII MOLDOVA - BTV\",\"isPartOf\":{\"@id\":\"https:\\\/\\\/www.btv.md\\\/#website\"},\"primaryImageOfPage\":{\"@id\":\"https:\\\/\\\/www.btv.md\\\/ro\\\/ultima-zi-a-lui-timofti-la-carma-republicii-moldova\\\/#primaryimage\"},\"image\":{\"@id\":\"https:\\\/\\\/www.btv.md\\\/ro\\\/ultima-zi-a-lui-timofti-la-carma-republicii-moldova\\\/#primaryimage\"},\"thumbnailUrl\":\"https:\\\/\\\/www.btv.md\\\/wp-content\\\/uploads\\\/2016\\\/03\\\/2949080.jpg\",\"datePublished\":\"2016-03-23T11:00:57+00:00\",\"author\":{\"@id\":\"https:\\\/\\\/www.btv.md\\\/#\\\/schema\\\/person\\\/8fadce81561b3ce2c34c46dadc4ccbf2\"},\"inLanguage\":\"ro-RO\",\"potentialAction\":[{\"@type\":\"ReadAction\",\"target\":[\"https:\\\/\\\/www.btv.md\\\/ro\\\/ultima-zi-a-lui-timofti-la-carma-republicii-moldova\\\/\"]}]},{\"@type\":\"ImageObject\",\"inLanguage\":\"ro-RO\",\"@id\":\"https:\\\/\\\/www.btv.md\\\/ro\\\/ultima-zi-a-lui-timofti-la-carma-republicii-moldova\\\/#primaryimage\",\"url\":\"https:\\\/\\\/www.btv.md\\\/wp-content\\\/uploads\\\/2016\\\/03\\\/2949080.jpg\",\"contentUrl\":\"https:\\\/\\\/www.btv.md\\\/wp-content\\\/uploads\\\/2016\\\/03\\\/2949080.jpg\",\"width\":705,\"height\":375,\"caption\":\"sputnik.md\"},{\"@type\":\"WebSite\",\"@id\":\"https:\\\/\\\/www.btv.md\\\/#website\",\"url\":\"https:\\\/\\\/www.btv.md\\\/\",\"name\":\"BTV\",\"description\":\"\u0411\u0435\u043b\u044c\u0446\u043a\u043e\u0435 \u0442\u0435\u043b\u0435\u0432\u0438\u0434\u0435\u043d\u0438\u0435\",\"potentialAction\":[{\"@type\":\"SearchAction\",\"target\":{\"@type\":\"EntryPoint\",\"urlTemplate\":\"https:\\\/\\\/www.btv.md\\\/?s={search_term_string}\"},\"query-input\":{\"@type\":\"PropertyValueSpecification\",\"valueRequired\":true,\"valueName\":\"search_term_string\"}}],\"inLanguage\":\"ro-RO\"},{\"@type\":\"Person\",\"@id\":\"https:\\\/\\\/www.btv.md\\\/#\\\/schema\\\/person\\\/8fadce81561b3ce2c34c46dadc4ccbf2\",\"name\":\"admin\"}]}<\/script>\n<!-- \/ Yoast SEO plugin. -->","yoast_head_json":{"title":"ULTIMA ZI A LUI TIMOFTI LA C\u00c2RMA REPUBLICII MOLDOVA - BTV","robots":{"index":"index","follow":"follow","max-snippet":"max-snippet:-1","max-image-preview":"max-image-preview:large","max-video-preview":"max-video-preview:-1"},"canonical":"https:\/\/www.btv.md\/ro\/ultima-zi-a-lui-timofti-la-carma-republicii-moldova\/","og_locale":"ro_RO","og_type":"article","og_title":"ULTIMA ZI A LUI TIMOFTI LA C\u00c2RMA REPUBLICII MOLDOVA - BTV","og_description":"\u0218eful statului, Nicolae Timofti se afl\u0103 la ultima zi de mandat. Miercuri a expirat cei patru ani de c\u00e2nd a fost \u00eenvestit \u00een func\u021bie, transmite UNIMEDIA. Timofti va asigura interimatul func\u021biei p\u00e2n\u0103 c\u00e2nd noul pre\u0219edinte va depune jur\u0103m\u00e2ntul. Not\u0103m c\u0103, acesta a fost ales \u00een calitate de \u0219ef al statului la data de 16 martie [&hellip;]","og_url":"https:\/\/www.btv.md\/ro\/ultima-zi-a-lui-timofti-la-carma-republicii-moldova\/","og_site_name":"BTV","article_publisher":"https:\/\/www.facebook.com\/btvmoldova\/","article_published_time":"2016-03-23T11:00:57+00:00","og_image":[{"width":705,"height":375,"url":"https:\/\/www.btv.md\/wp-content\/uploads\/2016\/03\/2949080.jpg","type":"image\/jpeg"}],"author":"admin","twitter_misc":{"Scris de":"admin","Timp estimat pentru citire":"1 minut"},"schema":{"@context":"https:\/\/schema.org","@graph":[{"@type":"Article","@id":"https:\/\/www.btv.md\/ro\/ultima-zi-a-lui-timofti-la-carma-republicii-moldova\/#article","isPartOf":{"@id":"https:\/\/www.btv.md\/ro\/ultima-zi-a-lui-timofti-la-carma-republicii-moldova\/"},"author":{"name":"admin","@id":"https:\/\/www.btv.md\/#\/schema\/person\/8fadce81561b3ce2c34c46dadc4ccbf2"},"headline":"ULTIMA ZI A LUI TIMOFTI LA C\u00c2RMA REPUBLICII MOLDOVA","datePublished":"2016-03-23T11:00:57+00:00","mainEntityOfPage":{"@id":"https:\/\/www.btv.md\/ro\/ultima-zi-a-lui-timofti-la-carma-republicii-moldova\/"},"wordCount":208,"image":{"@id":"https:\/\/www.btv.md\/ro\/ultima-zi-a-lui-timofti-la-carma-republicii-moldova\/#primaryimage"},"thumbnailUrl":"https:\/\/www.btv.md\/wp-content\/uploads\/2016\/03\/2949080.jpg","articleSection":["Politic\u0103"],"inLanguage":"ro-RO"},{"@type":"WebPage","@id":"https:\/\/www.btv.md\/ro\/ultima-zi-a-lui-timofti-la-carma-republicii-moldova\/","url":"https:\/\/www.btv.md\/ro\/ultima-zi-a-lui-timofti-la-carma-republicii-moldova\/","name":"ULTIMA ZI A LUI TIMOFTI LA C\u00c2RMA REPUBLICII MOLDOVA - BTV","isPartOf":{"@id":"https:\/\/www.btv.md\/#website"},"primaryImageOfPage":{"@id":"https:\/\/www.btv.md\/ro\/ultima-zi-a-lui-timofti-la-carma-republicii-moldova\/#primaryimage"},"image":{"@id":"https:\/\/www.btv.md\/ro\/ultima-zi-a-lui-timofti-la-carma-republicii-moldova\/#primaryimage"},"thumbnailUrl":"https:\/\/www.btv.md\/wp-content\/uploads\/2016\/03\/2949080.jpg","datePublished":"2016-03-23T11:00:57+00:00","author":{"@id":"https:\/\/www.btv.md\/#\/schema\/person\/8fadce81561b3ce2c34c46dadc4ccbf2"},"inLanguage":"ro-RO","potentialAction":[{"@type":"ReadAction","target":["https:\/\/www.btv.md\/ro\/ultima-zi-a-lui-timofti-la-carma-republicii-moldova\/"]}]},{"@type":"ImageObject","inLanguage":"ro-RO","@id":"https:\/\/www.btv.md\/ro\/ultima-zi-a-lui-timofti-la-carma-republicii-moldova\/#primaryimage","url":"https:\/\/www.btv.md\/wp-content\/uploads\/2016\/03\/2949080.jpg","contentUrl":"https:\/\/www.btv.md\/wp-content\/uploads\/2016\/03\/2949080.jpg","width":705,"height":375,"caption":"sputnik.md"},{"@type":"WebSite","@id":"https:\/\/www.btv.md\/#website","url":"https:\/\/www.btv.md\/","name":"BTV","description":"\u0411\u0435\u043b\u044c\u0446\u043a\u043e\u0435 \u0442\u0435\u043b\u0435\u0432\u0438\u0434\u0435\u043d\u0438\u0435","potentialAction":[{"@type":"SearchAction","target":{"@type":"EntryPoint","urlTemplate":"https:\/\/www.btv.md\/?s={search_term_string}"},"query-input":{"@type":"PropertyValueSpecification","valueRequired":true,"valueName":"search_term_string"}}],"inLanguage":"ro-RO"},{"@type":"Person","@id":"https:\/\/www.btv.md\/#\/schema\/person\/8fadce81561b3ce2c34c46dadc4ccbf2","name":"admin"}]}},"_links":{"self":[{"href":"https:\/\/www.btv.md\/ro\/wp-json\/wp\/v2\/posts\/9459","targetHints":{"allow":["GET"]}}],"collection":[{"href":"https:\/\/www.btv.md\/ro\/wp-json\/wp\/v2\/posts"}],"about":[{"href":"https:\/\/www.btv.md\/ro\/wp-json\/wp\/v2\/types\/post"}],"author":[{"embeddable":true,"href":"https:\/\/www.btv.md\/ro\/wp-json\/wp\/v2\/users\/4"}],"replies":[{"embeddable":true,"href":"https:\/\/www.btv.md\/ro\/wp-json\/wp\/v2\/comments?post=9459"}],"version-history":[{"count":0,"href":"https:\/\/www.btv.md\/ro\/wp-json\/wp\/v2\/posts\/9459\/revisions"}],"wp:featuredmedia":[{"embeddable":true,"href":"https:\/\/www.btv.md\/ro\/wp-json\/wp\/v2\/media\/9460"}],"wp:attachment":[{"href":"https:\/\/www.btv.md\/ro\/wp-json\/wp\/v2\/media?parent=9459"}],"wp:term":[{"taxonomy":"category","embeddable":true,"href":"https:\/\/www.btv.md\/ro\/wp-json\/wp\/v2\/categories?post=9459"},{"taxonomy":"post_tag","embeddable":true,"href":"https:\/\/www.btv.md\/ro\/wp-json\/wp\/v2\/tags?post=9459"}],"curies":[{"name":"wp","href":"https:\/\/api.w.org\/{rel}","templated":true}]}}