{"id":9462,"date":"2016-03-23T14:03:43","date_gmt":"2016-03-23T11:03:43","guid":{"rendered":"http:\/\/btv.md\/?p=9462"},"modified":"2016-03-23T14:03:43","modified_gmt":"2016-03-23T11:03:43","slug":"deputatii-care-au-plecat-din-pcrm-au-fost-cumparati-cu-bani-grei","status":"publish","type":"post","link":"https:\/\/www.btv.md\/ro\/deputatii-care-au-plecat-din-pcrm-au-fost-cumparati-cu-bani-grei\/","title":{"rendered":"DEPUTA\u0162II CARE AU PLECAT DIN PCRM AU FOST CUMP\u0102RA\u0162I CU BANI GREI"},"content":{"rendered":"<p><strong>Pre\u015fedintele PCRM, Vladimir Voronin, sus\u0163ine c\u0103 cei 14 deputa\u0163i care au p\u0103r\u0103sit frac\u0163iunea \u015fi au format \u00eempreun\u0103 cu PDM Platforma social-democrat\u0103 au fost cump\u0103ra\u0163i cu bani grei. Declara\u0163iile au fost f\u0103cute \u00een cadrul emisiunii \u201eMoldova \u00een direct\u201d de la postul public de televiziune \u201eMoldova 1\u201d, transmite <a href=\"http:\/\/ipn.md\/ro\/politica\/75517\" target=\"_blank\">IPN<\/a>.<\/strong><\/p>\n<p>\u201e<em>Unii dintre ei s-au apropiat de mine \u015fi mi-au spus chiar ce sum\u0103 li s-a propus \u015fi cine anume. Mi-au dat garan\u0163ii c\u0103 nu vor tr\u0103da, c\u0103 nu se vor l\u0103sa cump\u0103ra\u0163i. Dar a doua zi au f\u0103cut acea declara\u0163ie c\u0103 p\u0103r\u0103sesc frac\u0163iunea. To\u0163i ace\u015fti deputa\u0163i au lucrat mult pentru partid \u015fi au fost crescu\u0163i de partid. Elena Bodnarenco spune adev\u0103rul \u015fi este bravo pentru c\u0103 nu s-a l\u0103sat ademenit\u0103 ca ceilal\u0163i<\/em>\u201d, a precizat pre\u015fedintele PCRM.<\/p>\n<p>\u00cen cadrul acelea\u015fi emisiuni Voronin a lansat critici dure \u00een adresa Cur\u0163ii Constitu\u0163ionale pentru decizia din 4 martie, prin care s-a revenit la alegerea direct\u0103 a \u015fefului statului. <\/p>\n<p><em>\u201eDac\u0103 poporul a dorit acest lucru, atunci modific\u0103rile puteau fi f\u0103cute \u00een Parlament. Nu de c\u0103tre 4 judec\u0103tori, care \u015fi-au permis s\u0103 umble la Constitu\u0163ie. Doar Parlamentul este \u00een drept s\u0103 modifice Constitu\u0163ia<\/em>\u201d, a declarat Vladimir Voronin.<\/p>\n<p>Liderul comunist este de p\u0103rerea c\u0103 alegerea pre\u015fedintelui prin vot direct ar putea aprofunda criza politic\u0103. <\/p>\n<p>\u201e<em>Depinde cine va fi ales pre\u015fedinte. Dac\u0103 va fi ales un candidat al opozi\u0163iei, criza se va aprofunda. S\u0103 ne amintim de rela\u0163ia lui Mircea Snegur cu Andrei Sangheli sau de cea a lui Petru Lucinschi cu Ion Sturza. Ne pa\u015fte acelea\u015fi riscuri<\/em>\u201d, a opinat pre\u015fedintele PCRM.<\/p>\n","protected":false},"excerpt":{"rendered":"<p>Pre\u015fedintele PCRM, Vladimir Voronin, sus\u0163ine c\u0103 cei 14 deputa\u0163i care au p\u0103r\u0103sit frac\u0163iunea \u015fi au format \u00eempreun\u0103 cu PDM Platforma social-democrat\u0103 au fost cump\u0103ra\u0163i cu bani grei. Declara\u0163iile au fost f\u0103cute \u00een cadrul emisiunii \u201eMoldova \u00een direct\u201d de la postul public de televiziune \u201eMoldova 1\u201d, transmite IPN. \u201eUnii dintre ei s-au apropiat de mine \u015fi [&hellip;]<\/p>\n","protected":false},"author":4,"featured_media":9463,"comment_status":"closed","ping_status":"closed","sticky":false,"template":"","format":"standard","meta":{"footnotes":""},"categories":[11],"tags":[],"class_list":["post-9462","post","type-post","status-publish","format-standard","has-post-thumbnail","hentry","category-politica"],"yoast_head":"<!-- This site is optimized with the Yoast SEO plugin v27.4 - https:\/\/yoast.com\/product\/yoast-seo-wordpress\/ -->\n<title>DEPUTA\u0162II CARE AU PLECAT DIN PCRM AU FOST CUMP\u0102RA\u0162I CU BANI GREI - BTV<\/title>\n<meta name=\"robots\" content=\"index, follow, max-snippet:-1, max-image-preview:large, max-video-preview:-1\" \/>\n<link rel=\"canonical\" href=\"https:\/\/www.btv.md\/ro\/deputatii-care-au-plecat-din-pcrm-au-fost-cumparati-cu-bani-grei\/\" \/>\n<meta property=\"og:locale\" content=\"ro_RO\" \/>\n<meta property=\"og:type\" content=\"article\" \/>\n<meta property=\"og:title\" content=\"DEPUTA\u0162II CARE AU PLECAT DIN PCRM AU FOST CUMP\u0102RA\u0162I CU BANI GREI - BTV\" \/>\n<meta property=\"og:description\" content=\"Pre\u015fedintele PCRM, Vladimir Voronin, sus\u0163ine c\u0103 cei 14 deputa\u0163i care au p\u0103r\u0103sit frac\u0163iunea \u015fi au format \u00eempreun\u0103 cu PDM Platforma social-democrat\u0103 au fost cump\u0103ra\u0163i cu bani grei. Declara\u0163iile au fost f\u0103cute \u00een cadrul emisiunii \u201eMoldova \u00een direct\u201d de la postul public de televiziune \u201eMoldova 1\u201d, transmite IPN. \u201eUnii dintre ei s-au apropiat de mine \u015fi [&hellip;]\" \/>\n<meta property=\"og:url\" content=\"https:\/\/www.btv.md\/ro\/deputatii-care-au-plecat-din-pcrm-au-fost-cumparati-cu-bani-grei\/\" \/>\n<meta property=\"og:site_name\" content=\"BTV\" \/>\n<meta property=\"article:publisher\" content=\"https:\/\/www.facebook.com\/btvmoldova\/\" \/>\n<meta property=\"article:published_time\" content=\"2016-03-23T11:03:43+00:00\" \/>\n<meta property=\"og:image\" content=\"https:\/\/www.btv.md\/wp-content\/uploads\/2016\/03\/skachannye-fajly-8.jpg\" \/>\n\t<meta property=\"og:image:width\" content=\"300\" \/>\n\t<meta property=\"og:image:height\" content=\"168\" \/>\n\t<meta property=\"og:image:type\" content=\"image\/jpeg\" \/>\n<meta name=\"author\" content=\"admin\" \/>\n<meta name=\"twitter:label1\" content=\"Scris de\" \/>\n\t<meta name=\"twitter:data1\" content=\"admin\" \/>\n\t<meta name=\"twitter:label2\" content=\"Timp estimat pentru citire\" \/>\n\t<meta name=\"twitter:data2\" content=\"1 minut\" \/>\n<script type=\"application\/ld+json\" class=\"yoast-schema-graph\">{\"@context\":\"https:\\\/\\\/schema.org\",\"@graph\":[{\"@type\":\"Article\",\"@id\":\"https:\\\/\\\/www.btv.md\\\/ro\\\/deputatii-care-au-plecat-din-pcrm-au-fost-cumparati-cu-bani-grei\\\/#article\",\"isPartOf\":{\"@id\":\"https:\\\/\\\/www.btv.md\\\/ro\\\/deputatii-care-au-plecat-din-pcrm-au-fost-cumparati-cu-bani-grei\\\/\"},\"author\":{\"name\":\"admin\",\"@id\":\"https:\\\/\\\/www.btv.md\\\/#\\\/schema\\\/person\\\/8fadce81561b3ce2c34c46dadc4ccbf2\"},\"headline\":\"DEPUTA\u0162II CARE AU PLECAT DIN PCRM AU FOST CUMP\u0102RA\u0162I CU BANI GREI\",\"datePublished\":\"2016-03-23T11:03:43+00:00\",\"mainEntityOfPage\":{\"@id\":\"https:\\\/\\\/www.btv.md\\\/ro\\\/deputatii-care-au-plecat-din-pcrm-au-fost-cumparati-cu-bani-grei\\\/\"},\"wordCount\":307,\"image\":{\"@id\":\"https:\\\/\\\/www.btv.md\\\/ro\\\/deputatii-care-au-plecat-din-pcrm-au-fost-cumparati-cu-bani-grei\\\/#primaryimage\"},\"thumbnailUrl\":\"https:\\\/\\\/www.btv.md\\\/wp-content\\\/uploads\\\/2016\\\/03\\\/skachannye-fajly-8.jpg\",\"articleSection\":[\"\u041f\u043e\u043b\u0438\u0442\u0438\u043a\u0430\"],\"inLanguage\":\"ro-RO\"},{\"@type\":\"WebPage\",\"@id\":\"https:\\\/\\\/www.btv.md\\\/ro\\\/deputatii-care-au-plecat-din-pcrm-au-fost-cumparati-cu-bani-grei\\\/\",\"url\":\"https:\\\/\\\/www.btv.md\\\/ro\\\/deputatii-care-au-plecat-din-pcrm-au-fost-cumparati-cu-bani-grei\\\/\",\"name\":\"DEPUTA\u0162II CARE AU PLECAT DIN PCRM AU FOST CUMP\u0102RA\u0162I CU BANI GREI - BTV\",\"isPartOf\":{\"@id\":\"https:\\\/\\\/www.btv.md\\\/#website\"},\"primaryImageOfPage\":{\"@id\":\"https:\\\/\\\/www.btv.md\\\/ro\\\/deputatii-care-au-plecat-din-pcrm-au-fost-cumparati-cu-bani-grei\\\/#primaryimage\"},\"image\":{\"@id\":\"https:\\\/\\\/www.btv.md\\\/ro\\\/deputatii-care-au-plecat-din-pcrm-au-fost-cumparati-cu-bani-grei\\\/#primaryimage\"},\"thumbnailUrl\":\"https:\\\/\\\/www.btv.md\\\/wp-content\\\/uploads\\\/2016\\\/03\\\/skachannye-fajly-8.jpg\",\"datePublished\":\"2016-03-23T11:03:43+00:00\",\"author\":{\"@id\":\"https:\\\/\\\/www.btv.md\\\/#\\\/schema\\\/person\\\/8fadce81561b3ce2c34c46dadc4ccbf2\"},\"inLanguage\":\"ro-RO\",\"potentialAction\":[{\"@type\":\"ReadAction\",\"target\":[\"https:\\\/\\\/www.btv.md\\\/ro\\\/deputatii-care-au-plecat-din-pcrm-au-fost-cumparati-cu-bani-grei\\\/\"]}]},{\"@type\":\"ImageObject\",\"inLanguage\":\"ro-RO\",\"@id\":\"https:\\\/\\\/www.btv.md\\\/ro\\\/deputatii-care-au-plecat-din-pcrm-au-fost-cumparati-cu-bani-grei\\\/#primaryimage\",\"url\":\"https:\\\/\\\/www.btv.md\\\/wp-content\\\/uploads\\\/2016\\\/03\\\/skachannye-fajly-8.jpg\",\"contentUrl\":\"https:\\\/\\\/www.btv.md\\\/wp-content\\\/uploads\\\/2016\\\/03\\\/skachannye-fajly-8.jpg\",\"width\":300,\"height\":168,\"caption\":\"replika.md\"},{\"@type\":\"WebSite\",\"@id\":\"https:\\\/\\\/www.btv.md\\\/#website\",\"url\":\"https:\\\/\\\/www.btv.md\\\/\",\"name\":\"BTV\",\"description\":\"\u0411\u0435\u043b\u044c\u0446\u043a\u043e\u0435 \u0442\u0435\u043b\u0435\u0432\u0438\u0434\u0435\u043d\u0438\u0435\",\"potentialAction\":[{\"@type\":\"SearchAction\",\"target\":{\"@type\":\"EntryPoint\",\"urlTemplate\":\"https:\\\/\\\/www.btv.md\\\/?s={search_term_string}\"},\"query-input\":{\"@type\":\"PropertyValueSpecification\",\"valueRequired\":true,\"valueName\":\"search_term_string\"}}],\"inLanguage\":\"ro-RO\"},{\"@type\":\"Person\",\"@id\":\"https:\\\/\\\/www.btv.md\\\/#\\\/schema\\\/person\\\/8fadce81561b3ce2c34c46dadc4ccbf2\",\"name\":\"admin\"}]}<\/script>\n<!-- \/ Yoast SEO plugin. -->","yoast_head_json":{"title":"DEPUTA\u0162II CARE AU PLECAT DIN PCRM AU FOST CUMP\u0102RA\u0162I CU BANI GREI - BTV","robots":{"index":"index","follow":"follow","max-snippet":"max-snippet:-1","max-image-preview":"max-image-preview:large","max-video-preview":"max-video-preview:-1"},"canonical":"https:\/\/www.btv.md\/ro\/deputatii-care-au-plecat-din-pcrm-au-fost-cumparati-cu-bani-grei\/","og_locale":"ro_RO","og_type":"article","og_title":"DEPUTA\u0162II CARE AU PLECAT DIN PCRM AU FOST CUMP\u0102RA\u0162I CU BANI GREI - BTV","og_description":"Pre\u015fedintele PCRM, Vladimir Voronin, sus\u0163ine c\u0103 cei 14 deputa\u0163i care au p\u0103r\u0103sit frac\u0163iunea \u015fi au format \u00eempreun\u0103 cu PDM Platforma social-democrat\u0103 au fost cump\u0103ra\u0163i cu bani grei. Declara\u0163iile au fost f\u0103cute \u00een cadrul emisiunii \u201eMoldova \u00een direct\u201d de la postul public de televiziune \u201eMoldova 1\u201d, transmite IPN. \u201eUnii dintre ei s-au apropiat de mine \u015fi [&hellip;]","og_url":"https:\/\/www.btv.md\/ro\/deputatii-care-au-plecat-din-pcrm-au-fost-cumparati-cu-bani-grei\/","og_site_name":"BTV","article_publisher":"https:\/\/www.facebook.com\/btvmoldova\/","article_published_time":"2016-03-23T11:03:43+00:00","og_image":[{"width":300,"height":168,"url":"https:\/\/www.btv.md\/wp-content\/uploads\/2016\/03\/skachannye-fajly-8.jpg","type":"image\/jpeg"}],"author":"admin","twitter_misc":{"Scris de":"admin","Timp estimat pentru citire":"1 minut"},"schema":{"@context":"https:\/\/schema.org","@graph":[{"@type":"Article","@id":"https:\/\/www.btv.md\/ro\/deputatii-care-au-plecat-din-pcrm-au-fost-cumparati-cu-bani-grei\/#article","isPartOf":{"@id":"https:\/\/www.btv.md\/ro\/deputatii-care-au-plecat-din-pcrm-au-fost-cumparati-cu-bani-grei\/"},"author":{"name":"admin","@id":"https:\/\/www.btv.md\/#\/schema\/person\/8fadce81561b3ce2c34c46dadc4ccbf2"},"headline":"DEPUTA\u0162II CARE AU PLECAT DIN PCRM AU FOST CUMP\u0102RA\u0162I CU BANI GREI","datePublished":"2016-03-23T11:03:43+00:00","mainEntityOfPage":{"@id":"https:\/\/www.btv.md\/ro\/deputatii-care-au-plecat-din-pcrm-au-fost-cumparati-cu-bani-grei\/"},"wordCount":307,"image":{"@id":"https:\/\/www.btv.md\/ro\/deputatii-care-au-plecat-din-pcrm-au-fost-cumparati-cu-bani-grei\/#primaryimage"},"thumbnailUrl":"https:\/\/www.btv.md\/wp-content\/uploads\/2016\/03\/skachannye-fajly-8.jpg","articleSection":["\u041f\u043e\u043b\u0438\u0442\u0438\u043a\u0430"],"inLanguage":"ro-RO"},{"@type":"WebPage","@id":"https:\/\/www.btv.md\/ro\/deputatii-care-au-plecat-din-pcrm-au-fost-cumparati-cu-bani-grei\/","url":"https:\/\/www.btv.md\/ro\/deputatii-care-au-plecat-din-pcrm-au-fost-cumparati-cu-bani-grei\/","name":"DEPUTA\u0162II CARE AU PLECAT DIN PCRM AU FOST CUMP\u0102RA\u0162I CU BANI GREI - BTV","isPartOf":{"@id":"https:\/\/www.btv.md\/#website"},"primaryImageOfPage":{"@id":"https:\/\/www.btv.md\/ro\/deputatii-care-au-plecat-din-pcrm-au-fost-cumparati-cu-bani-grei\/#primaryimage"},"image":{"@id":"https:\/\/www.btv.md\/ro\/deputatii-care-au-plecat-din-pcrm-au-fost-cumparati-cu-bani-grei\/#primaryimage"},"thumbnailUrl":"https:\/\/www.btv.md\/wp-content\/uploads\/2016\/03\/skachannye-fajly-8.jpg","datePublished":"2016-03-23T11:03:43+00:00","author":{"@id":"https:\/\/www.btv.md\/#\/schema\/person\/8fadce81561b3ce2c34c46dadc4ccbf2"},"inLanguage":"ro-RO","potentialAction":[{"@type":"ReadAction","target":["https:\/\/www.btv.md\/ro\/deputatii-care-au-plecat-din-pcrm-au-fost-cumparati-cu-bani-grei\/"]}]},{"@type":"ImageObject","inLanguage":"ro-RO","@id":"https:\/\/www.btv.md\/ro\/deputatii-care-au-plecat-din-pcrm-au-fost-cumparati-cu-bani-grei\/#primaryimage","url":"https:\/\/www.btv.md\/wp-content\/uploads\/2016\/03\/skachannye-fajly-8.jpg","contentUrl":"https:\/\/www.btv.md\/wp-content\/uploads\/2016\/03\/skachannye-fajly-8.jpg","width":300,"height":168,"caption":"replika.md"},{"@type":"WebSite","@id":"https:\/\/www.btv.md\/#website","url":"https:\/\/www.btv.md\/","name":"BTV","description":"\u0411\u0435\u043b\u044c\u0446\u043a\u043e\u0435 \u0442\u0435\u043b\u0435\u0432\u0438\u0434\u0435\u043d\u0438\u0435","potentialAction":[{"@type":"SearchAction","target":{"@type":"EntryPoint","urlTemplate":"https:\/\/www.btv.md\/?s={search_term_string}"},"query-input":{"@type":"PropertyValueSpecification","valueRequired":true,"valueName":"search_term_string"}}],"inLanguage":"ro-RO"},{"@type":"Person","@id":"https:\/\/www.btv.md\/#\/schema\/person\/8fadce81561b3ce2c34c46dadc4ccbf2","name":"admin"}]}},"_links":{"self":[{"href":"https:\/\/www.btv.md\/ro\/wp-json\/wp\/v2\/posts\/9462","targetHints":{"allow":["GET"]}}],"collection":[{"href":"https:\/\/www.btv.md\/ro\/wp-json\/wp\/v2\/posts"}],"about":[{"href":"https:\/\/www.btv.md\/ro\/wp-json\/wp\/v2\/types\/post"}],"author":[{"embeddable":true,"href":"https:\/\/www.btv.md\/ro\/wp-json\/wp\/v2\/users\/4"}],"replies":[{"embeddable":true,"href":"https:\/\/www.btv.md\/ro\/wp-json\/wp\/v2\/comments?post=9462"}],"version-history":[{"count":0,"href":"https:\/\/www.btv.md\/ro\/wp-json\/wp\/v2\/posts\/9462\/revisions"}],"wp:featuredmedia":[{"embeddable":true,"href":"https:\/\/www.btv.md\/ro\/wp-json\/wp\/v2\/media\/9463"}],"wp:attachment":[{"href":"https:\/\/www.btv.md\/ro\/wp-json\/wp\/v2\/media?parent=9462"}],"wp:term":[{"taxonomy":"category","embeddable":true,"href":"https:\/\/www.btv.md\/ro\/wp-json\/wp\/v2\/categories?post=9462"},{"taxonomy":"post_tag","embeddable":true,"href":"https:\/\/www.btv.md\/ro\/wp-json\/wp\/v2\/tags?post=9462"}],"curies":[{"name":"wp","href":"https:\/\/api.w.org\/{rel}","templated":true}]}}