{"id":9465,"date":"2016-03-23T14:07:22","date_gmt":"2016-03-23T11:07:22","guid":{"rendered":"http:\/\/btv.md\/?p=9465"},"modified":"2016-03-23T14:07:22","modified_gmt":"2016-03-23T11:07:22","slug":"comandantul-fortelor-armate-sua-din-europa-vine-in-moldova","status":"publish","type":"post","link":"https:\/\/www.btv.md\/ro\/comandantul-fortelor-armate-sua-din-europa-vine-in-moldova\/","title":{"rendered":"COMANDANTUL FOR\u021aELOR ARMATE SUA DIN EUROPA VINE \u00ceN MOLDOVA"},"content":{"rendered":"<p><strong>\u0218eful Comandamentului European al For\u021belor Armate ale SUA, Generalul Philip M. Breedlove, va vizita Moldova pe 23-24 martie, informeaz\u0103 <a href=\"http:\/\/oficial.md\/important\/seful-comandamentului-european-al-fortelor-armate-ale-sua-vine-la-chisinau\" target=\"_blank\">oficial.md<\/a>.<\/strong><\/p>\n<p>Potrivit unui comunicat de pres\u0103, el se va \u00eent\u00e2lni cu Pre\u0219edintele Nicolae Timofti \u0219i Ministrul Ap\u0103r\u0103rii Anatolie \u0218alaru. Totodat\u0103, Generalul Philip M. Breedlove va vizita Centrul na\u021bional de instruire militar\u0103 Bulboaca, unde cu sus\u021binerea SUA au loc lucr\u0103ri de renovare pentru crearea unor facilit\u0103\u021bi moderne de instruire.<\/p>\n<p>Aceast\u0103 vizit\u0103 face parte dintr-un turneu regional mai mare, care a inclus \u0219i o oprire \u00een Georgia.<\/p>\n","protected":false},"excerpt":{"rendered":"<p>\u0218eful Comandamentului European al For\u021belor Armate ale SUA, Generalul Philip M. Breedlove, va vizita Moldova pe 23-24 martie, informeaz\u0103 oficial.md. Potrivit unui comunicat de pres\u0103, el se va \u00eent\u00e2lni cu Pre\u0219edintele Nicolae Timofti \u0219i Ministrul Ap\u0103r\u0103rii Anatolie \u0218alaru. Totodat\u0103, Generalul Philip M. Breedlove va vizita Centrul na\u021bional de instruire militar\u0103 Bulboaca, unde cu sus\u021binerea SUA [&hellip;]<\/p>\n","protected":false},"author":4,"featured_media":9466,"comment_status":"closed","ping_status":"closed","sticky":false,"template":"","format":"standard","meta":{"footnotes":""},"categories":[8],"tags":[],"class_list":["post-9465","post","type-post","status-publish","format-standard","has-post-thumbnail","hentry","category-obshestvo"],"yoast_head":"<!-- This site is optimized with the Yoast SEO plugin v27.4 - https:\/\/yoast.com\/product\/yoast-seo-wordpress\/ -->\n<title>COMANDANTUL FOR\u021aELOR ARMATE SUA DIN EUROPA VINE \u00ceN MOLDOVA  - BTV<\/title>\n<meta name=\"robots\" content=\"index, follow, max-snippet:-1, max-image-preview:large, max-video-preview:-1\" \/>\n<link rel=\"canonical\" href=\"https:\/\/www.btv.md\/ro\/comandantul-fortelor-armate-sua-din-europa-vine-in-moldova\/\" \/>\n<meta property=\"og:locale\" content=\"ro_RO\" \/>\n<meta property=\"og:type\" content=\"article\" \/>\n<meta property=\"og:title\" content=\"COMANDANTUL FOR\u021aELOR ARMATE SUA DIN EUROPA VINE \u00ceN MOLDOVA  - BTV\" \/>\n<meta property=\"og:description\" content=\"\u0218eful Comandamentului European al For\u021belor Armate ale SUA, Generalul Philip M. Breedlove, va vizita Moldova pe 23-24 martie, informeaz\u0103 oficial.md. Potrivit unui comunicat de pres\u0103, el se va \u00eent\u00e2lni cu Pre\u0219edintele Nicolae Timofti \u0219i Ministrul Ap\u0103r\u0103rii Anatolie \u0218alaru. Totodat\u0103, Generalul Philip M. Breedlove va vizita Centrul na\u021bional de instruire militar\u0103 Bulboaca, unde cu sus\u021binerea SUA [&hellip;]\" \/>\n<meta property=\"og:url\" content=\"https:\/\/www.btv.md\/ro\/comandantul-fortelor-armate-sua-din-europa-vine-in-moldova\/\" \/>\n<meta property=\"og:site_name\" content=\"BTV\" \/>\n<meta property=\"article:publisher\" content=\"https:\/\/www.facebook.com\/btvmoldova\/\" \/>\n<meta property=\"article:published_time\" content=\"2016-03-23T11:07:22+00:00\" \/>\n<meta property=\"og:image\" content=\"https:\/\/www.btv.md\/wp-content\/uploads\/2016\/03\/maxresdefault-3.jpg\" \/>\n\t<meta property=\"og:image:width\" content=\"1280\" \/>\n\t<meta property=\"og:image:height\" content=\"720\" \/>\n\t<meta property=\"og:image:type\" content=\"image\/jpeg\" \/>\n<meta name=\"author\" content=\"admin\" \/>\n<meta name=\"twitter:label1\" content=\"Scris de\" \/>\n\t<meta name=\"twitter:data1\" content=\"admin\" \/>\n<script type=\"application\/ld+json\" class=\"yoast-schema-graph\">{\"@context\":\"https:\\\/\\\/schema.org\",\"@graph\":[{\"@type\":\"Article\",\"@id\":\"https:\\\/\\\/www.btv.md\\\/ro\\\/comandantul-fortelor-armate-sua-din-europa-vine-in-moldova\\\/#article\",\"isPartOf\":{\"@id\":\"https:\\\/\\\/www.btv.md\\\/ro\\\/comandantul-fortelor-armate-sua-din-europa-vine-in-moldova\\\/\"},\"author\":{\"name\":\"admin\",\"@id\":\"https:\\\/\\\/www.btv.md\\\/#\\\/schema\\\/person\\\/8fadce81561b3ce2c34c46dadc4ccbf2\"},\"headline\":\"COMANDANTUL FOR\u021aELOR ARMATE SUA DIN EUROPA VINE \u00ceN MOLDOVA\",\"datePublished\":\"2016-03-23T11:07:22+00:00\",\"mainEntityOfPage\":{\"@id\":\"https:\\\/\\\/www.btv.md\\\/ro\\\/comandantul-fortelor-armate-sua-din-europa-vine-in-moldova\\\/\"},\"wordCount\":104,\"image\":{\"@id\":\"https:\\\/\\\/www.btv.md\\\/ro\\\/comandantul-fortelor-armate-sua-din-europa-vine-in-moldova\\\/#primaryimage\"},\"thumbnailUrl\":\"https:\\\/\\\/www.btv.md\\\/wp-content\\\/uploads\\\/2016\\\/03\\\/maxresdefault-3.jpg\",\"articleSection\":[\"\u041e\u0431\u0449\u0435\u0441\u0442\u0432\u043e\"],\"inLanguage\":\"ro-RO\"},{\"@type\":\"WebPage\",\"@id\":\"https:\\\/\\\/www.btv.md\\\/ro\\\/comandantul-fortelor-armate-sua-din-europa-vine-in-moldova\\\/\",\"url\":\"https:\\\/\\\/www.btv.md\\\/ro\\\/comandantul-fortelor-armate-sua-din-europa-vine-in-moldova\\\/\",\"name\":\"COMANDANTUL FOR\u021aELOR ARMATE SUA DIN EUROPA VINE \u00ceN MOLDOVA - BTV\",\"isPartOf\":{\"@id\":\"https:\\\/\\\/www.btv.md\\\/#website\"},\"primaryImageOfPage\":{\"@id\":\"https:\\\/\\\/www.btv.md\\\/ro\\\/comandantul-fortelor-armate-sua-din-europa-vine-in-moldova\\\/#primaryimage\"},\"image\":{\"@id\":\"https:\\\/\\\/www.btv.md\\\/ro\\\/comandantul-fortelor-armate-sua-din-europa-vine-in-moldova\\\/#primaryimage\"},\"thumbnailUrl\":\"https:\\\/\\\/www.btv.md\\\/wp-content\\\/uploads\\\/2016\\\/03\\\/maxresdefault-3.jpg\",\"datePublished\":\"2016-03-23T11:07:22+00:00\",\"author\":{\"@id\":\"https:\\\/\\\/www.btv.md\\\/#\\\/schema\\\/person\\\/8fadce81561b3ce2c34c46dadc4ccbf2\"},\"inLanguage\":\"ro-RO\",\"potentialAction\":[{\"@type\":\"ReadAction\",\"target\":[\"https:\\\/\\\/www.btv.md\\\/ro\\\/comandantul-fortelor-armate-sua-din-europa-vine-in-moldova\\\/\"]}]},{\"@type\":\"ImageObject\",\"inLanguage\":\"ro-RO\",\"@id\":\"https:\\\/\\\/www.btv.md\\\/ro\\\/comandantul-fortelor-armate-sua-din-europa-vine-in-moldova\\\/#primaryimage\",\"url\":\"https:\\\/\\\/www.btv.md\\\/wp-content\\\/uploads\\\/2016\\\/03\\\/maxresdefault-3.jpg\",\"contentUrl\":\"https:\\\/\\\/www.btv.md\\\/wp-content\\\/uploads\\\/2016\\\/03\\\/maxresdefault-3.jpg\",\"width\":1280,\"height\":720,\"caption\":\"www.youtube.com\"},{\"@type\":\"WebSite\",\"@id\":\"https:\\\/\\\/www.btv.md\\\/#website\",\"url\":\"https:\\\/\\\/www.btv.md\\\/\",\"name\":\"BTV\",\"description\":\"\u0411\u0435\u043b\u044c\u0446\u043a\u043e\u0435 \u0442\u0435\u043b\u0435\u0432\u0438\u0434\u0435\u043d\u0438\u0435\",\"potentialAction\":[{\"@type\":\"SearchAction\",\"target\":{\"@type\":\"EntryPoint\",\"urlTemplate\":\"https:\\\/\\\/www.btv.md\\\/?s={search_term_string}\"},\"query-input\":{\"@type\":\"PropertyValueSpecification\",\"valueRequired\":true,\"valueName\":\"search_term_string\"}}],\"inLanguage\":\"ro-RO\"},{\"@type\":\"Person\",\"@id\":\"https:\\\/\\\/www.btv.md\\\/#\\\/schema\\\/person\\\/8fadce81561b3ce2c34c46dadc4ccbf2\",\"name\":\"admin\"}]}<\/script>\n<!-- \/ Yoast SEO plugin. -->","yoast_head_json":{"title":"COMANDANTUL FOR\u021aELOR ARMATE SUA DIN EUROPA VINE \u00ceN MOLDOVA  - BTV","robots":{"index":"index","follow":"follow","max-snippet":"max-snippet:-1","max-image-preview":"max-image-preview:large","max-video-preview":"max-video-preview:-1"},"canonical":"https:\/\/www.btv.md\/ro\/comandantul-fortelor-armate-sua-din-europa-vine-in-moldova\/","og_locale":"ro_RO","og_type":"article","og_title":"COMANDANTUL FOR\u021aELOR ARMATE SUA DIN EUROPA VINE \u00ceN MOLDOVA  - BTV","og_description":"\u0218eful Comandamentului European al For\u021belor Armate ale SUA, Generalul Philip M. Breedlove, va vizita Moldova pe 23-24 martie, informeaz\u0103 oficial.md. Potrivit unui comunicat de pres\u0103, el se va \u00eent\u00e2lni cu Pre\u0219edintele Nicolae Timofti \u0219i Ministrul Ap\u0103r\u0103rii Anatolie \u0218alaru. Totodat\u0103, Generalul Philip M. Breedlove va vizita Centrul na\u021bional de instruire militar\u0103 Bulboaca, unde cu sus\u021binerea SUA [&hellip;]","og_url":"https:\/\/www.btv.md\/ro\/comandantul-fortelor-armate-sua-din-europa-vine-in-moldova\/","og_site_name":"BTV","article_publisher":"https:\/\/www.facebook.com\/btvmoldova\/","article_published_time":"2016-03-23T11:07:22+00:00","og_image":[{"width":1280,"height":720,"url":"https:\/\/www.btv.md\/wp-content\/uploads\/2016\/03\/maxresdefault-3.jpg","type":"image\/jpeg"}],"author":"admin","twitter_misc":{"Scris de":"admin"},"schema":{"@context":"https:\/\/schema.org","@graph":[{"@type":"Article","@id":"https:\/\/www.btv.md\/ro\/comandantul-fortelor-armate-sua-din-europa-vine-in-moldova\/#article","isPartOf":{"@id":"https:\/\/www.btv.md\/ro\/comandantul-fortelor-armate-sua-din-europa-vine-in-moldova\/"},"author":{"name":"admin","@id":"https:\/\/www.btv.md\/#\/schema\/person\/8fadce81561b3ce2c34c46dadc4ccbf2"},"headline":"COMANDANTUL FOR\u021aELOR ARMATE SUA DIN EUROPA VINE \u00ceN MOLDOVA","datePublished":"2016-03-23T11:07:22+00:00","mainEntityOfPage":{"@id":"https:\/\/www.btv.md\/ro\/comandantul-fortelor-armate-sua-din-europa-vine-in-moldova\/"},"wordCount":104,"image":{"@id":"https:\/\/www.btv.md\/ro\/comandantul-fortelor-armate-sua-din-europa-vine-in-moldova\/#primaryimage"},"thumbnailUrl":"https:\/\/www.btv.md\/wp-content\/uploads\/2016\/03\/maxresdefault-3.jpg","articleSection":["\u041e\u0431\u0449\u0435\u0441\u0442\u0432\u043e"],"inLanguage":"ro-RO"},{"@type":"WebPage","@id":"https:\/\/www.btv.md\/ro\/comandantul-fortelor-armate-sua-din-europa-vine-in-moldova\/","url":"https:\/\/www.btv.md\/ro\/comandantul-fortelor-armate-sua-din-europa-vine-in-moldova\/","name":"COMANDANTUL FOR\u021aELOR ARMATE SUA DIN EUROPA VINE \u00ceN MOLDOVA - BTV","isPartOf":{"@id":"https:\/\/www.btv.md\/#website"},"primaryImageOfPage":{"@id":"https:\/\/www.btv.md\/ro\/comandantul-fortelor-armate-sua-din-europa-vine-in-moldova\/#primaryimage"},"image":{"@id":"https:\/\/www.btv.md\/ro\/comandantul-fortelor-armate-sua-din-europa-vine-in-moldova\/#primaryimage"},"thumbnailUrl":"https:\/\/www.btv.md\/wp-content\/uploads\/2016\/03\/maxresdefault-3.jpg","datePublished":"2016-03-23T11:07:22+00:00","author":{"@id":"https:\/\/www.btv.md\/#\/schema\/person\/8fadce81561b3ce2c34c46dadc4ccbf2"},"inLanguage":"ro-RO","potentialAction":[{"@type":"ReadAction","target":["https:\/\/www.btv.md\/ro\/comandantul-fortelor-armate-sua-din-europa-vine-in-moldova\/"]}]},{"@type":"ImageObject","inLanguage":"ro-RO","@id":"https:\/\/www.btv.md\/ro\/comandantul-fortelor-armate-sua-din-europa-vine-in-moldova\/#primaryimage","url":"https:\/\/www.btv.md\/wp-content\/uploads\/2016\/03\/maxresdefault-3.jpg","contentUrl":"https:\/\/www.btv.md\/wp-content\/uploads\/2016\/03\/maxresdefault-3.jpg","width":1280,"height":720,"caption":"www.youtube.com"},{"@type":"WebSite","@id":"https:\/\/www.btv.md\/#website","url":"https:\/\/www.btv.md\/","name":"BTV","description":"\u0411\u0435\u043b\u044c\u0446\u043a\u043e\u0435 \u0442\u0435\u043b\u0435\u0432\u0438\u0434\u0435\u043d\u0438\u0435","potentialAction":[{"@type":"SearchAction","target":{"@type":"EntryPoint","urlTemplate":"https:\/\/www.btv.md\/?s={search_term_string}"},"query-input":{"@type":"PropertyValueSpecification","valueRequired":true,"valueName":"search_term_string"}}],"inLanguage":"ro-RO"},{"@type":"Person","@id":"https:\/\/www.btv.md\/#\/schema\/person\/8fadce81561b3ce2c34c46dadc4ccbf2","name":"admin"}]}},"_links":{"self":[{"href":"https:\/\/www.btv.md\/ro\/wp-json\/wp\/v2\/posts\/9465","targetHints":{"allow":["GET"]}}],"collection":[{"href":"https:\/\/www.btv.md\/ro\/wp-json\/wp\/v2\/posts"}],"about":[{"href":"https:\/\/www.btv.md\/ro\/wp-json\/wp\/v2\/types\/post"}],"author":[{"embeddable":true,"href":"https:\/\/www.btv.md\/ro\/wp-json\/wp\/v2\/users\/4"}],"replies":[{"embeddable":true,"href":"https:\/\/www.btv.md\/ro\/wp-json\/wp\/v2\/comments?post=9465"}],"version-history":[{"count":0,"href":"https:\/\/www.btv.md\/ro\/wp-json\/wp\/v2\/posts\/9465\/revisions"}],"wp:featuredmedia":[{"embeddable":true,"href":"https:\/\/www.btv.md\/ro\/wp-json\/wp\/v2\/media\/9466"}],"wp:attachment":[{"href":"https:\/\/www.btv.md\/ro\/wp-json\/wp\/v2\/media?parent=9465"}],"wp:term":[{"taxonomy":"category","embeddable":true,"href":"https:\/\/www.btv.md\/ro\/wp-json\/wp\/v2\/categories?post=9465"},{"taxonomy":"post_tag","embeddable":true,"href":"https:\/\/www.btv.md\/ro\/wp-json\/wp\/v2\/tags?post=9465"}],"curies":[{"name":"wp","href":"https:\/\/api.w.org\/{rel}","templated":true}]}}