{"id":9474,"date":"2016-03-23T14:16:47","date_gmt":"2016-03-23T11:16:47","guid":{"rendered":"http:\/\/btv.md\/?p=9474"},"modified":"2016-03-23T16:17:05","modified_gmt":"2016-03-23T13:17:05","slug":"god-galben-de-ploi-si-vant","status":"publish","type":"post","link":"https:\/\/www.btv.md\/ro\/god-galben-de-ploi-si-vant\/","title":{"rendered":"COD GALBEN DE PLOI \u0218I V\u00c2NT"},"content":{"rendered":"<p><strong>Serviciul Meteorologic de Stat anun\u021b\u0103 cod galben de precipita\u021bii \u0219i v\u00e2nt puternic \u00een toat\u0103 \u021bara pentru ziua de joi, 24 martie.<\/strong><\/p>\n<p>Potrivit sinopticienilor, \u00een noaptea \u0219i diminea\u021ba zilei de joi se preconizeaz\u0103 precipita\u021bii puternice sunt form\u0103 de ploaie pe arii extinse, iar \u00een partea de Nord a \u021b\u0103rii sunt posibile \u0219i precipita\u021bii sub form\u0103 de lapovi\u021b\u0103.<\/p>\n<p>V\u00e2ntul va sufla cu o vitez\u0103 de 15-20 m\/s, iar temperaturile aerului vor cobor\u00ee la Nord p\u00e2n\u0103 la 0&#8230;+3\u00b0C pe timp de noapte \u0219i +4&#8230;+7\u00b0C pe timp de zi.<\/p>\n<p>\u00cen zona de Centru temperatura aerului va oscila \u00eentre +1&#8230;+4\u00b0C noaptea \u0219i +5&#8230;+8 ziua, iar \u00een zona de Sud va fi cu un grad mai mult.<\/p>\n<p>Pentru vineri, 25 martie, schimb\u0103ri majore ale st\u0103rii vremii nu se prev\u0103d. <\/p>\n","protected":false},"excerpt":{"rendered":"<p>Serviciul Meteorologic de Stat anun\u021b\u0103 cod galben de precipita\u021bii \u0219i v\u00e2nt puternic \u00een toat\u0103 \u021bara pentru ziua de joi, 24 martie. Potrivit sinopticienilor, \u00een noaptea \u0219i diminea\u021ba zilei de joi se preconizeaz\u0103 precipita\u021bii puternice sunt form\u0103 de ploaie pe arii extinse, iar \u00een partea de Nord a \u021b\u0103rii sunt posibile \u0219i precipita\u021bii sub form\u0103 de [&hellip;]<\/p>\n","protected":false},"author":4,"featured_media":9475,"comment_status":"closed","ping_status":"closed","sticky":false,"template":"","format":"standard","meta":{"footnotes":""},"categories":[6349],"tags":[],"class_list":["post-9474","post","type-post","status-publish","format-standard","has-post-thumbnail","hentry","category-social"],"yoast_head":"<!-- This site is optimized with the Yoast SEO plugin v27.4 - https:\/\/yoast.com\/product\/yoast-seo-wordpress\/ -->\n<title>COD GALBEN DE PLOI \u0218I V\u00c2NT - BTV<\/title>\n<meta name=\"robots\" content=\"index, follow, max-snippet:-1, max-image-preview:large, max-video-preview:-1\" \/>\n<link rel=\"canonical\" href=\"https:\/\/www.btv.md\/ro\/god-galben-de-ploi-si-vant\/\" \/>\n<meta property=\"og:locale\" content=\"ro_RO\" \/>\n<meta property=\"og:type\" content=\"article\" \/>\n<meta property=\"og:title\" content=\"COD GALBEN DE PLOI \u0218I V\u00c2NT - BTV\" \/>\n<meta property=\"og:description\" content=\"Serviciul Meteorologic de Stat anun\u021b\u0103 cod galben de precipita\u021bii \u0219i v\u00e2nt puternic \u00een toat\u0103 \u021bara pentru ziua de joi, 24 martie. Potrivit sinopticienilor, \u00een noaptea \u0219i diminea\u021ba zilei de joi se preconizeaz\u0103 precipita\u021bii puternice sunt form\u0103 de ploaie pe arii extinse, iar \u00een partea de Nord a \u021b\u0103rii sunt posibile \u0219i precipita\u021bii sub form\u0103 de [&hellip;]\" \/>\n<meta property=\"og:url\" content=\"https:\/\/www.btv.md\/ro\/god-galben-de-ploi-si-vant\/\" \/>\n<meta property=\"og:site_name\" content=\"BTV\" \/>\n<meta property=\"article:publisher\" content=\"https:\/\/www.facebook.com\/btvmoldova\/\" \/>\n<meta property=\"article:published_time\" content=\"2016-03-23T11:16:47+00:00\" \/>\n<meta property=\"article:modified_time\" content=\"2016-03-23T13:17:05+00:00\" \/>\n<meta property=\"og:image\" content=\"https:\/\/www.btv.md\/wp-content\/uploads\/2016\/03\/143124835003741c21_89879500.jpg\" \/>\n\t<meta property=\"og:image:width\" content=\"711\" \/>\n\t<meta property=\"og:image:height\" content=\"400\" \/>\n\t<meta property=\"og:image:type\" content=\"image\/jpeg\" \/>\n<meta name=\"author\" content=\"admin\" \/>\n<meta name=\"twitter:label1\" content=\"Scris de\" \/>\n\t<meta name=\"twitter:data1\" content=\"admin\" \/>\n\t<meta name=\"twitter:label2\" content=\"Timp estimat pentru citire\" \/>\n\t<meta name=\"twitter:data2\" content=\"1 minut\" \/>\n<script type=\"application\/ld+json\" class=\"yoast-schema-graph\">{\"@context\":\"https:\\\/\\\/schema.org\",\"@graph\":[{\"@type\":\"Article\",\"@id\":\"https:\\\/\\\/www.btv.md\\\/ro\\\/god-galben-de-ploi-si-vant\\\/#article\",\"isPartOf\":{\"@id\":\"https:\\\/\\\/www.btv.md\\\/ro\\\/god-galben-de-ploi-si-vant\\\/\"},\"author\":{\"name\":\"admin\",\"@id\":\"https:\\\/\\\/www.btv.md\\\/#\\\/schema\\\/person\\\/8fadce81561b3ce2c34c46dadc4ccbf2\"},\"headline\":\"COD GALBEN DE PLOI \u0218I V\u00c2NT\",\"datePublished\":\"2016-03-23T11:16:47+00:00\",\"dateModified\":\"2016-03-23T13:17:05+00:00\",\"mainEntityOfPage\":{\"@id\":\"https:\\\/\\\/www.btv.md\\\/ro\\\/god-galben-de-ploi-si-vant\\\/\"},\"wordCount\":138,\"image\":{\"@id\":\"https:\\\/\\\/www.btv.md\\\/ro\\\/god-galben-de-ploi-si-vant\\\/#primaryimage\"},\"thumbnailUrl\":\"https:\\\/\\\/www.btv.md\\\/wp-content\\\/uploads\\\/2016\\\/03\\\/143124835003741c21_89879500.jpg\",\"articleSection\":[\"Social\"],\"inLanguage\":\"ro-RO\"},{\"@type\":\"WebPage\",\"@id\":\"https:\\\/\\\/www.btv.md\\\/ro\\\/god-galben-de-ploi-si-vant\\\/\",\"url\":\"https:\\\/\\\/www.btv.md\\\/ro\\\/god-galben-de-ploi-si-vant\\\/\",\"name\":\"COD GALBEN DE PLOI \u0218I V\u00c2NT - BTV\",\"isPartOf\":{\"@id\":\"https:\\\/\\\/www.btv.md\\\/#website\"},\"primaryImageOfPage\":{\"@id\":\"https:\\\/\\\/www.btv.md\\\/ro\\\/god-galben-de-ploi-si-vant\\\/#primaryimage\"},\"image\":{\"@id\":\"https:\\\/\\\/www.btv.md\\\/ro\\\/god-galben-de-ploi-si-vant\\\/#primaryimage\"},\"thumbnailUrl\":\"https:\\\/\\\/www.btv.md\\\/wp-content\\\/uploads\\\/2016\\\/03\\\/143124835003741c21_89879500.jpg\",\"datePublished\":\"2016-03-23T11:16:47+00:00\",\"dateModified\":\"2016-03-23T13:17:05+00:00\",\"author\":{\"@id\":\"https:\\\/\\\/www.btv.md\\\/#\\\/schema\\\/person\\\/8fadce81561b3ce2c34c46dadc4ccbf2\"},\"inLanguage\":\"ro-RO\",\"potentialAction\":[{\"@type\":\"ReadAction\",\"target\":[\"https:\\\/\\\/www.btv.md\\\/ro\\\/god-galben-de-ploi-si-vant\\\/\"]}]},{\"@type\":\"ImageObject\",\"inLanguage\":\"ro-RO\",\"@id\":\"https:\\\/\\\/www.btv.md\\\/ro\\\/god-galben-de-ploi-si-vant\\\/#primaryimage\",\"url\":\"https:\\\/\\\/www.btv.md\\\/wp-content\\\/uploads\\\/2016\\\/03\\\/143124835003741c21_89879500.jpg\",\"contentUrl\":\"https:\\\/\\\/www.btv.md\\\/wp-content\\\/uploads\\\/2016\\\/03\\\/143124835003741c21_89879500.jpg\",\"width\":711,\"height\":400,\"caption\":\"www.romaniatv.net\"},{\"@type\":\"WebSite\",\"@id\":\"https:\\\/\\\/www.btv.md\\\/#website\",\"url\":\"https:\\\/\\\/www.btv.md\\\/\",\"name\":\"BTV\",\"description\":\"\u0411\u0435\u043b\u044c\u0446\u043a\u043e\u0435 \u0442\u0435\u043b\u0435\u0432\u0438\u0434\u0435\u043d\u0438\u0435\",\"potentialAction\":[{\"@type\":\"SearchAction\",\"target\":{\"@type\":\"EntryPoint\",\"urlTemplate\":\"https:\\\/\\\/www.btv.md\\\/?s={search_term_string}\"},\"query-input\":{\"@type\":\"PropertyValueSpecification\",\"valueRequired\":true,\"valueName\":\"search_term_string\"}}],\"inLanguage\":\"ro-RO\"},{\"@type\":\"Person\",\"@id\":\"https:\\\/\\\/www.btv.md\\\/#\\\/schema\\\/person\\\/8fadce81561b3ce2c34c46dadc4ccbf2\",\"name\":\"admin\"}]}<\/script>\n<!-- \/ Yoast SEO plugin. -->","yoast_head_json":{"title":"COD GALBEN DE PLOI \u0218I V\u00c2NT - BTV","robots":{"index":"index","follow":"follow","max-snippet":"max-snippet:-1","max-image-preview":"max-image-preview:large","max-video-preview":"max-video-preview:-1"},"canonical":"https:\/\/www.btv.md\/ro\/god-galben-de-ploi-si-vant\/","og_locale":"ro_RO","og_type":"article","og_title":"COD GALBEN DE PLOI \u0218I V\u00c2NT - BTV","og_description":"Serviciul Meteorologic de Stat anun\u021b\u0103 cod galben de precipita\u021bii \u0219i v\u00e2nt puternic \u00een toat\u0103 \u021bara pentru ziua de joi, 24 martie. Potrivit sinopticienilor, \u00een noaptea \u0219i diminea\u021ba zilei de joi se preconizeaz\u0103 precipita\u021bii puternice sunt form\u0103 de ploaie pe arii extinse, iar \u00een partea de Nord a \u021b\u0103rii sunt posibile \u0219i precipita\u021bii sub form\u0103 de [&hellip;]","og_url":"https:\/\/www.btv.md\/ro\/god-galben-de-ploi-si-vant\/","og_site_name":"BTV","article_publisher":"https:\/\/www.facebook.com\/btvmoldova\/","article_published_time":"2016-03-23T11:16:47+00:00","article_modified_time":"2016-03-23T13:17:05+00:00","og_image":[{"width":711,"height":400,"url":"https:\/\/www.btv.md\/wp-content\/uploads\/2016\/03\/143124835003741c21_89879500.jpg","type":"image\/jpeg"}],"author":"admin","twitter_misc":{"Scris de":"admin","Timp estimat pentru citire":"1 minut"},"schema":{"@context":"https:\/\/schema.org","@graph":[{"@type":"Article","@id":"https:\/\/www.btv.md\/ro\/god-galben-de-ploi-si-vant\/#article","isPartOf":{"@id":"https:\/\/www.btv.md\/ro\/god-galben-de-ploi-si-vant\/"},"author":{"name":"admin","@id":"https:\/\/www.btv.md\/#\/schema\/person\/8fadce81561b3ce2c34c46dadc4ccbf2"},"headline":"COD GALBEN DE PLOI \u0218I V\u00c2NT","datePublished":"2016-03-23T11:16:47+00:00","dateModified":"2016-03-23T13:17:05+00:00","mainEntityOfPage":{"@id":"https:\/\/www.btv.md\/ro\/god-galben-de-ploi-si-vant\/"},"wordCount":138,"image":{"@id":"https:\/\/www.btv.md\/ro\/god-galben-de-ploi-si-vant\/#primaryimage"},"thumbnailUrl":"https:\/\/www.btv.md\/wp-content\/uploads\/2016\/03\/143124835003741c21_89879500.jpg","articleSection":["Social"],"inLanguage":"ro-RO"},{"@type":"WebPage","@id":"https:\/\/www.btv.md\/ro\/god-galben-de-ploi-si-vant\/","url":"https:\/\/www.btv.md\/ro\/god-galben-de-ploi-si-vant\/","name":"COD GALBEN DE PLOI \u0218I V\u00c2NT - BTV","isPartOf":{"@id":"https:\/\/www.btv.md\/#website"},"primaryImageOfPage":{"@id":"https:\/\/www.btv.md\/ro\/god-galben-de-ploi-si-vant\/#primaryimage"},"image":{"@id":"https:\/\/www.btv.md\/ro\/god-galben-de-ploi-si-vant\/#primaryimage"},"thumbnailUrl":"https:\/\/www.btv.md\/wp-content\/uploads\/2016\/03\/143124835003741c21_89879500.jpg","datePublished":"2016-03-23T11:16:47+00:00","dateModified":"2016-03-23T13:17:05+00:00","author":{"@id":"https:\/\/www.btv.md\/#\/schema\/person\/8fadce81561b3ce2c34c46dadc4ccbf2"},"inLanguage":"ro-RO","potentialAction":[{"@type":"ReadAction","target":["https:\/\/www.btv.md\/ro\/god-galben-de-ploi-si-vant\/"]}]},{"@type":"ImageObject","inLanguage":"ro-RO","@id":"https:\/\/www.btv.md\/ro\/god-galben-de-ploi-si-vant\/#primaryimage","url":"https:\/\/www.btv.md\/wp-content\/uploads\/2016\/03\/143124835003741c21_89879500.jpg","contentUrl":"https:\/\/www.btv.md\/wp-content\/uploads\/2016\/03\/143124835003741c21_89879500.jpg","width":711,"height":400,"caption":"www.romaniatv.net"},{"@type":"WebSite","@id":"https:\/\/www.btv.md\/#website","url":"https:\/\/www.btv.md\/","name":"BTV","description":"\u0411\u0435\u043b\u044c\u0446\u043a\u043e\u0435 \u0442\u0435\u043b\u0435\u0432\u0438\u0434\u0435\u043d\u0438\u0435","potentialAction":[{"@type":"SearchAction","target":{"@type":"EntryPoint","urlTemplate":"https:\/\/www.btv.md\/?s={search_term_string}"},"query-input":{"@type":"PropertyValueSpecification","valueRequired":true,"valueName":"search_term_string"}}],"inLanguage":"ro-RO"},{"@type":"Person","@id":"https:\/\/www.btv.md\/#\/schema\/person\/8fadce81561b3ce2c34c46dadc4ccbf2","name":"admin"}]}},"_links":{"self":[{"href":"https:\/\/www.btv.md\/ro\/wp-json\/wp\/v2\/posts\/9474","targetHints":{"allow":["GET"]}}],"collection":[{"href":"https:\/\/www.btv.md\/ro\/wp-json\/wp\/v2\/posts"}],"about":[{"href":"https:\/\/www.btv.md\/ro\/wp-json\/wp\/v2\/types\/post"}],"author":[{"embeddable":true,"href":"https:\/\/www.btv.md\/ro\/wp-json\/wp\/v2\/users\/4"}],"replies":[{"embeddable":true,"href":"https:\/\/www.btv.md\/ro\/wp-json\/wp\/v2\/comments?post=9474"}],"version-history":[{"count":0,"href":"https:\/\/www.btv.md\/ro\/wp-json\/wp\/v2\/posts\/9474\/revisions"}],"wp:featuredmedia":[{"embeddable":true,"href":"https:\/\/www.btv.md\/ro\/wp-json\/wp\/v2\/media\/9475"}],"wp:attachment":[{"href":"https:\/\/www.btv.md\/ro\/wp-json\/wp\/v2\/media?parent=9474"}],"wp:term":[{"taxonomy":"category","embeddable":true,"href":"https:\/\/www.btv.md\/ro\/wp-json\/wp\/v2\/categories?post=9474"},{"taxonomy":"post_tag","embeddable":true,"href":"https:\/\/www.btv.md\/ro\/wp-json\/wp\/v2\/tags?post=9474"}],"curies":[{"name":"wp","href":"https:\/\/api.w.org\/{rel}","templated":true}]}}