{"id":94807,"date":"2020-09-07T13:45:16","date_gmt":"2020-09-07T10:45:16","guid":{"rendered":"http:\/\/www.btv.md\/?p=94807"},"modified":"2020-09-07T13:45:16","modified_gmt":"2020-09-07T10:45:16","slug":"renato-usatii-a-prezentat-cec-ului-semnaturile-colectate-pentru-inregistrare-in-cursa-prezidentiala","status":"publish","type":"post","link":"https:\/\/www.btv.md\/ro\/renato-usatii-a-prezentat-cec-ului-semnaturile-colectate-pentru-inregistrare-in-cursa-prezidentiala\/","title":{"rendered":"Renato Usat\u00eei a prezentat CEC-ului semn\u0103turile colectate pentru \u00eenregistrare \u00een cursa preziden\u021bial\u0103"},"content":{"rendered":"<p><strong>Pre\u0219edintele Partidului Nostru, Renato Usat\u00eei, a prezentat Comisiei Electorale Centrale listele de subscrip\u021bie cu semn\u0103turile colectate \u00een vederea \u00eenregistr\u0103rii \u00een calitate de candidat la func\u021bia de pre\u0219edinte al R.Moldova \u00een cadrul scrutinului din 1 noiembrie. \u00cen doar trei zile, grupul de ini\u021biativ\u0103 al Partidului Nostru a adunat 24.122 de semn\u0103turi.<\/strong><\/p>\n<p>Usat\u00eei a declarat c\u0103 listele completate sunt ni\u0219te liste muncite: \u201cCineva a semnat pe c\u0103ru\u021b\u0103, cineva la cort, altcineva &#8211; \u00een strad\u0103. Se vedea c\u0103 sunt ni\u0219te liste muncite. De asta vreau s\u0103 le mul\u021bumesc tuturor colegilor, cet\u0103\u021benilor din RM care au semnat, au semnat foarte operativ.\u201d<\/p>\n<p>Totodat\u0103, el a subliniat c\u0103 scopul principal pentru care merge \u00een alegerile preziden\u021biale este dizolvarea Parlamentului \u0219i alegerea unui nou organ legislativ, lucru pe care \u0219i-l doresc to\u021bi cet\u0103\u021benii \u021b\u0103rii.<\/p>\n<p>Odat\u0103 cu listele de subscrip\u021bie, pentru \u00eenregistrarea \u00een calitate de concurent electoral, Usat\u00eei a prezentat un pachet de documente, care, printre altele, con\u021bine: declara\u021bia de avere \u0219i interese personale, certificatul de s\u0103n\u0103tate \u0219i declara\u021bia privind suspendarea, pe durata campaniei electorale, din func\u021bia de\u021binut\u0103.<\/p>\n<p>Tot ast\u0103zi, la ora 17:00, Renato Usat\u00eei va participa la tragerea la sor\u0163i, proces organizat de CEC, pentru \u00eenscrierea candida\u021bilor \u00een buletine de vot. Potrivit legii, CEC are la dispozi\u021bie 7 zile ca s\u0103 examineze semn\u0103turile \u0219i setul de acte depus pentru \u00eenregistrarea liderului Partidului Nostru \u00een calitate de candidat la alegerile preziden\u021biale.<\/p>\n<p><iframe title=\"Renato Usat\u00eei a prezentat CEC-ului semn\u0103turile colectate pentru \u00eenregistrare \u00een cursa preziden\u021bial\u0103\" width=\"1170\" height=\"658\" data-src=\"https:\/\/www.youtube.com\/embed\/Bg5Am0g0Qvw?wmode=transparent&amp;rel=0&amp;feature=oembed\" frameborder=\"0\" allow=\"accelerometer; autoplay; encrypted-media; gyroscope; picture-in-picture\" allowfullscreen src=\"data:image\/svg+xml;base64,PHN2ZyB3aWR0aD0iMSIgaGVpZ2h0PSIxIiB4bWxucz0iaHR0cDovL3d3dy53My5vcmcvMjAwMC9zdmciPjwvc3ZnPg==\" class=\"lazyload\" data-load-mode=\"1\"><\/iframe><\/p>\n","protected":false},"excerpt":{"rendered":"<p>Pre\u0219edintele Partidului Nostru, Renato Usat\u00eei, a prezentat Comisiei Electorale Centrale listele de subscrip\u021bie cu semn\u0103turile colectate \u00een vederea \u00eenregistr\u0103rii \u00een calitate de candidat la func\u021bia de pre\u0219edinte al R.Moldova \u00een cadrul scrutinului din 1 noiembrie. \u00cen doar trei zile, grupul de ini\u021biativ\u0103 al Partidului Nostru a adunat 24.122 de semn\u0103turi. Usat\u00eei a declarat c\u0103 listele [&hellip;]<\/p>\n","protected":false},"author":4,"featured_media":94803,"comment_status":"closed","ping_status":"closed","sticky":false,"template":"","format":"standard","meta":{"footnotes":""},"categories":[6368,6377],"tags":[17556],"class_list":["post-94807","post","type-post","status-publish","format-standard","has-post-thumbnail","hentry","category-politica-ro","category-stiri","tag-renato-usatii-a-prezentat-cec-ului-semnaturile-colectate-pentru-inregistrare-in-cursa-prezidentiala"],"yoast_head":"<!-- This site is optimized with the Yoast SEO plugin v27.4 - https:\/\/yoast.com\/product\/yoast-seo-wordpress\/ -->\n<title>Renato Usat\u00eei a prezentat CEC-ului semn\u0103turile colectate pentru \u00eenregistrare \u00een cursa preziden\u021bial\u0103 - BTV<\/title>\n<meta name=\"robots\" content=\"index, follow, max-snippet:-1, max-image-preview:large, max-video-preview:-1\" \/>\n<link rel=\"canonical\" href=\"https:\/\/www.btv.md\/ro\/renato-usatii-a-prezentat-cec-ului-semnaturile-colectate-pentru-inregistrare-in-cursa-prezidentiala\/\" \/>\n<meta property=\"og:locale\" content=\"ro_RO\" \/>\n<meta property=\"og:type\" content=\"article\" \/>\n<meta property=\"og:title\" content=\"Renato Usat\u00eei a prezentat CEC-ului semn\u0103turile colectate pentru \u00eenregistrare \u00een cursa preziden\u021bial\u0103 - BTV\" \/>\n<meta property=\"og:description\" content=\"Pre\u0219edintele Partidului Nostru, Renato Usat\u00eei, a prezentat Comisiei Electorale Centrale listele de subscrip\u021bie cu semn\u0103turile colectate \u00een vederea \u00eenregistr\u0103rii \u00een calitate de candidat la func\u021bia de pre\u0219edinte al R.Moldova \u00een cadrul scrutinului din 1 noiembrie. \u00cen doar trei zile, grupul de ini\u021biativ\u0103 al Partidului Nostru a adunat 24.122 de semn\u0103turi. Usat\u00eei a declarat c\u0103 listele [&hellip;]\" \/>\n<meta property=\"og:url\" content=\"https:\/\/www.btv.md\/ro\/renato-usatii-a-prezentat-cec-ului-semnaturile-colectate-pentru-inregistrare-in-cursa-prezidentiala\/\" \/>\n<meta property=\"og:site_name\" content=\"BTV\" \/>\n<meta property=\"article:publisher\" content=\"https:\/\/www.facebook.com\/btvmoldova\/\" \/>\n<meta property=\"article:published_time\" content=\"2020-09-07T10:45:16+00:00\" \/>\n<meta property=\"og:image\" content=\"https:\/\/www.btv.md\/wp-content\/uploads\/2020\/09\/ru_cec_depunere.jpg\" \/>\n\t<meta property=\"og:image:width\" content=\"1920\" \/>\n\t<meta property=\"og:image:height\" content=\"1080\" \/>\n\t<meta property=\"og:image:type\" content=\"image\/jpeg\" \/>\n<meta name=\"author\" content=\"admin\" \/>\n<meta name=\"twitter:label1\" content=\"Scris de\" \/>\n\t<meta name=\"twitter:data1\" content=\"admin\" \/>\n\t<meta name=\"twitter:label2\" content=\"Timp estimat pentru citire\" \/>\n\t<meta name=\"twitter:data2\" content=\"1 minut\" \/>\n<script type=\"application\/ld+json\" class=\"yoast-schema-graph\">{\"@context\":\"https:\\\/\\\/schema.org\",\"@graph\":[{\"@type\":\"Article\",\"@id\":\"https:\\\/\\\/www.btv.md\\\/ro\\\/renato-usatii-a-prezentat-cec-ului-semnaturile-colectate-pentru-inregistrare-in-cursa-prezidentiala\\\/#article\",\"isPartOf\":{\"@id\":\"https:\\\/\\\/www.btv.md\\\/ro\\\/renato-usatii-a-prezentat-cec-ului-semnaturile-colectate-pentru-inregistrare-in-cursa-prezidentiala\\\/\"},\"author\":{\"name\":\"admin\",\"@id\":\"https:\\\/\\\/www.btv.md\\\/#\\\/schema\\\/person\\\/8fadce81561b3ce2c34c46dadc4ccbf2\"},\"headline\":\"Renato Usat\u00eei a prezentat CEC-ului semn\u0103turile colectate pentru \u00eenregistrare \u00een cursa preziden\u021bial\u0103\",\"datePublished\":\"2020-09-07T10:45:16+00:00\",\"mainEntityOfPage\":{\"@id\":\"https:\\\/\\\/www.btv.md\\\/ro\\\/renato-usatii-a-prezentat-cec-ului-semnaturile-colectate-pentru-inregistrare-in-cursa-prezidentiala\\\/\"},\"wordCount\":283,\"image\":{\"@id\":\"https:\\\/\\\/www.btv.md\\\/ro\\\/renato-usatii-a-prezentat-cec-ului-semnaturile-colectate-pentru-inregistrare-in-cursa-prezidentiala\\\/#primaryimage\"},\"thumbnailUrl\":\"https:\\\/\\\/www.btv.md\\\/wp-content\\\/uploads\\\/2020\\\/09\\\/ru_cec_depunere.jpg\",\"keywords\":[\"Renato Usat\u00eei a prezentat CEC-ului semn\u0103turile colectate pentru \u00eenregistrare \u00een cursa preziden\u021bial\u0103\"],\"articleSection\":[\"Politic\u0103\",\"\u0218tiri\"],\"inLanguage\":\"ro-RO\"},{\"@type\":\"WebPage\",\"@id\":\"https:\\\/\\\/www.btv.md\\\/ro\\\/renato-usatii-a-prezentat-cec-ului-semnaturile-colectate-pentru-inregistrare-in-cursa-prezidentiala\\\/\",\"url\":\"https:\\\/\\\/www.btv.md\\\/ro\\\/renato-usatii-a-prezentat-cec-ului-semnaturile-colectate-pentru-inregistrare-in-cursa-prezidentiala\\\/\",\"name\":\"Renato Usat\u00eei a prezentat CEC-ului semn\u0103turile colectate pentru \u00eenregistrare \u00een cursa preziden\u021bial\u0103 - BTV\",\"isPartOf\":{\"@id\":\"https:\\\/\\\/www.btv.md\\\/#website\"},\"primaryImageOfPage\":{\"@id\":\"https:\\\/\\\/www.btv.md\\\/ro\\\/renato-usatii-a-prezentat-cec-ului-semnaturile-colectate-pentru-inregistrare-in-cursa-prezidentiala\\\/#primaryimage\"},\"image\":{\"@id\":\"https:\\\/\\\/www.btv.md\\\/ro\\\/renato-usatii-a-prezentat-cec-ului-semnaturile-colectate-pentru-inregistrare-in-cursa-prezidentiala\\\/#primaryimage\"},\"thumbnailUrl\":\"https:\\\/\\\/www.btv.md\\\/wp-content\\\/uploads\\\/2020\\\/09\\\/ru_cec_depunere.jpg\",\"datePublished\":\"2020-09-07T10:45:16+00:00\",\"author\":{\"@id\":\"https:\\\/\\\/www.btv.md\\\/#\\\/schema\\\/person\\\/8fadce81561b3ce2c34c46dadc4ccbf2\"},\"inLanguage\":\"ro-RO\",\"potentialAction\":[{\"@type\":\"ReadAction\",\"target\":[\"https:\\\/\\\/www.btv.md\\\/ro\\\/renato-usatii-a-prezentat-cec-ului-semnaturile-colectate-pentru-inregistrare-in-cursa-prezidentiala\\\/\"]}]},{\"@type\":\"ImageObject\",\"inLanguage\":\"ro-RO\",\"@id\":\"https:\\\/\\\/www.btv.md\\\/ro\\\/renato-usatii-a-prezentat-cec-ului-semnaturile-colectate-pentru-inregistrare-in-cursa-prezidentiala\\\/#primaryimage\",\"url\":\"https:\\\/\\\/www.btv.md\\\/wp-content\\\/uploads\\\/2020\\\/09\\\/ru_cec_depunere.jpg\",\"contentUrl\":\"https:\\\/\\\/www.btv.md\\\/wp-content\\\/uploads\\\/2020\\\/09\\\/ru_cec_depunere.jpg\",\"width\":1920,\"height\":1080},{\"@type\":\"WebSite\",\"@id\":\"https:\\\/\\\/www.btv.md\\\/#website\",\"url\":\"https:\\\/\\\/www.btv.md\\\/\",\"name\":\"BTV\",\"description\":\"\u0411\u0435\u043b\u044c\u0446\u043a\u043e\u0435 \u0442\u0435\u043b\u0435\u0432\u0438\u0434\u0435\u043d\u0438\u0435\",\"potentialAction\":[{\"@type\":\"SearchAction\",\"target\":{\"@type\":\"EntryPoint\",\"urlTemplate\":\"https:\\\/\\\/www.btv.md\\\/?s={search_term_string}\"},\"query-input\":{\"@type\":\"PropertyValueSpecification\",\"valueRequired\":true,\"valueName\":\"search_term_string\"}}],\"inLanguage\":\"ro-RO\"},{\"@type\":\"Person\",\"@id\":\"https:\\\/\\\/www.btv.md\\\/#\\\/schema\\\/person\\\/8fadce81561b3ce2c34c46dadc4ccbf2\",\"name\":\"admin\"}]}<\/script>\n<!-- \/ Yoast SEO plugin. -->","yoast_head_json":{"title":"Renato Usat\u00eei a prezentat CEC-ului semn\u0103turile colectate pentru \u00eenregistrare \u00een cursa preziden\u021bial\u0103 - BTV","robots":{"index":"index","follow":"follow","max-snippet":"max-snippet:-1","max-image-preview":"max-image-preview:large","max-video-preview":"max-video-preview:-1"},"canonical":"https:\/\/www.btv.md\/ro\/renato-usatii-a-prezentat-cec-ului-semnaturile-colectate-pentru-inregistrare-in-cursa-prezidentiala\/","og_locale":"ro_RO","og_type":"article","og_title":"Renato Usat\u00eei a prezentat CEC-ului semn\u0103turile colectate pentru \u00eenregistrare \u00een cursa preziden\u021bial\u0103 - BTV","og_description":"Pre\u0219edintele Partidului Nostru, Renato Usat\u00eei, a prezentat Comisiei Electorale Centrale listele de subscrip\u021bie cu semn\u0103turile colectate \u00een vederea \u00eenregistr\u0103rii \u00een calitate de candidat la func\u021bia de pre\u0219edinte al R.Moldova \u00een cadrul scrutinului din 1 noiembrie. \u00cen doar trei zile, grupul de ini\u021biativ\u0103 al Partidului Nostru a adunat 24.122 de semn\u0103turi. Usat\u00eei a declarat c\u0103 listele [&hellip;]","og_url":"https:\/\/www.btv.md\/ro\/renato-usatii-a-prezentat-cec-ului-semnaturile-colectate-pentru-inregistrare-in-cursa-prezidentiala\/","og_site_name":"BTV","article_publisher":"https:\/\/www.facebook.com\/btvmoldova\/","article_published_time":"2020-09-07T10:45:16+00:00","og_image":[{"width":1920,"height":1080,"url":"https:\/\/www.btv.md\/wp-content\/uploads\/2020\/09\/ru_cec_depunere.jpg","type":"image\/jpeg"}],"author":"admin","twitter_misc":{"Scris de":"admin","Timp estimat pentru citire":"1 minut"},"schema":{"@context":"https:\/\/schema.org","@graph":[{"@type":"Article","@id":"https:\/\/www.btv.md\/ro\/renato-usatii-a-prezentat-cec-ului-semnaturile-colectate-pentru-inregistrare-in-cursa-prezidentiala\/#article","isPartOf":{"@id":"https:\/\/www.btv.md\/ro\/renato-usatii-a-prezentat-cec-ului-semnaturile-colectate-pentru-inregistrare-in-cursa-prezidentiala\/"},"author":{"name":"admin","@id":"https:\/\/www.btv.md\/#\/schema\/person\/8fadce81561b3ce2c34c46dadc4ccbf2"},"headline":"Renato Usat\u00eei a prezentat CEC-ului semn\u0103turile colectate pentru \u00eenregistrare \u00een cursa preziden\u021bial\u0103","datePublished":"2020-09-07T10:45:16+00:00","mainEntityOfPage":{"@id":"https:\/\/www.btv.md\/ro\/renato-usatii-a-prezentat-cec-ului-semnaturile-colectate-pentru-inregistrare-in-cursa-prezidentiala\/"},"wordCount":283,"image":{"@id":"https:\/\/www.btv.md\/ro\/renato-usatii-a-prezentat-cec-ului-semnaturile-colectate-pentru-inregistrare-in-cursa-prezidentiala\/#primaryimage"},"thumbnailUrl":"https:\/\/www.btv.md\/wp-content\/uploads\/2020\/09\/ru_cec_depunere.jpg","keywords":["Renato Usat\u00eei a prezentat CEC-ului semn\u0103turile colectate pentru \u00eenregistrare \u00een cursa preziden\u021bial\u0103"],"articleSection":["Politic\u0103","\u0218tiri"],"inLanguage":"ro-RO"},{"@type":"WebPage","@id":"https:\/\/www.btv.md\/ro\/renato-usatii-a-prezentat-cec-ului-semnaturile-colectate-pentru-inregistrare-in-cursa-prezidentiala\/","url":"https:\/\/www.btv.md\/ro\/renato-usatii-a-prezentat-cec-ului-semnaturile-colectate-pentru-inregistrare-in-cursa-prezidentiala\/","name":"Renato Usat\u00eei a prezentat CEC-ului semn\u0103turile colectate pentru \u00eenregistrare \u00een cursa preziden\u021bial\u0103 - BTV","isPartOf":{"@id":"https:\/\/www.btv.md\/#website"},"primaryImageOfPage":{"@id":"https:\/\/www.btv.md\/ro\/renato-usatii-a-prezentat-cec-ului-semnaturile-colectate-pentru-inregistrare-in-cursa-prezidentiala\/#primaryimage"},"image":{"@id":"https:\/\/www.btv.md\/ro\/renato-usatii-a-prezentat-cec-ului-semnaturile-colectate-pentru-inregistrare-in-cursa-prezidentiala\/#primaryimage"},"thumbnailUrl":"https:\/\/www.btv.md\/wp-content\/uploads\/2020\/09\/ru_cec_depunere.jpg","datePublished":"2020-09-07T10:45:16+00:00","author":{"@id":"https:\/\/www.btv.md\/#\/schema\/person\/8fadce81561b3ce2c34c46dadc4ccbf2"},"inLanguage":"ro-RO","potentialAction":[{"@type":"ReadAction","target":["https:\/\/www.btv.md\/ro\/renato-usatii-a-prezentat-cec-ului-semnaturile-colectate-pentru-inregistrare-in-cursa-prezidentiala\/"]}]},{"@type":"ImageObject","inLanguage":"ro-RO","@id":"https:\/\/www.btv.md\/ro\/renato-usatii-a-prezentat-cec-ului-semnaturile-colectate-pentru-inregistrare-in-cursa-prezidentiala\/#primaryimage","url":"https:\/\/www.btv.md\/wp-content\/uploads\/2020\/09\/ru_cec_depunere.jpg","contentUrl":"https:\/\/www.btv.md\/wp-content\/uploads\/2020\/09\/ru_cec_depunere.jpg","width":1920,"height":1080},{"@type":"WebSite","@id":"https:\/\/www.btv.md\/#website","url":"https:\/\/www.btv.md\/","name":"BTV","description":"\u0411\u0435\u043b\u044c\u0446\u043a\u043e\u0435 \u0442\u0435\u043b\u0435\u0432\u0438\u0434\u0435\u043d\u0438\u0435","potentialAction":[{"@type":"SearchAction","target":{"@type":"EntryPoint","urlTemplate":"https:\/\/www.btv.md\/?s={search_term_string}"},"query-input":{"@type":"PropertyValueSpecification","valueRequired":true,"valueName":"search_term_string"}}],"inLanguage":"ro-RO"},{"@type":"Person","@id":"https:\/\/www.btv.md\/#\/schema\/person\/8fadce81561b3ce2c34c46dadc4ccbf2","name":"admin"}]}},"_links":{"self":[{"href":"https:\/\/www.btv.md\/ro\/wp-json\/wp\/v2\/posts\/94807","targetHints":{"allow":["GET"]}}],"collection":[{"href":"https:\/\/www.btv.md\/ro\/wp-json\/wp\/v2\/posts"}],"about":[{"href":"https:\/\/www.btv.md\/ro\/wp-json\/wp\/v2\/types\/post"}],"author":[{"embeddable":true,"href":"https:\/\/www.btv.md\/ro\/wp-json\/wp\/v2\/users\/4"}],"replies":[{"embeddable":true,"href":"https:\/\/www.btv.md\/ro\/wp-json\/wp\/v2\/comments?post=94807"}],"version-history":[{"count":0,"href":"https:\/\/www.btv.md\/ro\/wp-json\/wp\/v2\/posts\/94807\/revisions"}],"wp:featuredmedia":[{"embeddable":true,"href":"https:\/\/www.btv.md\/ro\/wp-json\/wp\/v2\/media\/94803"}],"wp:attachment":[{"href":"https:\/\/www.btv.md\/ro\/wp-json\/wp\/v2\/media?parent=94807"}],"wp:term":[{"taxonomy":"category","embeddable":true,"href":"https:\/\/www.btv.md\/ro\/wp-json\/wp\/v2\/categories?post=94807"},{"taxonomy":"post_tag","embeddable":true,"href":"https:\/\/www.btv.md\/ro\/wp-json\/wp\/v2\/tags?post=94807"}],"curies":[{"name":"wp","href":"https:\/\/api.w.org\/{rel}","templated":true}]}}