{"id":9481,"date":"2016-03-23T15:49:13","date_gmt":"2016-03-23T12:49:13","guid":{"rendered":"http:\/\/btv.md\/?p=9481"},"modified":"2016-03-23T15:49:13","modified_gmt":"2016-03-23T12:49:13","slug":"straturile-de-flori-din-balti-sunt-devastate-de-hoti","status":"publish","type":"post","link":"https:\/\/www.btv.md\/ro\/straturile-de-flori-din-balti-sunt-devastate-de-hoti\/","title":{"rendered":"STRATURILE  DE  FLORI DIN  B\u0102L\u021aI SUNT  DEVASTATE  DE  HO\u021aI"},"content":{"rendered":"<p><strong>\u015eaptesprezece puie\u0163i de trandafiri \u0219i doi de liliac au fost fura\u021bi miercuri, cu o zi mai t\u00e2rziu  dup\u0103 plantare, \u00een apropiere de stationul or\u0103\u0219enesc al municipiului B\u0103l\u021bi. Muncitorii de la \u201eAmenajarea Teritoriului \u0219i Spa\u021bii Verzi\u201d spun c\u0103 din aceast\u0103 cauz\u0103 vor fi nevoi\u021bi s\u0103 suporte cheltuieli suplimentare pentru a amenaja repetat acest teritoriu.<\/strong><\/p>\n<p>Angaja\u021bii \u00eentreprinderii Spa\u021bii Verzii au men\u021bionat c\u0103 sunt adesea \u00eentreba\u021bi de trec\u0103tori cu privire la posibilile furturi de puie\u021bi pe care i-au plantat. La r\u00e2ndul lor ei mizeaz\u0103 pe bunul sim\u021b al locuitorilor din B\u0103l\u021bi. Mai mult ca at\u00e2t, muncitorii \u00eentreprinderii i-au informat pe drume\u021bii curio\u0219i, c\u0103 \u00een apropiere de plan\u021bii sunt instalate camere de supreveghere. \u00cen baza imaginilor filmate urmeaz\u0103 s\u0103 fie identifica\u021bii ho\u021bii.<\/p>\n<p>Anterior directorul \u00eentreprinderii municipale, Svetlana Novicova a men\u021bionat, c\u0103 \u00een ora\u0219ul B\u0103l\u021bi deseori sunt furate flori din spa\u021biile publice. Novicova regret\u0103 c\u0103  oamenii nu apreciaz\u0103 eforturile autorit\u0103\u021bilor locale.<\/p>\n<p>Amintim c\u0103 \u00een municipiul B\u0103l\u021bi anul acesta vor fi planta\u021bi zece mii de trandafiri. <\/p>\n<p><iframe width=\"420\" height=\"315\" data-src=\"https:\/\/www.youtube.com\/embed\/T9789xj5clU\" frameborder=\"0\" allowfullscreen src=\"data:image\/svg+xml;base64,PHN2ZyB3aWR0aD0iMSIgaGVpZ2h0PSIxIiB4bWxucz0iaHR0cDovL3d3dy53My5vcmcvMjAwMC9zdmciPjwvc3ZnPg==\" class=\"lazyload\" data-load-mode=\"1\"><\/iframe><\/p>\n","protected":false},"excerpt":{"rendered":"<p>\u015eaptesprezece puie\u0163i de trandafiri \u0219i doi de liliac au fost fura\u021bi miercuri, cu o zi mai t\u00e2rziu dup\u0103 plantare, \u00een apropiere de stationul or\u0103\u0219enesc al municipiului B\u0103l\u021bi. Muncitorii de la \u201eAmenajarea Teritoriului \u0219i Spa\u021bii Verzi\u201d spun c\u0103 din aceast\u0103 cauz\u0103 vor fi nevoi\u021bi s\u0103 suporte cheltuieli suplimentare pentru a amenaja repetat acest teritoriu. Angaja\u021bii \u00eentreprinderii [&hellip;]<\/p>\n","protected":false},"author":4,"featured_media":9482,"comment_status":"closed","ping_status":"closed","sticky":false,"template":"","format":"standard","meta":{"footnotes":""},"categories":[6353],"tags":[],"class_list":["post-9481","post","type-post","status-publish","format-standard","has-post-thumbnail","hentry","category-oras"],"yoast_head":"<!-- This site is optimized with the Yoast SEO plugin v27.4 - https:\/\/yoast.com\/product\/yoast-seo-wordpress\/ -->\n<title>STRATURILE DE FLORI DIN B\u0102L\u021aI SUNT DEVASTATE DE HO\u021aI - BTV<\/title>\n<meta name=\"robots\" content=\"index, follow, max-snippet:-1, max-image-preview:large, max-video-preview:-1\" \/>\n<link rel=\"canonical\" href=\"https:\/\/www.btv.md\/ro\/straturile-de-flori-din-balti-sunt-devastate-de-hoti\/\" \/>\n<meta property=\"og:locale\" content=\"ro_RO\" \/>\n<meta property=\"og:type\" content=\"article\" \/>\n<meta property=\"og:title\" content=\"STRATURILE DE FLORI DIN B\u0102L\u021aI SUNT DEVASTATE DE HO\u021aI - BTV\" \/>\n<meta property=\"og:description\" content=\"\u015eaptesprezece puie\u0163i de trandafiri \u0219i doi de liliac au fost fura\u021bi miercuri, cu o zi mai t\u00e2rziu dup\u0103 plantare, \u00een apropiere de stationul or\u0103\u0219enesc al municipiului B\u0103l\u021bi. Muncitorii de la \u201eAmenajarea Teritoriului \u0219i Spa\u021bii Verzi\u201d spun c\u0103 din aceast\u0103 cauz\u0103 vor fi nevoi\u021bi s\u0103 suporte cheltuieli suplimentare pentru a amenaja repetat acest teritoriu. Angaja\u021bii \u00eentreprinderii [&hellip;]\" \/>\n<meta property=\"og:url\" content=\"https:\/\/www.btv.md\/ro\/straturile-de-flori-din-balti-sunt-devastate-de-hoti\/\" \/>\n<meta property=\"og:site_name\" content=\"BTV\" \/>\n<meta property=\"article:publisher\" content=\"https:\/\/www.facebook.com\/btvmoldova\/\" \/>\n<meta property=\"article:published_time\" content=\"2016-03-23T12:49:13+00:00\" \/>\n<meta property=\"og:image\" content=\"https:\/\/www.btv.md\/wp-content\/uploads\/2016\/03\/FLORI.png\" \/>\n\t<meta property=\"og:image:width\" content=\"1007\" \/>\n\t<meta property=\"og:image:height\" content=\"547\" \/>\n\t<meta property=\"og:image:type\" content=\"image\/png\" \/>\n<meta name=\"author\" content=\"admin\" \/>\n<meta name=\"twitter:label1\" content=\"Scris de\" \/>\n\t<meta name=\"twitter:data1\" content=\"admin\" \/>\n\t<meta name=\"twitter:label2\" content=\"Timp estimat pentru citire\" \/>\n\t<meta name=\"twitter:data2\" content=\"1 minut\" \/>\n<script type=\"application\/ld+json\" class=\"yoast-schema-graph\">{\"@context\":\"https:\\\/\\\/schema.org\",\"@graph\":[{\"@type\":\"Article\",\"@id\":\"https:\\\/\\\/www.btv.md\\\/ro\\\/straturile-de-flori-din-balti-sunt-devastate-de-hoti\\\/#article\",\"isPartOf\":{\"@id\":\"https:\\\/\\\/www.btv.md\\\/ro\\\/straturile-de-flori-din-balti-sunt-devastate-de-hoti\\\/\"},\"author\":{\"name\":\"admin\",\"@id\":\"https:\\\/\\\/www.btv.md\\\/#\\\/schema\\\/person\\\/8fadce81561b3ce2c34c46dadc4ccbf2\"},\"headline\":\"STRATURILE DE FLORI DIN B\u0102L\u021aI SUNT DEVASTATE DE HO\u021aI\",\"datePublished\":\"2016-03-23T12:49:13+00:00\",\"mainEntityOfPage\":{\"@id\":\"https:\\\/\\\/www.btv.md\\\/ro\\\/straturile-de-flori-din-balti-sunt-devastate-de-hoti\\\/\"},\"wordCount\":204,\"image\":{\"@id\":\"https:\\\/\\\/www.btv.md\\\/ro\\\/straturile-de-flori-din-balti-sunt-devastate-de-hoti\\\/#primaryimage\"},\"thumbnailUrl\":\"https:\\\/\\\/www.btv.md\\\/wp-content\\\/uploads\\\/2016\\\/03\\\/FLORI.png\",\"articleSection\":[\"Ora\u0219\"],\"inLanguage\":\"ro-RO\"},{\"@type\":\"WebPage\",\"@id\":\"https:\\\/\\\/www.btv.md\\\/ro\\\/straturile-de-flori-din-balti-sunt-devastate-de-hoti\\\/\",\"url\":\"https:\\\/\\\/www.btv.md\\\/ro\\\/straturile-de-flori-din-balti-sunt-devastate-de-hoti\\\/\",\"name\":\"STRATURILE DE FLORI DIN B\u0102L\u021aI SUNT DEVASTATE DE HO\u021aI - BTV\",\"isPartOf\":{\"@id\":\"https:\\\/\\\/www.btv.md\\\/#website\"},\"primaryImageOfPage\":{\"@id\":\"https:\\\/\\\/www.btv.md\\\/ro\\\/straturile-de-flori-din-balti-sunt-devastate-de-hoti\\\/#primaryimage\"},\"image\":{\"@id\":\"https:\\\/\\\/www.btv.md\\\/ro\\\/straturile-de-flori-din-balti-sunt-devastate-de-hoti\\\/#primaryimage\"},\"thumbnailUrl\":\"https:\\\/\\\/www.btv.md\\\/wp-content\\\/uploads\\\/2016\\\/03\\\/FLORI.png\",\"datePublished\":\"2016-03-23T12:49:13+00:00\",\"author\":{\"@id\":\"https:\\\/\\\/www.btv.md\\\/#\\\/schema\\\/person\\\/8fadce81561b3ce2c34c46dadc4ccbf2\"},\"inLanguage\":\"ro-RO\",\"potentialAction\":[{\"@type\":\"ReadAction\",\"target\":[\"https:\\\/\\\/www.btv.md\\\/ro\\\/straturile-de-flori-din-balti-sunt-devastate-de-hoti\\\/\"]}]},{\"@type\":\"ImageObject\",\"inLanguage\":\"ro-RO\",\"@id\":\"https:\\\/\\\/www.btv.md\\\/ro\\\/straturile-de-flori-din-balti-sunt-devastate-de-hoti\\\/#primaryimage\",\"url\":\"https:\\\/\\\/www.btv.md\\\/wp-content\\\/uploads\\\/2016\\\/03\\\/FLORI.png\",\"contentUrl\":\"https:\\\/\\\/www.btv.md\\\/wp-content\\\/uploads\\\/2016\\\/03\\\/FLORI.png\",\"width\":1007,\"height\":547},{\"@type\":\"WebSite\",\"@id\":\"https:\\\/\\\/www.btv.md\\\/#website\",\"url\":\"https:\\\/\\\/www.btv.md\\\/\",\"name\":\"BTV\",\"description\":\"\u0411\u0435\u043b\u044c\u0446\u043a\u043e\u0435 \u0442\u0435\u043b\u0435\u0432\u0438\u0434\u0435\u043d\u0438\u0435\",\"potentialAction\":[{\"@type\":\"SearchAction\",\"target\":{\"@type\":\"EntryPoint\",\"urlTemplate\":\"https:\\\/\\\/www.btv.md\\\/?s={search_term_string}\"},\"query-input\":{\"@type\":\"PropertyValueSpecification\",\"valueRequired\":true,\"valueName\":\"search_term_string\"}}],\"inLanguage\":\"ro-RO\"},{\"@type\":\"Person\",\"@id\":\"https:\\\/\\\/www.btv.md\\\/#\\\/schema\\\/person\\\/8fadce81561b3ce2c34c46dadc4ccbf2\",\"name\":\"admin\"}]}<\/script>\n<!-- \/ Yoast SEO plugin. -->","yoast_head_json":{"title":"STRATURILE DE FLORI DIN B\u0102L\u021aI SUNT DEVASTATE DE HO\u021aI - BTV","robots":{"index":"index","follow":"follow","max-snippet":"max-snippet:-1","max-image-preview":"max-image-preview:large","max-video-preview":"max-video-preview:-1"},"canonical":"https:\/\/www.btv.md\/ro\/straturile-de-flori-din-balti-sunt-devastate-de-hoti\/","og_locale":"ro_RO","og_type":"article","og_title":"STRATURILE DE FLORI DIN B\u0102L\u021aI SUNT DEVASTATE DE HO\u021aI - BTV","og_description":"\u015eaptesprezece puie\u0163i de trandafiri \u0219i doi de liliac au fost fura\u021bi miercuri, cu o zi mai t\u00e2rziu dup\u0103 plantare, \u00een apropiere de stationul or\u0103\u0219enesc al municipiului B\u0103l\u021bi. Muncitorii de la \u201eAmenajarea Teritoriului \u0219i Spa\u021bii Verzi\u201d spun c\u0103 din aceast\u0103 cauz\u0103 vor fi nevoi\u021bi s\u0103 suporte cheltuieli suplimentare pentru a amenaja repetat acest teritoriu. Angaja\u021bii \u00eentreprinderii [&hellip;]","og_url":"https:\/\/www.btv.md\/ro\/straturile-de-flori-din-balti-sunt-devastate-de-hoti\/","og_site_name":"BTV","article_publisher":"https:\/\/www.facebook.com\/btvmoldova\/","article_published_time":"2016-03-23T12:49:13+00:00","og_image":[{"width":1007,"height":547,"url":"https:\/\/www.btv.md\/wp-content\/uploads\/2016\/03\/FLORI.png","type":"image\/png"}],"author":"admin","twitter_misc":{"Scris de":"admin","Timp estimat pentru citire":"1 minut"},"schema":{"@context":"https:\/\/schema.org","@graph":[{"@type":"Article","@id":"https:\/\/www.btv.md\/ro\/straturile-de-flori-din-balti-sunt-devastate-de-hoti\/#article","isPartOf":{"@id":"https:\/\/www.btv.md\/ro\/straturile-de-flori-din-balti-sunt-devastate-de-hoti\/"},"author":{"name":"admin","@id":"https:\/\/www.btv.md\/#\/schema\/person\/8fadce81561b3ce2c34c46dadc4ccbf2"},"headline":"STRATURILE DE FLORI DIN B\u0102L\u021aI SUNT DEVASTATE DE HO\u021aI","datePublished":"2016-03-23T12:49:13+00:00","mainEntityOfPage":{"@id":"https:\/\/www.btv.md\/ro\/straturile-de-flori-din-balti-sunt-devastate-de-hoti\/"},"wordCount":204,"image":{"@id":"https:\/\/www.btv.md\/ro\/straturile-de-flori-din-balti-sunt-devastate-de-hoti\/#primaryimage"},"thumbnailUrl":"https:\/\/www.btv.md\/wp-content\/uploads\/2016\/03\/FLORI.png","articleSection":["Ora\u0219"],"inLanguage":"ro-RO"},{"@type":"WebPage","@id":"https:\/\/www.btv.md\/ro\/straturile-de-flori-din-balti-sunt-devastate-de-hoti\/","url":"https:\/\/www.btv.md\/ro\/straturile-de-flori-din-balti-sunt-devastate-de-hoti\/","name":"STRATURILE DE FLORI DIN B\u0102L\u021aI SUNT DEVASTATE DE HO\u021aI - BTV","isPartOf":{"@id":"https:\/\/www.btv.md\/#website"},"primaryImageOfPage":{"@id":"https:\/\/www.btv.md\/ro\/straturile-de-flori-din-balti-sunt-devastate-de-hoti\/#primaryimage"},"image":{"@id":"https:\/\/www.btv.md\/ro\/straturile-de-flori-din-balti-sunt-devastate-de-hoti\/#primaryimage"},"thumbnailUrl":"https:\/\/www.btv.md\/wp-content\/uploads\/2016\/03\/FLORI.png","datePublished":"2016-03-23T12:49:13+00:00","author":{"@id":"https:\/\/www.btv.md\/#\/schema\/person\/8fadce81561b3ce2c34c46dadc4ccbf2"},"inLanguage":"ro-RO","potentialAction":[{"@type":"ReadAction","target":["https:\/\/www.btv.md\/ro\/straturile-de-flori-din-balti-sunt-devastate-de-hoti\/"]}]},{"@type":"ImageObject","inLanguage":"ro-RO","@id":"https:\/\/www.btv.md\/ro\/straturile-de-flori-din-balti-sunt-devastate-de-hoti\/#primaryimage","url":"https:\/\/www.btv.md\/wp-content\/uploads\/2016\/03\/FLORI.png","contentUrl":"https:\/\/www.btv.md\/wp-content\/uploads\/2016\/03\/FLORI.png","width":1007,"height":547},{"@type":"WebSite","@id":"https:\/\/www.btv.md\/#website","url":"https:\/\/www.btv.md\/","name":"BTV","description":"\u0411\u0435\u043b\u044c\u0446\u043a\u043e\u0435 \u0442\u0435\u043b\u0435\u0432\u0438\u0434\u0435\u043d\u0438\u0435","potentialAction":[{"@type":"SearchAction","target":{"@type":"EntryPoint","urlTemplate":"https:\/\/www.btv.md\/?s={search_term_string}"},"query-input":{"@type":"PropertyValueSpecification","valueRequired":true,"valueName":"search_term_string"}}],"inLanguage":"ro-RO"},{"@type":"Person","@id":"https:\/\/www.btv.md\/#\/schema\/person\/8fadce81561b3ce2c34c46dadc4ccbf2","name":"admin"}]}},"_links":{"self":[{"href":"https:\/\/www.btv.md\/ro\/wp-json\/wp\/v2\/posts\/9481","targetHints":{"allow":["GET"]}}],"collection":[{"href":"https:\/\/www.btv.md\/ro\/wp-json\/wp\/v2\/posts"}],"about":[{"href":"https:\/\/www.btv.md\/ro\/wp-json\/wp\/v2\/types\/post"}],"author":[{"embeddable":true,"href":"https:\/\/www.btv.md\/ro\/wp-json\/wp\/v2\/users\/4"}],"replies":[{"embeddable":true,"href":"https:\/\/www.btv.md\/ro\/wp-json\/wp\/v2\/comments?post=9481"}],"version-history":[{"count":0,"href":"https:\/\/www.btv.md\/ro\/wp-json\/wp\/v2\/posts\/9481\/revisions"}],"wp:featuredmedia":[{"embeddable":true,"href":"https:\/\/www.btv.md\/ro\/wp-json\/wp\/v2\/media\/9482"}],"wp:attachment":[{"href":"https:\/\/www.btv.md\/ro\/wp-json\/wp\/v2\/media?parent=9481"}],"wp:term":[{"taxonomy":"category","embeddable":true,"href":"https:\/\/www.btv.md\/ro\/wp-json\/wp\/v2\/categories?post=9481"},{"taxonomy":"post_tag","embeddable":true,"href":"https:\/\/www.btv.md\/ro\/wp-json\/wp\/v2\/tags?post=9481"}],"curies":[{"name":"wp","href":"https:\/\/api.w.org\/{rel}","templated":true}]}}