{"id":94820,"date":"2020-09-07T14:08:56","date_gmt":"2020-09-07T11:08:56","guid":{"rendered":"http:\/\/www.btv.md\/?p=94820"},"modified":"2020-09-07T14:10:39","modified_gmt":"2020-09-07T11:10:39","slug":"primele-imagini-cu-noile-modele-dacia-cand-vor-fi-lansate","status":"publish","type":"post","link":"https:\/\/www.btv.md\/ro\/primele-imagini-cu-noile-modele-dacia-cand-vor-fi-lansate\/","title":{"rendered":"Primele imagini cu noile modele Dacia. C\u00e2nd vor fi lansate"},"content":{"rendered":"<div class=\"lead-articol\">\n<p><strong>Dacia anun\u021b\u0103 c\u0103 va prezenta oficial a treia genera\u021bie a gamelor Logan, Sandero, Sandero Stepway pe 29 septembrie \u0219i a publicat primele imagini cu noile modele.<\/strong><\/p>\n<\/div>\n<p>Autoturismele vin cu un \u201edesign complet nou\u201d \u0219i ofer\u0103 un plus de modernitate, de echipamente \u0219i versatilitate, transmite <a href=\"https:\/\/stirileprotv.ro\/\">stirileprotv.ro<\/a>.<\/p>\n<p>\u201eDe la un singur model la o gam\u0103 complet\u0103 \u0219i diversificat\u0103, Dacia transform\u0103 automobilul de 15 ani. Sandero a devenit modelul emblematic \u0219i un best-seller, iar din 2017 a fost cea mai bine v\u00e2ndut\u0103 ma\u0219in\u0103 din Europa pentru clien\u021bii individuali. \u00cen 15 ani, marca Dacia s-a impus &#8211; \u00een sectorul auto &#8211; ca v\u00e2rful de lance al unei mi\u0219c\u0103ri. Un brand care genereaz\u0103 un sentiment de apartenen\u021b\u0103. Un brand a c\u0103rui propunere cap\u0103t\u0103 ast\u0103zi o nou\u0103 dimensiune cu 3 modele noi care au fost modernizate, dar concentrate \u00een continuare pe ceea ce conteaz\u0103 pentru clien\u021bii no\u0219tri\u201d, a transmis produc\u0103torul \u00eentr-un comunicat..<\/p>\n<p>Despre<strong>\u00a0Sandero<\/strong>: Eman\u0103 o personalitate puternic\u0103 \u0219i d\u0103 impresia de rezisten\u021b\u0103. Cu toate acestea, linia general\u0103 este mai fluid\u0103, datorit\u0103 unui parbriz mai \u00eenclinat, a unui plafon cobor\u00e2t \u0219i a unei antene radio plasate la cap\u0103tul acoperi\u0219ului. \u00cen ciuda g\u0103rzii la sol neschimbate, noul Sandero pare mai pu\u021bin \u00eenalt, mai stabil \u0219i mai \u201ea\u0219ezat\u201d, datorit\u0103 ecartamentului u\u0219or m\u0103rit \u0219i a ro\u021bilor bine dimensionate.<\/p>\n<p>Despre\u00a0<strong>Sandero Stepway<\/strong>: Este crossover-ul versatil din gama Dacia. Cu garda la sol ridicat\u0103 \u0219i un design agresiv, evoc\u0103 aventura. Imaginea \u0219i ADN-ul noului Sandero Stepway sunt consolidate printr-o diferen\u021biere crescut\u0103 fa\u021b\u0103 de noul Sandero. Cu o capot\u0103 specific\u0103 &#8211; cu nervuri \u0219i mai bombat\u0103 &#8211; sigla Stepway cromat\u0103 sub gril\u0103 \u0219i aripile curbate deasupra farurilor de cea\u021b\u0103, noul model este mult mai u\u0219or de recunoscut.<\/p>\n<p>Despre\u00a0<strong>Logan<\/strong>: Complet reproiectat\u0103, silueta noului Logan este mai fluid\u0103 \u0219i dinamic\u0103, u\u0219or alungit\u0103. Are o linie de acoperi\u0219 curg\u0103toare, antena radio plasat\u0103 la cap\u0103tul acoperi\u0219ului \u0219i o u\u0219oar\u0103 reducere a suprafe\u021belor de sticl\u0103 din laterale, care asigur\u0103 o \u00eembun\u0103t\u0103\u021bire a liniei generale a automobilului. Noul Logan vine cu un o calitate \u00eembun\u0103t\u0103\u021bit\u0103 a unor elemente, cum ar fi m\u00e2nerele u\u0219ilor.<\/p>\n<p>Noul Logan va fi comercializat \u00een Rom\u00e2nia, Spania, Noua Caledonie, Tahiti, Estonia, Letonia, Lituania, Polonia, Ungaria, Slovacia, Maroc, Bulgaria \u015fi Republica Moldova.<\/p>\n<p>Dacia nu a oferit foarte multe detalii despre noile modele \u00eens\u0103 site-urile auto sus\u021bin c\u0103 noul Logan 3\u00a0nu va mai fi construit pe noua platform\u0103 CMF-B, pe care sunt bazate \u0219i Nissan Micra \u0219i ultima variant\u0103 de Renault Clio \u0219i care este mult mai ieftin\u0103 de construit. Motor1.com scrie c\u0103 Logan 3 ar putea avea motoriz\u0103ri similare cu cele ale modelului clio: unul \u00een trei cilindri de 1,0 litri, cu 65-75 cai putere \u0219i o variant\u0103 turbo care produce peste 100 de cai.<\/p>\n<p>Dacia Logan are faruri LED, iar m\u00e2nerele portierelor au fost modificate. De asemenea, portbagajul este \u00eenalt \u0219i este de a\u0219teptat s\u0103 fie cel pu\u021bin la fel de mare ca actualului model Logan, care ofer\u0103 un spa\u021biu de bagaje de 510 litri, conform 4tuning.ro.<\/p>\n<p>Sursa <a href=\"https:\/\/stirileprotv.ro\/\">stirileprotv.ro<\/a><\/p>\n<p><img decoding=\"async\" class=\"alignnone size-full wp-image-94823 lazyload\" data-src=\"http:\/\/www.btv.md\/wp-content\/smush-webp\/2020\/09\/62146416.jpg.webp\" alt=\"\" width=\"960\" height=\"720\" data-srcset=\"https:\/\/www.btv.md\/wp-content\/smush-webp\/2020\/09\/62146416.jpg.webp 960w, https:\/\/www.btv.md\/wp-content\/smush-webp\/2020\/09\/62146416-768x576.jpg.webp 768w, https:\/\/www.btv.md\/wp-content\/smush-webp\/2020\/09\/62146416-86x64.jpg.webp 86w\" data-sizes=\"(max-width: 960px) 100vw, 960px\" src=\"data:image\/svg+xml;base64,PHN2ZyB3aWR0aD0iMSIgaGVpZ2h0PSIxIiB4bWxucz0iaHR0cDovL3d3dy53My5vcmcvMjAwMC9zdmciPjwvc3ZnPg==\" style=\"--smush-placeholder-width: 960px; --smush-placeholder-aspect-ratio: 960\/720;\" \/><img decoding=\"async\" class=\"alignnone size-full wp-image-94825 lazyload\" data-src=\"http:\/\/www.btv.md\/wp-content\/smush-webp\/2020\/09\/62146417.jpg.webp\" alt=\"\" width=\"960\" height=\"720\" data-srcset=\"https:\/\/www.btv.md\/wp-content\/smush-webp\/2020\/09\/62146417.jpg.webp 960w, https:\/\/www.btv.md\/wp-content\/smush-webp\/2020\/09\/62146417-768x576.jpg.webp 768w, https:\/\/www.btv.md\/wp-content\/smush-webp\/2020\/09\/62146417-86x64.jpg.webp 86w\" data-sizes=\"(max-width: 960px) 100vw, 960px\" src=\"data:image\/svg+xml;base64,PHN2ZyB3aWR0aD0iMSIgaGVpZ2h0PSIxIiB4bWxucz0iaHR0cDovL3d3dy53My5vcmcvMjAwMC9zdmciPjwvc3ZnPg==\" style=\"--smush-placeholder-width: 960px; --smush-placeholder-aspect-ratio: 960\/720;\" \/><\/p>\n","protected":false},"excerpt":{"rendered":"<p>Dacia anun\u021b\u0103 c\u0103 va prezenta oficial a treia genera\u021bie a gamelor Logan, Sandero, Sandero Stepway pe 29 septembrie \u0219i a publicat primele imagini cu noile modele. Autoturismele vin cu un \u201edesign complet nou\u201d \u0219i ofer\u0103 un plus de modernitate, de echipamente \u0219i versatilitate, transmite stirileprotv.ro. \u201eDe la un singur model la o gam\u0103 complet\u0103 \u0219i [&hellip;]<\/p>\n","protected":false},"author":4,"featured_media":94828,"comment_status":"closed","ping_status":"closed","sticky":false,"template":"","format":"standard","meta":{"footnotes":""},"categories":[6369,6377],"tags":[17560],"class_list":["post-94820","post","type-post","status-publish","format-standard","has-post-thumbnail","hentry","category-economie-ro","category-stiri","tag-primele-imagini-cu-noile-modele-dacia-cand-vor-fi-lansate"],"yoast_head":"<!-- This site is optimized with the Yoast SEO plugin v27.4 - https:\/\/yoast.com\/product\/yoast-seo-wordpress\/ -->\n<title>Primele imagini cu noile modele Dacia. C\u00e2nd vor fi lansate - BTV<\/title>\n<meta name=\"robots\" content=\"index, follow, max-snippet:-1, max-image-preview:large, max-video-preview:-1\" \/>\n<link rel=\"canonical\" href=\"https:\/\/www.btv.md\/ro\/primele-imagini-cu-noile-modele-dacia-cand-vor-fi-lansate\/\" \/>\n<meta property=\"og:locale\" content=\"ro_RO\" \/>\n<meta property=\"og:type\" content=\"article\" \/>\n<meta property=\"og:title\" content=\"Primele imagini cu noile modele Dacia. C\u00e2nd vor fi lansate - BTV\" \/>\n<meta property=\"og:description\" content=\"Dacia anun\u021b\u0103 c\u0103 va prezenta oficial a treia genera\u021bie a gamelor Logan, Sandero, Sandero Stepway pe 29 septembrie \u0219i a publicat primele imagini cu noile modele. Autoturismele vin cu un \u201edesign complet nou\u201d \u0219i ofer\u0103 un plus de modernitate, de echipamente \u0219i versatilitate, transmite stirileprotv.ro. \u201eDe la un singur model la o gam\u0103 complet\u0103 \u0219i [&hellip;]\" \/>\n<meta property=\"og:url\" content=\"https:\/\/www.btv.md\/ro\/primele-imagini-cu-noile-modele-dacia-cand-vor-fi-lansate\/\" \/>\n<meta property=\"og:site_name\" content=\"BTV\" \/>\n<meta property=\"article:publisher\" content=\"https:\/\/www.facebook.com\/btvmoldova\/\" \/>\n<meta property=\"article:published_time\" content=\"2020-09-07T11:08:56+00:00\" \/>\n<meta property=\"article:modified_time\" content=\"2020-09-07T11:10:39+00:00\" \/>\n<meta property=\"og:image\" content=\"https:\/\/www.btv.md\/wp-content\/uploads\/2020\/09\/1.jpg\" \/>\n\t<meta property=\"og:image:width\" content=\"2000\" \/>\n\t<meta property=\"og:image:height\" content=\"1175\" \/>\n\t<meta property=\"og:image:type\" content=\"image\/jpeg\" \/>\n<meta name=\"author\" content=\"admin\" \/>\n<meta name=\"twitter:label1\" content=\"Scris de\" \/>\n\t<meta name=\"twitter:data1\" content=\"admin\" \/>\n\t<meta name=\"twitter:label2\" content=\"Timp estimat pentru citire\" \/>\n\t<meta name=\"twitter:data2\" content=\"3 minute\" \/>\n<script type=\"application\/ld+json\" class=\"yoast-schema-graph\">{\"@context\":\"https:\\\/\\\/schema.org\",\"@graph\":[{\"@type\":\"Article\",\"@id\":\"https:\\\/\\\/www.btv.md\\\/ro\\\/primele-imagini-cu-noile-modele-dacia-cand-vor-fi-lansate\\\/#article\",\"isPartOf\":{\"@id\":\"https:\\\/\\\/www.btv.md\\\/ro\\\/primele-imagini-cu-noile-modele-dacia-cand-vor-fi-lansate\\\/\"},\"author\":{\"name\":\"admin\",\"@id\":\"https:\\\/\\\/www.btv.md\\\/#\\\/schema\\\/person\\\/8fadce81561b3ce2c34c46dadc4ccbf2\"},\"headline\":\"Primele imagini cu noile modele Dacia. C\u00e2nd vor fi lansate\",\"datePublished\":\"2020-09-07T11:08:56+00:00\",\"dateModified\":\"2020-09-07T11:10:39+00:00\",\"mainEntityOfPage\":{\"@id\":\"https:\\\/\\\/www.btv.md\\\/ro\\\/primele-imagini-cu-noile-modele-dacia-cand-vor-fi-lansate\\\/\"},\"wordCount\":535,\"image\":{\"@id\":\"https:\\\/\\\/www.btv.md\\\/ro\\\/primele-imagini-cu-noile-modele-dacia-cand-vor-fi-lansate\\\/#primaryimage\"},\"thumbnailUrl\":\"https:\\\/\\\/www.btv.md\\\/wp-content\\\/uploads\\\/2020\\\/09\\\/1.jpg\",\"keywords\":[\"Primele imagini cu noile modele Dacia. C\u00e2nd vor fi lansate\"],\"articleSection\":[\"Economie\",\"\u0218tiri\"],\"inLanguage\":\"ro-RO\"},{\"@type\":\"WebPage\",\"@id\":\"https:\\\/\\\/www.btv.md\\\/ro\\\/primele-imagini-cu-noile-modele-dacia-cand-vor-fi-lansate\\\/\",\"url\":\"https:\\\/\\\/www.btv.md\\\/ro\\\/primele-imagini-cu-noile-modele-dacia-cand-vor-fi-lansate\\\/\",\"name\":\"Primele imagini cu noile modele Dacia. C\u00e2nd vor fi lansate - BTV\",\"isPartOf\":{\"@id\":\"https:\\\/\\\/www.btv.md\\\/#website\"},\"primaryImageOfPage\":{\"@id\":\"https:\\\/\\\/www.btv.md\\\/ro\\\/primele-imagini-cu-noile-modele-dacia-cand-vor-fi-lansate\\\/#primaryimage\"},\"image\":{\"@id\":\"https:\\\/\\\/www.btv.md\\\/ro\\\/primele-imagini-cu-noile-modele-dacia-cand-vor-fi-lansate\\\/#primaryimage\"},\"thumbnailUrl\":\"https:\\\/\\\/www.btv.md\\\/wp-content\\\/uploads\\\/2020\\\/09\\\/1.jpg\",\"datePublished\":\"2020-09-07T11:08:56+00:00\",\"dateModified\":\"2020-09-07T11:10:39+00:00\",\"author\":{\"@id\":\"https:\\\/\\\/www.btv.md\\\/#\\\/schema\\\/person\\\/8fadce81561b3ce2c34c46dadc4ccbf2\"},\"inLanguage\":\"ro-RO\",\"potentialAction\":[{\"@type\":\"ReadAction\",\"target\":[\"https:\\\/\\\/www.btv.md\\\/ro\\\/primele-imagini-cu-noile-modele-dacia-cand-vor-fi-lansate\\\/\"]}]},{\"@type\":\"ImageObject\",\"inLanguage\":\"ro-RO\",\"@id\":\"https:\\\/\\\/www.btv.md\\\/ro\\\/primele-imagini-cu-noile-modele-dacia-cand-vor-fi-lansate\\\/#primaryimage\",\"url\":\"https:\\\/\\\/www.btv.md\\\/wp-content\\\/uploads\\\/2020\\\/09\\\/1.jpg\",\"contentUrl\":\"https:\\\/\\\/www.btv.md\\\/wp-content\\\/uploads\\\/2020\\\/09\\\/1.jpg\",\"width\":2000,\"height\":1175},{\"@type\":\"WebSite\",\"@id\":\"https:\\\/\\\/www.btv.md\\\/#website\",\"url\":\"https:\\\/\\\/www.btv.md\\\/\",\"name\":\"BTV\",\"description\":\"\u0411\u0435\u043b\u044c\u0446\u043a\u043e\u0435 \u0442\u0435\u043b\u0435\u0432\u0438\u0434\u0435\u043d\u0438\u0435\",\"potentialAction\":[{\"@type\":\"SearchAction\",\"target\":{\"@type\":\"EntryPoint\",\"urlTemplate\":\"https:\\\/\\\/www.btv.md\\\/?s={search_term_string}\"},\"query-input\":{\"@type\":\"PropertyValueSpecification\",\"valueRequired\":true,\"valueName\":\"search_term_string\"}}],\"inLanguage\":\"ro-RO\"},{\"@type\":\"Person\",\"@id\":\"https:\\\/\\\/www.btv.md\\\/#\\\/schema\\\/person\\\/8fadce81561b3ce2c34c46dadc4ccbf2\",\"name\":\"admin\"}]}<\/script>\n<!-- \/ Yoast SEO plugin. -->","yoast_head_json":{"title":"Primele imagini cu noile modele Dacia. C\u00e2nd vor fi lansate - BTV","robots":{"index":"index","follow":"follow","max-snippet":"max-snippet:-1","max-image-preview":"max-image-preview:large","max-video-preview":"max-video-preview:-1"},"canonical":"https:\/\/www.btv.md\/ro\/primele-imagini-cu-noile-modele-dacia-cand-vor-fi-lansate\/","og_locale":"ro_RO","og_type":"article","og_title":"Primele imagini cu noile modele Dacia. C\u00e2nd vor fi lansate - BTV","og_description":"Dacia anun\u021b\u0103 c\u0103 va prezenta oficial a treia genera\u021bie a gamelor Logan, Sandero, Sandero Stepway pe 29 septembrie \u0219i a publicat primele imagini cu noile modele. Autoturismele vin cu un \u201edesign complet nou\u201d \u0219i ofer\u0103 un plus de modernitate, de echipamente \u0219i versatilitate, transmite stirileprotv.ro. \u201eDe la un singur model la o gam\u0103 complet\u0103 \u0219i [&hellip;]","og_url":"https:\/\/www.btv.md\/ro\/primele-imagini-cu-noile-modele-dacia-cand-vor-fi-lansate\/","og_site_name":"BTV","article_publisher":"https:\/\/www.facebook.com\/btvmoldova\/","article_published_time":"2020-09-07T11:08:56+00:00","article_modified_time":"2020-09-07T11:10:39+00:00","og_image":[{"width":2000,"height":1175,"url":"https:\/\/www.btv.md\/wp-content\/uploads\/2020\/09\/1.jpg","type":"image\/jpeg"}],"author":"admin","twitter_misc":{"Scris de":"admin","Timp estimat pentru citire":"3 minute"},"schema":{"@context":"https:\/\/schema.org","@graph":[{"@type":"Article","@id":"https:\/\/www.btv.md\/ro\/primele-imagini-cu-noile-modele-dacia-cand-vor-fi-lansate\/#article","isPartOf":{"@id":"https:\/\/www.btv.md\/ro\/primele-imagini-cu-noile-modele-dacia-cand-vor-fi-lansate\/"},"author":{"name":"admin","@id":"https:\/\/www.btv.md\/#\/schema\/person\/8fadce81561b3ce2c34c46dadc4ccbf2"},"headline":"Primele imagini cu noile modele Dacia. C\u00e2nd vor fi lansate","datePublished":"2020-09-07T11:08:56+00:00","dateModified":"2020-09-07T11:10:39+00:00","mainEntityOfPage":{"@id":"https:\/\/www.btv.md\/ro\/primele-imagini-cu-noile-modele-dacia-cand-vor-fi-lansate\/"},"wordCount":535,"image":{"@id":"https:\/\/www.btv.md\/ro\/primele-imagini-cu-noile-modele-dacia-cand-vor-fi-lansate\/#primaryimage"},"thumbnailUrl":"https:\/\/www.btv.md\/wp-content\/uploads\/2020\/09\/1.jpg","keywords":["Primele imagini cu noile modele Dacia. C\u00e2nd vor fi lansate"],"articleSection":["Economie","\u0218tiri"],"inLanguage":"ro-RO"},{"@type":"WebPage","@id":"https:\/\/www.btv.md\/ro\/primele-imagini-cu-noile-modele-dacia-cand-vor-fi-lansate\/","url":"https:\/\/www.btv.md\/ro\/primele-imagini-cu-noile-modele-dacia-cand-vor-fi-lansate\/","name":"Primele imagini cu noile modele Dacia. C\u00e2nd vor fi lansate - BTV","isPartOf":{"@id":"https:\/\/www.btv.md\/#website"},"primaryImageOfPage":{"@id":"https:\/\/www.btv.md\/ro\/primele-imagini-cu-noile-modele-dacia-cand-vor-fi-lansate\/#primaryimage"},"image":{"@id":"https:\/\/www.btv.md\/ro\/primele-imagini-cu-noile-modele-dacia-cand-vor-fi-lansate\/#primaryimage"},"thumbnailUrl":"https:\/\/www.btv.md\/wp-content\/uploads\/2020\/09\/1.jpg","datePublished":"2020-09-07T11:08:56+00:00","dateModified":"2020-09-07T11:10:39+00:00","author":{"@id":"https:\/\/www.btv.md\/#\/schema\/person\/8fadce81561b3ce2c34c46dadc4ccbf2"},"inLanguage":"ro-RO","potentialAction":[{"@type":"ReadAction","target":["https:\/\/www.btv.md\/ro\/primele-imagini-cu-noile-modele-dacia-cand-vor-fi-lansate\/"]}]},{"@type":"ImageObject","inLanguage":"ro-RO","@id":"https:\/\/www.btv.md\/ro\/primele-imagini-cu-noile-modele-dacia-cand-vor-fi-lansate\/#primaryimage","url":"https:\/\/www.btv.md\/wp-content\/uploads\/2020\/09\/1.jpg","contentUrl":"https:\/\/www.btv.md\/wp-content\/uploads\/2020\/09\/1.jpg","width":2000,"height":1175},{"@type":"WebSite","@id":"https:\/\/www.btv.md\/#website","url":"https:\/\/www.btv.md\/","name":"BTV","description":"\u0411\u0435\u043b\u044c\u0446\u043a\u043e\u0435 \u0442\u0435\u043b\u0435\u0432\u0438\u0434\u0435\u043d\u0438\u0435","potentialAction":[{"@type":"SearchAction","target":{"@type":"EntryPoint","urlTemplate":"https:\/\/www.btv.md\/?s={search_term_string}"},"query-input":{"@type":"PropertyValueSpecification","valueRequired":true,"valueName":"search_term_string"}}],"inLanguage":"ro-RO"},{"@type":"Person","@id":"https:\/\/www.btv.md\/#\/schema\/person\/8fadce81561b3ce2c34c46dadc4ccbf2","name":"admin"}]}},"_links":{"self":[{"href":"https:\/\/www.btv.md\/ro\/wp-json\/wp\/v2\/posts\/94820","targetHints":{"allow":["GET"]}}],"collection":[{"href":"https:\/\/www.btv.md\/ro\/wp-json\/wp\/v2\/posts"}],"about":[{"href":"https:\/\/www.btv.md\/ro\/wp-json\/wp\/v2\/types\/post"}],"author":[{"embeddable":true,"href":"https:\/\/www.btv.md\/ro\/wp-json\/wp\/v2\/users\/4"}],"replies":[{"embeddable":true,"href":"https:\/\/www.btv.md\/ro\/wp-json\/wp\/v2\/comments?post=94820"}],"version-history":[{"count":0,"href":"https:\/\/www.btv.md\/ro\/wp-json\/wp\/v2\/posts\/94820\/revisions"}],"wp:featuredmedia":[{"embeddable":true,"href":"https:\/\/www.btv.md\/ro\/wp-json\/wp\/v2\/media\/94828"}],"wp:attachment":[{"href":"https:\/\/www.btv.md\/ro\/wp-json\/wp\/v2\/media?parent=94820"}],"wp:term":[{"taxonomy":"category","embeddable":true,"href":"https:\/\/www.btv.md\/ro\/wp-json\/wp\/v2\/categories?post=94820"},{"taxonomy":"post_tag","embeddable":true,"href":"https:\/\/www.btv.md\/ro\/wp-json\/wp\/v2\/tags?post=94820"}],"curies":[{"name":"wp","href":"https:\/\/api.w.org\/{rel}","templated":true}]}}