{"id":9484,"date":"2016-03-23T16:15:01","date_gmt":"2016-03-23T13:15:01","guid":{"rendered":"http:\/\/btv.md\/?p=9484"},"modified":"2016-03-23T16:15:01","modified_gmt":"2016-03-23T13:15:01","slug":"socant-cine-sunt-autorii-atentatelor-de-la-bruxelles","status":"publish","type":"post","link":"https:\/\/www.btv.md\/ro\/socant-cine-sunt-autorii-atentatelor-de-la-bruxelles\/","title":{"rendered":"\u0218ocant! Cine sunt autorii atentatelor de la Bruxelles"},"content":{"rendered":"<p><strong>VICTIMELE   ATENTATELOR  DE  LA  BRUXELLES  AU  FOST  COMEMORATE<\/strong><\/p>\n<p><strong>Mai mult de 30 de persoane au murit, iar alte 200 au fost r\u0103nite \u00een urma exploziilor de la Bruxelles.<\/strong><\/p>\n<p>Mai multe persoane s-au adunat mar\u021bi sear\u0103 \u00een centrul ora\u0219ului Bruxelles pentru a comemora victimele atacurilor teroriste. Oamenii au depus flori \u0219i au aprins lum\u00e2n\u0103ri.<\/p>\n<p>Atacatorii din aeroportul interna\u021bional din Bruxelles transportau bombele lor \u00een valize pe c\u0103rucioare, a declarat pentru AFP, \u00een timpul serii, primarul comunei unde este situat aeroportul, transmite Agerpres.<\/p>\n<p>&#8222;<em>Au venit cu un taxi, bombele lor erau \u00een valize. Au pus valizele \u00een c\u0103rucioare. Primele dou\u0103 bombe au explodat. Al treilea \u0219i-a pus de asemenea valiza pe un c\u0103rucior, dar el trebuie s\u0103 fi intrat \u00een panic\u0103, aceasta nu a explodat<\/em>&#8222;, a declarat primarul din Zaventem, Francis Vermeiren.<\/p>\n<p>puterea.ro<\/p>\n<p><strong>AUTORII  ATENTATELOR  DE  LA  BRUXELLES  AU  FOST  IDENTIFICA\u021aI<\/strong><\/p>\n<p><strong>Au fost identifica\u021bi cei doi atacatori sinuciga\u0219i de la aeroportul din Bruxelles.<\/strong><br \/>\nAutorit\u0103\u021bile din Belgia spun c\u0103 este vorba despre doi fra\u021bi, ambii cet\u0103\u021beni belgieni.<\/p>\n<p>Ace\u0219tia se aflau \u00een vizorul poli\u021biei dar nu pentru activit\u0103\u021bi teroriste, ci pentru t\u00e2lh\u0103rii.<\/p>\n<p>Cei doi ap\u0103reau \u00eentr-o fotografie surprins\u0103 de camerele de supraveghere ale aeroportului \u00eenainte de explozii, al\u0103turi de \u00eenc\u0103 o persoan\u0103.<\/p>\n<p>Al treilea suspect este c\u0103utat \u00een continuare de autorit\u0103\u021bi, fiind dat \u00een urm\u0103rire. ADN-ul acestuia a fost descoperit \u00een locuin\u021bele folosite de autorii atacurilor teroriste de la Paris, comise pe 13 noiembrie anul trecut \u0219i soldate cu 130 de mor\u021bi \u0219i sute r\u0103ni\u021bi.<\/p>\n<p>bucurestifm.ro<\/p>\n<p><strong>LUPT\u0102TORII  STATULUI  ISLAMIC  FOLOSESC  UN  DROG  SPECIAL<\/strong><\/p>\n<p><strong>Profesorul australian Nicolas Rasmusen, de la Universitatea din New South Wales, a analizat comportamentul lupt\u0103torilor din cadrul grup\u0103rii teroriste Stat Islamic, ajung\u00e2nd la concluzia c\u0103 ace\u015ftia folosesc un drog special, denumit Captagon, pentru a avea o rezisten\u0163\u0103 fizic\u0103 sporit\u0103, scrie Descoper\u0103.<\/strong><\/p>\n<p>Substan\u0163a halucinogen\u0103 este compus\u0103 din molecule de fenetilin\u0103 \u015fi amfetamin\u0103 \u015fi nu se activeaz\u0103 instantaneu \u00een organismul uman, efectele acesteia declan\u015f\u00e2ndu-se abia \u00een momentul \u00een care moleculele de teofilin\u0103 \u015fi amfetamin\u0103 \u00eencep s\u0103 se dezbine.<\/p>\n<p>Teofilina are o structur\u0103 similar\u0103 cafeinei, amplific\u00e2nd activitatea sistemului respirator, motiv pentru care este folosit\u0103 \u00een tratarea persoanelor care sufer\u0103 de astm. Pe de alt\u0103 parte, rolul amfetaminei \u00een drogul Captagon este de a accelera producerea de adrenalin\u0103 la nivelul corpului uman. Astfel, ingerarea moleculelor de amfetamin\u0103 produce senza\u0163ia de pl\u0103cere \u015fi reduce nevoia de a dormi \u015fi a m\u00e2nca.<\/p>\n<p>Toate aceste efecte sunt similare cu cele produse de consumul de cafein\u0103. Ca \u00een cazul acesteia, amfetamina nu d\u0103uneaz\u0103 organismului, dec\u00e2t dac\u0103 este consumat\u0103 \u00een cantit\u0103\u0163i mari. Astfel, persoanele care ingereaz\u0103 \u00een exces amfetamin\u0103 prezint\u0103 riscuri ridicate de a se \u00eemboln\u0103vi de boli cardiovasculare.<\/p>\n<p>Cel mai important efect pe care \u00eel produce Captagonul este inhibarea senza\u0163iei de durere. \u00cen acest sens, mass-media a vehiculat informa\u0163ia conform c\u0103reia lupt\u0103torii ISIS folosesc aceast\u0103 substan\u0163\u0103 pentru a-\u015fi spori activitatea fizic\u0103, relateaz\u0103 Descoper\u0103.<\/p>\n<p>mediafax.ro<\/p>\n<p><strong>REAC\u021aIA  RUSIEI  DUP\u0102  ATENTATELE  DE  LA  BRUXELLES<\/strong><\/p>\n<p><strong>Atacurile cu bomb\u0103 de la Bruxelles dovedesc faptul c\u0103 o concentrare a aten\u0163iei NATO asupra Rusiei este &#8222;absolut gre\u015fit\u0103&#8221;, deoarece inamicul real este terorismul interna\u0163ional, a declarat mar\u0163i un oficial rus de rang \u00eenalt, relateaz\u0103 DPA online.<\/strong><\/p>\n<p>&#8222;<em>\u00cen timp ce NATO se preg\u0103te\u015fte s\u0103 mobilizeze unit\u0103\u0163i militare suplimentare \u00een \u0163\u0103rile baltice, oameni sunt arunca\u0163i \u00een aer la Bruxelles, unde se afl\u0103 cartierul general al Alian\u0163ei<\/em>&#8221; Nord-Atlantice, a declarat pentru agen\u0163ia de stat Tass Aleksei Pu\u015fkov, pre\u015fedintele Comisiei pentru Afaceri Externe din cadrul Dumei de Stat (Camera inferioar\u0103 a Parlamentului rus).<\/p>\n<p>Pu\u015fkov a apreciat c\u0103 atacurile de la Bruxelles &#8222;<em>nu fac altceva dec\u00e2t s\u0103 confirme c\u00e2t de mult\u0103 dreptate au cei care \u00eencearc\u0103 s\u0103 \u00eendrepte Uniunea European\u0103 (UE) c\u0103tre o cooperare cu Rusia \u00een lupta \u00eempotriva terorismului<\/em>&#8222;.<\/p>\n<p>&#8222;<em>Cea mai mare amenin\u0163are la adresa securit\u0103\u0163ii europene nu vine din partea Rusiei, ci a organiza\u0163iilor teroriste interna\u0163ionale<\/em>&#8222;, a apreciat parlamentarul rus.<\/p>\n<p>NATO &#8222;<em>repet\u0103 \u00eentr-una c\u0103 principala sa sarcin\u0103 este s\u0103 contracareze amenin\u0163area rus\u0103, dar ne este clar tuturor c\u0103 cea mai mare amenin\u0163are vine din sud<\/em>&#8222;, a spus Pu\u015fkov.<\/p>\n<p>De asemenea, Ministerul rus de Externe a avertizat c\u0103 Occidentul nu poate s\u0103-i sus\u0163in\u0103 pe unii terori\u015fti \u015fi s\u0103 nu se a\u015ftepte la atacuri din partea altora.<\/p>\n<p>Pre\u015fedintele rus Vladimir Putin a catalogat atacurile drept o &#8222;crim\u0103 barbar\u0103&#8221;. &#8222;<em>Lupta \u00eempotriva r\u0103ului cere cel mai \u00eenalt nivel \u00een cooperarea interna\u0163ional\u0103<\/em>&#8222;, a subliniat Putin, citat \u00eentr-un comunicat.<\/p>\n<p>Rusia insist\u0103 de mult timp asupra unei cooper\u0103ri interna\u0163ionale \u00een lupta \u00eempotriva terorismului &#8211; \u00een special \u00een Siria, unde este aliatul-cheie al pre\u015fedintelui sirian Bashar al-Assad.<\/p>\n<p>Diploma\u0163ia sirian\u0103 apreciaz\u0103, de asemenea, c\u0103 &#8222;<em>atacurile teroriste de la Bruxelles, cele comise anterior la Paris \u015fi \u00een alte locuri din lume arat\u0103 c\u0103 terorismul nu cunoa\u015fte frontiere<\/em>&#8222;.<\/p>\n<p>zf.ro<\/p>\n<p><strong>CRIZA  DIN   RUSIA  SE  ACUTIZEAZ\u0102<\/strong><\/p>\n<p><strong>Num\u0103rul de cet\u0103\u0163eni ru\u015fi care tr\u0103iesc sub pragul s\u0103r\u0103ciei a ajuns la 19,2 milioane \u00een 2015, cel mai ridicat nivel din ultimii 9 ani, recesiunea afect\u00e2nd puternic puterea de cump\u0103rare a familiilor din Federa\u0163ia Rus\u0103, potrivit statisticilor oficiale publicate luni, informeaz\u0103 AFP.<\/strong><\/p>\n<p>Aceste cifre ale Rosstat ilustreaz\u0103 dublul efect pe care l-a avut asupra nivelului de trai al ru\u015filor criza cauzat\u0103 de pr\u0103bu\u015firea cursului la petrol \u015fi sanc\u0163iunile occidentale decise pe fondul r\u0103zboiului din Ucraina, \u00een condi\u0163iile \u00een care pre\u015fedintele rus Vladimir Putin \u015fi-a construit popularitatea pe progresele \u00eenregistrate \u00een ceea ce prive\u015fte lupta \u00eempotriva s\u0103r\u0103ciei. <\/p>\n<p>Anul trecut, \u00een jur de 19,2 milioane de ru\u015fi, adic\u0103 13,4% din popula\u0163ie, au tr\u0103it cu venituri inferioare pragului fixat de guvern \u00een func\u0163ie de un &#8216;co\u015f de produse indispensabile&#8217;. \u00cen 2014, num\u0103rul acestor persoane se ridica la 16,1 milioane (11,2% din popula\u0163ie), ceea ce \u00eenseamn\u0103 o cre\u015ftere cu 20%. <\/p>\n<p>Ca \u00een fiecare an, v\u00e2rful a fost atins \u00een primul trimestru, c\u00e2nd num\u0103rul de cet\u0103\u0163eni ru\u015fi considera\u0163i s\u0103raci a ajuns la 22,9 milioane, adic\u0103 15,9% din popula\u0163ie. \u00cen trimestrul patru, urm\u00e2nd tendin\u0163a sezonier\u0103 obi\u015fnuit\u0103, num\u0103rul celor afla\u0163i sub pragul de s\u0103r\u0103cie a fost de 14,5 milioane, adic\u0103 10% din popula\u0163ie. <\/p>\n<p>Aceast\u0103 tendin\u0163\u0103 se explic\u0103 prin cre\u015fterea spectaculoas\u0103 a pre\u0163urilor provocat\u0103 anul trecut de criza monetar\u0103, cu o pr\u0103bu\u015fire a rublei, precum \u015fi de embargoul instituit de Kremlin asupra majorit\u0103\u0163ii produselor alimentare occidentale, ca represalii la sanc\u0163iunile europene \u015fi americane \u00een contexul crizei ucrainene.<\/p>\n<p>capital.ro<\/p>\n<p><iframe width=\"420\" height=\"315\" data-src=\"https:\/\/www.youtube.com\/embed\/yL0ZgPgPzZA\" frameborder=\"0\" allowfullscreen src=\"data:image\/svg+xml;base64,PHN2ZyB3aWR0aD0iMSIgaGVpZ2h0PSIxIiB4bWxucz0iaHR0cDovL3d3dy53My5vcmcvMjAwMC9zdmciPjwvc3ZnPg==\" class=\"lazyload\" data-load-mode=\"1\"><\/iframe><\/p>\n","protected":false},"excerpt":{"rendered":"<p>VICTIMELE ATENTATELOR DE LA BRUXELLES AU FOST COMEMORATE Mai mult de 30 de persoane au murit, iar alte 200 au fost r\u0103nite \u00een urma exploziilor de la Bruxelles. Mai multe persoane s-au adunat mar\u021bi sear\u0103 \u00een centrul ora\u0219ului Bruxelles pentru a comemora victimele atacurilor teroriste. Oamenii au depus flori \u0219i au aprins lum\u00e2n\u0103ri. Atacatorii din [&hellip;]<\/p>\n","protected":false},"author":4,"featured_media":9485,"comment_status":"closed","ping_status":"closed","sticky":false,"template":"","format":"standard","meta":{"footnotes":""},"categories":[14],"tags":[],"class_list":["post-9484","post","type-post","status-publish","format-standard","has-post-thumbnail","hentry","category-externe"],"yoast_head":"<!-- This site is optimized with the Yoast SEO plugin v27.4 - https:\/\/yoast.com\/product\/yoast-seo-wordpress\/ -->\n<title>\u0218ocant! Cine sunt autorii atentatelor de la Bruxelles - BTV<\/title>\n<meta name=\"robots\" content=\"index, follow, max-snippet:-1, max-image-preview:large, max-video-preview:-1\" \/>\n<link rel=\"canonical\" href=\"https:\/\/www.btv.md\/ro\/socant-cine-sunt-autorii-atentatelor-de-la-bruxelles\/\" \/>\n<meta property=\"og:locale\" content=\"ro_RO\" \/>\n<meta property=\"og:type\" content=\"article\" \/>\n<meta property=\"og:title\" content=\"\u0218ocant! Cine sunt autorii atentatelor de la Bruxelles - BTV\" \/>\n<meta property=\"og:description\" content=\"VICTIMELE ATENTATELOR DE LA BRUXELLES AU FOST COMEMORATE Mai mult de 30 de persoane au murit, iar alte 200 au fost r\u0103nite \u00een urma exploziilor de la Bruxelles. Mai multe persoane s-au adunat mar\u021bi sear\u0103 \u00een centrul ora\u0219ului Bruxelles pentru a comemora victimele atacurilor teroriste. Oamenii au depus flori \u0219i au aprins lum\u00e2n\u0103ri. Atacatorii din [&hellip;]\" \/>\n<meta property=\"og:url\" content=\"https:\/\/www.btv.md\/ro\/socant-cine-sunt-autorii-atentatelor-de-la-bruxelles\/\" \/>\n<meta property=\"og:site_name\" content=\"BTV\" \/>\n<meta property=\"article:publisher\" content=\"https:\/\/www.facebook.com\/btvmoldova\/\" \/>\n<meta property=\"article:published_time\" content=\"2016-03-23T13:15:01+00:00\" \/>\n<meta property=\"og:image\" content=\"https:\/\/www.btv.md\/wp-content\/uploads\/2016\/03\/cu_carutul_in_magazin_52193600.jpg\" \/>\n\t<meta property=\"og:image:width\" content=\"460\" \/>\n\t<meta property=\"og:image:height\" content=\"259\" \/>\n\t<meta property=\"og:image:type\" content=\"image\/jpeg\" \/>\n<meta name=\"author\" content=\"admin\" \/>\n<meta name=\"twitter:label1\" content=\"Scris de\" \/>\n\t<meta name=\"twitter:data1\" content=\"admin\" \/>\n\t<meta name=\"twitter:label2\" content=\"Timp estimat pentru citire\" \/>\n\t<meta name=\"twitter:data2\" content=\"6 minute\" \/>\n<script type=\"application\/ld+json\" class=\"yoast-schema-graph\">{\"@context\":\"https:\\\/\\\/schema.org\",\"@graph\":[{\"@type\":\"Article\",\"@id\":\"https:\\\/\\\/www.btv.md\\\/ro\\\/socant-cine-sunt-autorii-atentatelor-de-la-bruxelles\\\/#article\",\"isPartOf\":{\"@id\":\"https:\\\/\\\/www.btv.md\\\/ro\\\/socant-cine-sunt-autorii-atentatelor-de-la-bruxelles\\\/\"},\"author\":{\"name\":\"admin\",\"@id\":\"https:\\\/\\\/www.btv.md\\\/#\\\/schema\\\/person\\\/8fadce81561b3ce2c34c46dadc4ccbf2\"},\"headline\":\"\u0218ocant! Cine sunt autorii atentatelor de la Bruxelles\",\"datePublished\":\"2016-03-23T13:15:01+00:00\",\"mainEntityOfPage\":{\"@id\":\"https:\\\/\\\/www.btv.md\\\/ro\\\/socant-cine-sunt-autorii-atentatelor-de-la-bruxelles\\\/\"},\"wordCount\":1132,\"image\":{\"@id\":\"https:\\\/\\\/www.btv.md\\\/ro\\\/socant-cine-sunt-autorii-atentatelor-de-la-bruxelles\\\/#primaryimage\"},\"thumbnailUrl\":\"https:\\\/\\\/www.btv.md\\\/wp-content\\\/uploads\\\/2016\\\/03\\\/cu_carutul_in_magazin_52193600.jpg\",\"articleSection\":[\"\u0417\u0430\u0440\u0443\u0431\u0435\u0436\u043d\u044b\u0435\"],\"inLanguage\":\"ro-RO\"},{\"@type\":\"WebPage\",\"@id\":\"https:\\\/\\\/www.btv.md\\\/ro\\\/socant-cine-sunt-autorii-atentatelor-de-la-bruxelles\\\/\",\"url\":\"https:\\\/\\\/www.btv.md\\\/ro\\\/socant-cine-sunt-autorii-atentatelor-de-la-bruxelles\\\/\",\"name\":\"\u0218ocant! Cine sunt autorii atentatelor de la Bruxelles - BTV\",\"isPartOf\":{\"@id\":\"https:\\\/\\\/www.btv.md\\\/#website\"},\"primaryImageOfPage\":{\"@id\":\"https:\\\/\\\/www.btv.md\\\/ro\\\/socant-cine-sunt-autorii-atentatelor-de-la-bruxelles\\\/#primaryimage\"},\"image\":{\"@id\":\"https:\\\/\\\/www.btv.md\\\/ro\\\/socant-cine-sunt-autorii-atentatelor-de-la-bruxelles\\\/#primaryimage\"},\"thumbnailUrl\":\"https:\\\/\\\/www.btv.md\\\/wp-content\\\/uploads\\\/2016\\\/03\\\/cu_carutul_in_magazin_52193600.jpg\",\"datePublished\":\"2016-03-23T13:15:01+00:00\",\"author\":{\"@id\":\"https:\\\/\\\/www.btv.md\\\/#\\\/schema\\\/person\\\/8fadce81561b3ce2c34c46dadc4ccbf2\"},\"inLanguage\":\"ro-RO\",\"potentialAction\":[{\"@type\":\"ReadAction\",\"target\":[\"https:\\\/\\\/www.btv.md\\\/ro\\\/socant-cine-sunt-autorii-atentatelor-de-la-bruxelles\\\/\"]}]},{\"@type\":\"ImageObject\",\"inLanguage\":\"ro-RO\",\"@id\":\"https:\\\/\\\/www.btv.md\\\/ro\\\/socant-cine-sunt-autorii-atentatelor-de-la-bruxelles\\\/#primaryimage\",\"url\":\"https:\\\/\\\/www.btv.md\\\/wp-content\\\/uploads\\\/2016\\\/03\\\/cu_carutul_in_magazin_52193600.jpg\",\"contentUrl\":\"https:\\\/\\\/www.btv.md\\\/wp-content\\\/uploads\\\/2016\\\/03\\\/cu_carutul_in_magazin_52193600.jpg\",\"width\":460,\"height\":259,\"caption\":\"www.romaniatv.net\"},{\"@type\":\"WebSite\",\"@id\":\"https:\\\/\\\/www.btv.md\\\/#website\",\"url\":\"https:\\\/\\\/www.btv.md\\\/\",\"name\":\"BTV\",\"description\":\"\u0411\u0435\u043b\u044c\u0446\u043a\u043e\u0435 \u0442\u0435\u043b\u0435\u0432\u0438\u0434\u0435\u043d\u0438\u0435\",\"potentialAction\":[{\"@type\":\"SearchAction\",\"target\":{\"@type\":\"EntryPoint\",\"urlTemplate\":\"https:\\\/\\\/www.btv.md\\\/?s={search_term_string}\"},\"query-input\":{\"@type\":\"PropertyValueSpecification\",\"valueRequired\":true,\"valueName\":\"search_term_string\"}}],\"inLanguage\":\"ro-RO\"},{\"@type\":\"Person\",\"@id\":\"https:\\\/\\\/www.btv.md\\\/#\\\/schema\\\/person\\\/8fadce81561b3ce2c34c46dadc4ccbf2\",\"name\":\"admin\"}]}<\/script>\n<!-- \/ Yoast SEO plugin. -->","yoast_head_json":{"title":"\u0218ocant! Cine sunt autorii atentatelor de la Bruxelles - BTV","robots":{"index":"index","follow":"follow","max-snippet":"max-snippet:-1","max-image-preview":"max-image-preview:large","max-video-preview":"max-video-preview:-1"},"canonical":"https:\/\/www.btv.md\/ro\/socant-cine-sunt-autorii-atentatelor-de-la-bruxelles\/","og_locale":"ro_RO","og_type":"article","og_title":"\u0218ocant! Cine sunt autorii atentatelor de la Bruxelles - BTV","og_description":"VICTIMELE ATENTATELOR DE LA BRUXELLES AU FOST COMEMORATE Mai mult de 30 de persoane au murit, iar alte 200 au fost r\u0103nite \u00een urma exploziilor de la Bruxelles. Mai multe persoane s-au adunat mar\u021bi sear\u0103 \u00een centrul ora\u0219ului Bruxelles pentru a comemora victimele atacurilor teroriste. Oamenii au depus flori \u0219i au aprins lum\u00e2n\u0103ri. Atacatorii din [&hellip;]","og_url":"https:\/\/www.btv.md\/ro\/socant-cine-sunt-autorii-atentatelor-de-la-bruxelles\/","og_site_name":"BTV","article_publisher":"https:\/\/www.facebook.com\/btvmoldova\/","article_published_time":"2016-03-23T13:15:01+00:00","og_image":[{"width":460,"height":259,"url":"https:\/\/www.btv.md\/wp-content\/uploads\/2016\/03\/cu_carutul_in_magazin_52193600.jpg","type":"image\/jpeg"}],"author":"admin","twitter_misc":{"Scris de":"admin","Timp estimat pentru citire":"6 minute"},"schema":{"@context":"https:\/\/schema.org","@graph":[{"@type":"Article","@id":"https:\/\/www.btv.md\/ro\/socant-cine-sunt-autorii-atentatelor-de-la-bruxelles\/#article","isPartOf":{"@id":"https:\/\/www.btv.md\/ro\/socant-cine-sunt-autorii-atentatelor-de-la-bruxelles\/"},"author":{"name":"admin","@id":"https:\/\/www.btv.md\/#\/schema\/person\/8fadce81561b3ce2c34c46dadc4ccbf2"},"headline":"\u0218ocant! Cine sunt autorii atentatelor de la Bruxelles","datePublished":"2016-03-23T13:15:01+00:00","mainEntityOfPage":{"@id":"https:\/\/www.btv.md\/ro\/socant-cine-sunt-autorii-atentatelor-de-la-bruxelles\/"},"wordCount":1132,"image":{"@id":"https:\/\/www.btv.md\/ro\/socant-cine-sunt-autorii-atentatelor-de-la-bruxelles\/#primaryimage"},"thumbnailUrl":"https:\/\/www.btv.md\/wp-content\/uploads\/2016\/03\/cu_carutul_in_magazin_52193600.jpg","articleSection":["\u0417\u0430\u0440\u0443\u0431\u0435\u0436\u043d\u044b\u0435"],"inLanguage":"ro-RO"},{"@type":"WebPage","@id":"https:\/\/www.btv.md\/ro\/socant-cine-sunt-autorii-atentatelor-de-la-bruxelles\/","url":"https:\/\/www.btv.md\/ro\/socant-cine-sunt-autorii-atentatelor-de-la-bruxelles\/","name":"\u0218ocant! Cine sunt autorii atentatelor de la Bruxelles - BTV","isPartOf":{"@id":"https:\/\/www.btv.md\/#website"},"primaryImageOfPage":{"@id":"https:\/\/www.btv.md\/ro\/socant-cine-sunt-autorii-atentatelor-de-la-bruxelles\/#primaryimage"},"image":{"@id":"https:\/\/www.btv.md\/ro\/socant-cine-sunt-autorii-atentatelor-de-la-bruxelles\/#primaryimage"},"thumbnailUrl":"https:\/\/www.btv.md\/wp-content\/uploads\/2016\/03\/cu_carutul_in_magazin_52193600.jpg","datePublished":"2016-03-23T13:15:01+00:00","author":{"@id":"https:\/\/www.btv.md\/#\/schema\/person\/8fadce81561b3ce2c34c46dadc4ccbf2"},"inLanguage":"ro-RO","potentialAction":[{"@type":"ReadAction","target":["https:\/\/www.btv.md\/ro\/socant-cine-sunt-autorii-atentatelor-de-la-bruxelles\/"]}]},{"@type":"ImageObject","inLanguage":"ro-RO","@id":"https:\/\/www.btv.md\/ro\/socant-cine-sunt-autorii-atentatelor-de-la-bruxelles\/#primaryimage","url":"https:\/\/www.btv.md\/wp-content\/uploads\/2016\/03\/cu_carutul_in_magazin_52193600.jpg","contentUrl":"https:\/\/www.btv.md\/wp-content\/uploads\/2016\/03\/cu_carutul_in_magazin_52193600.jpg","width":460,"height":259,"caption":"www.romaniatv.net"},{"@type":"WebSite","@id":"https:\/\/www.btv.md\/#website","url":"https:\/\/www.btv.md\/","name":"BTV","description":"\u0411\u0435\u043b\u044c\u0446\u043a\u043e\u0435 \u0442\u0435\u043b\u0435\u0432\u0438\u0434\u0435\u043d\u0438\u0435","potentialAction":[{"@type":"SearchAction","target":{"@type":"EntryPoint","urlTemplate":"https:\/\/www.btv.md\/?s={search_term_string}"},"query-input":{"@type":"PropertyValueSpecification","valueRequired":true,"valueName":"search_term_string"}}],"inLanguage":"ro-RO"},{"@type":"Person","@id":"https:\/\/www.btv.md\/#\/schema\/person\/8fadce81561b3ce2c34c46dadc4ccbf2","name":"admin"}]}},"_links":{"self":[{"href":"https:\/\/www.btv.md\/ro\/wp-json\/wp\/v2\/posts\/9484","targetHints":{"allow":["GET"]}}],"collection":[{"href":"https:\/\/www.btv.md\/ro\/wp-json\/wp\/v2\/posts"}],"about":[{"href":"https:\/\/www.btv.md\/ro\/wp-json\/wp\/v2\/types\/post"}],"author":[{"embeddable":true,"href":"https:\/\/www.btv.md\/ro\/wp-json\/wp\/v2\/users\/4"}],"replies":[{"embeddable":true,"href":"https:\/\/www.btv.md\/ro\/wp-json\/wp\/v2\/comments?post=9484"}],"version-history":[{"count":0,"href":"https:\/\/www.btv.md\/ro\/wp-json\/wp\/v2\/posts\/9484\/revisions"}],"wp:featuredmedia":[{"embeddable":true,"href":"https:\/\/www.btv.md\/ro\/wp-json\/wp\/v2\/media\/9485"}],"wp:attachment":[{"href":"https:\/\/www.btv.md\/ro\/wp-json\/wp\/v2\/media?parent=9484"}],"wp:term":[{"taxonomy":"category","embeddable":true,"href":"https:\/\/www.btv.md\/ro\/wp-json\/wp\/v2\/categories?post=9484"},{"taxonomy":"post_tag","embeddable":true,"href":"https:\/\/www.btv.md\/ro\/wp-json\/wp\/v2\/tags?post=9484"}],"curies":[{"name":"wp","href":"https:\/\/api.w.org\/{rel}","templated":true}]}}