{"id":94840,"date":"2020-09-07T15:36:05","date_gmt":"2020-09-07T12:36:05","guid":{"rendered":"http:\/\/www.btv.md\/?p=94840"},"modified":"2020-09-07T15:36:05","modified_gmt":"2020-09-07T12:36:05","slug":"averea-presedintelui-tarii-igor-dodon-va-fi-verificata","status":"publish","type":"post","link":"https:\/\/www.btv.md\/ro\/averea-presedintelui-tarii-igor-dodon-va-fi-verificata\/","title":{"rendered":"Averea pre\u0219edintelui \u021b\u0103rii Igor Dodon va fi verificat\u0103"},"content":{"rendered":"<p><strong>Averea pre\u0219edintelui \u021b\u0103rii, Igor Dodon, va fi verificat\u0103 de Autoritatea Na\u021bional\u0103 de Integritate. Institu\u021bia a ini\u021biat deja un dosar de control al acesteia, dup\u0103 ce mai mul\u021bi deputa\u021bi au depus sesiz\u0103ri \u00een acest sens. Printre ace\u0219tia, deputatul PAS Dumitru Alaiba \u0219i Galina Sajin tot de la PAS, transmite <a href=\"https:\/\/tv8.md\/2020\/09\/07\/doc-averea-lui-igor-dodon-sub-lupa-celor-de-la-ani-care-au-initiat-un-dosar-de-control\/\">tv8.md<\/a>.<\/strong><\/p>\n<p>\u201eAutoritatea Na\u021bional\u0103 de Integritate efectueaz\u0103 controlul averii \u0219i intereselor lui Dodon. At\u00e2t eu \u0219i colegii ne-am adresat cu mai multe sesiz\u0103ri despre averile \u0219i interesele lui Dodon: \u2013 dob\u00e2nzi facilitare la \u00eemprumuturi, -neconcordan\u021be \u00een delcararea imobilelor, \u2013 vacan\u021be pe care nu \u0219i le poate permite,\u00a0<span class=\"text_exposed_show\">\u2013 cadouri nedeclarate.\u00a0<\/span>\u0218i multe, multe altele\u201d, a anun\u021bat Dumitru Alaiba.<\/p>\n<p>Deputatul se arat\u0103 indignat de faptul c\u0103 \u0219eful statului a adunat averi muncind doar la stat.<\/p>\n<div class=\"text_exposed_show\">\n<p>\u201eHo\u021bul Dodon a muncit doar la stat to\u021bi 27 de ani, doar \u00een func\u021bii publice, a avut doar salarii din impozitele cet\u0103\u021benilor. De unde a agonisit at\u00e2tea averi, at\u00e2t el c\u00e2t \u0219i familia sa, este un mister. La fel este un mister pentru domnul Stoianoglo ce era, totu\u0219i, \u00een acel kuliok pe care i-l \u00eenm\u00e2na Plahotniuc lui Dodon\u201d, a subliniat Alaiba.<\/p>\n<p>Amintim c\u0103 c\u0103 deputatul PAS, Dumitru Alaiba a depus, vineri, 7 august, o sesizare la Autoritatea Na\u021bional\u0103 de Integritate (ANI) \u0219i Procuratura General\u0103 (PG), pentru a verifica declara\u021biile pe venit ale pre\u0219edintelui Igor Dodon. Potrivit lui Alaiba, \u0219eful statului \u201eare averi pe care nu le poate explica \u0219i fuge de ele ani la r\u00e2nd\u201d.<\/p>\n<p>\u0218i deputata PAS, Galina Sajin a cerut ANI s\u0103 verifice dac\u0103 \u0219eful statului Igor Dodon \u0219i-a declarat complet averea \u0219i dac\u0103 a \u00eenc\u0103lcat cumva regimul juridic al conflictelor de interese. Sajin a sesizat ANI dup\u0103 ce pre\u0219edintele \u021b\u0103rii a mers \u00een ultimii ani \u00een vacan\u021be de lux, care dep\u0103\u0219eau posibilit\u0103\u021bile financiare declarate oficial de familia Dodon.<\/p>\n<p>Sursa <strong><a href=\"https:\/\/tv8.md\/2020\/09\/07\/doc-averea-lui-igor-dodon-sub-lupa-celor-de-la-ani-care-au-initiat-un-dosar-de-control\/\">tv8.md<\/a><\/strong><\/p>\n<\/div>\n","protected":false},"excerpt":{"rendered":"<p>Averea pre\u0219edintelui \u021b\u0103rii, Igor Dodon, va fi verificat\u0103 de Autoritatea Na\u021bional\u0103 de Integritate. Institu\u021bia a ini\u021biat deja un dosar de control al acesteia, dup\u0103 ce mai mul\u021bi deputa\u021bi au depus sesiz\u0103ri \u00een acest sens. Printre ace\u0219tia, deputatul PAS Dumitru Alaiba \u0219i Galina Sajin tot de la PAS, transmite tv8.md. \u201eAutoritatea Na\u021bional\u0103 de Integritate efectueaz\u0103 controlul [&hellip;]<\/p>\n","protected":false},"author":4,"featured_media":94837,"comment_status":"closed","ping_status":"closed","sticky":false,"template":"","format":"standard","meta":{"footnotes":""},"categories":[6368,6377],"tags":[17564,17566,17565],"class_list":["post-94840","post","type-post","status-publish","format-standard","has-post-thumbnail","hentry","category-politica-ro","category-stiri","tag-averea-lui-igor-dodon","tag-care-au-initiat-un-dosar-de-control","tag-sub-lupa-celor-de-la-ani"],"yoast_head":"<!-- This site is optimized with the Yoast SEO plugin v27.4 - https:\/\/yoast.com\/product\/yoast-seo-wordpress\/ -->\n<title>Averea pre\u0219edintelui \u021b\u0103rii Igor Dodon va fi verificat\u0103 - BTV<\/title>\n<meta name=\"robots\" content=\"index, follow, max-snippet:-1, max-image-preview:large, max-video-preview:-1\" \/>\n<link rel=\"canonical\" href=\"https:\/\/www.btv.md\/ro\/averea-presedintelui-tarii-igor-dodon-va-fi-verificata\/\" \/>\n<meta property=\"og:locale\" content=\"ro_RO\" \/>\n<meta property=\"og:type\" content=\"article\" \/>\n<meta property=\"og:title\" content=\"Averea pre\u0219edintelui \u021b\u0103rii Igor Dodon va fi verificat\u0103 - BTV\" \/>\n<meta property=\"og:description\" content=\"Averea pre\u0219edintelui \u021b\u0103rii, Igor Dodon, va fi verificat\u0103 de Autoritatea Na\u021bional\u0103 de Integritate. Institu\u021bia a ini\u021biat deja un dosar de control al acesteia, dup\u0103 ce mai mul\u021bi deputa\u021bi au depus sesiz\u0103ri \u00een acest sens. Printre ace\u0219tia, deputatul PAS Dumitru Alaiba \u0219i Galina Sajin tot de la PAS, transmite tv8.md. \u201eAutoritatea Na\u021bional\u0103 de Integritate efectueaz\u0103 controlul [&hellip;]\" \/>\n<meta property=\"og:url\" content=\"https:\/\/www.btv.md\/ro\/averea-presedintelui-tarii-igor-dodon-va-fi-verificata\/\" \/>\n<meta property=\"og:site_name\" content=\"BTV\" \/>\n<meta property=\"article:publisher\" content=\"https:\/\/www.facebook.com\/btvmoldova\/\" \/>\n<meta property=\"article:published_time\" content=\"2020-09-07T12:36:05+00:00\" \/>\n<meta property=\"og:image\" content=\"https:\/\/www.btv.md\/wp-content\/uploads\/2020\/09\/original.jpeg\" \/>\n\t<meta property=\"og:image:width\" content=\"1280\" \/>\n\t<meta property=\"og:image:height\" content=\"719\" \/>\n\t<meta property=\"og:image:type\" content=\"image\/jpeg\" \/>\n<meta name=\"author\" content=\"admin\" \/>\n<meta name=\"twitter:label1\" content=\"Scris de\" \/>\n\t<meta name=\"twitter:data1\" content=\"admin\" \/>\n\t<meta name=\"twitter:label2\" content=\"Timp estimat pentru citire\" \/>\n\t<meta name=\"twitter:data2\" content=\"2 minute\" \/>\n<script type=\"application\/ld+json\" class=\"yoast-schema-graph\">{\"@context\":\"https:\\\/\\\/schema.org\",\"@graph\":[{\"@type\":\"Article\",\"@id\":\"https:\\\/\\\/www.btv.md\\\/ro\\\/averea-presedintelui-tarii-igor-dodon-va-fi-verificata\\\/#article\",\"isPartOf\":{\"@id\":\"https:\\\/\\\/www.btv.md\\\/ro\\\/averea-presedintelui-tarii-igor-dodon-va-fi-verificata\\\/\"},\"author\":{\"name\":\"admin\",\"@id\":\"https:\\\/\\\/www.btv.md\\\/#\\\/schema\\\/person\\\/8fadce81561b3ce2c34c46dadc4ccbf2\"},\"headline\":\"Averea pre\u0219edintelui \u021b\u0103rii Igor Dodon va fi verificat\u0103\",\"datePublished\":\"2020-09-07T12:36:05+00:00\",\"mainEntityOfPage\":{\"@id\":\"https:\\\/\\\/www.btv.md\\\/ro\\\/averea-presedintelui-tarii-igor-dodon-va-fi-verificata\\\/\"},\"wordCount\":333,\"image\":{\"@id\":\"https:\\\/\\\/www.btv.md\\\/ro\\\/averea-presedintelui-tarii-igor-dodon-va-fi-verificata\\\/#primaryimage\"},\"thumbnailUrl\":\"https:\\\/\\\/www.btv.md\\\/wp-content\\\/uploads\\\/2020\\\/09\\\/original.jpeg\",\"keywords\":[\"Averea lui Igor Dodon\",\"care au ini\u021biat un dosar de control\",\"sub lupa celor de la ANI\"],\"articleSection\":[\"Politic\u0103\",\"\u0218tiri\"],\"inLanguage\":\"ro-RO\"},{\"@type\":\"WebPage\",\"@id\":\"https:\\\/\\\/www.btv.md\\\/ro\\\/averea-presedintelui-tarii-igor-dodon-va-fi-verificata\\\/\",\"url\":\"https:\\\/\\\/www.btv.md\\\/ro\\\/averea-presedintelui-tarii-igor-dodon-va-fi-verificata\\\/\",\"name\":\"Averea pre\u0219edintelui \u021b\u0103rii Igor Dodon va fi verificat\u0103 - BTV\",\"isPartOf\":{\"@id\":\"https:\\\/\\\/www.btv.md\\\/#website\"},\"primaryImageOfPage\":{\"@id\":\"https:\\\/\\\/www.btv.md\\\/ro\\\/averea-presedintelui-tarii-igor-dodon-va-fi-verificata\\\/#primaryimage\"},\"image\":{\"@id\":\"https:\\\/\\\/www.btv.md\\\/ro\\\/averea-presedintelui-tarii-igor-dodon-va-fi-verificata\\\/#primaryimage\"},\"thumbnailUrl\":\"https:\\\/\\\/www.btv.md\\\/wp-content\\\/uploads\\\/2020\\\/09\\\/original.jpeg\",\"datePublished\":\"2020-09-07T12:36:05+00:00\",\"author\":{\"@id\":\"https:\\\/\\\/www.btv.md\\\/#\\\/schema\\\/person\\\/8fadce81561b3ce2c34c46dadc4ccbf2\"},\"inLanguage\":\"ro-RO\",\"potentialAction\":[{\"@type\":\"ReadAction\",\"target\":[\"https:\\\/\\\/www.btv.md\\\/ro\\\/averea-presedintelui-tarii-igor-dodon-va-fi-verificata\\\/\"]}]},{\"@type\":\"ImageObject\",\"inLanguage\":\"ro-RO\",\"@id\":\"https:\\\/\\\/www.btv.md\\\/ro\\\/averea-presedintelui-tarii-igor-dodon-va-fi-verificata\\\/#primaryimage\",\"url\":\"https:\\\/\\\/www.btv.md\\\/wp-content\\\/uploads\\\/2020\\\/09\\\/original.jpeg\",\"contentUrl\":\"https:\\\/\\\/www.btv.md\\\/wp-content\\\/uploads\\\/2020\\\/09\\\/original.jpeg\",\"width\":1280,\"height\":719},{\"@type\":\"WebSite\",\"@id\":\"https:\\\/\\\/www.btv.md\\\/#website\",\"url\":\"https:\\\/\\\/www.btv.md\\\/\",\"name\":\"BTV\",\"description\":\"\u0411\u0435\u043b\u044c\u0446\u043a\u043e\u0435 \u0442\u0435\u043b\u0435\u0432\u0438\u0434\u0435\u043d\u0438\u0435\",\"potentialAction\":[{\"@type\":\"SearchAction\",\"target\":{\"@type\":\"EntryPoint\",\"urlTemplate\":\"https:\\\/\\\/www.btv.md\\\/?s={search_term_string}\"},\"query-input\":{\"@type\":\"PropertyValueSpecification\",\"valueRequired\":true,\"valueName\":\"search_term_string\"}}],\"inLanguage\":\"ro-RO\"},{\"@type\":\"Person\",\"@id\":\"https:\\\/\\\/www.btv.md\\\/#\\\/schema\\\/person\\\/8fadce81561b3ce2c34c46dadc4ccbf2\",\"name\":\"admin\"}]}<\/script>\n<!-- \/ Yoast SEO plugin. -->","yoast_head_json":{"title":"Averea pre\u0219edintelui \u021b\u0103rii Igor Dodon va fi verificat\u0103 - BTV","robots":{"index":"index","follow":"follow","max-snippet":"max-snippet:-1","max-image-preview":"max-image-preview:large","max-video-preview":"max-video-preview:-1"},"canonical":"https:\/\/www.btv.md\/ro\/averea-presedintelui-tarii-igor-dodon-va-fi-verificata\/","og_locale":"ro_RO","og_type":"article","og_title":"Averea pre\u0219edintelui \u021b\u0103rii Igor Dodon va fi verificat\u0103 - BTV","og_description":"Averea pre\u0219edintelui \u021b\u0103rii, Igor Dodon, va fi verificat\u0103 de Autoritatea Na\u021bional\u0103 de Integritate. Institu\u021bia a ini\u021biat deja un dosar de control al acesteia, dup\u0103 ce mai mul\u021bi deputa\u021bi au depus sesiz\u0103ri \u00een acest sens. Printre ace\u0219tia, deputatul PAS Dumitru Alaiba \u0219i Galina Sajin tot de la PAS, transmite tv8.md. \u201eAutoritatea Na\u021bional\u0103 de Integritate efectueaz\u0103 controlul [&hellip;]","og_url":"https:\/\/www.btv.md\/ro\/averea-presedintelui-tarii-igor-dodon-va-fi-verificata\/","og_site_name":"BTV","article_publisher":"https:\/\/www.facebook.com\/btvmoldova\/","article_published_time":"2020-09-07T12:36:05+00:00","og_image":[{"width":1280,"height":719,"url":"https:\/\/www.btv.md\/wp-content\/uploads\/2020\/09\/original.jpeg","type":"image\/jpeg"}],"author":"admin","twitter_misc":{"Scris de":"admin","Timp estimat pentru citire":"2 minute"},"schema":{"@context":"https:\/\/schema.org","@graph":[{"@type":"Article","@id":"https:\/\/www.btv.md\/ro\/averea-presedintelui-tarii-igor-dodon-va-fi-verificata\/#article","isPartOf":{"@id":"https:\/\/www.btv.md\/ro\/averea-presedintelui-tarii-igor-dodon-va-fi-verificata\/"},"author":{"name":"admin","@id":"https:\/\/www.btv.md\/#\/schema\/person\/8fadce81561b3ce2c34c46dadc4ccbf2"},"headline":"Averea pre\u0219edintelui \u021b\u0103rii Igor Dodon va fi verificat\u0103","datePublished":"2020-09-07T12:36:05+00:00","mainEntityOfPage":{"@id":"https:\/\/www.btv.md\/ro\/averea-presedintelui-tarii-igor-dodon-va-fi-verificata\/"},"wordCount":333,"image":{"@id":"https:\/\/www.btv.md\/ro\/averea-presedintelui-tarii-igor-dodon-va-fi-verificata\/#primaryimage"},"thumbnailUrl":"https:\/\/www.btv.md\/wp-content\/uploads\/2020\/09\/original.jpeg","keywords":["Averea lui Igor Dodon","care au ini\u021biat un dosar de control","sub lupa celor de la ANI"],"articleSection":["Politic\u0103","\u0218tiri"],"inLanguage":"ro-RO"},{"@type":"WebPage","@id":"https:\/\/www.btv.md\/ro\/averea-presedintelui-tarii-igor-dodon-va-fi-verificata\/","url":"https:\/\/www.btv.md\/ro\/averea-presedintelui-tarii-igor-dodon-va-fi-verificata\/","name":"Averea pre\u0219edintelui \u021b\u0103rii Igor Dodon va fi verificat\u0103 - BTV","isPartOf":{"@id":"https:\/\/www.btv.md\/#website"},"primaryImageOfPage":{"@id":"https:\/\/www.btv.md\/ro\/averea-presedintelui-tarii-igor-dodon-va-fi-verificata\/#primaryimage"},"image":{"@id":"https:\/\/www.btv.md\/ro\/averea-presedintelui-tarii-igor-dodon-va-fi-verificata\/#primaryimage"},"thumbnailUrl":"https:\/\/www.btv.md\/wp-content\/uploads\/2020\/09\/original.jpeg","datePublished":"2020-09-07T12:36:05+00:00","author":{"@id":"https:\/\/www.btv.md\/#\/schema\/person\/8fadce81561b3ce2c34c46dadc4ccbf2"},"inLanguage":"ro-RO","potentialAction":[{"@type":"ReadAction","target":["https:\/\/www.btv.md\/ro\/averea-presedintelui-tarii-igor-dodon-va-fi-verificata\/"]}]},{"@type":"ImageObject","inLanguage":"ro-RO","@id":"https:\/\/www.btv.md\/ro\/averea-presedintelui-tarii-igor-dodon-va-fi-verificata\/#primaryimage","url":"https:\/\/www.btv.md\/wp-content\/uploads\/2020\/09\/original.jpeg","contentUrl":"https:\/\/www.btv.md\/wp-content\/uploads\/2020\/09\/original.jpeg","width":1280,"height":719},{"@type":"WebSite","@id":"https:\/\/www.btv.md\/#website","url":"https:\/\/www.btv.md\/","name":"BTV","description":"\u0411\u0435\u043b\u044c\u0446\u043a\u043e\u0435 \u0442\u0435\u043b\u0435\u0432\u0438\u0434\u0435\u043d\u0438\u0435","potentialAction":[{"@type":"SearchAction","target":{"@type":"EntryPoint","urlTemplate":"https:\/\/www.btv.md\/?s={search_term_string}"},"query-input":{"@type":"PropertyValueSpecification","valueRequired":true,"valueName":"search_term_string"}}],"inLanguage":"ro-RO"},{"@type":"Person","@id":"https:\/\/www.btv.md\/#\/schema\/person\/8fadce81561b3ce2c34c46dadc4ccbf2","name":"admin"}]}},"_links":{"self":[{"href":"https:\/\/www.btv.md\/ro\/wp-json\/wp\/v2\/posts\/94840","targetHints":{"allow":["GET"]}}],"collection":[{"href":"https:\/\/www.btv.md\/ro\/wp-json\/wp\/v2\/posts"}],"about":[{"href":"https:\/\/www.btv.md\/ro\/wp-json\/wp\/v2\/types\/post"}],"author":[{"embeddable":true,"href":"https:\/\/www.btv.md\/ro\/wp-json\/wp\/v2\/users\/4"}],"replies":[{"embeddable":true,"href":"https:\/\/www.btv.md\/ro\/wp-json\/wp\/v2\/comments?post=94840"}],"version-history":[{"count":0,"href":"https:\/\/www.btv.md\/ro\/wp-json\/wp\/v2\/posts\/94840\/revisions"}],"wp:featuredmedia":[{"embeddable":true,"href":"https:\/\/www.btv.md\/ro\/wp-json\/wp\/v2\/media\/94837"}],"wp:attachment":[{"href":"https:\/\/www.btv.md\/ro\/wp-json\/wp\/v2\/media?parent=94840"}],"wp:term":[{"taxonomy":"category","embeddable":true,"href":"https:\/\/www.btv.md\/ro\/wp-json\/wp\/v2\/categories?post=94840"},{"taxonomy":"post_tag","embeddable":true,"href":"https:\/\/www.btv.md\/ro\/wp-json\/wp\/v2\/tags?post=94840"}],"curies":[{"name":"wp","href":"https:\/\/api.w.org\/{rel}","templated":true}]}}