{"id":9498,"date":"2016-03-23T18:23:34","date_gmt":"2016-03-23T15:23:34","guid":{"rendered":"http:\/\/btv.md\/?p=9498"},"modified":"2016-03-23T18:23:34","modified_gmt":"2016-03-23T15:23:34","slug":"directorul-apa-canal-balti-tariful-la-apa-trebuie-sa-fie-majorat","status":"publish","type":"post","link":"https:\/\/www.btv.md\/ro\/directorul-apa-canal-balti-tariful-la-apa-trebuie-sa-fie-majorat\/","title":{"rendered":"DIRECTORUL  \u201eAP\u0102-CANAL\u201d B\u0102L\u021aI:  TARIFUL  LA  AP\u0102  TREBUIE  S\u0102  FIE  MAJORAT"},"content":{"rendered":"<p><strong>\u00cen municipiul B\u0103l\u021bi se a\u0219teapt\u0103 o majorare a tarifului pentru un metru cub de ap\u0103 consumat. Potrivit directorul \u201eAp\u0103- Canal\u201d B\u0103l\u021bi, Victor Corcodel, ajustarea tarifului va avea loc dup\u0103 ce Agen\u021bia Na\u021bional\u0103 pentru Reglementare \u00een Energie  va aproba cererea furnizorului \u201e Acva Nord\u201d de a-\u0219i ajusta tariful.Totodat\u0103 \u0219eful \u201eAp\u0103- Canal\u201d B\u0103l\u021bi a precizat c\u0103 ultima majorare a pre\u021bului la un metru cub de ap\u0103 consumat  \u00een municipiul B\u0103l\u021bi a avut loc \u00een anul 2011.<\/strong><\/p>\n<p>Victor Corcodel a men\u021bionat c\u0103 dac\u0103 nu va fi majorat pre\u021bul la ap\u0103 atunci \u00eentreprinderea risc\u0103 s\u0103 r\u0103m\u00e2n\u0103 f\u0103r\u0103 resurse financiare.<\/p>\n<p>Amintim c\u0103 de la \u00eenceputul s\u0103mp\u0103m\u00e2nii municipiul B\u0103l\u021bi risca s\u0103 r\u0103m\u00e2n\u0103 f\u0103r\u0103 ap\u0103, asta dup\u0103 ce \u00eentreprinderea  &#8222;Ap\u0103 Canal&#8221; B\u0103l\u0163i a acumulat datorii fa\u021b\u0103 de &#8222;Acva Nord\u201d,  care la r\u00e2ndul ei este \u0219i ea datoare cu  peste 53 de milioane de lei pentru consumul de energie electric\u0103.<\/p>\n<p><iframe width=\"420\" height=\"315\" data-src=\"https:\/\/www.youtube.com\/embed\/ToqWcPHywcs\" frameborder=\"0\" allowfullscreen src=\"data:image\/svg+xml;base64,PHN2ZyB3aWR0aD0iMSIgaGVpZ2h0PSIxIiB4bWxucz0iaHR0cDovL3d3dy53My5vcmcvMjAwMC9zdmciPjwvc3ZnPg==\" class=\"lazyload\" data-load-mode=\"1\"><\/iframe><\/p>\n","protected":false},"excerpt":{"rendered":"<p>\u00cen municipiul B\u0103l\u021bi se a\u0219teapt\u0103 o majorare a tarifului pentru un metru cub de ap\u0103 consumat. Potrivit directorul \u201eAp\u0103- Canal\u201d B\u0103l\u021bi, Victor Corcodel, ajustarea tarifului va avea loc dup\u0103 ce Agen\u021bia Na\u021bional\u0103 pentru Reglementare \u00een Energie va aproba cererea furnizorului \u201e Acva Nord\u201d de a-\u0219i ajusta tariful.Totodat\u0103 \u0219eful \u201eAp\u0103- Canal\u201d B\u0103l\u021bi a precizat c\u0103 ultima [&hellip;]<\/p>\n","protected":false},"author":4,"featured_media":9499,"comment_status":"closed","ping_status":"closed","sticky":false,"template":"","format":"standard","meta":{"footnotes":""},"categories":[12],"tags":[],"class_list":["post-9498","post","type-post","status-publish","format-standard","has-post-thumbnail","hentry","category-balti"],"yoast_head":"<!-- This site is optimized with the Yoast SEO plugin v27.4 - https:\/\/yoast.com\/product\/yoast-seo-wordpress\/ -->\n<title>DIRECTORUL \u201eAP\u0102-CANAL\u201d B\u0102L\u021aI: TARIFUL LA AP\u0102 TREBUIE S\u0102 FIE MAJORAT - BTV<\/title>\n<meta name=\"robots\" content=\"index, follow, max-snippet:-1, max-image-preview:large, max-video-preview:-1\" \/>\n<link rel=\"canonical\" href=\"https:\/\/www.btv.md\/ro\/directorul-apa-canal-balti-tariful-la-apa-trebuie-sa-fie-majorat\/\" \/>\n<meta property=\"og:locale\" content=\"ro_RO\" \/>\n<meta property=\"og:type\" content=\"article\" \/>\n<meta property=\"og:title\" content=\"DIRECTORUL \u201eAP\u0102-CANAL\u201d B\u0102L\u021aI: TARIFUL LA AP\u0102 TREBUIE S\u0102 FIE MAJORAT - BTV\" \/>\n<meta property=\"og:description\" content=\"\u00cen municipiul B\u0103l\u021bi se a\u0219teapt\u0103 o majorare a tarifului pentru un metru cub de ap\u0103 consumat. Potrivit directorul \u201eAp\u0103- Canal\u201d B\u0103l\u021bi, Victor Corcodel, ajustarea tarifului va avea loc dup\u0103 ce Agen\u021bia Na\u021bional\u0103 pentru Reglementare \u00een Energie va aproba cererea furnizorului \u201e Acva Nord\u201d de a-\u0219i ajusta tariful.Totodat\u0103 \u0219eful \u201eAp\u0103- Canal\u201d B\u0103l\u021bi a precizat c\u0103 ultima [&hellip;]\" \/>\n<meta property=\"og:url\" content=\"https:\/\/www.btv.md\/ro\/directorul-apa-canal-balti-tariful-la-apa-trebuie-sa-fie-majorat\/\" \/>\n<meta property=\"og:site_name\" content=\"BTV\" \/>\n<meta property=\"article:publisher\" content=\"https:\/\/www.facebook.com\/btvmoldova\/\" \/>\n<meta property=\"article:published_time\" content=\"2016-03-23T15:23:34+00:00\" \/>\n<meta property=\"og:image\" content=\"https:\/\/www.btv.md\/wp-content\/uploads\/2016\/03\/news1233.jpg\" \/>\n\t<meta property=\"og:image:width\" content=\"1172\" \/>\n\t<meta property=\"og:image:height\" content=\"659\" \/>\n\t<meta property=\"og:image:type\" content=\"image\/jpeg\" \/>\n<meta name=\"author\" content=\"admin\" \/>\n<meta name=\"twitter:label1\" content=\"Scris de\" \/>\n\t<meta name=\"twitter:data1\" content=\"admin\" \/>\n\t<meta name=\"twitter:label2\" content=\"Timp estimat pentru citire\" \/>\n\t<meta name=\"twitter:data2\" content=\"1 minut\" \/>\n<script type=\"application\/ld+json\" class=\"yoast-schema-graph\">{\"@context\":\"https:\\\/\\\/schema.org\",\"@graph\":[{\"@type\":\"Article\",\"@id\":\"https:\\\/\\\/www.btv.md\\\/ro\\\/directorul-apa-canal-balti-tariful-la-apa-trebuie-sa-fie-majorat\\\/#article\",\"isPartOf\":{\"@id\":\"https:\\\/\\\/www.btv.md\\\/ro\\\/directorul-apa-canal-balti-tariful-la-apa-trebuie-sa-fie-majorat\\\/\"},\"author\":{\"name\":\"admin\",\"@id\":\"https:\\\/\\\/www.btv.md\\\/#\\\/schema\\\/person\\\/8fadce81561b3ce2c34c46dadc4ccbf2\"},\"headline\":\"DIRECTORUL \u201eAP\u0102-CANAL\u201d B\u0102L\u021aI: TARIFUL LA AP\u0102 TREBUIE S\u0102 FIE MAJORAT\",\"datePublished\":\"2016-03-23T15:23:34+00:00\",\"mainEntityOfPage\":{\"@id\":\"https:\\\/\\\/www.btv.md\\\/ro\\\/directorul-apa-canal-balti-tariful-la-apa-trebuie-sa-fie-majorat\\\/\"},\"wordCount\":184,\"image\":{\"@id\":\"https:\\\/\\\/www.btv.md\\\/ro\\\/directorul-apa-canal-balti-tariful-la-apa-trebuie-sa-fie-majorat\\\/#primaryimage\"},\"thumbnailUrl\":\"https:\\\/\\\/www.btv.md\\\/wp-content\\\/uploads\\\/2016\\\/03\\\/news1233.jpg\",\"articleSection\":[\"\u0413\u043e\u0440\u043e\u0434\"],\"inLanguage\":\"ro-RO\"},{\"@type\":\"WebPage\",\"@id\":\"https:\\\/\\\/www.btv.md\\\/ro\\\/directorul-apa-canal-balti-tariful-la-apa-trebuie-sa-fie-majorat\\\/\",\"url\":\"https:\\\/\\\/www.btv.md\\\/ro\\\/directorul-apa-canal-balti-tariful-la-apa-trebuie-sa-fie-majorat\\\/\",\"name\":\"DIRECTORUL \u201eAP\u0102-CANAL\u201d B\u0102L\u021aI: TARIFUL LA AP\u0102 TREBUIE S\u0102 FIE MAJORAT - BTV\",\"isPartOf\":{\"@id\":\"https:\\\/\\\/www.btv.md\\\/#website\"},\"primaryImageOfPage\":{\"@id\":\"https:\\\/\\\/www.btv.md\\\/ro\\\/directorul-apa-canal-balti-tariful-la-apa-trebuie-sa-fie-majorat\\\/#primaryimage\"},\"image\":{\"@id\":\"https:\\\/\\\/www.btv.md\\\/ro\\\/directorul-apa-canal-balti-tariful-la-apa-trebuie-sa-fie-majorat\\\/#primaryimage\"},\"thumbnailUrl\":\"https:\\\/\\\/www.btv.md\\\/wp-content\\\/uploads\\\/2016\\\/03\\\/news1233.jpg\",\"datePublished\":\"2016-03-23T15:23:34+00:00\",\"author\":{\"@id\":\"https:\\\/\\\/www.btv.md\\\/#\\\/schema\\\/person\\\/8fadce81561b3ce2c34c46dadc4ccbf2\"},\"inLanguage\":\"ro-RO\",\"potentialAction\":[{\"@type\":\"ReadAction\",\"target\":[\"https:\\\/\\\/www.btv.md\\\/ro\\\/directorul-apa-canal-balti-tariful-la-apa-trebuie-sa-fie-majorat\\\/\"]}]},{\"@type\":\"ImageObject\",\"inLanguage\":\"ro-RO\",\"@id\":\"https:\\\/\\\/www.btv.md\\\/ro\\\/directorul-apa-canal-balti-tariful-la-apa-trebuie-sa-fie-majorat\\\/#primaryimage\",\"url\":\"https:\\\/\\\/www.btv.md\\\/wp-content\\\/uploads\\\/2016\\\/03\\\/news1233.jpg\",\"contentUrl\":\"https:\\\/\\\/www.btv.md\\\/wp-content\\\/uploads\\\/2016\\\/03\\\/news1233.jpg\",\"width\":1172,\"height\":659,\"caption\":\"acc.md\"},{\"@type\":\"WebSite\",\"@id\":\"https:\\\/\\\/www.btv.md\\\/#website\",\"url\":\"https:\\\/\\\/www.btv.md\\\/\",\"name\":\"BTV\",\"description\":\"\u0411\u0435\u043b\u044c\u0446\u043a\u043e\u0435 \u0442\u0435\u043b\u0435\u0432\u0438\u0434\u0435\u043d\u0438\u0435\",\"potentialAction\":[{\"@type\":\"SearchAction\",\"target\":{\"@type\":\"EntryPoint\",\"urlTemplate\":\"https:\\\/\\\/www.btv.md\\\/?s={search_term_string}\"},\"query-input\":{\"@type\":\"PropertyValueSpecification\",\"valueRequired\":true,\"valueName\":\"search_term_string\"}}],\"inLanguage\":\"ro-RO\"},{\"@type\":\"Person\",\"@id\":\"https:\\\/\\\/www.btv.md\\\/#\\\/schema\\\/person\\\/8fadce81561b3ce2c34c46dadc4ccbf2\",\"name\":\"admin\"}]}<\/script>\n<!-- \/ Yoast SEO plugin. -->","yoast_head_json":{"title":"DIRECTORUL \u201eAP\u0102-CANAL\u201d B\u0102L\u021aI: TARIFUL LA AP\u0102 TREBUIE S\u0102 FIE MAJORAT - BTV","robots":{"index":"index","follow":"follow","max-snippet":"max-snippet:-1","max-image-preview":"max-image-preview:large","max-video-preview":"max-video-preview:-1"},"canonical":"https:\/\/www.btv.md\/ro\/directorul-apa-canal-balti-tariful-la-apa-trebuie-sa-fie-majorat\/","og_locale":"ro_RO","og_type":"article","og_title":"DIRECTORUL \u201eAP\u0102-CANAL\u201d B\u0102L\u021aI: TARIFUL LA AP\u0102 TREBUIE S\u0102 FIE MAJORAT - BTV","og_description":"\u00cen municipiul B\u0103l\u021bi se a\u0219teapt\u0103 o majorare a tarifului pentru un metru cub de ap\u0103 consumat. Potrivit directorul \u201eAp\u0103- Canal\u201d B\u0103l\u021bi, Victor Corcodel, ajustarea tarifului va avea loc dup\u0103 ce Agen\u021bia Na\u021bional\u0103 pentru Reglementare \u00een Energie va aproba cererea furnizorului \u201e Acva Nord\u201d de a-\u0219i ajusta tariful.Totodat\u0103 \u0219eful \u201eAp\u0103- Canal\u201d B\u0103l\u021bi a precizat c\u0103 ultima [&hellip;]","og_url":"https:\/\/www.btv.md\/ro\/directorul-apa-canal-balti-tariful-la-apa-trebuie-sa-fie-majorat\/","og_site_name":"BTV","article_publisher":"https:\/\/www.facebook.com\/btvmoldova\/","article_published_time":"2016-03-23T15:23:34+00:00","og_image":[{"width":1172,"height":659,"url":"https:\/\/www.btv.md\/wp-content\/uploads\/2016\/03\/news1233.jpg","type":"image\/jpeg"}],"author":"admin","twitter_misc":{"Scris de":"admin","Timp estimat pentru citire":"1 minut"},"schema":{"@context":"https:\/\/schema.org","@graph":[{"@type":"Article","@id":"https:\/\/www.btv.md\/ro\/directorul-apa-canal-balti-tariful-la-apa-trebuie-sa-fie-majorat\/#article","isPartOf":{"@id":"https:\/\/www.btv.md\/ro\/directorul-apa-canal-balti-tariful-la-apa-trebuie-sa-fie-majorat\/"},"author":{"name":"admin","@id":"https:\/\/www.btv.md\/#\/schema\/person\/8fadce81561b3ce2c34c46dadc4ccbf2"},"headline":"DIRECTORUL \u201eAP\u0102-CANAL\u201d B\u0102L\u021aI: TARIFUL LA AP\u0102 TREBUIE S\u0102 FIE MAJORAT","datePublished":"2016-03-23T15:23:34+00:00","mainEntityOfPage":{"@id":"https:\/\/www.btv.md\/ro\/directorul-apa-canal-balti-tariful-la-apa-trebuie-sa-fie-majorat\/"},"wordCount":184,"image":{"@id":"https:\/\/www.btv.md\/ro\/directorul-apa-canal-balti-tariful-la-apa-trebuie-sa-fie-majorat\/#primaryimage"},"thumbnailUrl":"https:\/\/www.btv.md\/wp-content\/uploads\/2016\/03\/news1233.jpg","articleSection":["\u0413\u043e\u0440\u043e\u0434"],"inLanguage":"ro-RO"},{"@type":"WebPage","@id":"https:\/\/www.btv.md\/ro\/directorul-apa-canal-balti-tariful-la-apa-trebuie-sa-fie-majorat\/","url":"https:\/\/www.btv.md\/ro\/directorul-apa-canal-balti-tariful-la-apa-trebuie-sa-fie-majorat\/","name":"DIRECTORUL \u201eAP\u0102-CANAL\u201d B\u0102L\u021aI: TARIFUL LA AP\u0102 TREBUIE S\u0102 FIE MAJORAT - BTV","isPartOf":{"@id":"https:\/\/www.btv.md\/#website"},"primaryImageOfPage":{"@id":"https:\/\/www.btv.md\/ro\/directorul-apa-canal-balti-tariful-la-apa-trebuie-sa-fie-majorat\/#primaryimage"},"image":{"@id":"https:\/\/www.btv.md\/ro\/directorul-apa-canal-balti-tariful-la-apa-trebuie-sa-fie-majorat\/#primaryimage"},"thumbnailUrl":"https:\/\/www.btv.md\/wp-content\/uploads\/2016\/03\/news1233.jpg","datePublished":"2016-03-23T15:23:34+00:00","author":{"@id":"https:\/\/www.btv.md\/#\/schema\/person\/8fadce81561b3ce2c34c46dadc4ccbf2"},"inLanguage":"ro-RO","potentialAction":[{"@type":"ReadAction","target":["https:\/\/www.btv.md\/ro\/directorul-apa-canal-balti-tariful-la-apa-trebuie-sa-fie-majorat\/"]}]},{"@type":"ImageObject","inLanguage":"ro-RO","@id":"https:\/\/www.btv.md\/ro\/directorul-apa-canal-balti-tariful-la-apa-trebuie-sa-fie-majorat\/#primaryimage","url":"https:\/\/www.btv.md\/wp-content\/uploads\/2016\/03\/news1233.jpg","contentUrl":"https:\/\/www.btv.md\/wp-content\/uploads\/2016\/03\/news1233.jpg","width":1172,"height":659,"caption":"acc.md"},{"@type":"WebSite","@id":"https:\/\/www.btv.md\/#website","url":"https:\/\/www.btv.md\/","name":"BTV","description":"\u0411\u0435\u043b\u044c\u0446\u043a\u043e\u0435 \u0442\u0435\u043b\u0435\u0432\u0438\u0434\u0435\u043d\u0438\u0435","potentialAction":[{"@type":"SearchAction","target":{"@type":"EntryPoint","urlTemplate":"https:\/\/www.btv.md\/?s={search_term_string}"},"query-input":{"@type":"PropertyValueSpecification","valueRequired":true,"valueName":"search_term_string"}}],"inLanguage":"ro-RO"},{"@type":"Person","@id":"https:\/\/www.btv.md\/#\/schema\/person\/8fadce81561b3ce2c34c46dadc4ccbf2","name":"admin"}]}},"_links":{"self":[{"href":"https:\/\/www.btv.md\/ro\/wp-json\/wp\/v2\/posts\/9498","targetHints":{"allow":["GET"]}}],"collection":[{"href":"https:\/\/www.btv.md\/ro\/wp-json\/wp\/v2\/posts"}],"about":[{"href":"https:\/\/www.btv.md\/ro\/wp-json\/wp\/v2\/types\/post"}],"author":[{"embeddable":true,"href":"https:\/\/www.btv.md\/ro\/wp-json\/wp\/v2\/users\/4"}],"replies":[{"embeddable":true,"href":"https:\/\/www.btv.md\/ro\/wp-json\/wp\/v2\/comments?post=9498"}],"version-history":[{"count":0,"href":"https:\/\/www.btv.md\/ro\/wp-json\/wp\/v2\/posts\/9498\/revisions"}],"wp:featuredmedia":[{"embeddable":true,"href":"https:\/\/www.btv.md\/ro\/wp-json\/wp\/v2\/media\/9499"}],"wp:attachment":[{"href":"https:\/\/www.btv.md\/ro\/wp-json\/wp\/v2\/media?parent=9498"}],"wp:term":[{"taxonomy":"category","embeddable":true,"href":"https:\/\/www.btv.md\/ro\/wp-json\/wp\/v2\/categories?post=9498"},{"taxonomy":"post_tag","embeddable":true,"href":"https:\/\/www.btv.md\/ro\/wp-json\/wp\/v2\/tags?post=9498"}],"curies":[{"name":"wp","href":"https:\/\/api.w.org\/{rel}","templated":true}]}}