{"id":9596,"date":"2016-03-25T13:39:13","date_gmt":"2016-03-25T10:39:13","guid":{"rendered":"http:\/\/btv.md\/?p=9596"},"modified":"2016-03-25T13:39:13","modified_gmt":"2016-03-25T10:39:13","slug":"alegerile-prezidentiale-la-sfarsitul-lui-august-inceputul-lui-septembrie","status":"publish","type":"post","link":"https:\/\/www.btv.md\/ro\/alegerile-prezidentiale-la-sfarsitul-lui-august-inceputul-lui-septembrie\/","title":{"rendered":"ALEGERILE PREZIDEN\u021aIALE, LA SF\u00c2R\u0218ITUL LUI AUGUST \u2013 \u00ceNCEPUTUL LUI SEPTEMBRIE"},"content":{"rendered":"<p><strong>Decizia \u00een Parlament cu privire la stabilirea datei alegerilor preziden\u021biale va fi luat\u0103 atunci c\u00e2nd vor fi gata modific\u0103rile care trebuie operate la Codul Electoral, iar din acel moment, conform Codului bunelor practici \u00een domeniul electoral al Comisiei de la Vene\u021bia, stabile\u0219te un termen de 4-6 luni p\u00e2n\u0103 \u00een ziua alegerilor. Astfel, preziden\u021bialele din acest an ar putea avea loc \u00een perioada dintre sf\u00e2r\u0219itul lunii august &#8211; \u00eenceputul lunii noiembrie. Cel pu\u021bin asta spune pre\u0219edintele Parlamentului, Andrian Candu, potrivit c\u0103ruia scrutinul electoral va costa \u00eentre 50 \u0219i 75-80 de miliioane de lei, transmite <a href=\"http:\/\/www.realitatea.md\/un-nou-termen-pentru-preziden-iale-candu-sfar-itul-lunii-august-inceputul-lunii-noiembrie-ce-urmeaza-pana-atunci-video_36626.html\" target=\"_blank\">realitatea.md<\/a>.<\/strong><\/p>\n<p>Pre\u0219edintele Parlamentului a mai precizat c\u0103 este o inten\u021bie de a organiza o conferin\u021b\u0103 interna\u021bional\u0103 cu privire la tot ceea ce-i legat de procesul electoral \u0219i de modific\u0103rile \u00een Codul Electoral legate de alegerea pre\u0219edintelui. <\/p>\n<p>\u201e<em>Noi vorbim de luna aprilie-mai, cel t\u00e2rziu \u00een iunie, c\u00e2nd acele prevederi electorale noi ar trebui deja s\u0103 fie clare \u0219i stabilite, s\u0103 vedem cum mergem mai departe<\/em>\u201d, a spus Candu.<\/p>\n<p>Acesta a precizat c\u0103 Partidul Democrat va participa \u00een campania electoral\u0103 \u0219i la alegerea pre\u0219edintelui \u0219i \u00ee\u0219i va asuma \u201e<em>at\u00e2t victoria, c\u00e2t \u0219i un eventual e\u0219ec<\/em>\u201d. <\/p>\n<p>\u00centrebat dac\u0103 a \u0219tiut despre ceea ce urmeaz\u0103 \u00eenainte de decizia Cur\u021bii Constitu\u021bionale din 4 martie, pre\u0219edintele Parlamentului a r\u0103spuns negativ, men\u021bion\u00e2nd chiar c\u0103, fiind \u00eentr-o pauz\u0103 a \u0219edin\u021bei plenare din acea zi l-a sunat pe pre\u0219edintele Cur\u021bii Constitu\u021bionale, Alexandru T\u0103nase, \u0219i l-a \u00eentrebat: \u201e<em>Ce-a fost asta?<\/em>\u201d \u201e<em>Pur \u0219i simplu. Fiindc\u0103 nu \u0219tiam. \u0218tiam de sesizarea celor din Partidul Liberal Democrat, de un anumit tratament \u0219i de o anumit\u0103 argumentare, dar nimeni nu s-a a\u0219teptat la o astfel de \u00eentors\u0103tur\u0103. Efectiv pe foarte mul\u021bi i-a surprins decizia Cur\u021bii Constitu\u021bionale<\/em>\u201d, a spus Candu.<\/p>\n<p>C\u00e2t \u021bine de solicitarea liderului socialist Igor Dodon de a se adresa Comisiei de la Vene\u021bia pentru a da o calificare acestei decizii, pre\u0219edintele Parlamentului a spus: \u201e<em>Din toate discu\u021biile pe care le-am avut, concluzia preliminar\u0103 este c\u0103, dac\u0103 vom trimite un astfel de demers vom p\u0103rea foarte provinciali \u0219i acei care nu cunoa\u0219tem cum func\u021bioneaz\u0103 Consiliul Europei \u0219i Comisia de la Vene\u021bia. Vom primi un r\u0103spuns diplomatic c\u0103 ei nu se ocup\u0103 \u0219i nu se expun pe un astfel de subiect<\/em>\u201d.<\/p>\n","protected":false},"excerpt":{"rendered":"<p>Decizia \u00een Parlament cu privire la stabilirea datei alegerilor preziden\u021biale va fi luat\u0103 atunci c\u00e2nd vor fi gata modific\u0103rile care trebuie operate la Codul Electoral, iar din acel moment, conform Codului bunelor practici \u00een domeniul electoral al Comisiei de la Vene\u021bia, stabile\u0219te un termen de 4-6 luni p\u00e2n\u0103 \u00een ziua alegerilor. Astfel, preziden\u021bialele din acest [&hellip;]<\/p>\n","protected":false},"author":4,"featured_media":9597,"comment_status":"closed","ping_status":"closed","sticky":false,"template":"","format":"standard","meta":{"footnotes":""},"categories":[11],"tags":[],"class_list":["post-9596","post","type-post","status-publish","format-standard","has-post-thumbnail","hentry","category-politica"],"yoast_head":"<!-- This site is optimized with the Yoast SEO plugin v27.4 - https:\/\/yoast.com\/product\/yoast-seo-wordpress\/ -->\n<title>ALEGERILE PREZIDEN\u021aIALE, LA SF\u00c2R\u0218ITUL LUI AUGUST \u2013 \u00ceNCEPUTUL LUI SEPTEMBRIE - BTV<\/title>\n<meta name=\"robots\" content=\"index, follow, max-snippet:-1, max-image-preview:large, max-video-preview:-1\" \/>\n<link rel=\"canonical\" href=\"https:\/\/www.btv.md\/ro\/alegerile-prezidentiale-la-sfarsitul-lui-august-inceputul-lui-septembrie\/\" \/>\n<meta property=\"og:locale\" content=\"ro_RO\" \/>\n<meta property=\"og:type\" content=\"article\" \/>\n<meta property=\"og:title\" content=\"ALEGERILE PREZIDEN\u021aIALE, LA SF\u00c2R\u0218ITUL LUI AUGUST \u2013 \u00ceNCEPUTUL LUI SEPTEMBRIE - BTV\" \/>\n<meta property=\"og:description\" content=\"Decizia \u00een Parlament cu privire la stabilirea datei alegerilor preziden\u021biale va fi luat\u0103 atunci c\u00e2nd vor fi gata modific\u0103rile care trebuie operate la Codul Electoral, iar din acel moment, conform Codului bunelor practici \u00een domeniul electoral al Comisiei de la Vene\u021bia, stabile\u0219te un termen de 4-6 luni p\u00e2n\u0103 \u00een ziua alegerilor. Astfel, preziden\u021bialele din acest [&hellip;]\" \/>\n<meta property=\"og:url\" content=\"https:\/\/www.btv.md\/ro\/alegerile-prezidentiale-la-sfarsitul-lui-august-inceputul-lui-septembrie\/\" \/>\n<meta property=\"og:site_name\" content=\"BTV\" \/>\n<meta property=\"article:publisher\" content=\"https:\/\/www.facebook.com\/btvmoldova\/\" \/>\n<meta property=\"article:published_time\" content=\"2016-03-25T10:39:13+00:00\" \/>\n<meta property=\"og:image\" content=\"https:\/\/www.btv.md\/wp-content\/uploads\/2016\/03\/votare.jpg\" \/>\n\t<meta property=\"og:image:width\" content=\"484\" \/>\n\t<meta property=\"og:image:height\" content=\"333\" \/>\n\t<meta property=\"og:image:type\" content=\"image\/jpeg\" \/>\n<meta name=\"author\" content=\"admin\" \/>\n<meta name=\"twitter:label1\" content=\"Scris de\" \/>\n\t<meta name=\"twitter:data1\" content=\"admin\" \/>\n\t<meta name=\"twitter:label2\" content=\"Timp estimat pentru citire\" \/>\n\t<meta name=\"twitter:data2\" content=\"2 minute\" \/>\n<script type=\"application\/ld+json\" class=\"yoast-schema-graph\">{\"@context\":\"https:\\\/\\\/schema.org\",\"@graph\":[{\"@type\":\"Article\",\"@id\":\"https:\\\/\\\/www.btv.md\\\/ro\\\/alegerile-prezidentiale-la-sfarsitul-lui-august-inceputul-lui-septembrie\\\/#article\",\"isPartOf\":{\"@id\":\"https:\\\/\\\/www.btv.md\\\/ro\\\/alegerile-prezidentiale-la-sfarsitul-lui-august-inceputul-lui-septembrie\\\/\"},\"author\":{\"name\":\"admin\",\"@id\":\"https:\\\/\\\/www.btv.md\\\/#\\\/schema\\\/person\\\/8fadce81561b3ce2c34c46dadc4ccbf2\"},\"headline\":\"ALEGERILE PREZIDEN\u021aIALE, LA SF\u00c2R\u0218ITUL LUI AUGUST \u2013 \u00ceNCEPUTUL LUI SEPTEMBRIE\",\"datePublished\":\"2016-03-25T10:39:13+00:00\",\"mainEntityOfPage\":{\"@id\":\"https:\\\/\\\/www.btv.md\\\/ro\\\/alegerile-prezidentiale-la-sfarsitul-lui-august-inceputul-lui-septembrie\\\/\"},\"wordCount\":419,\"image\":{\"@id\":\"https:\\\/\\\/www.btv.md\\\/ro\\\/alegerile-prezidentiale-la-sfarsitul-lui-august-inceputul-lui-septembrie\\\/#primaryimage\"},\"thumbnailUrl\":\"https:\\\/\\\/www.btv.md\\\/wp-content\\\/uploads\\\/2016\\\/03\\\/votare.jpg\",\"articleSection\":[\"\u041f\u043e\u043b\u0438\u0442\u0438\u043a\u0430\"],\"inLanguage\":\"ro-RO\"},{\"@type\":\"WebPage\",\"@id\":\"https:\\\/\\\/www.btv.md\\\/ro\\\/alegerile-prezidentiale-la-sfarsitul-lui-august-inceputul-lui-septembrie\\\/\",\"url\":\"https:\\\/\\\/www.btv.md\\\/ro\\\/alegerile-prezidentiale-la-sfarsitul-lui-august-inceputul-lui-septembrie\\\/\",\"name\":\"ALEGERILE PREZIDEN\u021aIALE, LA SF\u00c2R\u0218ITUL LUI AUGUST \u2013 \u00ceNCEPUTUL LUI SEPTEMBRIE - BTV\",\"isPartOf\":{\"@id\":\"https:\\\/\\\/www.btv.md\\\/#website\"},\"primaryImageOfPage\":{\"@id\":\"https:\\\/\\\/www.btv.md\\\/ro\\\/alegerile-prezidentiale-la-sfarsitul-lui-august-inceputul-lui-septembrie\\\/#primaryimage\"},\"image\":{\"@id\":\"https:\\\/\\\/www.btv.md\\\/ro\\\/alegerile-prezidentiale-la-sfarsitul-lui-august-inceputul-lui-septembrie\\\/#primaryimage\"},\"thumbnailUrl\":\"https:\\\/\\\/www.btv.md\\\/wp-content\\\/uploads\\\/2016\\\/03\\\/votare.jpg\",\"datePublished\":\"2016-03-25T10:39:13+00:00\",\"author\":{\"@id\":\"https:\\\/\\\/www.btv.md\\\/#\\\/schema\\\/person\\\/8fadce81561b3ce2c34c46dadc4ccbf2\"},\"inLanguage\":\"ro-RO\",\"potentialAction\":[{\"@type\":\"ReadAction\",\"target\":[\"https:\\\/\\\/www.btv.md\\\/ro\\\/alegerile-prezidentiale-la-sfarsitul-lui-august-inceputul-lui-septembrie\\\/\"]}]},{\"@type\":\"ImageObject\",\"inLanguage\":\"ro-RO\",\"@id\":\"https:\\\/\\\/www.btv.md\\\/ro\\\/alegerile-prezidentiale-la-sfarsitul-lui-august-inceputul-lui-septembrie\\\/#primaryimage\",\"url\":\"https:\\\/\\\/www.btv.md\\\/wp-content\\\/uploads\\\/2016\\\/03\\\/votare.jpg\",\"contentUrl\":\"https:\\\/\\\/www.btv.md\\\/wp-content\\\/uploads\\\/2016\\\/03\\\/votare.jpg\",\"width\":484,\"height\":333,\"caption\":\"atitudineseverin.ro\"},{\"@type\":\"WebSite\",\"@id\":\"https:\\\/\\\/www.btv.md\\\/#website\",\"url\":\"https:\\\/\\\/www.btv.md\\\/\",\"name\":\"BTV\",\"description\":\"\u0411\u0435\u043b\u044c\u0446\u043a\u043e\u0435 \u0442\u0435\u043b\u0435\u0432\u0438\u0434\u0435\u043d\u0438\u0435\",\"potentialAction\":[{\"@type\":\"SearchAction\",\"target\":{\"@type\":\"EntryPoint\",\"urlTemplate\":\"https:\\\/\\\/www.btv.md\\\/?s={search_term_string}\"},\"query-input\":{\"@type\":\"PropertyValueSpecification\",\"valueRequired\":true,\"valueName\":\"search_term_string\"}}],\"inLanguage\":\"ro-RO\"},{\"@type\":\"Person\",\"@id\":\"https:\\\/\\\/www.btv.md\\\/#\\\/schema\\\/person\\\/8fadce81561b3ce2c34c46dadc4ccbf2\",\"name\":\"admin\"}]}<\/script>\n<!-- \/ Yoast SEO plugin. -->","yoast_head_json":{"title":"ALEGERILE PREZIDEN\u021aIALE, LA SF\u00c2R\u0218ITUL LUI AUGUST \u2013 \u00ceNCEPUTUL LUI SEPTEMBRIE - BTV","robots":{"index":"index","follow":"follow","max-snippet":"max-snippet:-1","max-image-preview":"max-image-preview:large","max-video-preview":"max-video-preview:-1"},"canonical":"https:\/\/www.btv.md\/ro\/alegerile-prezidentiale-la-sfarsitul-lui-august-inceputul-lui-septembrie\/","og_locale":"ro_RO","og_type":"article","og_title":"ALEGERILE PREZIDEN\u021aIALE, LA SF\u00c2R\u0218ITUL LUI AUGUST \u2013 \u00ceNCEPUTUL LUI SEPTEMBRIE - BTV","og_description":"Decizia \u00een Parlament cu privire la stabilirea datei alegerilor preziden\u021biale va fi luat\u0103 atunci c\u00e2nd vor fi gata modific\u0103rile care trebuie operate la Codul Electoral, iar din acel moment, conform Codului bunelor practici \u00een domeniul electoral al Comisiei de la Vene\u021bia, stabile\u0219te un termen de 4-6 luni p\u00e2n\u0103 \u00een ziua alegerilor. Astfel, preziden\u021bialele din acest [&hellip;]","og_url":"https:\/\/www.btv.md\/ro\/alegerile-prezidentiale-la-sfarsitul-lui-august-inceputul-lui-septembrie\/","og_site_name":"BTV","article_publisher":"https:\/\/www.facebook.com\/btvmoldova\/","article_published_time":"2016-03-25T10:39:13+00:00","og_image":[{"width":484,"height":333,"url":"https:\/\/www.btv.md\/wp-content\/uploads\/2016\/03\/votare.jpg","type":"image\/jpeg"}],"author":"admin","twitter_misc":{"Scris de":"admin","Timp estimat pentru citire":"2 minute"},"schema":{"@context":"https:\/\/schema.org","@graph":[{"@type":"Article","@id":"https:\/\/www.btv.md\/ro\/alegerile-prezidentiale-la-sfarsitul-lui-august-inceputul-lui-septembrie\/#article","isPartOf":{"@id":"https:\/\/www.btv.md\/ro\/alegerile-prezidentiale-la-sfarsitul-lui-august-inceputul-lui-septembrie\/"},"author":{"name":"admin","@id":"https:\/\/www.btv.md\/#\/schema\/person\/8fadce81561b3ce2c34c46dadc4ccbf2"},"headline":"ALEGERILE PREZIDEN\u021aIALE, LA SF\u00c2R\u0218ITUL LUI AUGUST \u2013 \u00ceNCEPUTUL LUI SEPTEMBRIE","datePublished":"2016-03-25T10:39:13+00:00","mainEntityOfPage":{"@id":"https:\/\/www.btv.md\/ro\/alegerile-prezidentiale-la-sfarsitul-lui-august-inceputul-lui-septembrie\/"},"wordCount":419,"image":{"@id":"https:\/\/www.btv.md\/ro\/alegerile-prezidentiale-la-sfarsitul-lui-august-inceputul-lui-septembrie\/#primaryimage"},"thumbnailUrl":"https:\/\/www.btv.md\/wp-content\/uploads\/2016\/03\/votare.jpg","articleSection":["\u041f\u043e\u043b\u0438\u0442\u0438\u043a\u0430"],"inLanguage":"ro-RO"},{"@type":"WebPage","@id":"https:\/\/www.btv.md\/ro\/alegerile-prezidentiale-la-sfarsitul-lui-august-inceputul-lui-septembrie\/","url":"https:\/\/www.btv.md\/ro\/alegerile-prezidentiale-la-sfarsitul-lui-august-inceputul-lui-septembrie\/","name":"ALEGERILE PREZIDEN\u021aIALE, LA SF\u00c2R\u0218ITUL LUI AUGUST \u2013 \u00ceNCEPUTUL LUI SEPTEMBRIE - BTV","isPartOf":{"@id":"https:\/\/www.btv.md\/#website"},"primaryImageOfPage":{"@id":"https:\/\/www.btv.md\/ro\/alegerile-prezidentiale-la-sfarsitul-lui-august-inceputul-lui-septembrie\/#primaryimage"},"image":{"@id":"https:\/\/www.btv.md\/ro\/alegerile-prezidentiale-la-sfarsitul-lui-august-inceputul-lui-septembrie\/#primaryimage"},"thumbnailUrl":"https:\/\/www.btv.md\/wp-content\/uploads\/2016\/03\/votare.jpg","datePublished":"2016-03-25T10:39:13+00:00","author":{"@id":"https:\/\/www.btv.md\/#\/schema\/person\/8fadce81561b3ce2c34c46dadc4ccbf2"},"inLanguage":"ro-RO","potentialAction":[{"@type":"ReadAction","target":["https:\/\/www.btv.md\/ro\/alegerile-prezidentiale-la-sfarsitul-lui-august-inceputul-lui-septembrie\/"]}]},{"@type":"ImageObject","inLanguage":"ro-RO","@id":"https:\/\/www.btv.md\/ro\/alegerile-prezidentiale-la-sfarsitul-lui-august-inceputul-lui-septembrie\/#primaryimage","url":"https:\/\/www.btv.md\/wp-content\/uploads\/2016\/03\/votare.jpg","contentUrl":"https:\/\/www.btv.md\/wp-content\/uploads\/2016\/03\/votare.jpg","width":484,"height":333,"caption":"atitudineseverin.ro"},{"@type":"WebSite","@id":"https:\/\/www.btv.md\/#website","url":"https:\/\/www.btv.md\/","name":"BTV","description":"\u0411\u0435\u043b\u044c\u0446\u043a\u043e\u0435 \u0442\u0435\u043b\u0435\u0432\u0438\u0434\u0435\u043d\u0438\u0435","potentialAction":[{"@type":"SearchAction","target":{"@type":"EntryPoint","urlTemplate":"https:\/\/www.btv.md\/?s={search_term_string}"},"query-input":{"@type":"PropertyValueSpecification","valueRequired":true,"valueName":"search_term_string"}}],"inLanguage":"ro-RO"},{"@type":"Person","@id":"https:\/\/www.btv.md\/#\/schema\/person\/8fadce81561b3ce2c34c46dadc4ccbf2","name":"admin"}]}},"_links":{"self":[{"href":"https:\/\/www.btv.md\/ro\/wp-json\/wp\/v2\/posts\/9596","targetHints":{"allow":["GET"]}}],"collection":[{"href":"https:\/\/www.btv.md\/ro\/wp-json\/wp\/v2\/posts"}],"about":[{"href":"https:\/\/www.btv.md\/ro\/wp-json\/wp\/v2\/types\/post"}],"author":[{"embeddable":true,"href":"https:\/\/www.btv.md\/ro\/wp-json\/wp\/v2\/users\/4"}],"replies":[{"embeddable":true,"href":"https:\/\/www.btv.md\/ro\/wp-json\/wp\/v2\/comments?post=9596"}],"version-history":[{"count":0,"href":"https:\/\/www.btv.md\/ro\/wp-json\/wp\/v2\/posts\/9596\/revisions"}],"wp:featuredmedia":[{"embeddable":true,"href":"https:\/\/www.btv.md\/ro\/wp-json\/wp\/v2\/media\/9597"}],"wp:attachment":[{"href":"https:\/\/www.btv.md\/ro\/wp-json\/wp\/v2\/media?parent=9596"}],"wp:term":[{"taxonomy":"category","embeddable":true,"href":"https:\/\/www.btv.md\/ro\/wp-json\/wp\/v2\/categories?post=9596"},{"taxonomy":"post_tag","embeddable":true,"href":"https:\/\/www.btv.md\/ro\/wp-json\/wp\/v2\/tags?post=9596"}],"curies":[{"name":"wp","href":"https:\/\/api.w.org\/{rel}","templated":true}]}}