{"id":9599,"date":"2016-03-25T13:51:22","date_gmt":"2016-03-25T10:51:22","guid":{"rendered":"http:\/\/btv.md\/?p=9599"},"modified":"2016-03-25T13:51:22","modified_gmt":"2016-03-25T10:51:22","slug":"detinatorii-de-cazane-ar-putea-plati-mai-putin-pentru-caldura","status":"publish","type":"post","link":"https:\/\/www.btv.md\/ro\/detinatorii-de-cazane-ar-putea-plati-mai-putin-pentru-caldura\/","title":{"rendered":"DE\u021aIN\u0102TORII DE CAZANE AR PUTEA PL\u0102TI MAI PU\u021aIN PENTRU C\u0102LDUR\u0102"},"content":{"rendered":"<p><strong>Ministerul Economiei propune s\u0103 reduc\u0103 factura pentru energia termic\u0103 consumat\u0103 \u00een cadrul blocului p\u00e2n\u0103 la 10la sut\u0103 pentru proprietarii apartamentelor cu central\u0103 de \u00eenc\u0103lzire autonom\u0103, care s-au deconectat de la sistemul termic colectiv, transmite deschide.md.<\/strong><\/p>\n<p>\u00cen acest sens, institu\u021bia a efectuat o serie de amendamente la cadrul normativ existent, care vin s\u0103 r\u0103spund\u0103 numeroaselor adres\u0103ri ale consumatorilor din municipiile Chi\u0219in\u0103u \u0219i B\u0103l\u021bi. Proiectul de Hot\u0103r\u00e2re de Guvern a fost transmis autorit\u0103\u021bilor pentru avizare \u0219i \u00een timpul apropiat va fi \u00eenaintat Guvernului spre aprobare.<\/p>\n<p>Potrivit proiectului, \u00eencep\u00e2nd  cu \u00eent\u00e2i aprilie 2016 proprietarii de cazane termice autonome din cadrul blocurilor conectate la sistemul de \u00eenc\u0103lzire centralizat vor achita 10 la sut\u0103 din volumul de energie termic\u0103 consumat de bloc, \u00een loc de 20% calculate \u00een prezent. Principalul argument al deciziei este c\u0103 20 la sut\u0103 din costul unui metru p\u0103trat este o povar\u0103 financiar\u0103 pentru de\u021bin\u0103torii de centrale autonome de \u00eenc\u0103lzire, deoarece facturile achitate de ei pentru consumul de gaze naturale sunt mult mai mari dec\u00e2t cele ale consumatorilor conecta\u021bi la sistemul centralizat.<\/p>\n<p>De asemenea, conform regulamentului, unitatea termoenergetic\u0103 este \u00een drept s\u0103 cear\u0103 penalit\u0103\u021bi pentru \u00eent\u00e2rzierea pl\u0103\u021bii energiei termice facturate, fapt care constituie o \u00eenc\u0103lcare a prevederilor legale. Astfel, amendamentele operate vin s\u0103 \u00eenl\u0103ture aceste constr\u00e2ngeri \u00een beneficiul consumatorilor, num\u0103rul c\u0103rora numai \u00een municipiul Chi\u0219in\u0103u se ridic\u0103 la 22 000.<\/p>\n<p>Totodat\u0103, Agen\u021bia pentru Eficien\u021b\u0103 Energetic\u0103 elaboreaz\u0103 Metodologia de repartizare a volumelor \u0219i costului de energie termic\u0103 livrat\u0103 \u00eentre consumatorii unui bloc locativ, prin care va fi stabilit\u0103 o diferen\u021biere a procentului de calcul pentru apartamentele debran\u0219ate de la sistemul colectiv de alimentare cu energie termic\u0103 \u00een cadrul blocului \u00een func\u021bie amplasarea acestora.<\/p>\n<p>\u00cen baza acestei metodologii urmeaz\u0103 s\u0103 fie efectuat auditul energetic al blocurilor, \u00een rezultatul c\u0103ruia va fi stabilit nivelul exact al consumului termoenergetic al fiec\u0103rui apartament \u0219i calculat procentul corespunz\u0103tor pentru apartamentele deconectate de la sistemul termic centralizat.<\/p>\n","protected":false},"excerpt":{"rendered":"<p>Ministerul Economiei propune s\u0103 reduc\u0103 factura pentru energia termic\u0103 consumat\u0103 \u00een cadrul blocului p\u00e2n\u0103 la 10la sut\u0103 pentru proprietarii apartamentelor cu central\u0103 de \u00eenc\u0103lzire autonom\u0103, care s-au deconectat de la sistemul termic colectiv, transmite deschide.md. \u00cen acest sens, institu\u021bia a efectuat o serie de amendamente la cadrul normativ existent, care vin s\u0103 r\u0103spund\u0103 numeroaselor adres\u0103ri [&hellip;]<\/p>\n","protected":false},"author":4,"featured_media":9600,"comment_status":"closed","ping_status":"closed","sticky":false,"template":"","format":"standard","meta":{"footnotes":""},"categories":[6349],"tags":[],"class_list":["post-9599","post","type-post","status-publish","format-standard","has-post-thumbnail","hentry","category-social"],"yoast_head":"<!-- This site is optimized with the Yoast SEO plugin v27.4 - https:\/\/yoast.com\/product\/yoast-seo-wordpress\/ -->\n<title>DE\u021aIN\u0102TORII DE CAZANE AR PUTEA PL\u0102TI MAI PU\u021aIN PENTRU C\u0102LDUR\u0102  - BTV<\/title>\n<meta name=\"robots\" content=\"index, follow, max-snippet:-1, max-image-preview:large, max-video-preview:-1\" \/>\n<link rel=\"canonical\" href=\"https:\/\/www.btv.md\/ro\/detinatorii-de-cazane-ar-putea-plati-mai-putin-pentru-caldura\/\" \/>\n<meta property=\"og:locale\" content=\"ro_RO\" \/>\n<meta property=\"og:type\" content=\"article\" \/>\n<meta property=\"og:title\" content=\"DE\u021aIN\u0102TORII DE CAZANE AR PUTEA PL\u0102TI MAI PU\u021aIN PENTRU C\u0102LDUR\u0102  - BTV\" \/>\n<meta property=\"og:description\" content=\"Ministerul Economiei propune s\u0103 reduc\u0103 factura pentru energia termic\u0103 consumat\u0103 \u00een cadrul blocului p\u00e2n\u0103 la 10la sut\u0103 pentru proprietarii apartamentelor cu central\u0103 de \u00eenc\u0103lzire autonom\u0103, care s-au deconectat de la sistemul termic colectiv, transmite deschide.md. \u00cen acest sens, institu\u021bia a efectuat o serie de amendamente la cadrul normativ existent, care vin s\u0103 r\u0103spund\u0103 numeroaselor adres\u0103ri [&hellip;]\" \/>\n<meta property=\"og:url\" content=\"https:\/\/www.btv.md\/ro\/detinatorii-de-cazane-ar-putea-plati-mai-putin-pentru-caldura\/\" \/>\n<meta property=\"og:site_name\" content=\"BTV\" \/>\n<meta property=\"article:publisher\" content=\"https:\/\/www.facebook.com\/btvmoldova\/\" \/>\n<meta property=\"article:published_time\" content=\"2016-03-25T10:51:22+00:00\" \/>\n<meta property=\"og:image\" content=\"https:\/\/www.btv.md\/wp-content\/uploads\/2016\/03\/centrala_termica.jpg\" \/>\n\t<meta property=\"og:image:width\" content=\"600\" \/>\n\t<meta property=\"og:image:height\" content=\"451\" \/>\n\t<meta property=\"og:image:type\" content=\"image\/jpeg\" \/>\n<meta name=\"author\" content=\"admin\" \/>\n<meta name=\"twitter:label1\" content=\"Scris de\" \/>\n\t<meta name=\"twitter:data1\" content=\"admin\" \/>\n\t<meta name=\"twitter:label2\" content=\"Timp estimat pentru citire\" \/>\n\t<meta name=\"twitter:data2\" content=\"2 minute\" \/>\n<script type=\"application\/ld+json\" class=\"yoast-schema-graph\">{\"@context\":\"https:\\\/\\\/schema.org\",\"@graph\":[{\"@type\":\"Article\",\"@id\":\"https:\\\/\\\/www.btv.md\\\/ro\\\/detinatorii-de-cazane-ar-putea-plati-mai-putin-pentru-caldura\\\/#article\",\"isPartOf\":{\"@id\":\"https:\\\/\\\/www.btv.md\\\/ro\\\/detinatorii-de-cazane-ar-putea-plati-mai-putin-pentru-caldura\\\/\"},\"author\":{\"name\":\"admin\",\"@id\":\"https:\\\/\\\/www.btv.md\\\/#\\\/schema\\\/person\\\/8fadce81561b3ce2c34c46dadc4ccbf2\"},\"headline\":\"DE\u021aIN\u0102TORII DE CAZANE AR PUTEA PL\u0102TI MAI PU\u021aIN PENTRU C\u0102LDUR\u0102\",\"datePublished\":\"2016-03-25T10:51:22+00:00\",\"mainEntityOfPage\":{\"@id\":\"https:\\\/\\\/www.btv.md\\\/ro\\\/detinatorii-de-cazane-ar-putea-plati-mai-putin-pentru-caldura\\\/\"},\"wordCount\":357,\"image\":{\"@id\":\"https:\\\/\\\/www.btv.md\\\/ro\\\/detinatorii-de-cazane-ar-putea-plati-mai-putin-pentru-caldura\\\/#primaryimage\"},\"thumbnailUrl\":\"https:\\\/\\\/www.btv.md\\\/wp-content\\\/uploads\\\/2016\\\/03\\\/centrala_termica.jpg\",\"articleSection\":[\"Social\"],\"inLanguage\":\"ro-RO\"},{\"@type\":\"WebPage\",\"@id\":\"https:\\\/\\\/www.btv.md\\\/ro\\\/detinatorii-de-cazane-ar-putea-plati-mai-putin-pentru-caldura\\\/\",\"url\":\"https:\\\/\\\/www.btv.md\\\/ro\\\/detinatorii-de-cazane-ar-putea-plati-mai-putin-pentru-caldura\\\/\",\"name\":\"DE\u021aIN\u0102TORII DE CAZANE AR PUTEA PL\u0102TI MAI PU\u021aIN PENTRU C\u0102LDUR\u0102 - BTV\",\"isPartOf\":{\"@id\":\"https:\\\/\\\/www.btv.md\\\/#website\"},\"primaryImageOfPage\":{\"@id\":\"https:\\\/\\\/www.btv.md\\\/ro\\\/detinatorii-de-cazane-ar-putea-plati-mai-putin-pentru-caldura\\\/#primaryimage\"},\"image\":{\"@id\":\"https:\\\/\\\/www.btv.md\\\/ro\\\/detinatorii-de-cazane-ar-putea-plati-mai-putin-pentru-caldura\\\/#primaryimage\"},\"thumbnailUrl\":\"https:\\\/\\\/www.btv.md\\\/wp-content\\\/uploads\\\/2016\\\/03\\\/centrala_termica.jpg\",\"datePublished\":\"2016-03-25T10:51:22+00:00\",\"author\":{\"@id\":\"https:\\\/\\\/www.btv.md\\\/#\\\/schema\\\/person\\\/8fadce81561b3ce2c34c46dadc4ccbf2\"},\"inLanguage\":\"ro-RO\",\"potentialAction\":[{\"@type\":\"ReadAction\",\"target\":[\"https:\\\/\\\/www.btv.md\\\/ro\\\/detinatorii-de-cazane-ar-putea-plati-mai-putin-pentru-caldura\\\/\"]}]},{\"@type\":\"ImageObject\",\"inLanguage\":\"ro-RO\",\"@id\":\"https:\\\/\\\/www.btv.md\\\/ro\\\/detinatorii-de-cazane-ar-putea-plati-mai-putin-pentru-caldura\\\/#primaryimage\",\"url\":\"https:\\\/\\\/www.btv.md\\\/wp-content\\\/uploads\\\/2016\\\/03\\\/centrala_termica.jpg\",\"contentUrl\":\"https:\\\/\\\/www.btv.md\\\/wp-content\\\/uploads\\\/2016\\\/03\\\/centrala_termica.jpg\",\"width\":600,\"height\":451,\"caption\":\"archiva.flux.md\"},{\"@type\":\"WebSite\",\"@id\":\"https:\\\/\\\/www.btv.md\\\/#website\",\"url\":\"https:\\\/\\\/www.btv.md\\\/\",\"name\":\"BTV\",\"description\":\"\u0411\u0435\u043b\u044c\u0446\u043a\u043e\u0435 \u0442\u0435\u043b\u0435\u0432\u0438\u0434\u0435\u043d\u0438\u0435\",\"potentialAction\":[{\"@type\":\"SearchAction\",\"target\":{\"@type\":\"EntryPoint\",\"urlTemplate\":\"https:\\\/\\\/www.btv.md\\\/?s={search_term_string}\"},\"query-input\":{\"@type\":\"PropertyValueSpecification\",\"valueRequired\":true,\"valueName\":\"search_term_string\"}}],\"inLanguage\":\"ro-RO\"},{\"@type\":\"Person\",\"@id\":\"https:\\\/\\\/www.btv.md\\\/#\\\/schema\\\/person\\\/8fadce81561b3ce2c34c46dadc4ccbf2\",\"name\":\"admin\"}]}<\/script>\n<!-- \/ Yoast SEO plugin. -->","yoast_head_json":{"title":"DE\u021aIN\u0102TORII DE CAZANE AR PUTEA PL\u0102TI MAI PU\u021aIN PENTRU C\u0102LDUR\u0102  - BTV","robots":{"index":"index","follow":"follow","max-snippet":"max-snippet:-1","max-image-preview":"max-image-preview:large","max-video-preview":"max-video-preview:-1"},"canonical":"https:\/\/www.btv.md\/ro\/detinatorii-de-cazane-ar-putea-plati-mai-putin-pentru-caldura\/","og_locale":"ro_RO","og_type":"article","og_title":"DE\u021aIN\u0102TORII DE CAZANE AR PUTEA PL\u0102TI MAI PU\u021aIN PENTRU C\u0102LDUR\u0102  - BTV","og_description":"Ministerul Economiei propune s\u0103 reduc\u0103 factura pentru energia termic\u0103 consumat\u0103 \u00een cadrul blocului p\u00e2n\u0103 la 10la sut\u0103 pentru proprietarii apartamentelor cu central\u0103 de \u00eenc\u0103lzire autonom\u0103, care s-au deconectat de la sistemul termic colectiv, transmite deschide.md. \u00cen acest sens, institu\u021bia a efectuat o serie de amendamente la cadrul normativ existent, care vin s\u0103 r\u0103spund\u0103 numeroaselor adres\u0103ri [&hellip;]","og_url":"https:\/\/www.btv.md\/ro\/detinatorii-de-cazane-ar-putea-plati-mai-putin-pentru-caldura\/","og_site_name":"BTV","article_publisher":"https:\/\/www.facebook.com\/btvmoldova\/","article_published_time":"2016-03-25T10:51:22+00:00","og_image":[{"width":600,"height":451,"url":"https:\/\/www.btv.md\/wp-content\/uploads\/2016\/03\/centrala_termica.jpg","type":"image\/jpeg"}],"author":"admin","twitter_misc":{"Scris de":"admin","Timp estimat pentru citire":"2 minute"},"schema":{"@context":"https:\/\/schema.org","@graph":[{"@type":"Article","@id":"https:\/\/www.btv.md\/ro\/detinatorii-de-cazane-ar-putea-plati-mai-putin-pentru-caldura\/#article","isPartOf":{"@id":"https:\/\/www.btv.md\/ro\/detinatorii-de-cazane-ar-putea-plati-mai-putin-pentru-caldura\/"},"author":{"name":"admin","@id":"https:\/\/www.btv.md\/#\/schema\/person\/8fadce81561b3ce2c34c46dadc4ccbf2"},"headline":"DE\u021aIN\u0102TORII DE CAZANE AR PUTEA PL\u0102TI MAI PU\u021aIN PENTRU C\u0102LDUR\u0102","datePublished":"2016-03-25T10:51:22+00:00","mainEntityOfPage":{"@id":"https:\/\/www.btv.md\/ro\/detinatorii-de-cazane-ar-putea-plati-mai-putin-pentru-caldura\/"},"wordCount":357,"image":{"@id":"https:\/\/www.btv.md\/ro\/detinatorii-de-cazane-ar-putea-plati-mai-putin-pentru-caldura\/#primaryimage"},"thumbnailUrl":"https:\/\/www.btv.md\/wp-content\/uploads\/2016\/03\/centrala_termica.jpg","articleSection":["Social"],"inLanguage":"ro-RO"},{"@type":"WebPage","@id":"https:\/\/www.btv.md\/ro\/detinatorii-de-cazane-ar-putea-plati-mai-putin-pentru-caldura\/","url":"https:\/\/www.btv.md\/ro\/detinatorii-de-cazane-ar-putea-plati-mai-putin-pentru-caldura\/","name":"DE\u021aIN\u0102TORII DE CAZANE AR PUTEA PL\u0102TI MAI PU\u021aIN PENTRU C\u0102LDUR\u0102 - BTV","isPartOf":{"@id":"https:\/\/www.btv.md\/#website"},"primaryImageOfPage":{"@id":"https:\/\/www.btv.md\/ro\/detinatorii-de-cazane-ar-putea-plati-mai-putin-pentru-caldura\/#primaryimage"},"image":{"@id":"https:\/\/www.btv.md\/ro\/detinatorii-de-cazane-ar-putea-plati-mai-putin-pentru-caldura\/#primaryimage"},"thumbnailUrl":"https:\/\/www.btv.md\/wp-content\/uploads\/2016\/03\/centrala_termica.jpg","datePublished":"2016-03-25T10:51:22+00:00","author":{"@id":"https:\/\/www.btv.md\/#\/schema\/person\/8fadce81561b3ce2c34c46dadc4ccbf2"},"inLanguage":"ro-RO","potentialAction":[{"@type":"ReadAction","target":["https:\/\/www.btv.md\/ro\/detinatorii-de-cazane-ar-putea-plati-mai-putin-pentru-caldura\/"]}]},{"@type":"ImageObject","inLanguage":"ro-RO","@id":"https:\/\/www.btv.md\/ro\/detinatorii-de-cazane-ar-putea-plati-mai-putin-pentru-caldura\/#primaryimage","url":"https:\/\/www.btv.md\/wp-content\/uploads\/2016\/03\/centrala_termica.jpg","contentUrl":"https:\/\/www.btv.md\/wp-content\/uploads\/2016\/03\/centrala_termica.jpg","width":600,"height":451,"caption":"archiva.flux.md"},{"@type":"WebSite","@id":"https:\/\/www.btv.md\/#website","url":"https:\/\/www.btv.md\/","name":"BTV","description":"\u0411\u0435\u043b\u044c\u0446\u043a\u043e\u0435 \u0442\u0435\u043b\u0435\u0432\u0438\u0434\u0435\u043d\u0438\u0435","potentialAction":[{"@type":"SearchAction","target":{"@type":"EntryPoint","urlTemplate":"https:\/\/www.btv.md\/?s={search_term_string}"},"query-input":{"@type":"PropertyValueSpecification","valueRequired":true,"valueName":"search_term_string"}}],"inLanguage":"ro-RO"},{"@type":"Person","@id":"https:\/\/www.btv.md\/#\/schema\/person\/8fadce81561b3ce2c34c46dadc4ccbf2","name":"admin"}]}},"_links":{"self":[{"href":"https:\/\/www.btv.md\/ro\/wp-json\/wp\/v2\/posts\/9599","targetHints":{"allow":["GET"]}}],"collection":[{"href":"https:\/\/www.btv.md\/ro\/wp-json\/wp\/v2\/posts"}],"about":[{"href":"https:\/\/www.btv.md\/ro\/wp-json\/wp\/v2\/types\/post"}],"author":[{"embeddable":true,"href":"https:\/\/www.btv.md\/ro\/wp-json\/wp\/v2\/users\/4"}],"replies":[{"embeddable":true,"href":"https:\/\/www.btv.md\/ro\/wp-json\/wp\/v2\/comments?post=9599"}],"version-history":[{"count":0,"href":"https:\/\/www.btv.md\/ro\/wp-json\/wp\/v2\/posts\/9599\/revisions"}],"wp:featuredmedia":[{"embeddable":true,"href":"https:\/\/www.btv.md\/ro\/wp-json\/wp\/v2\/media\/9600"}],"wp:attachment":[{"href":"https:\/\/www.btv.md\/ro\/wp-json\/wp\/v2\/media?parent=9599"}],"wp:term":[{"taxonomy":"category","embeddable":true,"href":"https:\/\/www.btv.md\/ro\/wp-json\/wp\/v2\/categories?post=9599"},{"taxonomy":"post_tag","embeddable":true,"href":"https:\/\/www.btv.md\/ro\/wp-json\/wp\/v2\/tags?post=9599"}],"curies":[{"name":"wp","href":"https:\/\/api.w.org\/{rel}","templated":true}]}}