{"id":9611,"date":"2016-03-25T14:59:18","date_gmt":"2016-03-25T11:59:18","guid":{"rendered":"http:\/\/btv.md\/?p=9611"},"modified":"2016-03-25T14:59:18","modified_gmt":"2016-03-25T11:59:18","slug":"bugetul-pentru-2016-ar-putea-fi-adoptat-in-aprilie","status":"publish","type":"post","link":"https:\/\/www.btv.md\/ro\/bugetul-pentru-2016-ar-putea-fi-adoptat-in-aprilie\/","title":{"rendered":"BUGETUL PENTRU 2016 AR PUTEA FI ADOPTAT \u00ceN APRILIE"},"content":{"rendered":"<p><strong>Pre\u0219edintele Parlamentului, Andrian Candu, sus\u021bine c\u0103 bugetul \u021b\u0103rii pentru anul \u00een curs ar putea fi adoptat p\u00e2n\u0103 cel t\u00e2rziu 20 aprilie, scrie <a href=\"http:\/\/argumentul.info\/2016\/03\/25\/bugetul-pentru-2016-ar-putea-fi-adoptat-pana-la-mijlocul-lunii-aprilie\/\" target=\"_blank\">argumentul.info<\/a>.<\/strong><\/p>\n<p>Candu a spus la TV N4 c\u0103 \u00een prezent proiectul Legii bugetului este \u00een ultima etap\u0103 de elaborare la Guvern, o decizie a c\u0103ruia urmeaz\u0103 s\u0103 fie luat\u0103 \u00een 2-3 s\u0103pt\u0103m\u00e2ni, dup\u0103 care va fi supus dezbaterilor \u00een plenul Parlamentului, potrivit Realitatea.md.<\/p>\n<p>Spicherul spune c\u0103 proiectul legii bugetului este pe ultima sut\u0103 de metri.<\/p>\n<p>\u201e<em>Mai sunt semne de \u00eentrebare \u00een privin\u021ba unor sume care urmeaz\u0103 s\u0103 vin\u0103 de peste hotare ca \u00eemprumuturi sau ca ajutor \u0219i, \u00een func\u021bie de asta, se va lua o decizie la Guvern \u00een timpul apropiat, \u00een 2-3 s\u0103pt\u0103m\u00e2ni \u0219i dup\u0103 asta Bugetul va fi trimis \u00een Parlament<\/em>\u201d, a declarat Andrian Candu.<\/p>\n","protected":false},"excerpt":{"rendered":"<p>Pre\u0219edintele Parlamentului, Andrian Candu, sus\u021bine c\u0103 bugetul \u021b\u0103rii pentru anul \u00een curs ar putea fi adoptat p\u00e2n\u0103 cel t\u00e2rziu 20 aprilie, scrie argumentul.info. Candu a spus la TV N4 c\u0103 \u00een prezent proiectul Legii bugetului este \u00een ultima etap\u0103 de elaborare la Guvern, o decizie a c\u0103ruia urmeaz\u0103 s\u0103 fie luat\u0103 \u00een 2-3 s\u0103pt\u0103m\u00e2ni, dup\u0103 [&hellip;]<\/p>\n","protected":false},"author":4,"featured_media":9612,"comment_status":"closed","ping_status":"closed","sticky":false,"template":"","format":"standard","meta":{"footnotes":""},"categories":[6349],"tags":[],"class_list":["post-9611","post","type-post","status-publish","format-standard","has-post-thumbnail","hentry","category-social"],"yoast_head":"<!-- This site is optimized with the Yoast SEO plugin v27.4 - https:\/\/yoast.com\/product\/yoast-seo-wordpress\/ -->\n<title>BUGETUL PENTRU 2016 AR PUTEA FI ADOPTAT \u00ceN APRILIE - BTV<\/title>\n<meta name=\"robots\" content=\"index, follow, max-snippet:-1, max-image-preview:large, max-video-preview:-1\" \/>\n<link rel=\"canonical\" href=\"https:\/\/www.btv.md\/ro\/bugetul-pentru-2016-ar-putea-fi-adoptat-in-aprilie\/\" \/>\n<meta property=\"og:locale\" content=\"ro_RO\" \/>\n<meta property=\"og:type\" content=\"article\" \/>\n<meta property=\"og:title\" content=\"BUGETUL PENTRU 2016 AR PUTEA FI ADOPTAT \u00ceN APRILIE - BTV\" \/>\n<meta property=\"og:description\" content=\"Pre\u0219edintele Parlamentului, Andrian Candu, sus\u021bine c\u0103 bugetul \u021b\u0103rii pentru anul \u00een curs ar putea fi adoptat p\u00e2n\u0103 cel t\u00e2rziu 20 aprilie, scrie argumentul.info. Candu a spus la TV N4 c\u0103 \u00een prezent proiectul Legii bugetului este \u00een ultima etap\u0103 de elaborare la Guvern, o decizie a c\u0103ruia urmeaz\u0103 s\u0103 fie luat\u0103 \u00een 2-3 s\u0103pt\u0103m\u00e2ni, dup\u0103 [&hellip;]\" \/>\n<meta property=\"og:url\" content=\"https:\/\/www.btv.md\/ro\/bugetul-pentru-2016-ar-putea-fi-adoptat-in-aprilie\/\" \/>\n<meta property=\"og:site_name\" content=\"BTV\" \/>\n<meta property=\"article:publisher\" content=\"https:\/\/www.facebook.com\/btvmoldova\/\" \/>\n<meta property=\"article:published_time\" content=\"2016-03-25T11:59:18+00:00\" \/>\n<meta property=\"og:image\" content=\"https:\/\/www.btv.md\/wp-content\/uploads\/2016\/03\/budget_fotolia_620_620x350_83296700_26784200.jpg\" \/>\n\t<meta property=\"og:image:width\" content=\"620\" \/>\n\t<meta property=\"og:image:height\" content=\"349\" \/>\n\t<meta property=\"og:image:type\" content=\"image\/jpeg\" \/>\n<meta name=\"author\" content=\"admin\" \/>\n<meta name=\"twitter:label1\" content=\"Scris de\" \/>\n\t<meta name=\"twitter:data1\" content=\"admin\" \/>\n\t<meta name=\"twitter:label2\" content=\"Timp estimat pentru citire\" \/>\n\t<meta name=\"twitter:data2\" content=\"1 minut\" \/>\n<script type=\"application\/ld+json\" class=\"yoast-schema-graph\">{\"@context\":\"https:\\\/\\\/schema.org\",\"@graph\":[{\"@type\":\"Article\",\"@id\":\"https:\\\/\\\/www.btv.md\\\/ro\\\/bugetul-pentru-2016-ar-putea-fi-adoptat-in-aprilie\\\/#article\",\"isPartOf\":{\"@id\":\"https:\\\/\\\/www.btv.md\\\/ro\\\/bugetul-pentru-2016-ar-putea-fi-adoptat-in-aprilie\\\/\"},\"author\":{\"name\":\"admin\",\"@id\":\"https:\\\/\\\/www.btv.md\\\/#\\\/schema\\\/person\\\/8fadce81561b3ce2c34c46dadc4ccbf2\"},\"headline\":\"BUGETUL PENTRU 2016 AR PUTEA FI ADOPTAT \u00ceN APRILIE\",\"datePublished\":\"2016-03-25T11:59:18+00:00\",\"mainEntityOfPage\":{\"@id\":\"https:\\\/\\\/www.btv.md\\\/ro\\\/bugetul-pentru-2016-ar-putea-fi-adoptat-in-aprilie\\\/\"},\"wordCount\":151,\"image\":{\"@id\":\"https:\\\/\\\/www.btv.md\\\/ro\\\/bugetul-pentru-2016-ar-putea-fi-adoptat-in-aprilie\\\/#primaryimage\"},\"thumbnailUrl\":\"https:\\\/\\\/www.btv.md\\\/wp-content\\\/uploads\\\/2016\\\/03\\\/budget_fotolia_620_620x350_83296700_26784200.jpg\",\"articleSection\":[\"Social\"],\"inLanguage\":\"ro-RO\"},{\"@type\":\"WebPage\",\"@id\":\"https:\\\/\\\/www.btv.md\\\/ro\\\/bugetul-pentru-2016-ar-putea-fi-adoptat-in-aprilie\\\/\",\"url\":\"https:\\\/\\\/www.btv.md\\\/ro\\\/bugetul-pentru-2016-ar-putea-fi-adoptat-in-aprilie\\\/\",\"name\":\"BUGETUL PENTRU 2016 AR PUTEA FI ADOPTAT \u00ceN APRILIE - BTV\",\"isPartOf\":{\"@id\":\"https:\\\/\\\/www.btv.md\\\/#website\"},\"primaryImageOfPage\":{\"@id\":\"https:\\\/\\\/www.btv.md\\\/ro\\\/bugetul-pentru-2016-ar-putea-fi-adoptat-in-aprilie\\\/#primaryimage\"},\"image\":{\"@id\":\"https:\\\/\\\/www.btv.md\\\/ro\\\/bugetul-pentru-2016-ar-putea-fi-adoptat-in-aprilie\\\/#primaryimage\"},\"thumbnailUrl\":\"https:\\\/\\\/www.btv.md\\\/wp-content\\\/uploads\\\/2016\\\/03\\\/budget_fotolia_620_620x350_83296700_26784200.jpg\",\"datePublished\":\"2016-03-25T11:59:18+00:00\",\"author\":{\"@id\":\"https:\\\/\\\/www.btv.md\\\/#\\\/schema\\\/person\\\/8fadce81561b3ce2c34c46dadc4ccbf2\"},\"inLanguage\":\"ro-RO\",\"potentialAction\":[{\"@type\":\"ReadAction\",\"target\":[\"https:\\\/\\\/www.btv.md\\\/ro\\\/bugetul-pentru-2016-ar-putea-fi-adoptat-in-aprilie\\\/\"]}]},{\"@type\":\"ImageObject\",\"inLanguage\":\"ro-RO\",\"@id\":\"https:\\\/\\\/www.btv.md\\\/ro\\\/bugetul-pentru-2016-ar-putea-fi-adoptat-in-aprilie\\\/#primaryimage\",\"url\":\"https:\\\/\\\/www.btv.md\\\/wp-content\\\/uploads\\\/2016\\\/03\\\/budget_fotolia_620_620x350_83296700_26784200.jpg\",\"contentUrl\":\"https:\\\/\\\/www.btv.md\\\/wp-content\\\/uploads\\\/2016\\\/03\\\/budget_fotolia_620_620x350_83296700_26784200.jpg\",\"width\":620,\"height\":349,\"caption\":\"www.economica.net\"},{\"@type\":\"WebSite\",\"@id\":\"https:\\\/\\\/www.btv.md\\\/#website\",\"url\":\"https:\\\/\\\/www.btv.md\\\/\",\"name\":\"BTV\",\"description\":\"\u0411\u0435\u043b\u044c\u0446\u043a\u043e\u0435 \u0442\u0435\u043b\u0435\u0432\u0438\u0434\u0435\u043d\u0438\u0435\",\"potentialAction\":[{\"@type\":\"SearchAction\",\"target\":{\"@type\":\"EntryPoint\",\"urlTemplate\":\"https:\\\/\\\/www.btv.md\\\/?s={search_term_string}\"},\"query-input\":{\"@type\":\"PropertyValueSpecification\",\"valueRequired\":true,\"valueName\":\"search_term_string\"}}],\"inLanguage\":\"ro-RO\"},{\"@type\":\"Person\",\"@id\":\"https:\\\/\\\/www.btv.md\\\/#\\\/schema\\\/person\\\/8fadce81561b3ce2c34c46dadc4ccbf2\",\"name\":\"admin\"}]}<\/script>\n<!-- \/ Yoast SEO plugin. -->","yoast_head_json":{"title":"BUGETUL PENTRU 2016 AR PUTEA FI ADOPTAT \u00ceN APRILIE - BTV","robots":{"index":"index","follow":"follow","max-snippet":"max-snippet:-1","max-image-preview":"max-image-preview:large","max-video-preview":"max-video-preview:-1"},"canonical":"https:\/\/www.btv.md\/ro\/bugetul-pentru-2016-ar-putea-fi-adoptat-in-aprilie\/","og_locale":"ro_RO","og_type":"article","og_title":"BUGETUL PENTRU 2016 AR PUTEA FI ADOPTAT \u00ceN APRILIE - BTV","og_description":"Pre\u0219edintele Parlamentului, Andrian Candu, sus\u021bine c\u0103 bugetul \u021b\u0103rii pentru anul \u00een curs ar putea fi adoptat p\u00e2n\u0103 cel t\u00e2rziu 20 aprilie, scrie argumentul.info. Candu a spus la TV N4 c\u0103 \u00een prezent proiectul Legii bugetului este \u00een ultima etap\u0103 de elaborare la Guvern, o decizie a c\u0103ruia urmeaz\u0103 s\u0103 fie luat\u0103 \u00een 2-3 s\u0103pt\u0103m\u00e2ni, dup\u0103 [&hellip;]","og_url":"https:\/\/www.btv.md\/ro\/bugetul-pentru-2016-ar-putea-fi-adoptat-in-aprilie\/","og_site_name":"BTV","article_publisher":"https:\/\/www.facebook.com\/btvmoldova\/","article_published_time":"2016-03-25T11:59:18+00:00","og_image":[{"width":620,"height":349,"url":"https:\/\/www.btv.md\/wp-content\/uploads\/2016\/03\/budget_fotolia_620_620x350_83296700_26784200.jpg","type":"image\/jpeg"}],"author":"admin","twitter_misc":{"Scris de":"admin","Timp estimat pentru citire":"1 minut"},"schema":{"@context":"https:\/\/schema.org","@graph":[{"@type":"Article","@id":"https:\/\/www.btv.md\/ro\/bugetul-pentru-2016-ar-putea-fi-adoptat-in-aprilie\/#article","isPartOf":{"@id":"https:\/\/www.btv.md\/ro\/bugetul-pentru-2016-ar-putea-fi-adoptat-in-aprilie\/"},"author":{"name":"admin","@id":"https:\/\/www.btv.md\/#\/schema\/person\/8fadce81561b3ce2c34c46dadc4ccbf2"},"headline":"BUGETUL PENTRU 2016 AR PUTEA FI ADOPTAT \u00ceN APRILIE","datePublished":"2016-03-25T11:59:18+00:00","mainEntityOfPage":{"@id":"https:\/\/www.btv.md\/ro\/bugetul-pentru-2016-ar-putea-fi-adoptat-in-aprilie\/"},"wordCount":151,"image":{"@id":"https:\/\/www.btv.md\/ro\/bugetul-pentru-2016-ar-putea-fi-adoptat-in-aprilie\/#primaryimage"},"thumbnailUrl":"https:\/\/www.btv.md\/wp-content\/uploads\/2016\/03\/budget_fotolia_620_620x350_83296700_26784200.jpg","articleSection":["Social"],"inLanguage":"ro-RO"},{"@type":"WebPage","@id":"https:\/\/www.btv.md\/ro\/bugetul-pentru-2016-ar-putea-fi-adoptat-in-aprilie\/","url":"https:\/\/www.btv.md\/ro\/bugetul-pentru-2016-ar-putea-fi-adoptat-in-aprilie\/","name":"BUGETUL PENTRU 2016 AR PUTEA FI ADOPTAT \u00ceN APRILIE - BTV","isPartOf":{"@id":"https:\/\/www.btv.md\/#website"},"primaryImageOfPage":{"@id":"https:\/\/www.btv.md\/ro\/bugetul-pentru-2016-ar-putea-fi-adoptat-in-aprilie\/#primaryimage"},"image":{"@id":"https:\/\/www.btv.md\/ro\/bugetul-pentru-2016-ar-putea-fi-adoptat-in-aprilie\/#primaryimage"},"thumbnailUrl":"https:\/\/www.btv.md\/wp-content\/uploads\/2016\/03\/budget_fotolia_620_620x350_83296700_26784200.jpg","datePublished":"2016-03-25T11:59:18+00:00","author":{"@id":"https:\/\/www.btv.md\/#\/schema\/person\/8fadce81561b3ce2c34c46dadc4ccbf2"},"inLanguage":"ro-RO","potentialAction":[{"@type":"ReadAction","target":["https:\/\/www.btv.md\/ro\/bugetul-pentru-2016-ar-putea-fi-adoptat-in-aprilie\/"]}]},{"@type":"ImageObject","inLanguage":"ro-RO","@id":"https:\/\/www.btv.md\/ro\/bugetul-pentru-2016-ar-putea-fi-adoptat-in-aprilie\/#primaryimage","url":"https:\/\/www.btv.md\/wp-content\/uploads\/2016\/03\/budget_fotolia_620_620x350_83296700_26784200.jpg","contentUrl":"https:\/\/www.btv.md\/wp-content\/uploads\/2016\/03\/budget_fotolia_620_620x350_83296700_26784200.jpg","width":620,"height":349,"caption":"www.economica.net"},{"@type":"WebSite","@id":"https:\/\/www.btv.md\/#website","url":"https:\/\/www.btv.md\/","name":"BTV","description":"\u0411\u0435\u043b\u044c\u0446\u043a\u043e\u0435 \u0442\u0435\u043b\u0435\u0432\u0438\u0434\u0435\u043d\u0438\u0435","potentialAction":[{"@type":"SearchAction","target":{"@type":"EntryPoint","urlTemplate":"https:\/\/www.btv.md\/?s={search_term_string}"},"query-input":{"@type":"PropertyValueSpecification","valueRequired":true,"valueName":"search_term_string"}}],"inLanguage":"ro-RO"},{"@type":"Person","@id":"https:\/\/www.btv.md\/#\/schema\/person\/8fadce81561b3ce2c34c46dadc4ccbf2","name":"admin"}]}},"_links":{"self":[{"href":"https:\/\/www.btv.md\/ro\/wp-json\/wp\/v2\/posts\/9611","targetHints":{"allow":["GET"]}}],"collection":[{"href":"https:\/\/www.btv.md\/ro\/wp-json\/wp\/v2\/posts"}],"about":[{"href":"https:\/\/www.btv.md\/ro\/wp-json\/wp\/v2\/types\/post"}],"author":[{"embeddable":true,"href":"https:\/\/www.btv.md\/ro\/wp-json\/wp\/v2\/users\/4"}],"replies":[{"embeddable":true,"href":"https:\/\/www.btv.md\/ro\/wp-json\/wp\/v2\/comments?post=9611"}],"version-history":[{"count":0,"href":"https:\/\/www.btv.md\/ro\/wp-json\/wp\/v2\/posts\/9611\/revisions"}],"wp:featuredmedia":[{"embeddable":true,"href":"https:\/\/www.btv.md\/ro\/wp-json\/wp\/v2\/media\/9612"}],"wp:attachment":[{"href":"https:\/\/www.btv.md\/ro\/wp-json\/wp\/v2\/media?parent=9611"}],"wp:term":[{"taxonomy":"category","embeddable":true,"href":"https:\/\/www.btv.md\/ro\/wp-json\/wp\/v2\/categories?post=9611"},{"taxonomy":"post_tag","embeddable":true,"href":"https:\/\/www.btv.md\/ro\/wp-json\/wp\/v2\/tags?post=9611"}],"curies":[{"name":"wp","href":"https:\/\/api.w.org\/{rel}","templated":true}]}}