{"id":9614,"date":"2016-03-25T15:13:16","date_gmt":"2016-03-25T12:13:16","guid":{"rendered":"http:\/\/btv.md\/?p=9614"},"modified":"2016-03-25T15:13:16","modified_gmt":"2016-03-25T12:13:16","slug":"de-ce-sedintele-de-judecata-in-dosarul-filat-nu-sunt-publice","status":"publish","type":"post","link":"https:\/\/www.btv.md\/ro\/de-ce-sedintele-de-judecata-in-dosarul-filat-nu-sunt-publice\/","title":{"rendered":"DE CE \u0218EDIN\u021aELE DE JUDECAT\u0102 \u00ceN DOSARUL FILAT NU SUNT PUBLICE"},"content":{"rendered":"<p><strong>Repre\u00adzen\u00adtan\u00ad\u021bii Pro\u00adcu\u00adra\u00adtu\u00adrii Gene\u00adrale au decis s\u0103 se expun\u0103 asu\u00adpra ape\u00adlu\u00adlui, f\u0103cut de unii repre\u00adzen\u00adtan\u0163i ai soci\u00ade\u00adt\u0103\u00adtii civile ca pro\u00adce\u00adsul \u00een dosa\u00adrul Vlad Filat s\u0103 fie public:<\/strong><\/p>\n<p>\u201eDeci\u00adzia ca \u0219edin\u0163a de jude\u00adcat\u0103 s\u0103 fie \u00eenchis\u0103 a fost luat\u0103 de instan\u0163a de jude\u00adcat\u0103 \u00een baza argu\u00admen\u00adte\u00adlor pre\u00adzen\u00adtate de pro\u00adcu\u00adro\u00adrul de caz, iar aceste argu\u00admente nu s-au bazat pe dorin\u0163a pro\u00adcu\u00adro\u00adru\u00adlui ca \u015fedin\u0163a s\u0103 fie \u00eenchis\u0103, ci pe obli\u00adga\u00ad\u0163ia lui de a nu per\u00admite ca \u015fedin\u0163a de jude\u00adcat\u0103 \u00een acest caz s\u0103 peri\u00adcli\u00adteze ancheta \u00een dosa\u00adrul care a r\u0103mas \u00een pro\u00adce\u00addura Pro\u00adcu\u00adra\u00adtu\u00adrii Anti\u00adco\u00adru\u00adp\u0163ie \u00een pri\u00advin\u0163a celor\u00adlalte capete de acu\u00adzare ce-l vizeaz\u0103 pe Vla\u00addi\u00admir Filat, care se jus\u00adti\u00adfic\u0103 \u015fi prin pre\u00adve\u00adde\u00adrile legale, sti\u00adpu\u00adlate \u00een art.18 alin.(2) Cod de pro\u00adce\u00addur\u0103 penal\u0103 potri\u00advit c\u0103ruia (Acce\u00adsul \u00een sala de \u015fedin\u0163\u0103 poate fi inter\u00adzis pre\u00adsei sau publi\u00adcu\u00adlui, prin \u00eenche\u00adiere moti\u00advat\u0103, pe par\u00adcur\u00adsul \u00eentre\u00adgu\u00adlui pro\u00adces sau al unei p\u0103r\u0163i din pro\u00adces, \u00een m\u0103sura con\u00adsi\u00adde\u00adrat\u0103 strict nece\u00adsar\u0103 de c\u0103tre instan\u0163\u0103 c\u00eend, dato\u00adrit\u0103 unor \u00eempre\u00adju\u00adr\u0103ri spe\u00adci\u00adale, publi\u00adci\u00adta\u00adtea ar putea s\u0103 pre\u00adju\u00addi\u00adcieze inte\u00adre\u00adsele jus\u00adti\u00ad\u0163iei), informeaz\u0103 <a href=\"http:\/\/www.zdg.md\/stiri\/stiri-justitie\/procuratura-explica-de-ce-sedintele-de-judecata-in-dosarul-filat-nu-sunt-publice\" target=\"_blank\">ziarul de gard\u0103<\/a>.<\/p>\n<p>\u00cen spe\u00adcial, mai mul\u0163i mar\u00adtori care au fost sau vor fi audi\u00ada\u0163i \u00een pro\u00adce\u00adsul men\u0163io\u00adnat \u00een cadrul \u015fedin\u0163ei de jude\u00adcat\u0103, urmeaz\u0103 s\u0103 des\u00adcrie anu\u00admite cir\u00adcum\u00adstan\u0163e care for\u00admeaz\u0103 obiec\u00adtul \u00eenvi\u00adnu\u00adi\u00adrii lui Filat Vla\u00addi\u00admir, inclu\u00adsiv pot fi des\u00adcrise \u015fi cir\u00adcum\u00adstan\u0163e care sunt \u00een pro\u00adces de inves\u00adti\u00adgare, iar pre\u00adzen\u0163a lor \u00eentr-un pro\u00adces public ar putea peri\u00adclita buna desf\u0103\u00ad\u015fu\u00adrare a anche\u00adtei \u015fi ar duce la com\u00adpro\u00admi\u00adte\u00adrea unor probe.<\/p>\n<p>\u00centr-o ast\u00adfel de situ\u00ada\u00ad\u0163ie, pro\u00adcu\u00adro\u00adrii au obli\u00adga\u00ad\u0163ia de a lua toate m\u0103su\u00adrile legale pen\u00adtru a pro\u00adteja bunul mers al anche\u00adtei. Iar pen\u00adtru o mai mare cla\u00adri\u00adtate, amin\u00adtim c\u0103 dosa\u00adrul aflat pe rolul instan\u0163ei este doar o parte din ancheta care se des\u00adfa\u00adsoar\u0103 \u00een cazul fra\u00adu\u00addei de la BEM.<\/p>\n<p>A\u015fa cum s-a pre\u00adci\u00adzat \u015fi \u00een inche\u00adie\u00adrea jude\u00adca\u00adto\u00adreasc\u0103, soli\u00adci\u00adta\u00adrea ca \u0219edin\u0163a de jude\u00adcat\u0103 s\u0103 fie \u00eenchis\u0103 este una tem\u00adpo\u00adrar\u0103, p\u00e2n\u0103 la fina\u00adli\u00adza\u00adrea anche\u00adtei \u00een cazul men\u0163io\u00adnat sau p\u00een\u0103 la apa\u00adri\u00ad\u0163ia cir\u00adcum\u00adstan\u0163e\u00adlor care vor eli\u00admina orice fel de ris\u00adcuri pen\u00adtru buna desf\u0103\u00ad\u015fu\u00adrare a aces\u00adtei anchete, c\u00eend va putea fi ana\u00adli\u00adzata posi\u00adbi\u00adli\u00adta\u00adtea ca cel pu\u0163in o parte din pro\u00adces sa fie public\u0103.<\/p>\n<p>\u00cen acest sens am putea face tri\u00admi\u00adtere \u015fi la un pre\u00adce\u00addent judi\u00adciar \u015fi anume carac\u00adte\u00adrul \u00eenchis al \u015fedin\u0163e\u00adlor de jude\u00adcat\u0103 de acu\u00adzare a lui Rusu Ion \u201eCara\u00advita Co\u201d SRL \u015fi \u201eBus\u00adsi\u00adness Estate Invest\u00adments\u201d SRL, c\u00eend la demer\u00adsul avo\u00adca\u00ad\u0163i\u00adlor incul\u00adpa\u00ad\u0163i\u00adlor, a fost dis\u00adpus\u0103 jude\u00adca\u00adrea cau\u00adzei \u00een \u015fedin\u0163\u0103 \u00eenchis\u0103, cauz\u0103 care pre\u00adzent\u0103 un inte\u00adres public nu mai pu\u0163in dec\u00eet cel de acu\u00adzare a lui Filat Vla\u00addi\u00admir, fiind ace\u00adea\u015fi moti\u00adva\u00ad\u0163ie a instan\u0163ei de jude\u00adcat\u0103: dis\u00adjun\u00adge\u00adrea cau\u00adzei penale din dosa\u00adrul care a r\u0103mas \u00een pro\u00adce\u00addura orga\u00adnu\u00adlui de urm\u0103\u00adrire penal\u0103 al CNA.<\/p>\n<p>De men\u0163io\u00adnat, carac\u00adte\u00adrul public sau \u00eenchis al \u015fedin\u0163e\u00adlor de jude\u00adcat\u0103 se decide de c\u0103tre instan\u0163a de jude\u00adcat\u0103 la soli\u00adci\u00adta\u00adrea p\u0103r\u0163i\u00adlor, iar \u00een acest sens, nici incul\u00adpa\u00adtul Vla\u00addi\u00admir Filat, nici ap\u0103\u00adr\u0103\u00adto\u00adrii s\u0103i \u015fi nici alte per\u00adsoane nu au \u00eena\u00adin\u00adtat careva cereri sau demer\u00adsuri supli\u00admen\u00adtare instan\u0163ei \u00een vede\u00adrea exa\u00admi\u00adn\u0103\u00adrii publice a cau\u00adzei penale\u201d, sus\u00ad\u021bin repre\u00adzen\u00adtan\u00ad\u021bii PG, \u00eentr-un comu\u00adni\u00adcat de pres\u0103.<\/p>\n","protected":false},"excerpt":{"rendered":"<p>Repre\u00adzen\u00adtan\u00ad\u021bii Pro\u00adcu\u00adra\u00adtu\u00adrii Gene\u00adrale au decis s\u0103 se expun\u0103 asu\u00adpra ape\u00adlu\u00adlui, f\u0103cut de unii repre\u00adzen\u00adtan\u0163i ai soci\u00ade\u00adt\u0103\u00adtii civile ca pro\u00adce\u00adsul \u00een dosa\u00adrul Vlad Filat s\u0103 fie public: \u201eDeci\u00adzia ca \u0219edin\u0163a de jude\u00adcat\u0103 s\u0103 fie \u00eenchis\u0103 a fost luat\u0103 de instan\u0163a de jude\u00adcat\u0103 \u00een baza argu\u00admen\u00adte\u00adlor pre\u00adzen\u00adtate de pro\u00adcu\u00adro\u00adrul de caz, iar aceste argu\u00admente nu s-au bazat [&hellip;]<\/p>\n","protected":false},"author":4,"featured_media":9615,"comment_status":"closed","ping_status":"closed","sticky":false,"template":"","format":"standard","meta":{"footnotes":""},"categories":[8],"tags":[],"class_list":["post-9614","post","type-post","status-publish","format-standard","has-post-thumbnail","hentry","category-obshestvo"],"yoast_head":"<!-- This site is optimized with the Yoast SEO plugin v27.4 - https:\/\/yoast.com\/product\/yoast-seo-wordpress\/ -->\n<title>DE CE \u0218EDIN\u021aELE DE JUDECAT\u0102 \u00ceN DOSARUL FILAT NU SUNT PUBLICE - BTV<\/title>\n<meta name=\"robots\" content=\"index, follow, max-snippet:-1, max-image-preview:large, max-video-preview:-1\" \/>\n<link rel=\"canonical\" href=\"https:\/\/www.btv.md\/ro\/de-ce-sedintele-de-judecata-in-dosarul-filat-nu-sunt-publice\/\" \/>\n<meta property=\"og:locale\" content=\"ro_RO\" \/>\n<meta property=\"og:type\" content=\"article\" \/>\n<meta property=\"og:title\" content=\"DE CE \u0218EDIN\u021aELE DE JUDECAT\u0102 \u00ceN DOSARUL FILAT NU SUNT PUBLICE - BTV\" \/>\n<meta property=\"og:description\" content=\"Repre\u00adzen\u00adtan\u00ad\u021bii Pro\u00adcu\u00adra\u00adtu\u00adrii Gene\u00adrale au decis s\u0103 se expun\u0103 asu\u00adpra ape\u00adlu\u00adlui, f\u0103cut de unii repre\u00adzen\u00adtan\u0163i ai soci\u00ade\u00adt\u0103\u00adtii civile ca pro\u00adce\u00adsul \u00een dosa\u00adrul Vlad Filat s\u0103 fie public: \u201eDeci\u00adzia ca \u0219edin\u0163a de jude\u00adcat\u0103 s\u0103 fie \u00eenchis\u0103 a fost luat\u0103 de instan\u0163a de jude\u00adcat\u0103 \u00een baza argu\u00admen\u00adte\u00adlor pre\u00adzen\u00adtate de pro\u00adcu\u00adro\u00adrul de caz, iar aceste argu\u00admente nu s-au bazat [&hellip;]\" \/>\n<meta property=\"og:url\" content=\"https:\/\/www.btv.md\/ro\/de-ce-sedintele-de-judecata-in-dosarul-filat-nu-sunt-publice\/\" \/>\n<meta property=\"og:site_name\" content=\"BTV\" \/>\n<meta property=\"article:publisher\" content=\"https:\/\/www.facebook.com\/btvmoldova\/\" \/>\n<meta property=\"article:published_time\" content=\"2016-03-25T12:13:16+00:00\" \/>\n<meta property=\"og:image\" content=\"https:\/\/www.btv.md\/wp-content\/uploads\/2016\/03\/vlad_filat_realitatea.md_.jpg\" \/>\n\t<meta property=\"og:image:width\" content=\"560\" \/>\n\t<meta property=\"og:image:height\" content=\"345\" \/>\n\t<meta property=\"og:image:type\" content=\"image\/jpeg\" \/>\n<meta name=\"author\" content=\"admin\" \/>\n<meta name=\"twitter:label1\" content=\"Scris de\" \/>\n\t<meta name=\"twitter:data1\" content=\"admin\" \/>\n\t<meta name=\"twitter:label2\" content=\"Timp estimat pentru citire\" \/>\n\t<meta name=\"twitter:data2\" content=\"4 minute\" \/>\n<script type=\"application\/ld+json\" class=\"yoast-schema-graph\">{\"@context\":\"https:\\\/\\\/schema.org\",\"@graph\":[{\"@type\":\"Article\",\"@id\":\"https:\\\/\\\/www.btv.md\\\/ro\\\/de-ce-sedintele-de-judecata-in-dosarul-filat-nu-sunt-publice\\\/#article\",\"isPartOf\":{\"@id\":\"https:\\\/\\\/www.btv.md\\\/ro\\\/de-ce-sedintele-de-judecata-in-dosarul-filat-nu-sunt-publice\\\/\"},\"author\":{\"name\":\"admin\",\"@id\":\"https:\\\/\\\/www.btv.md\\\/#\\\/schema\\\/person\\\/8fadce81561b3ce2c34c46dadc4ccbf2\"},\"headline\":\"DE CE \u0218EDIN\u021aELE DE JUDECAT\u0102 \u00ceN DOSARUL FILAT NU SUNT PUBLICE\",\"datePublished\":\"2016-03-25T12:13:16+00:00\",\"mainEntityOfPage\":{\"@id\":\"https:\\\/\\\/www.btv.md\\\/ro\\\/de-ce-sedintele-de-judecata-in-dosarul-filat-nu-sunt-publice\\\/\"},\"wordCount\":812,\"image\":{\"@id\":\"https:\\\/\\\/www.btv.md\\\/ro\\\/de-ce-sedintele-de-judecata-in-dosarul-filat-nu-sunt-publice\\\/#primaryimage\"},\"thumbnailUrl\":\"https:\\\/\\\/www.btv.md\\\/wp-content\\\/uploads\\\/2016\\\/03\\\/vlad_filat_realitatea.md_.jpg\",\"articleSection\":[\"\u041e\u0431\u0449\u0435\u0441\u0442\u0432\u043e\"],\"inLanguage\":\"ro-RO\"},{\"@type\":\"WebPage\",\"@id\":\"https:\\\/\\\/www.btv.md\\\/ro\\\/de-ce-sedintele-de-judecata-in-dosarul-filat-nu-sunt-publice\\\/\",\"url\":\"https:\\\/\\\/www.btv.md\\\/ro\\\/de-ce-sedintele-de-judecata-in-dosarul-filat-nu-sunt-publice\\\/\",\"name\":\"DE CE \u0218EDIN\u021aELE DE JUDECAT\u0102 \u00ceN DOSARUL FILAT NU SUNT PUBLICE - BTV\",\"isPartOf\":{\"@id\":\"https:\\\/\\\/www.btv.md\\\/#website\"},\"primaryImageOfPage\":{\"@id\":\"https:\\\/\\\/www.btv.md\\\/ro\\\/de-ce-sedintele-de-judecata-in-dosarul-filat-nu-sunt-publice\\\/#primaryimage\"},\"image\":{\"@id\":\"https:\\\/\\\/www.btv.md\\\/ro\\\/de-ce-sedintele-de-judecata-in-dosarul-filat-nu-sunt-publice\\\/#primaryimage\"},\"thumbnailUrl\":\"https:\\\/\\\/www.btv.md\\\/wp-content\\\/uploads\\\/2016\\\/03\\\/vlad_filat_realitatea.md_.jpg\",\"datePublished\":\"2016-03-25T12:13:16+00:00\",\"author\":{\"@id\":\"https:\\\/\\\/www.btv.md\\\/#\\\/schema\\\/person\\\/8fadce81561b3ce2c34c46dadc4ccbf2\"},\"inLanguage\":\"ro-RO\",\"potentialAction\":[{\"@type\":\"ReadAction\",\"target\":[\"https:\\\/\\\/www.btv.md\\\/ro\\\/de-ce-sedintele-de-judecata-in-dosarul-filat-nu-sunt-publice\\\/\"]}]},{\"@type\":\"ImageObject\",\"inLanguage\":\"ro-RO\",\"@id\":\"https:\\\/\\\/www.btv.md\\\/ro\\\/de-ce-sedintele-de-judecata-in-dosarul-filat-nu-sunt-publice\\\/#primaryimage\",\"url\":\"https:\\\/\\\/www.btv.md\\\/wp-content\\\/uploads\\\/2016\\\/03\\\/vlad_filat_realitatea.md_.jpg\",\"contentUrl\":\"https:\\\/\\\/www.btv.md\\\/wp-content\\\/uploads\\\/2016\\\/03\\\/vlad_filat_realitatea.md_.jpg\",\"width\":560,\"height\":345,\"caption\":\"www.zdg.md\"},{\"@type\":\"WebSite\",\"@id\":\"https:\\\/\\\/www.btv.md\\\/#website\",\"url\":\"https:\\\/\\\/www.btv.md\\\/\",\"name\":\"BTV\",\"description\":\"\u0411\u0435\u043b\u044c\u0446\u043a\u043e\u0435 \u0442\u0435\u043b\u0435\u0432\u0438\u0434\u0435\u043d\u0438\u0435\",\"potentialAction\":[{\"@type\":\"SearchAction\",\"target\":{\"@type\":\"EntryPoint\",\"urlTemplate\":\"https:\\\/\\\/www.btv.md\\\/?s={search_term_string}\"},\"query-input\":{\"@type\":\"PropertyValueSpecification\",\"valueRequired\":true,\"valueName\":\"search_term_string\"}}],\"inLanguage\":\"ro-RO\"},{\"@type\":\"Person\",\"@id\":\"https:\\\/\\\/www.btv.md\\\/#\\\/schema\\\/person\\\/8fadce81561b3ce2c34c46dadc4ccbf2\",\"name\":\"admin\"}]}<\/script>\n<!-- \/ Yoast SEO plugin. -->","yoast_head_json":{"title":"DE CE \u0218EDIN\u021aELE DE JUDECAT\u0102 \u00ceN DOSARUL FILAT NU SUNT PUBLICE - BTV","robots":{"index":"index","follow":"follow","max-snippet":"max-snippet:-1","max-image-preview":"max-image-preview:large","max-video-preview":"max-video-preview:-1"},"canonical":"https:\/\/www.btv.md\/ro\/de-ce-sedintele-de-judecata-in-dosarul-filat-nu-sunt-publice\/","og_locale":"ro_RO","og_type":"article","og_title":"DE CE \u0218EDIN\u021aELE DE JUDECAT\u0102 \u00ceN DOSARUL FILAT NU SUNT PUBLICE - BTV","og_description":"Repre\u00adzen\u00adtan\u00ad\u021bii Pro\u00adcu\u00adra\u00adtu\u00adrii Gene\u00adrale au decis s\u0103 se expun\u0103 asu\u00adpra ape\u00adlu\u00adlui, f\u0103cut de unii repre\u00adzen\u00adtan\u0163i ai soci\u00ade\u00adt\u0103\u00adtii civile ca pro\u00adce\u00adsul \u00een dosa\u00adrul Vlad Filat s\u0103 fie public: \u201eDeci\u00adzia ca \u0219edin\u0163a de jude\u00adcat\u0103 s\u0103 fie \u00eenchis\u0103 a fost luat\u0103 de instan\u0163a de jude\u00adcat\u0103 \u00een baza argu\u00admen\u00adte\u00adlor pre\u00adzen\u00adtate de pro\u00adcu\u00adro\u00adrul de caz, iar aceste argu\u00admente nu s-au bazat [&hellip;]","og_url":"https:\/\/www.btv.md\/ro\/de-ce-sedintele-de-judecata-in-dosarul-filat-nu-sunt-publice\/","og_site_name":"BTV","article_publisher":"https:\/\/www.facebook.com\/btvmoldova\/","article_published_time":"2016-03-25T12:13:16+00:00","og_image":[{"width":560,"height":345,"url":"https:\/\/www.btv.md\/wp-content\/uploads\/2016\/03\/vlad_filat_realitatea.md_.jpg","type":"image\/jpeg"}],"author":"admin","twitter_misc":{"Scris de":"admin","Timp estimat pentru citire":"4 minute"},"schema":{"@context":"https:\/\/schema.org","@graph":[{"@type":"Article","@id":"https:\/\/www.btv.md\/ro\/de-ce-sedintele-de-judecata-in-dosarul-filat-nu-sunt-publice\/#article","isPartOf":{"@id":"https:\/\/www.btv.md\/ro\/de-ce-sedintele-de-judecata-in-dosarul-filat-nu-sunt-publice\/"},"author":{"name":"admin","@id":"https:\/\/www.btv.md\/#\/schema\/person\/8fadce81561b3ce2c34c46dadc4ccbf2"},"headline":"DE CE \u0218EDIN\u021aELE DE JUDECAT\u0102 \u00ceN DOSARUL FILAT NU SUNT PUBLICE","datePublished":"2016-03-25T12:13:16+00:00","mainEntityOfPage":{"@id":"https:\/\/www.btv.md\/ro\/de-ce-sedintele-de-judecata-in-dosarul-filat-nu-sunt-publice\/"},"wordCount":812,"image":{"@id":"https:\/\/www.btv.md\/ro\/de-ce-sedintele-de-judecata-in-dosarul-filat-nu-sunt-publice\/#primaryimage"},"thumbnailUrl":"https:\/\/www.btv.md\/wp-content\/uploads\/2016\/03\/vlad_filat_realitatea.md_.jpg","articleSection":["\u041e\u0431\u0449\u0435\u0441\u0442\u0432\u043e"],"inLanguage":"ro-RO"},{"@type":"WebPage","@id":"https:\/\/www.btv.md\/ro\/de-ce-sedintele-de-judecata-in-dosarul-filat-nu-sunt-publice\/","url":"https:\/\/www.btv.md\/ro\/de-ce-sedintele-de-judecata-in-dosarul-filat-nu-sunt-publice\/","name":"DE CE \u0218EDIN\u021aELE DE JUDECAT\u0102 \u00ceN DOSARUL FILAT NU SUNT PUBLICE - BTV","isPartOf":{"@id":"https:\/\/www.btv.md\/#website"},"primaryImageOfPage":{"@id":"https:\/\/www.btv.md\/ro\/de-ce-sedintele-de-judecata-in-dosarul-filat-nu-sunt-publice\/#primaryimage"},"image":{"@id":"https:\/\/www.btv.md\/ro\/de-ce-sedintele-de-judecata-in-dosarul-filat-nu-sunt-publice\/#primaryimage"},"thumbnailUrl":"https:\/\/www.btv.md\/wp-content\/uploads\/2016\/03\/vlad_filat_realitatea.md_.jpg","datePublished":"2016-03-25T12:13:16+00:00","author":{"@id":"https:\/\/www.btv.md\/#\/schema\/person\/8fadce81561b3ce2c34c46dadc4ccbf2"},"inLanguage":"ro-RO","potentialAction":[{"@type":"ReadAction","target":["https:\/\/www.btv.md\/ro\/de-ce-sedintele-de-judecata-in-dosarul-filat-nu-sunt-publice\/"]}]},{"@type":"ImageObject","inLanguage":"ro-RO","@id":"https:\/\/www.btv.md\/ro\/de-ce-sedintele-de-judecata-in-dosarul-filat-nu-sunt-publice\/#primaryimage","url":"https:\/\/www.btv.md\/wp-content\/uploads\/2016\/03\/vlad_filat_realitatea.md_.jpg","contentUrl":"https:\/\/www.btv.md\/wp-content\/uploads\/2016\/03\/vlad_filat_realitatea.md_.jpg","width":560,"height":345,"caption":"www.zdg.md"},{"@type":"WebSite","@id":"https:\/\/www.btv.md\/#website","url":"https:\/\/www.btv.md\/","name":"BTV","description":"\u0411\u0435\u043b\u044c\u0446\u043a\u043e\u0435 \u0442\u0435\u043b\u0435\u0432\u0438\u0434\u0435\u043d\u0438\u0435","potentialAction":[{"@type":"SearchAction","target":{"@type":"EntryPoint","urlTemplate":"https:\/\/www.btv.md\/?s={search_term_string}"},"query-input":{"@type":"PropertyValueSpecification","valueRequired":true,"valueName":"search_term_string"}}],"inLanguage":"ro-RO"},{"@type":"Person","@id":"https:\/\/www.btv.md\/#\/schema\/person\/8fadce81561b3ce2c34c46dadc4ccbf2","name":"admin"}]}},"_links":{"self":[{"href":"https:\/\/www.btv.md\/ro\/wp-json\/wp\/v2\/posts\/9614","targetHints":{"allow":["GET"]}}],"collection":[{"href":"https:\/\/www.btv.md\/ro\/wp-json\/wp\/v2\/posts"}],"about":[{"href":"https:\/\/www.btv.md\/ro\/wp-json\/wp\/v2\/types\/post"}],"author":[{"embeddable":true,"href":"https:\/\/www.btv.md\/ro\/wp-json\/wp\/v2\/users\/4"}],"replies":[{"embeddable":true,"href":"https:\/\/www.btv.md\/ro\/wp-json\/wp\/v2\/comments?post=9614"}],"version-history":[{"count":0,"href":"https:\/\/www.btv.md\/ro\/wp-json\/wp\/v2\/posts\/9614\/revisions"}],"wp:featuredmedia":[{"embeddable":true,"href":"https:\/\/www.btv.md\/ro\/wp-json\/wp\/v2\/media\/9615"}],"wp:attachment":[{"href":"https:\/\/www.btv.md\/ro\/wp-json\/wp\/v2\/media?parent=9614"}],"wp:term":[{"taxonomy":"category","embeddable":true,"href":"https:\/\/www.btv.md\/ro\/wp-json\/wp\/v2\/categories?post=9614"},{"taxonomy":"post_tag","embeddable":true,"href":"https:\/\/www.btv.md\/ro\/wp-json\/wp\/v2\/tags?post=9614"}],"curies":[{"name":"wp","href":"https:\/\/api.w.org\/{rel}","templated":true}]}}