{"id":96417,"date":"2020-09-22T10:48:32","date_gmt":"2020-09-22T07:48:32","guid":{"rendered":"http:\/\/www.btv.md\/?p=96417"},"modified":"2020-09-22T10:48:32","modified_gmt":"2020-09-22T07:48:32","slug":"deconectarile-se-cam-intind-pe-strada-sorocii-din-balti-fapt-care-ii-nemultumeste-pe-locuitorii-ramasi-fara-apa-de-zile-bune","status":"publish","type":"post","link":"https:\/\/www.btv.md\/ro\/deconectarile-se-cam-intind-pe-strada-sorocii-din-balti-fapt-care-ii-nemultumeste-pe-locuitorii-ramasi-fara-apa-de-zile-bune\/","title":{"rendered":"Deconect\u0103rile se cam \u00eentind pe strada Sorocii din B\u0103l\u021bi, fapt, care \u00eei nemul\u021bume\u0219te pe locuitorii r\u0103ma\u0219i f\u0103r\u0103 ap\u0103 de zile bune"},"content":{"rendered":"<p><strong>Au r\u0103mas doar cu promisiunile. Locuitorii din strada Sorocii din B\u0103l\u021bi se pl\u00e2ng c\u0103 repara\u021bia capital\u0103 a re\u021belei de alimentare cu ap\u0103 a\u0219a \u0219i nu a demarat. La \u00eenceputul lunii curente au fost informa\u021bi despre \u00eentreruperea aliment\u0103rii cu ap\u0103 pentru efectuarea lucr\u0103rilor. \u0218i-au f\u0103cut rezerve de ap\u0103, \u00eens\u0103 degeaba. Deconect\u0103ri nu au fost \u0219i nici repara\u021bii. \u00centreruperea furniz\u0103rii apei potabile a fost anun\u021bat\u0103 \u0219i din data de 21 septembrie.\u00a0 Oamenii, sper\u0103 c\u0103 de aceast\u0103 dat\u0103 le va fi solu\u021bionat\u0103 problema. Potrivit unor b\u0103l\u021beni, p\u00e2n\u0103 la ora amiezii nu au observat pe nimeni s\u0103 munceasc\u0103 pe uli\u021b\u0103.<\/strong><\/p>\n<p>Oamenii accept\u0103 \u00eentreruperea furniz\u0103rii apei potabile, de\u0219i vor trebui s\u0103 parcurg\u0103 distan\u021be mari pentru o c\u0103ldare cu ap\u0103. Asta doar ca responsabilii s\u0103-\u0219i fac\u0103 treaba.<\/p>\n<p>C\u00e2\u021biva locuitori ne-au spus c\u0103 cei de la \u00eentreprinderea de resort sunt iresponsabili. Acum o lun\u0103 ace\u0219tia au f\u0103cut mai multe s\u0103p\u0103turi pe strada Sorocii \u0219i le-au l\u0103sat \u00een voia sor\u021bii. Mai mult dec\u00e2t at\u00e2t ace\u0219tia nu fac dec\u00e2t s\u0103 se perinde pe aici.<\/p>\n<p>Iar la cap\u0103tul str\u0103zii, acum o lun\u0103 a \u00eenceput repara\u021bia sistemului de canalizare, care la fel ia afectat pe unii locuitori.<\/p>\n<p>Grigore Ciobanu, inginerul \u0218ef al \u00eentreprinderii municipale ,,Ap\u0103-Canal-B\u0103l\u021bi\u201d ne-a informat c\u0103 responsabili de lucr\u0103rile de repara\u021bie a re\u021belei de apeduct este responsabil\u0103 compania ,,Danlevita\u201d. Iar lucr\u0103rile, care nu au fost finalizate de c\u0103tre angaja\u021bii de la ,, Ap\u0103-Canal\u201d vor fi efectuate ast\u0103zi. Nu am putut lua leg\u0103tura cu compania responsabil\u0103. \u00cens\u0103 pe pagina oficial\u0103 a prim\u0103riei a ap\u0103rut graficul cu datele \u0219i sectoarele unde vor fi deconect\u0103ri. De asemenea \u00eentreprinderea ,,Ap\u0103-Canal-B\u0103l\u021bi\u201d va furniza ap\u0103 de 2 ori pe zi oamenilor din acest microraion de la 8:00 p\u00e2n\u0103 la 10:00 \u0219i de la 16:00 p\u00e2n\u0103 la 18:00. Adresa stabilit\u0103 este Strada Sorocii 44, \u00een preajma\u00a0 magazinului &#8222;Liada&#8221;.<\/p>\n<div id=\"fb-root\"><\/div>\n<p><script async=\"1\" defer=\"1\" crossorigin=\"anonymous\" src=\"https:\/\/connect.facebook.net\/de_DE\/sdk.js#xfbml=1&amp;version=v8.0\" nonce=\"PMPH6Gx3\"><\/script><\/p>\n<div class=\"fb-video\" data-href=\"https:\/\/www.facebook.com\/1442719172683690\/videos\/632770514293884\" data-width=\"1170\">\n<blockquote cite=\"https:\/\/www.facebook.com\/btvmoldova\/videos\/632770514293884\/\" class=\"fb-xfbml-parse-ignore\"><p><a href=\"https:\/\/www.facebook.com\/btvmoldova\/videos\/632770514293884\/\">Deconect\u0103rile se cam \u00eentind pe strada Sorocii din B\u0103l\u021bi, fapt, care \u00eei nemul\u021bume\u0219te pe locuitorii r\u0103ma\u0219i f\u0103r\u0103 ap\u0103 de zile bune<\/a><\/p>\n<p>Deconect\u0103rile se cam \u00eentind pe strada Sorocii din B\u0103l\u021bi, fapt, care \u00eei nemul\u021bume\u0219te pe locuitorii r\u0103ma\u0219i f\u0103r\u0103 ap\u0103 de zile bune<\/p>\n<p>Gepostet von <a href=\"https:\/\/www.facebook.com\/btvmoldova\/\">\u0422\u0435\u043b\u0435\u043a\u043e\u043c\u043f\u0430\u043d\u0438\u044f BTV &#8211; Balti, \u0411\u0435\u043b\u044c\u0446\u044b<\/a> am Dienstag, 22. September 2020<\/p><\/blockquote>\n<\/div>\n","protected":false},"excerpt":{"rendered":"<p>Au r\u0103mas doar cu promisiunile. Locuitorii din strada Sorocii din B\u0103l\u021bi se pl\u00e2ng c\u0103 repara\u021bia capital\u0103 a re\u021belei de alimentare cu ap\u0103 a\u0219a \u0219i nu a demarat. La \u00eenceputul lunii curente au fost informa\u021bi despre \u00eentreruperea aliment\u0103rii cu ap\u0103 pentru efectuarea lucr\u0103rilor. \u0218i-au f\u0103cut rezerve de ap\u0103, \u00eens\u0103 degeaba. Deconect\u0103ri nu au fost \u0219i nici [&hellip;]<\/p>\n","protected":false},"author":4,"featured_media":96419,"comment_status":"closed","ping_status":"closed","sticky":false,"template":"","format":"standard","meta":{"footnotes":""},"categories":[6353,6377],"tags":[17954,17953,17955],"class_list":["post-96417","post","type-post","status-publish","format-standard","has-post-thumbnail","hentry","category-oras","category-stiri","tag-alimentare-cu-apa","tag-reparatia-capitala","tag-strada-sorocii-ro"],"yoast_head":"<!-- This site is optimized with the Yoast SEO plugin v27.4 - https:\/\/yoast.com\/product\/yoast-seo-wordpress\/ -->\n<title>Deconect\u0103rile se cam \u00eentind pe strada Sorocii din B\u0103l\u021bi, fapt, care \u00eei nemul\u021bume\u0219te pe locuitorii r\u0103ma\u0219i f\u0103r\u0103 ap\u0103 de zile bune - BTV<\/title>\n<meta name=\"robots\" content=\"index, follow, max-snippet:-1, max-image-preview:large, max-video-preview:-1\" \/>\n<link rel=\"canonical\" href=\"https:\/\/www.btv.md\/ro\/deconectarile-se-cam-intind-pe-strada-sorocii-din-balti-fapt-care-ii-nemultumeste-pe-locuitorii-ramasi-fara-apa-de-zile-bune\/\" \/>\n<meta property=\"og:locale\" content=\"ro_RO\" \/>\n<meta property=\"og:type\" content=\"article\" \/>\n<meta property=\"og:title\" content=\"Deconect\u0103rile se cam \u00eentind pe strada Sorocii din B\u0103l\u021bi, fapt, care \u00eei nemul\u021bume\u0219te pe locuitorii r\u0103ma\u0219i f\u0103r\u0103 ap\u0103 de zile bune - BTV\" \/>\n<meta property=\"og:description\" content=\"Au r\u0103mas doar cu promisiunile. Locuitorii din strada Sorocii din B\u0103l\u021bi se pl\u00e2ng c\u0103 repara\u021bia capital\u0103 a re\u021belei de alimentare cu ap\u0103 a\u0219a \u0219i nu a demarat. La \u00eenceputul lunii curente au fost informa\u021bi despre \u00eentreruperea aliment\u0103rii cu ap\u0103 pentru efectuarea lucr\u0103rilor. \u0218i-au f\u0103cut rezerve de ap\u0103, \u00eens\u0103 degeaba. Deconect\u0103ri nu au fost \u0219i nici [&hellip;]\" \/>\n<meta property=\"og:url\" content=\"https:\/\/www.btv.md\/ro\/deconectarile-se-cam-intind-pe-strada-sorocii-din-balti-fapt-care-ii-nemultumeste-pe-locuitorii-ramasi-fara-apa-de-zile-bune\/\" \/>\n<meta property=\"og:site_name\" content=\"BTV\" \/>\n<meta property=\"article:publisher\" content=\"https:\/\/www.facebook.com\/btvmoldova\/\" \/>\n<meta property=\"article:published_time\" content=\"2020-09-22T07:48:32+00:00\" \/>\n<meta property=\"og:image\" content=\"https:\/\/www.btv.md\/wp-content\/uploads\/2020\/09\/bezymyannyj-10-768x372.png\" \/>\n\t<meta property=\"og:image:width\" content=\"768\" \/>\n\t<meta property=\"og:image:height\" content=\"372\" \/>\n\t<meta property=\"og:image:type\" content=\"image\/png\" \/>\n<meta name=\"author\" content=\"admin\" \/>\n<meta name=\"twitter:label1\" content=\"Scris de\" \/>\n\t<meta name=\"twitter:data1\" content=\"admin\" \/>\n\t<meta name=\"twitter:label2\" content=\"Timp estimat pentru citire\" \/>\n\t<meta name=\"twitter:data2\" content=\"2 minute\" \/>\n<script type=\"application\/ld+json\" class=\"yoast-schema-graph\">{\"@context\":\"https:\\\/\\\/schema.org\",\"@graph\":[{\"@type\":\"Article\",\"@id\":\"https:\\\/\\\/www.btv.md\\\/ro\\\/deconectarile-se-cam-intind-pe-strada-sorocii-din-balti-fapt-care-ii-nemultumeste-pe-locuitorii-ramasi-fara-apa-de-zile-bune\\\/#article\",\"isPartOf\":{\"@id\":\"https:\\\/\\\/www.btv.md\\\/ro\\\/deconectarile-se-cam-intind-pe-strada-sorocii-din-balti-fapt-care-ii-nemultumeste-pe-locuitorii-ramasi-fara-apa-de-zile-bune\\\/\"},\"author\":{\"name\":\"admin\",\"@id\":\"https:\\\/\\\/www.btv.md\\\/#\\\/schema\\\/person\\\/8fadce81561b3ce2c34c46dadc4ccbf2\"},\"headline\":\"Deconect\u0103rile se cam \u00eentind pe strada Sorocii din B\u0103l\u021bi, fapt, care \u00eei nemul\u021bume\u0219te pe locuitorii r\u0103ma\u0219i f\u0103r\u0103 ap\u0103 de zile bune\",\"datePublished\":\"2020-09-22T07:48:32+00:00\",\"mainEntityOfPage\":{\"@id\":\"https:\\\/\\\/www.btv.md\\\/ro\\\/deconectarile-se-cam-intind-pe-strada-sorocii-din-balti-fapt-care-ii-nemultumeste-pe-locuitorii-ramasi-fara-apa-de-zile-bune\\\/\"},\"wordCount\":377,\"image\":{\"@id\":\"https:\\\/\\\/www.btv.md\\\/ro\\\/deconectarile-se-cam-intind-pe-strada-sorocii-din-balti-fapt-care-ii-nemultumeste-pe-locuitorii-ramasi-fara-apa-de-zile-bune\\\/#primaryimage\"},\"thumbnailUrl\":\"https:\\\/\\\/www.btv.md\\\/wp-content\\\/uploads\\\/2020\\\/09\\\/bezymyannyj-10.png\",\"keywords\":[\"alimentare cu ap\u0103\",\"repara\u021bia capital\u0103\",\"STRADA SOROCII\"],\"articleSection\":[\"Ora\u0219\",\"\u0218tiri\"],\"inLanguage\":\"ro-RO\"},{\"@type\":\"WebPage\",\"@id\":\"https:\\\/\\\/www.btv.md\\\/ro\\\/deconectarile-se-cam-intind-pe-strada-sorocii-din-balti-fapt-care-ii-nemultumeste-pe-locuitorii-ramasi-fara-apa-de-zile-bune\\\/\",\"url\":\"https:\\\/\\\/www.btv.md\\\/ro\\\/deconectarile-se-cam-intind-pe-strada-sorocii-din-balti-fapt-care-ii-nemultumeste-pe-locuitorii-ramasi-fara-apa-de-zile-bune\\\/\",\"name\":\"Deconect\u0103rile se cam \u00eentind pe strada Sorocii din B\u0103l\u021bi, fapt, care \u00eei nemul\u021bume\u0219te pe locuitorii r\u0103ma\u0219i f\u0103r\u0103 ap\u0103 de zile bune - BTV\",\"isPartOf\":{\"@id\":\"https:\\\/\\\/www.btv.md\\\/#website\"},\"primaryImageOfPage\":{\"@id\":\"https:\\\/\\\/www.btv.md\\\/ro\\\/deconectarile-se-cam-intind-pe-strada-sorocii-din-balti-fapt-care-ii-nemultumeste-pe-locuitorii-ramasi-fara-apa-de-zile-bune\\\/#primaryimage\"},\"image\":{\"@id\":\"https:\\\/\\\/www.btv.md\\\/ro\\\/deconectarile-se-cam-intind-pe-strada-sorocii-din-balti-fapt-care-ii-nemultumeste-pe-locuitorii-ramasi-fara-apa-de-zile-bune\\\/#primaryimage\"},\"thumbnailUrl\":\"https:\\\/\\\/www.btv.md\\\/wp-content\\\/uploads\\\/2020\\\/09\\\/bezymyannyj-10.png\",\"datePublished\":\"2020-09-22T07:48:32+00:00\",\"author\":{\"@id\":\"https:\\\/\\\/www.btv.md\\\/#\\\/schema\\\/person\\\/8fadce81561b3ce2c34c46dadc4ccbf2\"},\"inLanguage\":\"ro-RO\",\"potentialAction\":[{\"@type\":\"ReadAction\",\"target\":[\"https:\\\/\\\/www.btv.md\\\/ro\\\/deconectarile-se-cam-intind-pe-strada-sorocii-din-balti-fapt-care-ii-nemultumeste-pe-locuitorii-ramasi-fara-apa-de-zile-bune\\\/\"]}]},{\"@type\":\"ImageObject\",\"inLanguage\":\"ro-RO\",\"@id\":\"https:\\\/\\\/www.btv.md\\\/ro\\\/deconectarile-se-cam-intind-pe-strada-sorocii-din-balti-fapt-care-ii-nemultumeste-pe-locuitorii-ramasi-fara-apa-de-zile-bune\\\/#primaryimage\",\"url\":\"https:\\\/\\\/www.btv.md\\\/wp-content\\\/uploads\\\/2020\\\/09\\\/bezymyannyj-10.png\",\"contentUrl\":\"https:\\\/\\\/www.btv.md\\\/wp-content\\\/uploads\\\/2020\\\/09\\\/bezymyannyj-10.png\",\"width\":1696,\"height\":821},{\"@type\":\"WebSite\",\"@id\":\"https:\\\/\\\/www.btv.md\\\/#website\",\"url\":\"https:\\\/\\\/www.btv.md\\\/\",\"name\":\"BTV\",\"description\":\"\u0411\u0435\u043b\u044c\u0446\u043a\u043e\u0435 \u0442\u0435\u043b\u0435\u0432\u0438\u0434\u0435\u043d\u0438\u0435\",\"potentialAction\":[{\"@type\":\"SearchAction\",\"target\":{\"@type\":\"EntryPoint\",\"urlTemplate\":\"https:\\\/\\\/www.btv.md\\\/?s={search_term_string}\"},\"query-input\":{\"@type\":\"PropertyValueSpecification\",\"valueRequired\":true,\"valueName\":\"search_term_string\"}}],\"inLanguage\":\"ro-RO\"},{\"@type\":\"Person\",\"@id\":\"https:\\\/\\\/www.btv.md\\\/#\\\/schema\\\/person\\\/8fadce81561b3ce2c34c46dadc4ccbf2\",\"name\":\"admin\"}]}<\/script>\n<!-- \/ Yoast SEO plugin. -->","yoast_head_json":{"title":"Deconect\u0103rile se cam \u00eentind pe strada Sorocii din B\u0103l\u021bi, fapt, care \u00eei nemul\u021bume\u0219te pe locuitorii r\u0103ma\u0219i f\u0103r\u0103 ap\u0103 de zile bune - BTV","robots":{"index":"index","follow":"follow","max-snippet":"max-snippet:-1","max-image-preview":"max-image-preview:large","max-video-preview":"max-video-preview:-1"},"canonical":"https:\/\/www.btv.md\/ro\/deconectarile-se-cam-intind-pe-strada-sorocii-din-balti-fapt-care-ii-nemultumeste-pe-locuitorii-ramasi-fara-apa-de-zile-bune\/","og_locale":"ro_RO","og_type":"article","og_title":"Deconect\u0103rile se cam \u00eentind pe strada Sorocii din B\u0103l\u021bi, fapt, care \u00eei nemul\u021bume\u0219te pe locuitorii r\u0103ma\u0219i f\u0103r\u0103 ap\u0103 de zile bune - BTV","og_description":"Au r\u0103mas doar cu promisiunile. Locuitorii din strada Sorocii din B\u0103l\u021bi se pl\u00e2ng c\u0103 repara\u021bia capital\u0103 a re\u021belei de alimentare cu ap\u0103 a\u0219a \u0219i nu a demarat. La \u00eenceputul lunii curente au fost informa\u021bi despre \u00eentreruperea aliment\u0103rii cu ap\u0103 pentru efectuarea lucr\u0103rilor. \u0218i-au f\u0103cut rezerve de ap\u0103, \u00eens\u0103 degeaba. Deconect\u0103ri nu au fost \u0219i nici [&hellip;]","og_url":"https:\/\/www.btv.md\/ro\/deconectarile-se-cam-intind-pe-strada-sorocii-din-balti-fapt-care-ii-nemultumeste-pe-locuitorii-ramasi-fara-apa-de-zile-bune\/","og_site_name":"BTV","article_publisher":"https:\/\/www.facebook.com\/btvmoldova\/","article_published_time":"2020-09-22T07:48:32+00:00","og_image":[{"width":768,"height":372,"url":"https:\/\/www.btv.md\/wp-content\/uploads\/2020\/09\/bezymyannyj-10-768x372.png","type":"image\/png"}],"author":"admin","twitter_misc":{"Scris de":"admin","Timp estimat pentru citire":"2 minute"},"schema":{"@context":"https:\/\/schema.org","@graph":[{"@type":"Article","@id":"https:\/\/www.btv.md\/ro\/deconectarile-se-cam-intind-pe-strada-sorocii-din-balti-fapt-care-ii-nemultumeste-pe-locuitorii-ramasi-fara-apa-de-zile-bune\/#article","isPartOf":{"@id":"https:\/\/www.btv.md\/ro\/deconectarile-se-cam-intind-pe-strada-sorocii-din-balti-fapt-care-ii-nemultumeste-pe-locuitorii-ramasi-fara-apa-de-zile-bune\/"},"author":{"name":"admin","@id":"https:\/\/www.btv.md\/#\/schema\/person\/8fadce81561b3ce2c34c46dadc4ccbf2"},"headline":"Deconect\u0103rile se cam \u00eentind pe strada Sorocii din B\u0103l\u021bi, fapt, care \u00eei nemul\u021bume\u0219te pe locuitorii r\u0103ma\u0219i f\u0103r\u0103 ap\u0103 de zile bune","datePublished":"2020-09-22T07:48:32+00:00","mainEntityOfPage":{"@id":"https:\/\/www.btv.md\/ro\/deconectarile-se-cam-intind-pe-strada-sorocii-din-balti-fapt-care-ii-nemultumeste-pe-locuitorii-ramasi-fara-apa-de-zile-bune\/"},"wordCount":377,"image":{"@id":"https:\/\/www.btv.md\/ro\/deconectarile-se-cam-intind-pe-strada-sorocii-din-balti-fapt-care-ii-nemultumeste-pe-locuitorii-ramasi-fara-apa-de-zile-bune\/#primaryimage"},"thumbnailUrl":"https:\/\/www.btv.md\/wp-content\/uploads\/2020\/09\/bezymyannyj-10.png","keywords":["alimentare cu ap\u0103","repara\u021bia capital\u0103","STRADA SOROCII"],"articleSection":["Ora\u0219","\u0218tiri"],"inLanguage":"ro-RO"},{"@type":"WebPage","@id":"https:\/\/www.btv.md\/ro\/deconectarile-se-cam-intind-pe-strada-sorocii-din-balti-fapt-care-ii-nemultumeste-pe-locuitorii-ramasi-fara-apa-de-zile-bune\/","url":"https:\/\/www.btv.md\/ro\/deconectarile-se-cam-intind-pe-strada-sorocii-din-balti-fapt-care-ii-nemultumeste-pe-locuitorii-ramasi-fara-apa-de-zile-bune\/","name":"Deconect\u0103rile se cam \u00eentind pe strada Sorocii din B\u0103l\u021bi, fapt, care \u00eei nemul\u021bume\u0219te pe locuitorii r\u0103ma\u0219i f\u0103r\u0103 ap\u0103 de zile bune - BTV","isPartOf":{"@id":"https:\/\/www.btv.md\/#website"},"primaryImageOfPage":{"@id":"https:\/\/www.btv.md\/ro\/deconectarile-se-cam-intind-pe-strada-sorocii-din-balti-fapt-care-ii-nemultumeste-pe-locuitorii-ramasi-fara-apa-de-zile-bune\/#primaryimage"},"image":{"@id":"https:\/\/www.btv.md\/ro\/deconectarile-se-cam-intind-pe-strada-sorocii-din-balti-fapt-care-ii-nemultumeste-pe-locuitorii-ramasi-fara-apa-de-zile-bune\/#primaryimage"},"thumbnailUrl":"https:\/\/www.btv.md\/wp-content\/uploads\/2020\/09\/bezymyannyj-10.png","datePublished":"2020-09-22T07:48:32+00:00","author":{"@id":"https:\/\/www.btv.md\/#\/schema\/person\/8fadce81561b3ce2c34c46dadc4ccbf2"},"inLanguage":"ro-RO","potentialAction":[{"@type":"ReadAction","target":["https:\/\/www.btv.md\/ro\/deconectarile-se-cam-intind-pe-strada-sorocii-din-balti-fapt-care-ii-nemultumeste-pe-locuitorii-ramasi-fara-apa-de-zile-bune\/"]}]},{"@type":"ImageObject","inLanguage":"ro-RO","@id":"https:\/\/www.btv.md\/ro\/deconectarile-se-cam-intind-pe-strada-sorocii-din-balti-fapt-care-ii-nemultumeste-pe-locuitorii-ramasi-fara-apa-de-zile-bune\/#primaryimage","url":"https:\/\/www.btv.md\/wp-content\/uploads\/2020\/09\/bezymyannyj-10.png","contentUrl":"https:\/\/www.btv.md\/wp-content\/uploads\/2020\/09\/bezymyannyj-10.png","width":1696,"height":821},{"@type":"WebSite","@id":"https:\/\/www.btv.md\/#website","url":"https:\/\/www.btv.md\/","name":"BTV","description":"\u0411\u0435\u043b\u044c\u0446\u043a\u043e\u0435 \u0442\u0435\u043b\u0435\u0432\u0438\u0434\u0435\u043d\u0438\u0435","potentialAction":[{"@type":"SearchAction","target":{"@type":"EntryPoint","urlTemplate":"https:\/\/www.btv.md\/?s={search_term_string}"},"query-input":{"@type":"PropertyValueSpecification","valueRequired":true,"valueName":"search_term_string"}}],"inLanguage":"ro-RO"},{"@type":"Person","@id":"https:\/\/www.btv.md\/#\/schema\/person\/8fadce81561b3ce2c34c46dadc4ccbf2","name":"admin"}]}},"_links":{"self":[{"href":"https:\/\/www.btv.md\/ro\/wp-json\/wp\/v2\/posts\/96417","targetHints":{"allow":["GET"]}}],"collection":[{"href":"https:\/\/www.btv.md\/ro\/wp-json\/wp\/v2\/posts"}],"about":[{"href":"https:\/\/www.btv.md\/ro\/wp-json\/wp\/v2\/types\/post"}],"author":[{"embeddable":true,"href":"https:\/\/www.btv.md\/ro\/wp-json\/wp\/v2\/users\/4"}],"replies":[{"embeddable":true,"href":"https:\/\/www.btv.md\/ro\/wp-json\/wp\/v2\/comments?post=96417"}],"version-history":[{"count":0,"href":"https:\/\/www.btv.md\/ro\/wp-json\/wp\/v2\/posts\/96417\/revisions"}],"wp:featuredmedia":[{"embeddable":true,"href":"https:\/\/www.btv.md\/ro\/wp-json\/wp\/v2\/media\/96419"}],"wp:attachment":[{"href":"https:\/\/www.btv.md\/ro\/wp-json\/wp\/v2\/media?parent=96417"}],"wp:term":[{"taxonomy":"category","embeddable":true,"href":"https:\/\/www.btv.md\/ro\/wp-json\/wp\/v2\/categories?post=96417"},{"taxonomy":"post_tag","embeddable":true,"href":"https:\/\/www.btv.md\/ro\/wp-json\/wp\/v2\/tags?post=96417"}],"curies":[{"name":"wp","href":"https:\/\/api.w.org\/{rel}","templated":true}]}}