{"id":96422,"date":"2020-09-22T10:56:16","date_gmt":"2020-09-22T07:56:16","guid":{"rendered":"http:\/\/www.btv.md\/?p=96422"},"modified":"2020-09-22T10:56:16","modified_gmt":"2020-09-22T07:56:16","slug":"locurile-disponibile-pentru-pacientii-bolnavi-de-covid-19-tot-mai-putine-la-balti-dupa-o-noua-crestere-inregistrata","status":"publish","type":"post","link":"https:\/\/www.btv.md\/ro\/locurile-disponibile-pentru-pacientii-bolnavi-de-covid-19-tot-mai-putine-la-balti-dupa-o-noua-crestere-inregistrata\/","title":{"rendered":"Locurile disponibile pentru pacien\u021bii bolnavi de COVID-19, tot mai pu\u021bine la B\u0103l\u021bi dup\u0103 o nou\u0103 cre\u0219tere \u00eenregistrat\u0103"},"content":{"rendered":"<p><strong>\u00cen centrul COVID din B\u0103l\u021bi r\u0103m\u00e2n tot mai pu\u021bine locuri pentru internare, iar num\u0103rul cazurilor de contaminare la nivel local cre\u0219te. Momentan, la terapie intensiv\u0103 sunt 8 paturi completate definitiv. Vice Directorul institu\u021biei, Ala Condrea a afimrat c\u0103 a crescut mai ales ponderea cazurilor grave deoarece, oamenii se adreseaz\u0103 t\u0103rziu \u0219i ajung \u00een st\u0103re critic\u0103.<\/strong><\/p>\n<p>De asemenea, cre\u0219te \u0219i num\u0103rul de cazuri de infectare \u00een r\u00e2ndul copiilor. La B\u0103l\u021bi pentru moment, \u00een sec\u021bia covid, din 25 de paturi 14 sunt ocupate de copii, 9 dintre ei fiind testa\u021bi pozitiv.<\/p>\n<p>Ala Condrea a mai afirmat c\u0103 p\u0103rin\u021bii copiilor trateaz\u0103 medicii cu un negativism agresiv.<\/p>\n<p>La Chi\u0219in\u0103u, \u0219efa Direc\u021biei generale asisten\u021b\u0103 social\u0103 \u0219i s\u0103n\u0103tateTatiana Bucearschi a mai men\u021bionat c\u0103 \u00een sistemul educa\u021bional municipal nu s-a constatat o explozie de coronavirus printre copii.\u00a0Astfel, de la 1 septembrie, au fost depistate 190 de cazuri de\u00a0COVID-19 \u00een \u0219coli \u0219i 41 &#8211; \u00een gr\u0103dini\u021be.<\/p>\n<div id=\"fb-root\"><\/div>\n<p><script async=\"1\" defer=\"1\" crossorigin=\"anonymous\" src=\"https:\/\/connect.facebook.net\/de_DE\/sdk.js#xfbml=1&amp;version=v8.0\" nonce=\"wxkHmkPi\"><\/script><\/p>\n<div class=\"fb-video\" data-href=\"https:\/\/www.facebook.com\/1442719172683690\/videos\/355721918886615\" data-width=\"1170\">\n<blockquote cite=\"https:\/\/www.facebook.com\/btvmoldova\/videos\/355721918886615\/\" class=\"fb-xfbml-parse-ignore\"><p><a href=\"https:\/\/www.facebook.com\/btvmoldova\/videos\/355721918886615\/\">Locurile disponibile pentru pacien\u021bii bolnavi de COVID-19, tot mai pu\u021bine la B\u0103l\u021bi dup\u0103 o nou\u0103 cre\u0219tere \u00eenregistrat\u0103<\/a><\/p>\n<p>Locurile disponibile pentru pacien\u021bii bolnavi de COVID-19, tot mai pu\u021bine la B\u0103l\u021bi dup\u0103 o nou\u0103 cre\u0219tere \u00eenregistrat\u0103 Ala Condrea a afimrat c\u0103 a crescut mai ales ponderea cazurilor grave deoarece, oamenii se adreseaz\u0103 t\u0103rziu \u0219i ajung \u00een st\u0103re critic\u0103.<\/p>\n<p>Gepostet von <a href=\"https:\/\/www.facebook.com\/btvmoldova\/\">\u0422\u0435\u043b\u0435\u043a\u043e\u043c\u043f\u0430\u043d\u0438\u044f BTV &#8211; Balti, \u0411\u0435\u043b\u044c\u0446\u044b<\/a> am Dienstag, 22. September 2020<\/p><\/blockquote>\n<\/div>\n","protected":false},"excerpt":{"rendered":"<p>\u00cen centrul COVID din B\u0103l\u021bi r\u0103m\u00e2n tot mai pu\u021bine locuri pentru internare, iar num\u0103rul cazurilor de contaminare la nivel local cre\u0219te. Momentan, la terapie intensiv\u0103 sunt 8 paturi completate definitiv. Vice Directorul institu\u021biei, Ala Condrea a afimrat c\u0103 a crescut mai ales ponderea cazurilor grave deoarece, oamenii se adreseaz\u0103 t\u0103rziu \u0219i ajung \u00een st\u0103re critic\u0103. [&hellip;]<\/p>\n","protected":false},"author":4,"featured_media":96426,"comment_status":"closed","ping_status":"closed","sticky":false,"template":"","format":"standard","meta":{"footnotes":""},"categories":[6353,6377],"tags":[17957,17956,6498],"class_list":["post-96422","post","type-post","status-publish","format-standard","has-post-thumbnail","hentry","category-oras","category-stiri","tag-noua-crestere","tag-pacientii-bolnavi-de-covid-19","tag-balti-ro"],"yoast_head":"<!-- This site is optimized with the Yoast SEO plugin v27.4 - https:\/\/yoast.com\/product\/yoast-seo-wordpress\/ -->\n<title>Locurile disponibile pentru pacien\u021bii bolnavi de COVID-19, tot mai pu\u021bine la B\u0103l\u021bi dup\u0103 o nou\u0103 cre\u0219tere \u00eenregistrat\u0103 - BTV<\/title>\n<meta name=\"robots\" content=\"index, follow, max-snippet:-1, max-image-preview:large, max-video-preview:-1\" \/>\n<link rel=\"canonical\" href=\"https:\/\/www.btv.md\/ro\/locurile-disponibile-pentru-pacientii-bolnavi-de-covid-19-tot-mai-putine-la-balti-dupa-o-noua-crestere-inregistrata\/\" \/>\n<meta property=\"og:locale\" content=\"ro_RO\" \/>\n<meta property=\"og:type\" content=\"article\" \/>\n<meta property=\"og:title\" content=\"Locurile disponibile pentru pacien\u021bii bolnavi de COVID-19, tot mai pu\u021bine la B\u0103l\u021bi dup\u0103 o nou\u0103 cre\u0219tere \u00eenregistrat\u0103 - BTV\" \/>\n<meta property=\"og:description\" content=\"\u00cen centrul COVID din B\u0103l\u021bi r\u0103m\u00e2n tot mai pu\u021bine locuri pentru internare, iar num\u0103rul cazurilor de contaminare la nivel local cre\u0219te. Momentan, la terapie intensiv\u0103 sunt 8 paturi completate definitiv. Vice Directorul institu\u021biei, Ala Condrea a afimrat c\u0103 a crescut mai ales ponderea cazurilor grave deoarece, oamenii se adreseaz\u0103 t\u0103rziu \u0219i ajung \u00een st\u0103re critic\u0103. [&hellip;]\" \/>\n<meta property=\"og:url\" content=\"https:\/\/www.btv.md\/ro\/locurile-disponibile-pentru-pacientii-bolnavi-de-covid-19-tot-mai-putine-la-balti-dupa-o-noua-crestere-inregistrata\/\" \/>\n<meta property=\"og:site_name\" content=\"BTV\" \/>\n<meta property=\"article:publisher\" content=\"https:\/\/www.facebook.com\/btvmoldova\/\" \/>\n<meta property=\"article:published_time\" content=\"2020-09-22T07:56:16+00:00\" \/>\n<meta property=\"og:image\" content=\"https:\/\/www.btv.md\/wp-content\/uploads\/2020\/09\/medik.jpg\" \/>\n\t<meta property=\"og:image:width\" content=\"1200\" \/>\n\t<meta property=\"og:image:height\" content=\"675\" \/>\n\t<meta property=\"og:image:type\" content=\"image\/jpeg\" \/>\n<meta name=\"author\" content=\"admin\" \/>\n<meta name=\"twitter:label1\" content=\"Scris de\" \/>\n\t<meta name=\"twitter:data1\" content=\"admin\" \/>\n\t<meta name=\"twitter:label2\" content=\"Timp estimat pentru citire\" \/>\n\t<meta name=\"twitter:data2\" content=\"1 minut\" \/>\n<script type=\"application\/ld+json\" class=\"yoast-schema-graph\">{\"@context\":\"https:\\\/\\\/schema.org\",\"@graph\":[{\"@type\":\"Article\",\"@id\":\"https:\\\/\\\/www.btv.md\\\/ro\\\/locurile-disponibile-pentru-pacientii-bolnavi-de-covid-19-tot-mai-putine-la-balti-dupa-o-noua-crestere-inregistrata\\\/#article\",\"isPartOf\":{\"@id\":\"https:\\\/\\\/www.btv.md\\\/ro\\\/locurile-disponibile-pentru-pacientii-bolnavi-de-covid-19-tot-mai-putine-la-balti-dupa-o-noua-crestere-inregistrata\\\/\"},\"author\":{\"name\":\"admin\",\"@id\":\"https:\\\/\\\/www.btv.md\\\/#\\\/schema\\\/person\\\/8fadce81561b3ce2c34c46dadc4ccbf2\"},\"headline\":\"Locurile disponibile pentru pacien\u021bii bolnavi de COVID-19, tot mai pu\u021bine la B\u0103l\u021bi dup\u0103 o nou\u0103 cre\u0219tere \u00eenregistrat\u0103\",\"datePublished\":\"2020-09-22T07:56:16+00:00\",\"mainEntityOfPage\":{\"@id\":\"https:\\\/\\\/www.btv.md\\\/ro\\\/locurile-disponibile-pentru-pacientii-bolnavi-de-covid-19-tot-mai-putine-la-balti-dupa-o-noua-crestere-inregistrata\\\/\"},\"wordCount\":198,\"image\":{\"@id\":\"https:\\\/\\\/www.btv.md\\\/ro\\\/locurile-disponibile-pentru-pacientii-bolnavi-de-covid-19-tot-mai-putine-la-balti-dupa-o-noua-crestere-inregistrata\\\/#primaryimage\"},\"thumbnailUrl\":\"https:\\\/\\\/www.btv.md\\\/wp-content\\\/uploads\\\/2020\\\/09\\\/medik.jpg\",\"keywords\":[\"nou\u0103 cre\u0219tere\",\"pacien\u021bii bolnavi de COVID-19\",\"\u0411\u0435\u043b\u044c\u0446\u044b\"],\"articleSection\":[\"Ora\u0219\",\"\u0218tiri\"],\"inLanguage\":\"ro-RO\"},{\"@type\":\"WebPage\",\"@id\":\"https:\\\/\\\/www.btv.md\\\/ro\\\/locurile-disponibile-pentru-pacientii-bolnavi-de-covid-19-tot-mai-putine-la-balti-dupa-o-noua-crestere-inregistrata\\\/\",\"url\":\"https:\\\/\\\/www.btv.md\\\/ro\\\/locurile-disponibile-pentru-pacientii-bolnavi-de-covid-19-tot-mai-putine-la-balti-dupa-o-noua-crestere-inregistrata\\\/\",\"name\":\"Locurile disponibile pentru pacien\u021bii bolnavi de COVID-19, tot mai pu\u021bine la B\u0103l\u021bi dup\u0103 o nou\u0103 cre\u0219tere \u00eenregistrat\u0103 - BTV\",\"isPartOf\":{\"@id\":\"https:\\\/\\\/www.btv.md\\\/#website\"},\"primaryImageOfPage\":{\"@id\":\"https:\\\/\\\/www.btv.md\\\/ro\\\/locurile-disponibile-pentru-pacientii-bolnavi-de-covid-19-tot-mai-putine-la-balti-dupa-o-noua-crestere-inregistrata\\\/#primaryimage\"},\"image\":{\"@id\":\"https:\\\/\\\/www.btv.md\\\/ro\\\/locurile-disponibile-pentru-pacientii-bolnavi-de-covid-19-tot-mai-putine-la-balti-dupa-o-noua-crestere-inregistrata\\\/#primaryimage\"},\"thumbnailUrl\":\"https:\\\/\\\/www.btv.md\\\/wp-content\\\/uploads\\\/2020\\\/09\\\/medik.jpg\",\"datePublished\":\"2020-09-22T07:56:16+00:00\",\"author\":{\"@id\":\"https:\\\/\\\/www.btv.md\\\/#\\\/schema\\\/person\\\/8fadce81561b3ce2c34c46dadc4ccbf2\"},\"inLanguage\":\"ro-RO\",\"potentialAction\":[{\"@type\":\"ReadAction\",\"target\":[\"https:\\\/\\\/www.btv.md\\\/ro\\\/locurile-disponibile-pentru-pacientii-bolnavi-de-covid-19-tot-mai-putine-la-balti-dupa-o-noua-crestere-inregistrata\\\/\"]}]},{\"@type\":\"ImageObject\",\"inLanguage\":\"ro-RO\",\"@id\":\"https:\\\/\\\/www.btv.md\\\/ro\\\/locurile-disponibile-pentru-pacientii-bolnavi-de-covid-19-tot-mai-putine-la-balti-dupa-o-noua-crestere-inregistrata\\\/#primaryimage\",\"url\":\"https:\\\/\\\/www.btv.md\\\/wp-content\\\/uploads\\\/2020\\\/09\\\/medik.jpg\",\"contentUrl\":\"https:\\\/\\\/www.btv.md\\\/wp-content\\\/uploads\\\/2020\\\/09\\\/medik.jpg\",\"width\":1200,\"height\":675},{\"@type\":\"WebSite\",\"@id\":\"https:\\\/\\\/www.btv.md\\\/#website\",\"url\":\"https:\\\/\\\/www.btv.md\\\/\",\"name\":\"BTV\",\"description\":\"\u0411\u0435\u043b\u044c\u0446\u043a\u043e\u0435 \u0442\u0435\u043b\u0435\u0432\u0438\u0434\u0435\u043d\u0438\u0435\",\"potentialAction\":[{\"@type\":\"SearchAction\",\"target\":{\"@type\":\"EntryPoint\",\"urlTemplate\":\"https:\\\/\\\/www.btv.md\\\/?s={search_term_string}\"},\"query-input\":{\"@type\":\"PropertyValueSpecification\",\"valueRequired\":true,\"valueName\":\"search_term_string\"}}],\"inLanguage\":\"ro-RO\"},{\"@type\":\"Person\",\"@id\":\"https:\\\/\\\/www.btv.md\\\/#\\\/schema\\\/person\\\/8fadce81561b3ce2c34c46dadc4ccbf2\",\"name\":\"admin\"}]}<\/script>\n<!-- \/ Yoast SEO plugin. -->","yoast_head_json":{"title":"Locurile disponibile pentru pacien\u021bii bolnavi de COVID-19, tot mai pu\u021bine la B\u0103l\u021bi dup\u0103 o nou\u0103 cre\u0219tere \u00eenregistrat\u0103 - BTV","robots":{"index":"index","follow":"follow","max-snippet":"max-snippet:-1","max-image-preview":"max-image-preview:large","max-video-preview":"max-video-preview:-1"},"canonical":"https:\/\/www.btv.md\/ro\/locurile-disponibile-pentru-pacientii-bolnavi-de-covid-19-tot-mai-putine-la-balti-dupa-o-noua-crestere-inregistrata\/","og_locale":"ro_RO","og_type":"article","og_title":"Locurile disponibile pentru pacien\u021bii bolnavi de COVID-19, tot mai pu\u021bine la B\u0103l\u021bi dup\u0103 o nou\u0103 cre\u0219tere \u00eenregistrat\u0103 - BTV","og_description":"\u00cen centrul COVID din B\u0103l\u021bi r\u0103m\u00e2n tot mai pu\u021bine locuri pentru internare, iar num\u0103rul cazurilor de contaminare la nivel local cre\u0219te. Momentan, la terapie intensiv\u0103 sunt 8 paturi completate definitiv. Vice Directorul institu\u021biei, Ala Condrea a afimrat c\u0103 a crescut mai ales ponderea cazurilor grave deoarece, oamenii se adreseaz\u0103 t\u0103rziu \u0219i ajung \u00een st\u0103re critic\u0103. [&hellip;]","og_url":"https:\/\/www.btv.md\/ro\/locurile-disponibile-pentru-pacientii-bolnavi-de-covid-19-tot-mai-putine-la-balti-dupa-o-noua-crestere-inregistrata\/","og_site_name":"BTV","article_publisher":"https:\/\/www.facebook.com\/btvmoldova\/","article_published_time":"2020-09-22T07:56:16+00:00","og_image":[{"width":1200,"height":675,"url":"https:\/\/www.btv.md\/wp-content\/uploads\/2020\/09\/medik.jpg","type":"image\/jpeg"}],"author":"admin","twitter_misc":{"Scris de":"admin","Timp estimat pentru citire":"1 minut"},"schema":{"@context":"https:\/\/schema.org","@graph":[{"@type":"Article","@id":"https:\/\/www.btv.md\/ro\/locurile-disponibile-pentru-pacientii-bolnavi-de-covid-19-tot-mai-putine-la-balti-dupa-o-noua-crestere-inregistrata\/#article","isPartOf":{"@id":"https:\/\/www.btv.md\/ro\/locurile-disponibile-pentru-pacientii-bolnavi-de-covid-19-tot-mai-putine-la-balti-dupa-o-noua-crestere-inregistrata\/"},"author":{"name":"admin","@id":"https:\/\/www.btv.md\/#\/schema\/person\/8fadce81561b3ce2c34c46dadc4ccbf2"},"headline":"Locurile disponibile pentru pacien\u021bii bolnavi de COVID-19, tot mai pu\u021bine la B\u0103l\u021bi dup\u0103 o nou\u0103 cre\u0219tere \u00eenregistrat\u0103","datePublished":"2020-09-22T07:56:16+00:00","mainEntityOfPage":{"@id":"https:\/\/www.btv.md\/ro\/locurile-disponibile-pentru-pacientii-bolnavi-de-covid-19-tot-mai-putine-la-balti-dupa-o-noua-crestere-inregistrata\/"},"wordCount":198,"image":{"@id":"https:\/\/www.btv.md\/ro\/locurile-disponibile-pentru-pacientii-bolnavi-de-covid-19-tot-mai-putine-la-balti-dupa-o-noua-crestere-inregistrata\/#primaryimage"},"thumbnailUrl":"https:\/\/www.btv.md\/wp-content\/uploads\/2020\/09\/medik.jpg","keywords":["nou\u0103 cre\u0219tere","pacien\u021bii bolnavi de COVID-19","\u0411\u0435\u043b\u044c\u0446\u044b"],"articleSection":["Ora\u0219","\u0218tiri"],"inLanguage":"ro-RO"},{"@type":"WebPage","@id":"https:\/\/www.btv.md\/ro\/locurile-disponibile-pentru-pacientii-bolnavi-de-covid-19-tot-mai-putine-la-balti-dupa-o-noua-crestere-inregistrata\/","url":"https:\/\/www.btv.md\/ro\/locurile-disponibile-pentru-pacientii-bolnavi-de-covid-19-tot-mai-putine-la-balti-dupa-o-noua-crestere-inregistrata\/","name":"Locurile disponibile pentru pacien\u021bii bolnavi de COVID-19, tot mai pu\u021bine la B\u0103l\u021bi dup\u0103 o nou\u0103 cre\u0219tere \u00eenregistrat\u0103 - BTV","isPartOf":{"@id":"https:\/\/www.btv.md\/#website"},"primaryImageOfPage":{"@id":"https:\/\/www.btv.md\/ro\/locurile-disponibile-pentru-pacientii-bolnavi-de-covid-19-tot-mai-putine-la-balti-dupa-o-noua-crestere-inregistrata\/#primaryimage"},"image":{"@id":"https:\/\/www.btv.md\/ro\/locurile-disponibile-pentru-pacientii-bolnavi-de-covid-19-tot-mai-putine-la-balti-dupa-o-noua-crestere-inregistrata\/#primaryimage"},"thumbnailUrl":"https:\/\/www.btv.md\/wp-content\/uploads\/2020\/09\/medik.jpg","datePublished":"2020-09-22T07:56:16+00:00","author":{"@id":"https:\/\/www.btv.md\/#\/schema\/person\/8fadce81561b3ce2c34c46dadc4ccbf2"},"inLanguage":"ro-RO","potentialAction":[{"@type":"ReadAction","target":["https:\/\/www.btv.md\/ro\/locurile-disponibile-pentru-pacientii-bolnavi-de-covid-19-tot-mai-putine-la-balti-dupa-o-noua-crestere-inregistrata\/"]}]},{"@type":"ImageObject","inLanguage":"ro-RO","@id":"https:\/\/www.btv.md\/ro\/locurile-disponibile-pentru-pacientii-bolnavi-de-covid-19-tot-mai-putine-la-balti-dupa-o-noua-crestere-inregistrata\/#primaryimage","url":"https:\/\/www.btv.md\/wp-content\/uploads\/2020\/09\/medik.jpg","contentUrl":"https:\/\/www.btv.md\/wp-content\/uploads\/2020\/09\/medik.jpg","width":1200,"height":675},{"@type":"WebSite","@id":"https:\/\/www.btv.md\/#website","url":"https:\/\/www.btv.md\/","name":"BTV","description":"\u0411\u0435\u043b\u044c\u0446\u043a\u043e\u0435 \u0442\u0435\u043b\u0435\u0432\u0438\u0434\u0435\u043d\u0438\u0435","potentialAction":[{"@type":"SearchAction","target":{"@type":"EntryPoint","urlTemplate":"https:\/\/www.btv.md\/?s={search_term_string}"},"query-input":{"@type":"PropertyValueSpecification","valueRequired":true,"valueName":"search_term_string"}}],"inLanguage":"ro-RO"},{"@type":"Person","@id":"https:\/\/www.btv.md\/#\/schema\/person\/8fadce81561b3ce2c34c46dadc4ccbf2","name":"admin"}]}},"_links":{"self":[{"href":"https:\/\/www.btv.md\/ro\/wp-json\/wp\/v2\/posts\/96422","targetHints":{"allow":["GET"]}}],"collection":[{"href":"https:\/\/www.btv.md\/ro\/wp-json\/wp\/v2\/posts"}],"about":[{"href":"https:\/\/www.btv.md\/ro\/wp-json\/wp\/v2\/types\/post"}],"author":[{"embeddable":true,"href":"https:\/\/www.btv.md\/ro\/wp-json\/wp\/v2\/users\/4"}],"replies":[{"embeddable":true,"href":"https:\/\/www.btv.md\/ro\/wp-json\/wp\/v2\/comments?post=96422"}],"version-history":[{"count":0,"href":"https:\/\/www.btv.md\/ro\/wp-json\/wp\/v2\/posts\/96422\/revisions"}],"wp:featuredmedia":[{"embeddable":true,"href":"https:\/\/www.btv.md\/ro\/wp-json\/wp\/v2\/media\/96426"}],"wp:attachment":[{"href":"https:\/\/www.btv.md\/ro\/wp-json\/wp\/v2\/media?parent=96422"}],"wp:term":[{"taxonomy":"category","embeddable":true,"href":"https:\/\/www.btv.md\/ro\/wp-json\/wp\/v2\/categories?post=96422"},{"taxonomy":"post_tag","embeddable":true,"href":"https:\/\/www.btv.md\/ro\/wp-json\/wp\/v2\/tags?post=96422"}],"curies":[{"name":"wp","href":"https:\/\/api.w.org\/{rel}","templated":true}]}}