{"id":9648,"date":"2016-03-25T16:36:30","date_gmt":"2016-03-25T13:36:30","guid":{"rendered":"http:\/\/btv.md\/?p=9648"},"modified":"2016-03-25T16:36:30","modified_gmt":"2016-03-25T13:36:30","slug":"europa-in-stare-de-alerta-isis-ameninta-din-nou","status":"publish","type":"post","link":"https:\/\/www.btv.md\/ro\/europa-in-stare-de-alerta-isis-ameninta-din-nou\/","title":{"rendered":"Europa \u00een stare de alert\u0103! ISIS amenin\u021b\u0103 din nou"},"content":{"rendered":"<p><strong>GRUPUL  STAT  ISLAMIC  AMENIN\u021a\u0102  \u00ceNTREAGA  EUROP\u0102<\/strong><\/p>\n<p><strong>Europa se afl\u0103 \u00een continuare \u00een stare de alert\u0103, mai ales c\u0103 organiza\u0163ia terorist\u0103 Stat Islamic amenin\u0163\u0103 c\u0103 trimite jihadi\u015fti pentru a comite noi atacuri.<\/strong><\/p>\n<p>Europa trebuie s\u0103 str\u00e2ng\u0103 r\u00e2ndurile \u00een fa\u0163\u0103 terorismului \u015fi nu prin vorbe, ci printr-o re\u0163ea unic\u0103 de securitate. Mai simplu spus, prin colaborarea real\u0103 a serviciilor secrete na\u0163ionale. O spun tot mai mul\u0163i exper\u0163i antitero, \u00een condi\u0163iile \u00een care gruparea terorist\u0103 Stat Islamic \u015fi-a organizat o ramur\u0103 extern\u0103 de ac\u0163iune pentru Europa.<\/p>\n<p>Potrivit exper\u0163ilor din Statele Unite, Europa \u015fi Irak, cita\u0163i de Associated Press, organiza\u0163ia terorist\u0103 Stat Islamic a creat o unitate special\u0103 pentru ac\u0163iuni \u00een str\u0103in\u0103tate. Europa este prima vizat\u0103. Ar fi vorba de p\u00e2n\u0103 la 600 de adep\u0163i ISIS cu cet\u0103\u0163enie european\u0103, antrena\u0163i de jihadi\u015fti din Irak, Siria \u015fi din Caucaz. Exper\u0163ii spun c\u0103 modelul de antrenament e cel al trupelor speciale \u015fi sunt versa\u0163i \u00een strategii de lupt\u0103 la sol, explozibili, tehnici de supraveghere \u015fi contrasupraveghere.<\/p>\n<p>Acelea\u015fi surse sus\u0163in c\u0103 jihadi\u015ftii ac\u0163ioneaz\u0103 \u00een celule autonome, care \u00ee\u015fi aleg singure \u0163intele. Cel mai bun exemplu este Abdelhamid Abaaoud, coordonatorul atentatelor din noiembrie de la Paris. El ar fi venit in Europa, \u00eenso\u0163it de al\u0163i 90 de terori\u015fti. Pe de alt\u0103 parte, surse din serviciile irakiene de securitate spun c\u0103 celulele jihadiste au fost r\u0103sp\u00e2ndite deja \u00een mai multe \u0163\u0103ri: Germania, Marea Britanie, Italia, Danemarca \u015fi Suedia.<\/p>\n<p>Jihadi\u015ftii s-au rafinat \u015fi \u00een privin\u0163a materialelor folosite. Raportul realizat de serviciile franceze dup\u0103 atacul din noiembrie de la Paris arat\u0103 c\u0103 terori\u015ftii au folosit \u00een realizarea bombelor substan\u0163e u\u015for de g\u0103sit pe pia\u0163\u0103, precum decolorant pentru p\u0103r \u015fi aceton\u0103.<\/p>\n<p>Tocmai de aceea, presa occidental\u0103 pune tot mai ap\u0103sat sub semnul \u00eentreb\u0103rii competen\u0163a serviciilor belgiene de informa\u0163ii. Mai ales c\u0103 autorit\u0103\u0163ile belgiene fuseser\u0103 avertizate asupra pericolului pe care \u00eel reprezint\u0103 unul dintre fra\u0163ii kamikaze El Bakraoui, cel care s-a detonat \u00een aeroportul din Bruxelles.<\/p>\n<p>digi24.ro<\/p>\n<p><strong>RADOVAN  KARADZICI, CONDAMNAT  LA  40  DE  ANI  DE  \u00ceNCHISOARE<\/strong><\/p>\n<p><strong>Fostul lider al s\u00e2rbilor bosniaci, Radovan Karadzici, a fost g\u0103sit vinovat pentru genocid \u00een masacrul musulmani de la \u015erebreni\u0163a, pentru comiterea de crime umanitare \u00eendreptate \u00eempotriva etnicilor croa\u0163i \u015fi a musulmanilor din ora\u015fele bosniace \u015fi pentru asedierea capitalei Sarajevo. Magistra\u0163ii de la Tribunalul Penal Interna\u021bional pentru fosta Iugoslavie l-au condamnat la 40 de ani de \u00eenchisoare. Aproximativ 100.000 de oameni \u015fi-au pierdut via\u0163a \u00een timpul conflictului civil din Bosnia \u015fi Her\u0163egovina.<\/strong><\/p>\n<p>Judec\u0103torii l-au g\u0103sit vinovat privind acuza\u021bia de genocid \u00een leg\u0103tur\u0103 cu masacrul din 1995 de la Srebrenica. Anterior, TPI l-a declarat Radovan Karadzic vinovat de crime \u00eempotriva umanit\u0103\u021bii comise \u00een mai multe municipalit\u0103\u021bi din Bosnia, printre care omoruri \u0219i persecu\u021bii.<\/p>\n<p>Avocatul lui Karadzici a anun\u021bat c\u0103 acesta va face apel la sentin\u021b\u0103. Radovan Karadzic \u201eeste dezam\u0103git \u0219i uluit\u201d, le-a declarat avocatul jurnali\u0219tilor.<\/p>\n<p>\u201e<em>El consider\u0103 c\u0103 a fost condamnat pe baza unor deduc\u021bii \u0219i va face apel<\/em>\u201d, a ad\u0103ugat Peter Robinson.<\/p>\n<p>De cealalt\u0103 parte, procurorul TPI a afirmat, dup\u0103 anun\u021barea verdictului, c\u0103 \u201es-a f\u0103cut dreptate\u201d.\u201d<em>Mii de persoane au venit aici pentru a-\u0219i povesti experien\u021bele \u0219i pentru a-i \u00eenfrunta cu curaj pe cei care le-au persecutat<\/em>\u201d, a precizat el. \u201e<em>Prin aceast\u0103 condamnare, adev\u0103rul a fost respectat<\/em>\u201d, a ad\u0103ugat procurorul, potrivit Agerpres. <\/p>\n<p>Radovan Karadzici (70 de ani) a fost inculpat pentru 11 capete de acuzare, \u00eentre care genocid, crime \u00eempotriva umanit\u0103\u021bii \u0219i crime de r\u0103zboi, comise \u00een timpul r\u0103zboiului din Bosnia, soldat cu peste 100.000 de mor\u021bi \u0219i 2,2 milioane de persoane str\u0103mutate din calea luptelor \u00eentre 1992-1995.<\/p>\n<p>Radovan Karadzici, psihiatru de profesie, a fost acuzat \u00een special pentru masacrarea a circa 8.000 de b\u0103rba\u021bi \u0219i b\u0103ie\u021bi musulmani la Srebrenica \u00een iulie 1995, cel mai grav genocid comis \u00een Europa dup\u0103 cel de-Al Doilea R\u0103zboi Mondial.<\/p>\n<p>libertatea.ro<\/p>\n<p><strong>HILLARY  CLINTON  \u00ceL  DEVANSEAZ\u0102  PE  DONALD  TRUMP  \u00ceN  SONDAJE<\/strong><\/p>\n<p><strong>Hillary Clinton, favorit\u0103 la \u00eenvestitura democrat\u0103 pentru alegerile preziden\u0163iale din SUA, \u00eel devanseaz\u0103 la ora actual\u0103 \u00een sondaje pe contracandidatul ei republican Donald Trump, relateaz\u0103 joi agen\u0163ia EFE, dup\u0103 publicarea a dou\u0103 sondaje, transmite Agerpres. <\/strong><\/p>\n<p>Conform primului sondaj, publicat de postul CNN, 56% dintre cei intervieva\u0163i s-au exprimat \u00een favoarea lui Hillary Clinton , \u00een timp ce Trump ar ob\u0163ine sprijinul a 42%. De asemenea, 51% dintre persoanele chestionate consider\u0103 c\u0103 fostul secretar de stat \u00een\u0163elege mai bine problemele clasei mijlocii, aceea\u015fi p\u0103rere despre Trump fiind exprimat\u0103 de numai 36%. Solicita\u0163i s\u0103 desemneze cel mai bun viitor &#8216;comandant suprem&#8217;, 55% dintre cei chestiona\u0163i au ales-o pe Hillary Clinton \u015fi numai 36% pe Trump. <\/p>\n<p>Un alt sondaj, publicat de Universitatea Monmout (statul New Jersey), \u00eei d\u0103 lui Clinton un avans de zece procente \u00een fa\u0163a lui Trump, ei fiind cota\u0163i cu 48% \u015fi respectiv 38% din inten\u0163iile de vot. Dar acest sondaj mai relev\u0103 c\u0103 Hillary Clinton l-ar \u00eenvinge nu doar pe Donald Trump, ci \u015fi pe principalul rival al acestuia din urm\u0103 la \u00eenvestitura republican\u0103, senatorul Ted Cruz, de\u015fi \u00een acest caz diferen\u0163a ar fi mai mic\u0103, de 45% fa\u0163\u0103 de 40%. <\/p>\n<p>Totu\u015fi, \u00een mod surprinz\u0103tor, favorita democra\u0163ilor ar pierde alegerile dac\u0103 s-ar confrunta cu John Kasich, care este abia al treilea pe lista pretenden\u0163ilor la \u00eenvestitura republican\u0103, Clinton fiind cotat\u0103 \u00een sondaj cu 39% din inten\u0163iile de vot \u015fi Kasich cu 45%. <\/p>\n<p>Aceste dou\u0103 sondaje au fost publicate dup\u0103 ce at\u00e2t Clinton c\u00e2t \u015fi Trump \u015fi-au m\u0103rit avantajul fa\u0163\u0103 de contracandida\u0163ii lor \u00een alegerile primare din partidele democrat \u015fi republican. <\/p>\n<p>\u00cens\u0103 \u00een timp ce Hillary Clinton se bucur\u0103 de sprijinul deplin al establishment-ului democrat \u00een fa\u0163a adversarului ei la \u00eenvestitur\u0103, senatorul Bernie Sanders, magnatul Donald Trump este criticat sever chiar de mul\u0163i dintre colegii s\u0103i de partid, motivul fiind discursul s\u0103u considerat agresiv, jignitor \u015fi xenofob. <\/p>\n<p>romanialibera.ro<\/p>\n<p><strong>CEL  MAI  AMBI\u021aIOS  PROIECT  \u00ceN  DOMENIUL  TURISMULUI  SPA\u021aIAL<\/strong><\/p>\n<p><strong>Cel mai ambitios proiect in domeniul turismului spatial vine din partea Agentiei Spatiale Europene (ESA), al carei director a anuntat ca vrea sa infiinteze un &#8222;sat permanent&#8221; pe satelitul natural al Pamantului.<\/strong><\/p>\n<p>Satul Lunar, baza permanenta ce ar urma sa fie construita pe Luna, va avea functionalitati diverse, primirea turistilor excentrici si bogati fiind una dintre acestea, anunta CNBC.<\/p>\n<p>Woerner spera ca in proiect sa i se alature si agentiile similare din Statele Unite, Rusia, China, India si Japonia.<\/p>\n<p>Specialistii agentiei sustin ca resursele naturale ale satelitului natural al Terrei &#8211; apa inghetata, metalele si alte minerale &#8211; sunt suficiente pentru a construi si a sustine baza lunara. Structura acesteia ar urma sa fie printata 3D si asamblata cu ajutorul roverelor lunare, care vor umfla si un acoperis protector pentru astronauti.<\/p>\n<p>Baza ar urma sa fie amplasata la Polul Sud sau Polul Nord al Lunii, cele doua zone fiind caracterizate de lumina, respectiv intunericul permanent.<\/p>\n<p>Potentialele pericole la care ar fi expusi astronautii si turistii spatiali include: radiatii solare, meteoriti si conditii extreme.<\/p>\n<p>Saptamana trecuta, ESA si Agentia Spatiala a Rusiei au o misiune comuna pentru explorarea atmosferei de pe Marte, nava fara pilot la bord urmand sa ajunga pe planeta vecina in luna octombrie.<\/p>\n<p>NASA pregateste propriile misiuni pentru a trimite oameni pe Marte, termenele fiind de 2025 si 2030.<\/p>\n<p>&#8222;<em>Americanii vorbesc acum de calatorii pe Marte si sunt cu totul de acord cu ei. Oamenii vor ajunge intr-o zi acolo, numai ca acea zi este cam departe in viitor<\/em>&#8222;, a apreciat directorul Woerner. <\/p>\n<p>business24.ro<\/p>\n<p><strong>VOLKSWAGEN  RECHEAM\u0102  \u00ceN  SERVICE  APROAPE  UN  MILION  DE  MA\u0218INI<\/strong><\/p>\n<p><strong>Grupul auto Volkswagen a decis chemarea pentru repara\u0163ii a peste 800.000 de vehicule m\u0103rcile Volkswagen Touareg \u015fi Porsche Cayenne, din cauza unei defec\u0163iuni la una dintre pedale, informeaz\u0103 site-ul agen\u0163iei Reuters.<\/strong><\/p>\n<p>Vor fi chemate 391.000 de ma\u015fini Volkswagen Touareg \u015fi 409.477 Porsche Cayenne, fabricate \u00een perioada 2011-2016.<\/p>\n<p>&#8222;<em>Este vorba de o decizie care are scop preventiv, din cauza unei poten\u0163iale defec\u0163iuni la un arc al mecanismului unei pedale<\/em>&#8222;, precizeaz\u0103 grupul auto german.<\/p>\n<p>\u00cen septembrie 2015, Volkswagen a anun\u0163at c\u0103 circa 11 milioane de autovehicule ale grupului, la nivel mondial, sunt afectate de scandalul emisiilor poluante. Scandalul a izbucnit dup\u0103 ce Agen\u0163ia american\u0103 pentru Protec\u0163ia Mediului (EPA) a acuzat VW c\u0103 a instalat sisteme speciale pe unele autoturisme diesel pentru a evita standardele federale din SUA \u00een materie de emisii, expun\u00e2nd cet\u0103\u0163eni americani la gaze poluante.<\/p>\n<p>mediafax.ro<\/p>\n<p><iframe width=\"420\" height=\"315\" data-src=\"https:\/\/www.youtube.com\/embed\/rkfL7kdrUZ8\" frameborder=\"0\" allowfullscreen src=\"data:image\/svg+xml;base64,PHN2ZyB3aWR0aD0iMSIgaGVpZ2h0PSIxIiB4bWxucz0iaHR0cDovL3d3dy53My5vcmcvMjAwMC9zdmciPjwvc3ZnPg==\" class=\"lazyload\" data-load-mode=\"1\"><\/iframe><\/p>\n","protected":false},"excerpt":{"rendered":"<p>GRUPUL STAT ISLAMIC AMENIN\u021a\u0102 \u00ceNTREAGA EUROP\u0102 Europa se afl\u0103 \u00een continuare \u00een stare de alert\u0103, mai ales c\u0103 organiza\u0163ia terorist\u0103 Stat Islamic amenin\u0163\u0103 c\u0103 trimite jihadi\u015fti pentru a comite noi atacuri. Europa trebuie s\u0103 str\u00e2ng\u0103 r\u00e2ndurile \u00een fa\u0163\u0103 terorismului \u015fi nu prin vorbe, ci printr-o re\u0163ea unic\u0103 de securitate. Mai simplu spus, prin colaborarea real\u0103 [&hellip;]<\/p>\n","protected":false},"author":4,"featured_media":9649,"comment_status":"closed","ping_status":"closed","sticky":false,"template":"","format":"standard","meta":{"footnotes":""},"categories":[6354],"tags":[],"class_list":["post-9648","post","type-post","status-publish","format-standard","has-post-thumbnail","hentry","category-externe-ro"],"yoast_head":"<!-- This site is optimized with the Yoast SEO plugin v27.4 - https:\/\/yoast.com\/product\/yoast-seo-wordpress\/ -->\n<title>Europa \u00een stare de alert\u0103! ISIS amenin\u021b\u0103 din nou - BTV<\/title>\n<meta name=\"robots\" content=\"index, follow, max-snippet:-1, max-image-preview:large, max-video-preview:-1\" \/>\n<link rel=\"canonical\" href=\"https:\/\/www.btv.md\/ro\/europa-in-stare-de-alerta-isis-ameninta-din-nou\/\" \/>\n<meta property=\"og:locale\" content=\"ro_RO\" \/>\n<meta property=\"og:type\" content=\"article\" \/>\n<meta property=\"og:title\" content=\"Europa \u00een stare de alert\u0103! ISIS amenin\u021b\u0103 din nou - BTV\" \/>\n<meta property=\"og:description\" content=\"GRUPUL STAT ISLAMIC AMENIN\u021a\u0102 \u00ceNTREAGA EUROP\u0102 Europa se afl\u0103 \u00een continuare \u00een stare de alert\u0103, mai ales c\u0103 organiza\u0163ia terorist\u0103 Stat Islamic amenin\u0163\u0103 c\u0103 trimite jihadi\u015fti pentru a comite noi atacuri. Europa trebuie s\u0103 str\u00e2ng\u0103 r\u00e2ndurile \u00een fa\u0163\u0103 terorismului \u015fi nu prin vorbe, ci printr-o re\u0163ea unic\u0103 de securitate. Mai simplu spus, prin colaborarea real\u0103 [&hellip;]\" \/>\n<meta property=\"og:url\" content=\"https:\/\/www.btv.md\/ro\/europa-in-stare-de-alerta-isis-ameninta-din-nou\/\" \/>\n<meta property=\"og:site_name\" content=\"BTV\" \/>\n<meta property=\"article:publisher\" content=\"https:\/\/www.facebook.com\/btvmoldova\/\" \/>\n<meta property=\"article:published_time\" content=\"2016-03-25T13:36:30+00:00\" \/>\n<meta property=\"og:image\" content=\"https:\/\/www.btv.md\/wp-content\/uploads\/2016\/03\/isis_2-465x390.jpg\" \/>\n\t<meta property=\"og:image:width\" content=\"570\" \/>\n\t<meta property=\"og:image:height\" content=\"329\" \/>\n\t<meta property=\"og:image:type\" content=\"image\/jpeg\" \/>\n<meta name=\"author\" content=\"admin\" \/>\n<meta name=\"twitter:label1\" content=\"Scris de\" \/>\n\t<meta name=\"twitter:data1\" content=\"admin\" \/>\n\t<meta name=\"twitter:label2\" content=\"Timp estimat pentru citire\" \/>\n\t<meta name=\"twitter:data2\" content=\"7 minute\" \/>\n<script type=\"application\/ld+json\" class=\"yoast-schema-graph\">{\"@context\":\"https:\\\/\\\/schema.org\",\"@graph\":[{\"@type\":\"Article\",\"@id\":\"https:\\\/\\\/www.btv.md\\\/ro\\\/europa-in-stare-de-alerta-isis-ameninta-din-nou\\\/#article\",\"isPartOf\":{\"@id\":\"https:\\\/\\\/www.btv.md\\\/ro\\\/europa-in-stare-de-alerta-isis-ameninta-din-nou\\\/\"},\"author\":{\"name\":\"admin\",\"@id\":\"https:\\\/\\\/www.btv.md\\\/#\\\/schema\\\/person\\\/8fadce81561b3ce2c34c46dadc4ccbf2\"},\"headline\":\"Europa \u00een stare de alert\u0103! ISIS amenin\u021b\u0103 din nou\",\"datePublished\":\"2016-03-25T13:36:30+00:00\",\"mainEntityOfPage\":{\"@id\":\"https:\\\/\\\/www.btv.md\\\/ro\\\/europa-in-stare-de-alerta-isis-ameninta-din-nou\\\/\"},\"wordCount\":1441,\"image\":{\"@id\":\"https:\\\/\\\/www.btv.md\\\/ro\\\/europa-in-stare-de-alerta-isis-ameninta-din-nou\\\/#primaryimage\"},\"thumbnailUrl\":\"https:\\\/\\\/www.btv.md\\\/wp-content\\\/uploads\\\/2016\\\/03\\\/isis_2-465x390.jpg\",\"articleSection\":[\"Externe\"],\"inLanguage\":\"ro-RO\"},{\"@type\":\"WebPage\",\"@id\":\"https:\\\/\\\/www.btv.md\\\/ro\\\/europa-in-stare-de-alerta-isis-ameninta-din-nou\\\/\",\"url\":\"https:\\\/\\\/www.btv.md\\\/ro\\\/europa-in-stare-de-alerta-isis-ameninta-din-nou\\\/\",\"name\":\"Europa \u00een stare de alert\u0103! ISIS amenin\u021b\u0103 din nou - BTV\",\"isPartOf\":{\"@id\":\"https:\\\/\\\/www.btv.md\\\/#website\"},\"primaryImageOfPage\":{\"@id\":\"https:\\\/\\\/www.btv.md\\\/ro\\\/europa-in-stare-de-alerta-isis-ameninta-din-nou\\\/#primaryimage\"},\"image\":{\"@id\":\"https:\\\/\\\/www.btv.md\\\/ro\\\/europa-in-stare-de-alerta-isis-ameninta-din-nou\\\/#primaryimage\"},\"thumbnailUrl\":\"https:\\\/\\\/www.btv.md\\\/wp-content\\\/uploads\\\/2016\\\/03\\\/isis_2-465x390.jpg\",\"datePublished\":\"2016-03-25T13:36:30+00:00\",\"author\":{\"@id\":\"https:\\\/\\\/www.btv.md\\\/#\\\/schema\\\/person\\\/8fadce81561b3ce2c34c46dadc4ccbf2\"},\"inLanguage\":\"ro-RO\",\"potentialAction\":[{\"@type\":\"ReadAction\",\"target\":[\"https:\\\/\\\/www.btv.md\\\/ro\\\/europa-in-stare-de-alerta-isis-ameninta-din-nou\\\/\"]}]},{\"@type\":\"ImageObject\",\"inLanguage\":\"ro-RO\",\"@id\":\"https:\\\/\\\/www.btv.md\\\/ro\\\/europa-in-stare-de-alerta-isis-ameninta-din-nou\\\/#primaryimage\",\"url\":\"https:\\\/\\\/www.btv.md\\\/wp-content\\\/uploads\\\/2016\\\/03\\\/isis_2-465x390.jpg\",\"contentUrl\":\"https:\\\/\\\/www.btv.md\\\/wp-content\\\/uploads\\\/2016\\\/03\\\/isis_2-465x390.jpg\",\"width\":570,\"height\":329,\"caption\":\"www.evz.ro\"},{\"@type\":\"WebSite\",\"@id\":\"https:\\\/\\\/www.btv.md\\\/#website\",\"url\":\"https:\\\/\\\/www.btv.md\\\/\",\"name\":\"BTV\",\"description\":\"\u0411\u0435\u043b\u044c\u0446\u043a\u043e\u0435 \u0442\u0435\u043b\u0435\u0432\u0438\u0434\u0435\u043d\u0438\u0435\",\"potentialAction\":[{\"@type\":\"SearchAction\",\"target\":{\"@type\":\"EntryPoint\",\"urlTemplate\":\"https:\\\/\\\/www.btv.md\\\/?s={search_term_string}\"},\"query-input\":{\"@type\":\"PropertyValueSpecification\",\"valueRequired\":true,\"valueName\":\"search_term_string\"}}],\"inLanguage\":\"ro-RO\"},{\"@type\":\"Person\",\"@id\":\"https:\\\/\\\/www.btv.md\\\/#\\\/schema\\\/person\\\/8fadce81561b3ce2c34c46dadc4ccbf2\",\"name\":\"admin\"}]}<\/script>\n<!-- \/ Yoast SEO plugin. -->","yoast_head_json":{"title":"Europa \u00een stare de alert\u0103! ISIS amenin\u021b\u0103 din nou - BTV","robots":{"index":"index","follow":"follow","max-snippet":"max-snippet:-1","max-image-preview":"max-image-preview:large","max-video-preview":"max-video-preview:-1"},"canonical":"https:\/\/www.btv.md\/ro\/europa-in-stare-de-alerta-isis-ameninta-din-nou\/","og_locale":"ro_RO","og_type":"article","og_title":"Europa \u00een stare de alert\u0103! ISIS amenin\u021b\u0103 din nou - BTV","og_description":"GRUPUL STAT ISLAMIC AMENIN\u021a\u0102 \u00ceNTREAGA EUROP\u0102 Europa se afl\u0103 \u00een continuare \u00een stare de alert\u0103, mai ales c\u0103 organiza\u0163ia terorist\u0103 Stat Islamic amenin\u0163\u0103 c\u0103 trimite jihadi\u015fti pentru a comite noi atacuri. Europa trebuie s\u0103 str\u00e2ng\u0103 r\u00e2ndurile \u00een fa\u0163\u0103 terorismului \u015fi nu prin vorbe, ci printr-o re\u0163ea unic\u0103 de securitate. Mai simplu spus, prin colaborarea real\u0103 [&hellip;]","og_url":"https:\/\/www.btv.md\/ro\/europa-in-stare-de-alerta-isis-ameninta-din-nou\/","og_site_name":"BTV","article_publisher":"https:\/\/www.facebook.com\/btvmoldova\/","article_published_time":"2016-03-25T13:36:30+00:00","og_image":[{"width":570,"height":329,"url":"https:\/\/www.btv.md\/wp-content\/uploads\/2016\/03\/isis_2-465x390.jpg","type":"image\/jpeg"}],"author":"admin","twitter_misc":{"Scris de":"admin","Timp estimat pentru citire":"7 minute"},"schema":{"@context":"https:\/\/schema.org","@graph":[{"@type":"Article","@id":"https:\/\/www.btv.md\/ro\/europa-in-stare-de-alerta-isis-ameninta-din-nou\/#article","isPartOf":{"@id":"https:\/\/www.btv.md\/ro\/europa-in-stare-de-alerta-isis-ameninta-din-nou\/"},"author":{"name":"admin","@id":"https:\/\/www.btv.md\/#\/schema\/person\/8fadce81561b3ce2c34c46dadc4ccbf2"},"headline":"Europa \u00een stare de alert\u0103! ISIS amenin\u021b\u0103 din nou","datePublished":"2016-03-25T13:36:30+00:00","mainEntityOfPage":{"@id":"https:\/\/www.btv.md\/ro\/europa-in-stare-de-alerta-isis-ameninta-din-nou\/"},"wordCount":1441,"image":{"@id":"https:\/\/www.btv.md\/ro\/europa-in-stare-de-alerta-isis-ameninta-din-nou\/#primaryimage"},"thumbnailUrl":"https:\/\/www.btv.md\/wp-content\/uploads\/2016\/03\/isis_2-465x390.jpg","articleSection":["Externe"],"inLanguage":"ro-RO"},{"@type":"WebPage","@id":"https:\/\/www.btv.md\/ro\/europa-in-stare-de-alerta-isis-ameninta-din-nou\/","url":"https:\/\/www.btv.md\/ro\/europa-in-stare-de-alerta-isis-ameninta-din-nou\/","name":"Europa \u00een stare de alert\u0103! ISIS amenin\u021b\u0103 din nou - BTV","isPartOf":{"@id":"https:\/\/www.btv.md\/#website"},"primaryImageOfPage":{"@id":"https:\/\/www.btv.md\/ro\/europa-in-stare-de-alerta-isis-ameninta-din-nou\/#primaryimage"},"image":{"@id":"https:\/\/www.btv.md\/ro\/europa-in-stare-de-alerta-isis-ameninta-din-nou\/#primaryimage"},"thumbnailUrl":"https:\/\/www.btv.md\/wp-content\/uploads\/2016\/03\/isis_2-465x390.jpg","datePublished":"2016-03-25T13:36:30+00:00","author":{"@id":"https:\/\/www.btv.md\/#\/schema\/person\/8fadce81561b3ce2c34c46dadc4ccbf2"},"inLanguage":"ro-RO","potentialAction":[{"@type":"ReadAction","target":["https:\/\/www.btv.md\/ro\/europa-in-stare-de-alerta-isis-ameninta-din-nou\/"]}]},{"@type":"ImageObject","inLanguage":"ro-RO","@id":"https:\/\/www.btv.md\/ro\/europa-in-stare-de-alerta-isis-ameninta-din-nou\/#primaryimage","url":"https:\/\/www.btv.md\/wp-content\/uploads\/2016\/03\/isis_2-465x390.jpg","contentUrl":"https:\/\/www.btv.md\/wp-content\/uploads\/2016\/03\/isis_2-465x390.jpg","width":570,"height":329,"caption":"www.evz.ro"},{"@type":"WebSite","@id":"https:\/\/www.btv.md\/#website","url":"https:\/\/www.btv.md\/","name":"BTV","description":"\u0411\u0435\u043b\u044c\u0446\u043a\u043e\u0435 \u0442\u0435\u043b\u0435\u0432\u0438\u0434\u0435\u043d\u0438\u0435","potentialAction":[{"@type":"SearchAction","target":{"@type":"EntryPoint","urlTemplate":"https:\/\/www.btv.md\/?s={search_term_string}"},"query-input":{"@type":"PropertyValueSpecification","valueRequired":true,"valueName":"search_term_string"}}],"inLanguage":"ro-RO"},{"@type":"Person","@id":"https:\/\/www.btv.md\/#\/schema\/person\/8fadce81561b3ce2c34c46dadc4ccbf2","name":"admin"}]}},"_links":{"self":[{"href":"https:\/\/www.btv.md\/ro\/wp-json\/wp\/v2\/posts\/9648","targetHints":{"allow":["GET"]}}],"collection":[{"href":"https:\/\/www.btv.md\/ro\/wp-json\/wp\/v2\/posts"}],"about":[{"href":"https:\/\/www.btv.md\/ro\/wp-json\/wp\/v2\/types\/post"}],"author":[{"embeddable":true,"href":"https:\/\/www.btv.md\/ro\/wp-json\/wp\/v2\/users\/4"}],"replies":[{"embeddable":true,"href":"https:\/\/www.btv.md\/ro\/wp-json\/wp\/v2\/comments?post=9648"}],"version-history":[{"count":0,"href":"https:\/\/www.btv.md\/ro\/wp-json\/wp\/v2\/posts\/9648\/revisions"}],"wp:featuredmedia":[{"embeddable":true,"href":"https:\/\/www.btv.md\/ro\/wp-json\/wp\/v2\/media\/9649"}],"wp:attachment":[{"href":"https:\/\/www.btv.md\/ro\/wp-json\/wp\/v2\/media?parent=9648"}],"wp:term":[{"taxonomy":"category","embeddable":true,"href":"https:\/\/www.btv.md\/ro\/wp-json\/wp\/v2\/categories?post=9648"},{"taxonomy":"post_tag","embeddable":true,"href":"https:\/\/www.btv.md\/ro\/wp-json\/wp\/v2\/tags?post=9648"}],"curies":[{"name":"wp","href":"https:\/\/api.w.org\/{rel}","templated":true}]}}