{"id":9695,"date":"2016-03-28T10:58:16","date_gmt":"2016-03-28T07:58:16","guid":{"rendered":"http:\/\/btv.md\/?p=9695"},"modified":"2016-03-28T10:58:16","modified_gmt":"2016-03-28T07:58:16","slug":"ministerul-economiei-va-reduce-numarul-autorizatiilor-si-licentelor","status":"publish","type":"post","link":"https:\/\/www.btv.md\/ro\/ministerul-economiei-va-reduce-numarul-autorizatiilor-si-licentelor\/","title":{"rendered":"MINISTERUL  ECONOMIEI   VA  REDUCE  NUM\u0102RUL  AUTORIZA\u021aIILOR   \u0218I  LICEN\u021aELOR"},"content":{"rendered":"<p><strong>Ministerul Economiei al Republicii Moldova prevede s\u0103 reduc\u0103 \u00een viitorul apropiat cu 25 la sut\u0103 num\u0103rul total de autoriza\u0163ii \u015fi licen\u0163e.<\/strong><\/p>\n<p>Acest fapt a fost men\u021bionat de c\u0103tre vicepremierul, ministrul Economiei, Octavian Calm\u00eec, \u00een cadrul unei \u00eentrevederi informale cu reprezentan\u0163i ai peste 20 de companii str\u0103ine ce activeaz\u0103 \u00een Moldova, precum \u015fi membrii Asocia\u0163iei Businessului European (EBA), relateaz\u0103 <a href=\"http:\/\/www.noi.md\/md\/news_id\/81422\" target=\"_blank\">NOI.md<\/a>.<\/p>\n<p>Discu\u0163iile s-au axat pe programul reformelor Guvernului pentru \u00eembun\u0103t\u0103\u0163irea climatului investi\u0163ional \u015fi sus\u0163inerea businessului. \u00cen acest context, Octavian Calm\u00eec a spus c\u0103 \u00een cur\u00eend Ministerul Economiei va \u00eentreprinde m\u0103suri \u00een c\u00eeteva direc\u0163ii \u2013 \u00eembun\u0103t\u0103\u0163irea climatului de afaceri, atragerea investi\u0163iilor str\u0103ine directe \u015fi u\u015furarea accesului pe pie\u0163e noi.<\/p>\n<p>Abord\u00eend subiectul privind \u00eembun\u0103t\u0103\u0163irea mediului de afaceri, ministrul Economiei a men\u0163ionat drept prioritare mic\u015forarea presingului structurilor de control asupra antreprenorilor prin intermediul introducerii unui moratoriu asupra controalelor de stat, scutirea noilor \u00eentreprinderi de control timp de 3 ani, \u00eenl\u0103turarea barierelor administrative \u015fi introducerea mecanismului \u201eghi\u015feului unic\u201d \u00een comer\u0163ul intern, precum \u015fi eliberarea autoriza\u0163iilor de construc\u0163ii.<\/p>\n<p>\u00cen afar\u0103 de aceasta, Octavian Calm\u00eec a spus c\u0103 au fost supuse analizei peste 400 de  acte permisive \u015fi s-a constatat necorespunderea multor dintre ele principiilor de baz\u0103 privind reglementarea activit\u0103\u0163ii de \u00eentreprinz\u0103tor.<\/p>\n<p>De acea Ministerul Economiei a solicitat diminuarea num\u0103rului total de autoriza\u0163ii \u015fi licen\u0163e cu cel pu\u0163in 25 la sut\u0103 din num\u0103rul lor actual. \u00cen acest context a fost creat un grup un lucru care va analiza \u015fi va solicita anularea ordinelor \u015fi dispozi\u0163iilor interne, neargumentate juridic. Drept urmare, \u00een viitorul apropiat vor fi anulate circa 100 de acte permisive.<\/p>\n","protected":false},"excerpt":{"rendered":"<p>Ministerul Economiei al Republicii Moldova prevede s\u0103 reduc\u0103 \u00een viitorul apropiat cu 25 la sut\u0103 num\u0103rul total de autoriza\u0163ii \u015fi licen\u0163e. Acest fapt a fost men\u021bionat de c\u0103tre vicepremierul, ministrul Economiei, Octavian Calm\u00eec, \u00een cadrul unei \u00eentrevederi informale cu reprezentan\u0163i ai peste 20 de companii str\u0103ine ce activeaz\u0103 \u00een Moldova, precum \u015fi membrii Asocia\u0163iei Businessului [&hellip;]<\/p>\n","protected":false},"author":4,"featured_media":9696,"comment_status":"closed","ping_status":"closed","sticky":false,"template":"","format":"standard","meta":{"footnotes":""},"categories":[6369],"tags":[],"class_list":["post-9695","post","type-post","status-publish","format-standard","has-post-thumbnail","hentry","category-economie-ro"],"yoast_head":"<!-- This site is optimized with the Yoast SEO plugin v27.4 - https:\/\/yoast.com\/product\/yoast-seo-wordpress\/ -->\n<title>MINISTERUL ECONOMIEI  VA REDUCE NUM\u0102RUL AUTORIZA\u021aIILOR  \u0218I LICEN\u021aELOR  - BTV<\/title>\n<meta name=\"robots\" content=\"index, follow, max-snippet:-1, max-image-preview:large, max-video-preview:-1\" \/>\n<link rel=\"canonical\" href=\"https:\/\/www.btv.md\/ro\/ministerul-economiei-va-reduce-numarul-autorizatiilor-si-licentelor\/\" \/>\n<meta property=\"og:locale\" content=\"ro_RO\" \/>\n<meta property=\"og:type\" content=\"article\" \/>\n<meta property=\"og:title\" content=\"MINISTERUL ECONOMIEI  VA REDUCE NUM\u0102RUL AUTORIZA\u021aIILOR  \u0218I LICEN\u021aELOR  - BTV\" \/>\n<meta property=\"og:description\" content=\"Ministerul Economiei al Republicii Moldova prevede s\u0103 reduc\u0103 \u00een viitorul apropiat cu 25 la sut\u0103 num\u0103rul total de autoriza\u0163ii \u015fi licen\u0163e. Acest fapt a fost men\u021bionat de c\u0103tre vicepremierul, ministrul Economiei, Octavian Calm\u00eec, \u00een cadrul unei \u00eentrevederi informale cu reprezentan\u0163i ai peste 20 de companii str\u0103ine ce activeaz\u0103 \u00een Moldova, precum \u015fi membrii Asocia\u0163iei Businessului [&hellip;]\" \/>\n<meta property=\"og:url\" content=\"https:\/\/www.btv.md\/ro\/ministerul-economiei-va-reduce-numarul-autorizatiilor-si-licentelor\/\" \/>\n<meta property=\"og:site_name\" content=\"BTV\" \/>\n<meta property=\"article:publisher\" content=\"https:\/\/www.facebook.com\/btvmoldova\/\" \/>\n<meta property=\"article:published_time\" content=\"2016-03-28T07:58:16+00:00\" \/>\n<meta property=\"og:image\" content=\"https:\/\/www.btv.md\/wp-content\/uploads\/2016\/03\/f9ccefad37413bc685bf8bff1f6649a7.jpg\" \/>\n\t<meta property=\"og:image:width\" content=\"630\" \/>\n\t<meta property=\"og:image:height\" content=\"420\" \/>\n\t<meta property=\"og:image:type\" content=\"image\/jpeg\" \/>\n<meta name=\"author\" content=\"admin\" \/>\n<meta name=\"twitter:label1\" content=\"Scris de\" \/>\n\t<meta name=\"twitter:data1\" content=\"admin\" \/>\n\t<meta name=\"twitter:label2\" content=\"Timp estimat pentru citire\" \/>\n\t<meta name=\"twitter:data2\" content=\"1 minut\" \/>\n<script type=\"application\/ld+json\" class=\"yoast-schema-graph\">{\"@context\":\"https:\\\/\\\/schema.org\",\"@graph\":[{\"@type\":\"Article\",\"@id\":\"https:\\\/\\\/www.btv.md\\\/ro\\\/ministerul-economiei-va-reduce-numarul-autorizatiilor-si-licentelor\\\/#article\",\"isPartOf\":{\"@id\":\"https:\\\/\\\/www.btv.md\\\/ro\\\/ministerul-economiei-va-reduce-numarul-autorizatiilor-si-licentelor\\\/\"},\"author\":{\"name\":\"admin\",\"@id\":\"https:\\\/\\\/www.btv.md\\\/#\\\/schema\\\/person\\\/8fadce81561b3ce2c34c46dadc4ccbf2\"},\"headline\":\"MINISTERUL ECONOMIEI VA REDUCE NUM\u0102RUL AUTORIZA\u021aIILOR \u0218I LICEN\u021aELOR\",\"datePublished\":\"2016-03-28T07:58:16+00:00\",\"mainEntityOfPage\":{\"@id\":\"https:\\\/\\\/www.btv.md\\\/ro\\\/ministerul-economiei-va-reduce-numarul-autorizatiilor-si-licentelor\\\/\"},\"wordCount\":302,\"image\":{\"@id\":\"https:\\\/\\\/www.btv.md\\\/ro\\\/ministerul-economiei-va-reduce-numarul-autorizatiilor-si-licentelor\\\/#primaryimage\"},\"thumbnailUrl\":\"https:\\\/\\\/www.btv.md\\\/wp-content\\\/uploads\\\/2016\\\/03\\\/f9ccefad37413bc685bf8bff1f6649a7.jpg\",\"articleSection\":[\"Economie\"],\"inLanguage\":\"ro-RO\"},{\"@type\":\"WebPage\",\"@id\":\"https:\\\/\\\/www.btv.md\\\/ro\\\/ministerul-economiei-va-reduce-numarul-autorizatiilor-si-licentelor\\\/\",\"url\":\"https:\\\/\\\/www.btv.md\\\/ro\\\/ministerul-economiei-va-reduce-numarul-autorizatiilor-si-licentelor\\\/\",\"name\":\"MINISTERUL ECONOMIEI VA REDUCE NUM\u0102RUL AUTORIZA\u021aIILOR \u0218I LICEN\u021aELOR - BTV\",\"isPartOf\":{\"@id\":\"https:\\\/\\\/www.btv.md\\\/#website\"},\"primaryImageOfPage\":{\"@id\":\"https:\\\/\\\/www.btv.md\\\/ro\\\/ministerul-economiei-va-reduce-numarul-autorizatiilor-si-licentelor\\\/#primaryimage\"},\"image\":{\"@id\":\"https:\\\/\\\/www.btv.md\\\/ro\\\/ministerul-economiei-va-reduce-numarul-autorizatiilor-si-licentelor\\\/#primaryimage\"},\"thumbnailUrl\":\"https:\\\/\\\/www.btv.md\\\/wp-content\\\/uploads\\\/2016\\\/03\\\/f9ccefad37413bc685bf8bff1f6649a7.jpg\",\"datePublished\":\"2016-03-28T07:58:16+00:00\",\"author\":{\"@id\":\"https:\\\/\\\/www.btv.md\\\/#\\\/schema\\\/person\\\/8fadce81561b3ce2c34c46dadc4ccbf2\"},\"inLanguage\":\"ro-RO\",\"potentialAction\":[{\"@type\":\"ReadAction\",\"target\":[\"https:\\\/\\\/www.btv.md\\\/ro\\\/ministerul-economiei-va-reduce-numarul-autorizatiilor-si-licentelor\\\/\"]}]},{\"@type\":\"ImageObject\",\"inLanguage\":\"ro-RO\",\"@id\":\"https:\\\/\\\/www.btv.md\\\/ro\\\/ministerul-economiei-va-reduce-numarul-autorizatiilor-si-licentelor\\\/#primaryimage\",\"url\":\"https:\\\/\\\/www.btv.md\\\/wp-content\\\/uploads\\\/2016\\\/03\\\/f9ccefad37413bc685bf8bff1f6649a7.jpg\",\"contentUrl\":\"https:\\\/\\\/www.btv.md\\\/wp-content\\\/uploads\\\/2016\\\/03\\\/f9ccefad37413bc685bf8bff1f6649a7.jpg\",\"width\":630,\"height\":420,\"caption\":\"bani.md\"},{\"@type\":\"WebSite\",\"@id\":\"https:\\\/\\\/www.btv.md\\\/#website\",\"url\":\"https:\\\/\\\/www.btv.md\\\/\",\"name\":\"BTV\",\"description\":\"\u0411\u0435\u043b\u044c\u0446\u043a\u043e\u0435 \u0442\u0435\u043b\u0435\u0432\u0438\u0434\u0435\u043d\u0438\u0435\",\"potentialAction\":[{\"@type\":\"SearchAction\",\"target\":{\"@type\":\"EntryPoint\",\"urlTemplate\":\"https:\\\/\\\/www.btv.md\\\/?s={search_term_string}\"},\"query-input\":{\"@type\":\"PropertyValueSpecification\",\"valueRequired\":true,\"valueName\":\"search_term_string\"}}],\"inLanguage\":\"ro-RO\"},{\"@type\":\"Person\",\"@id\":\"https:\\\/\\\/www.btv.md\\\/#\\\/schema\\\/person\\\/8fadce81561b3ce2c34c46dadc4ccbf2\",\"name\":\"admin\"}]}<\/script>\n<!-- \/ Yoast SEO plugin. -->","yoast_head_json":{"title":"MINISTERUL ECONOMIEI  VA REDUCE NUM\u0102RUL AUTORIZA\u021aIILOR  \u0218I LICEN\u021aELOR  - BTV","robots":{"index":"index","follow":"follow","max-snippet":"max-snippet:-1","max-image-preview":"max-image-preview:large","max-video-preview":"max-video-preview:-1"},"canonical":"https:\/\/www.btv.md\/ro\/ministerul-economiei-va-reduce-numarul-autorizatiilor-si-licentelor\/","og_locale":"ro_RO","og_type":"article","og_title":"MINISTERUL ECONOMIEI  VA REDUCE NUM\u0102RUL AUTORIZA\u021aIILOR  \u0218I LICEN\u021aELOR  - BTV","og_description":"Ministerul Economiei al Republicii Moldova prevede s\u0103 reduc\u0103 \u00een viitorul apropiat cu 25 la sut\u0103 num\u0103rul total de autoriza\u0163ii \u015fi licen\u0163e. Acest fapt a fost men\u021bionat de c\u0103tre vicepremierul, ministrul Economiei, Octavian Calm\u00eec, \u00een cadrul unei \u00eentrevederi informale cu reprezentan\u0163i ai peste 20 de companii str\u0103ine ce activeaz\u0103 \u00een Moldova, precum \u015fi membrii Asocia\u0163iei Businessului [&hellip;]","og_url":"https:\/\/www.btv.md\/ro\/ministerul-economiei-va-reduce-numarul-autorizatiilor-si-licentelor\/","og_site_name":"BTV","article_publisher":"https:\/\/www.facebook.com\/btvmoldova\/","article_published_time":"2016-03-28T07:58:16+00:00","og_image":[{"width":630,"height":420,"url":"https:\/\/www.btv.md\/wp-content\/uploads\/2016\/03\/f9ccefad37413bc685bf8bff1f6649a7.jpg","type":"image\/jpeg"}],"author":"admin","twitter_misc":{"Scris de":"admin","Timp estimat pentru citire":"1 minut"},"schema":{"@context":"https:\/\/schema.org","@graph":[{"@type":"Article","@id":"https:\/\/www.btv.md\/ro\/ministerul-economiei-va-reduce-numarul-autorizatiilor-si-licentelor\/#article","isPartOf":{"@id":"https:\/\/www.btv.md\/ro\/ministerul-economiei-va-reduce-numarul-autorizatiilor-si-licentelor\/"},"author":{"name":"admin","@id":"https:\/\/www.btv.md\/#\/schema\/person\/8fadce81561b3ce2c34c46dadc4ccbf2"},"headline":"MINISTERUL ECONOMIEI VA REDUCE NUM\u0102RUL AUTORIZA\u021aIILOR \u0218I LICEN\u021aELOR","datePublished":"2016-03-28T07:58:16+00:00","mainEntityOfPage":{"@id":"https:\/\/www.btv.md\/ro\/ministerul-economiei-va-reduce-numarul-autorizatiilor-si-licentelor\/"},"wordCount":302,"image":{"@id":"https:\/\/www.btv.md\/ro\/ministerul-economiei-va-reduce-numarul-autorizatiilor-si-licentelor\/#primaryimage"},"thumbnailUrl":"https:\/\/www.btv.md\/wp-content\/uploads\/2016\/03\/f9ccefad37413bc685bf8bff1f6649a7.jpg","articleSection":["Economie"],"inLanguage":"ro-RO"},{"@type":"WebPage","@id":"https:\/\/www.btv.md\/ro\/ministerul-economiei-va-reduce-numarul-autorizatiilor-si-licentelor\/","url":"https:\/\/www.btv.md\/ro\/ministerul-economiei-va-reduce-numarul-autorizatiilor-si-licentelor\/","name":"MINISTERUL ECONOMIEI VA REDUCE NUM\u0102RUL AUTORIZA\u021aIILOR \u0218I LICEN\u021aELOR - BTV","isPartOf":{"@id":"https:\/\/www.btv.md\/#website"},"primaryImageOfPage":{"@id":"https:\/\/www.btv.md\/ro\/ministerul-economiei-va-reduce-numarul-autorizatiilor-si-licentelor\/#primaryimage"},"image":{"@id":"https:\/\/www.btv.md\/ro\/ministerul-economiei-va-reduce-numarul-autorizatiilor-si-licentelor\/#primaryimage"},"thumbnailUrl":"https:\/\/www.btv.md\/wp-content\/uploads\/2016\/03\/f9ccefad37413bc685bf8bff1f6649a7.jpg","datePublished":"2016-03-28T07:58:16+00:00","author":{"@id":"https:\/\/www.btv.md\/#\/schema\/person\/8fadce81561b3ce2c34c46dadc4ccbf2"},"inLanguage":"ro-RO","potentialAction":[{"@type":"ReadAction","target":["https:\/\/www.btv.md\/ro\/ministerul-economiei-va-reduce-numarul-autorizatiilor-si-licentelor\/"]}]},{"@type":"ImageObject","inLanguage":"ro-RO","@id":"https:\/\/www.btv.md\/ro\/ministerul-economiei-va-reduce-numarul-autorizatiilor-si-licentelor\/#primaryimage","url":"https:\/\/www.btv.md\/wp-content\/uploads\/2016\/03\/f9ccefad37413bc685bf8bff1f6649a7.jpg","contentUrl":"https:\/\/www.btv.md\/wp-content\/uploads\/2016\/03\/f9ccefad37413bc685bf8bff1f6649a7.jpg","width":630,"height":420,"caption":"bani.md"},{"@type":"WebSite","@id":"https:\/\/www.btv.md\/#website","url":"https:\/\/www.btv.md\/","name":"BTV","description":"\u0411\u0435\u043b\u044c\u0446\u043a\u043e\u0435 \u0442\u0435\u043b\u0435\u0432\u0438\u0434\u0435\u043d\u0438\u0435","potentialAction":[{"@type":"SearchAction","target":{"@type":"EntryPoint","urlTemplate":"https:\/\/www.btv.md\/?s={search_term_string}"},"query-input":{"@type":"PropertyValueSpecification","valueRequired":true,"valueName":"search_term_string"}}],"inLanguage":"ro-RO"},{"@type":"Person","@id":"https:\/\/www.btv.md\/#\/schema\/person\/8fadce81561b3ce2c34c46dadc4ccbf2","name":"admin"}]}},"_links":{"self":[{"href":"https:\/\/www.btv.md\/ro\/wp-json\/wp\/v2\/posts\/9695","targetHints":{"allow":["GET"]}}],"collection":[{"href":"https:\/\/www.btv.md\/ro\/wp-json\/wp\/v2\/posts"}],"about":[{"href":"https:\/\/www.btv.md\/ro\/wp-json\/wp\/v2\/types\/post"}],"author":[{"embeddable":true,"href":"https:\/\/www.btv.md\/ro\/wp-json\/wp\/v2\/users\/4"}],"replies":[{"embeddable":true,"href":"https:\/\/www.btv.md\/ro\/wp-json\/wp\/v2\/comments?post=9695"}],"version-history":[{"count":0,"href":"https:\/\/www.btv.md\/ro\/wp-json\/wp\/v2\/posts\/9695\/revisions"}],"wp:featuredmedia":[{"embeddable":true,"href":"https:\/\/www.btv.md\/ro\/wp-json\/wp\/v2\/media\/9696"}],"wp:attachment":[{"href":"https:\/\/www.btv.md\/ro\/wp-json\/wp\/v2\/media?parent=9695"}],"wp:term":[{"taxonomy":"category","embeddable":true,"href":"https:\/\/www.btv.md\/ro\/wp-json\/wp\/v2\/categories?post=9695"},{"taxonomy":"post_tag","embeddable":true,"href":"https:\/\/www.btv.md\/ro\/wp-json\/wp\/v2\/tags?post=9695"}],"curies":[{"name":"wp","href":"https:\/\/api.w.org\/{rel}","templated":true}]}}