{"id":9698,"date":"2016-03-28T11:06:53","date_gmt":"2016-03-28T08:06:53","guid":{"rendered":"http:\/\/btv.md\/?p=9698"},"modified":"2016-03-28T11:06:53","modified_gmt":"2016-03-28T08:06:53","slug":"atributii-speciale-pentru-posta-moldovei","status":"publish","type":"post","link":"https:\/\/www.btv.md\/ro\/atributii-speciale-pentru-posta-moldovei\/","title":{"rendered":"ATRIBU\u021aII  \u201eSPECIALE\u201d  PENTRU  PO\u0218TA  MOLDOVEI"},"content":{"rendered":"<p><strong>Un proiect de lege elaborat de Ministerul Tehnologiei Informa\u0163iei a st\u00e2rnit discu\u0163ii aprinse \u00een Comisia parlamentar\u0103 Economie, Buget \u015fi Finan\u0163e. Ini\u0163iativa prevede acordarea unor \u00eemputerniciri speciale Po\u015ftei Moldovei.<\/strong><\/p>\n<p>Mai exact, po\u0219ta\u0219ii ar urma s\u0103 colaboreze cu reprezentan\u0163ii Centrului Na\u0163ional Anticorup\u0163ie, furniz\u00e2ndu-le informa\u0163ii despre coresponden\u0163a primit\u0103 de unele persoane considerate &#8222;suspecte&#8221;. Proiectul a st\u00e2rnit nemul\u0163umirea reprezentan\u0163ilor opozi\u0163iei, care l-au calificat drept abuziv, scrie <a href=\"http:\/\/www.noi.md\/md\/news_id\/81344\" target=\"_blank\">NOI.MD<\/a>.<\/p>\n<p>Potrivit proiectului de lege, po\u015fta\u015fii ar urma s\u0103 identifice persoanele suspectate de Centrul Na\u0163ional Anticorup\u0163ie c\u0103 ar planifica ac\u0163iuni teroriste pe teritoriul \u0163\u0103rii noastre. Reprezentan\u0163ii Ministerului Tehnologiei Informa\u0163iei \u015fi Comunica\u0163iilor, controlat de Partidul Democrat, sus\u0163in c\u0103 ini\u0163iativa este una binevenit\u0103, \u00een contextul recentelor atentate teroriste comise la Bruxelles.<\/p>\n","protected":false},"excerpt":{"rendered":"<p>Un proiect de lege elaborat de Ministerul Tehnologiei Informa\u0163iei a st\u00e2rnit discu\u0163ii aprinse \u00een Comisia parlamentar\u0103 Economie, Buget \u015fi Finan\u0163e. Ini\u0163iativa prevede acordarea unor \u00eemputerniciri speciale Po\u015ftei Moldovei. Mai exact, po\u0219ta\u0219ii ar urma s\u0103 colaboreze cu reprezentan\u0163ii Centrului Na\u0163ional Anticorup\u0163ie, furniz\u00e2ndu-le informa\u0163ii despre coresponden\u0163a primit\u0103 de unele persoane considerate &#8222;suspecte&#8221;. Proiectul a st\u00e2rnit nemul\u0163umirea reprezentan\u0163ilor [&hellip;]<\/p>\n","protected":false},"author":4,"featured_media":9699,"comment_status":"closed","ping_status":"closed","sticky":false,"template":"","format":"standard","meta":{"footnotes":""},"categories":[6349],"tags":[],"class_list":["post-9698","post","type-post","status-publish","format-standard","has-post-thumbnail","hentry","category-social"],"yoast_head":"<!-- This site is optimized with the Yoast SEO plugin v27.4 - https:\/\/yoast.com\/product\/yoast-seo-wordpress\/ -->\n<title>ATRIBU\u021aII \u201eSPECIALE\u201d PENTRU PO\u0218TA MOLDOVEI - BTV<\/title>\n<meta name=\"robots\" content=\"index, follow, max-snippet:-1, max-image-preview:large, max-video-preview:-1\" \/>\n<link rel=\"canonical\" href=\"https:\/\/www.btv.md\/ro\/atributii-speciale-pentru-posta-moldovei\/\" \/>\n<meta property=\"og:locale\" content=\"ro_RO\" \/>\n<meta property=\"og:type\" content=\"article\" \/>\n<meta property=\"og:title\" content=\"ATRIBU\u021aII \u201eSPECIALE\u201d PENTRU PO\u0218TA MOLDOVEI - BTV\" \/>\n<meta property=\"og:description\" content=\"Un proiect de lege elaborat de Ministerul Tehnologiei Informa\u0163iei a st\u00e2rnit discu\u0163ii aprinse \u00een Comisia parlamentar\u0103 Economie, Buget \u015fi Finan\u0163e. Ini\u0163iativa prevede acordarea unor \u00eemputerniciri speciale Po\u015ftei Moldovei. Mai exact, po\u0219ta\u0219ii ar urma s\u0103 colaboreze cu reprezentan\u0163ii Centrului Na\u0163ional Anticorup\u0163ie, furniz\u00e2ndu-le informa\u0163ii despre coresponden\u0163a primit\u0103 de unele persoane considerate &#8222;suspecte&#8221;. Proiectul a st\u00e2rnit nemul\u0163umirea reprezentan\u0163ilor [&hellip;]\" \/>\n<meta property=\"og:url\" content=\"https:\/\/www.btv.md\/ro\/atributii-speciale-pentru-posta-moldovei\/\" \/>\n<meta property=\"og:site_name\" content=\"BTV\" \/>\n<meta property=\"article:publisher\" content=\"https:\/\/www.facebook.com\/btvmoldova\/\" \/>\n<meta property=\"article:published_time\" content=\"2016-03-28T08:06:53+00:00\" \/>\n<meta property=\"og:image\" content=\"https:\/\/www.btv.md\/wp-content\/uploads\/2016\/03\/big-opozitia-a-criticat-un-proiect-de-lege-care-acorda-mai-multe-imputerniciri-postei-moldovei.jpg\" \/>\n\t<meta property=\"og:image:width\" content=\"460\" \/>\n\t<meta property=\"og:image:height\" content=\"270\" \/>\n\t<meta property=\"og:image:type\" content=\"image\/jpeg\" \/>\n<meta name=\"author\" content=\"admin\" \/>\n<meta name=\"twitter:label1\" content=\"Scris de\" \/>\n\t<meta name=\"twitter:data1\" content=\"admin\" \/>\n\t<meta name=\"twitter:label2\" content=\"Timp estimat pentru citire\" \/>\n\t<meta name=\"twitter:data2\" content=\"1 minut\" \/>\n<script type=\"application\/ld+json\" class=\"yoast-schema-graph\">{\"@context\":\"https:\\\/\\\/schema.org\",\"@graph\":[{\"@type\":\"Article\",\"@id\":\"https:\\\/\\\/www.btv.md\\\/ro\\\/atributii-speciale-pentru-posta-moldovei\\\/#article\",\"isPartOf\":{\"@id\":\"https:\\\/\\\/www.btv.md\\\/ro\\\/atributii-speciale-pentru-posta-moldovei\\\/\"},\"author\":{\"name\":\"admin\",\"@id\":\"https:\\\/\\\/www.btv.md\\\/#\\\/schema\\\/person\\\/8fadce81561b3ce2c34c46dadc4ccbf2\"},\"headline\":\"ATRIBU\u021aII \u201eSPECIALE\u201d PENTRU PO\u0218TA MOLDOVEI\",\"datePublished\":\"2016-03-28T08:06:53+00:00\",\"mainEntityOfPage\":{\"@id\":\"https:\\\/\\\/www.btv.md\\\/ro\\\/atributii-speciale-pentru-posta-moldovei\\\/\"},\"wordCount\":147,\"image\":{\"@id\":\"https:\\\/\\\/www.btv.md\\\/ro\\\/atributii-speciale-pentru-posta-moldovei\\\/#primaryimage\"},\"thumbnailUrl\":\"https:\\\/\\\/www.btv.md\\\/wp-content\\\/uploads\\\/2016\\\/03\\\/big-opozitia-a-criticat-un-proiect-de-lege-care-acorda-mai-multe-imputerniciri-postei-moldovei.jpg\",\"articleSection\":[\"Social\"],\"inLanguage\":\"ro-RO\"},{\"@type\":\"WebPage\",\"@id\":\"https:\\\/\\\/www.btv.md\\\/ro\\\/atributii-speciale-pentru-posta-moldovei\\\/\",\"url\":\"https:\\\/\\\/www.btv.md\\\/ro\\\/atributii-speciale-pentru-posta-moldovei\\\/\",\"name\":\"ATRIBU\u021aII \u201eSPECIALE\u201d PENTRU PO\u0218TA MOLDOVEI - BTV\",\"isPartOf\":{\"@id\":\"https:\\\/\\\/www.btv.md\\\/#website\"},\"primaryImageOfPage\":{\"@id\":\"https:\\\/\\\/www.btv.md\\\/ro\\\/atributii-speciale-pentru-posta-moldovei\\\/#primaryimage\"},\"image\":{\"@id\":\"https:\\\/\\\/www.btv.md\\\/ro\\\/atributii-speciale-pentru-posta-moldovei\\\/#primaryimage\"},\"thumbnailUrl\":\"https:\\\/\\\/www.btv.md\\\/wp-content\\\/uploads\\\/2016\\\/03\\\/big-opozitia-a-criticat-un-proiect-de-lege-care-acorda-mai-multe-imputerniciri-postei-moldovei.jpg\",\"datePublished\":\"2016-03-28T08:06:53+00:00\",\"author\":{\"@id\":\"https:\\\/\\\/www.btv.md\\\/#\\\/schema\\\/person\\\/8fadce81561b3ce2c34c46dadc4ccbf2\"},\"inLanguage\":\"ro-RO\",\"potentialAction\":[{\"@type\":\"ReadAction\",\"target\":[\"https:\\\/\\\/www.btv.md\\\/ro\\\/atributii-speciale-pentru-posta-moldovei\\\/\"]}]},{\"@type\":\"ImageObject\",\"inLanguage\":\"ro-RO\",\"@id\":\"https:\\\/\\\/www.btv.md\\\/ro\\\/atributii-speciale-pentru-posta-moldovei\\\/#primaryimage\",\"url\":\"https:\\\/\\\/www.btv.md\\\/wp-content\\\/uploads\\\/2016\\\/03\\\/big-opozitia-a-criticat-un-proiect-de-lege-care-acorda-mai-multe-imputerniciri-postei-moldovei.jpg\",\"contentUrl\":\"https:\\\/\\\/www.btv.md\\\/wp-content\\\/uploads\\\/2016\\\/03\\\/big-opozitia-a-criticat-un-proiect-de-lege-care-acorda-mai-multe-imputerniciri-postei-moldovei.jpg\",\"width\":460,\"height\":270,\"caption\":\"jurnal.md\"},{\"@type\":\"WebSite\",\"@id\":\"https:\\\/\\\/www.btv.md\\\/#website\",\"url\":\"https:\\\/\\\/www.btv.md\\\/\",\"name\":\"BTV\",\"description\":\"\u0411\u0435\u043b\u044c\u0446\u043a\u043e\u0435 \u0442\u0435\u043b\u0435\u0432\u0438\u0434\u0435\u043d\u0438\u0435\",\"potentialAction\":[{\"@type\":\"SearchAction\",\"target\":{\"@type\":\"EntryPoint\",\"urlTemplate\":\"https:\\\/\\\/www.btv.md\\\/?s={search_term_string}\"},\"query-input\":{\"@type\":\"PropertyValueSpecification\",\"valueRequired\":true,\"valueName\":\"search_term_string\"}}],\"inLanguage\":\"ro-RO\"},{\"@type\":\"Person\",\"@id\":\"https:\\\/\\\/www.btv.md\\\/#\\\/schema\\\/person\\\/8fadce81561b3ce2c34c46dadc4ccbf2\",\"name\":\"admin\"}]}<\/script>\n<!-- \/ Yoast SEO plugin. -->","yoast_head_json":{"title":"ATRIBU\u021aII \u201eSPECIALE\u201d PENTRU PO\u0218TA MOLDOVEI - BTV","robots":{"index":"index","follow":"follow","max-snippet":"max-snippet:-1","max-image-preview":"max-image-preview:large","max-video-preview":"max-video-preview:-1"},"canonical":"https:\/\/www.btv.md\/ro\/atributii-speciale-pentru-posta-moldovei\/","og_locale":"ro_RO","og_type":"article","og_title":"ATRIBU\u021aII \u201eSPECIALE\u201d PENTRU PO\u0218TA MOLDOVEI - BTV","og_description":"Un proiect de lege elaborat de Ministerul Tehnologiei Informa\u0163iei a st\u00e2rnit discu\u0163ii aprinse \u00een Comisia parlamentar\u0103 Economie, Buget \u015fi Finan\u0163e. Ini\u0163iativa prevede acordarea unor \u00eemputerniciri speciale Po\u015ftei Moldovei. Mai exact, po\u0219ta\u0219ii ar urma s\u0103 colaboreze cu reprezentan\u0163ii Centrului Na\u0163ional Anticorup\u0163ie, furniz\u00e2ndu-le informa\u0163ii despre coresponden\u0163a primit\u0103 de unele persoane considerate &#8222;suspecte&#8221;. Proiectul a st\u00e2rnit nemul\u0163umirea reprezentan\u0163ilor [&hellip;]","og_url":"https:\/\/www.btv.md\/ro\/atributii-speciale-pentru-posta-moldovei\/","og_site_name":"BTV","article_publisher":"https:\/\/www.facebook.com\/btvmoldova\/","article_published_time":"2016-03-28T08:06:53+00:00","og_image":[{"width":460,"height":270,"url":"https:\/\/www.btv.md\/wp-content\/uploads\/2016\/03\/big-opozitia-a-criticat-un-proiect-de-lege-care-acorda-mai-multe-imputerniciri-postei-moldovei.jpg","type":"image\/jpeg"}],"author":"admin","twitter_misc":{"Scris de":"admin","Timp estimat pentru citire":"1 minut"},"schema":{"@context":"https:\/\/schema.org","@graph":[{"@type":"Article","@id":"https:\/\/www.btv.md\/ro\/atributii-speciale-pentru-posta-moldovei\/#article","isPartOf":{"@id":"https:\/\/www.btv.md\/ro\/atributii-speciale-pentru-posta-moldovei\/"},"author":{"name":"admin","@id":"https:\/\/www.btv.md\/#\/schema\/person\/8fadce81561b3ce2c34c46dadc4ccbf2"},"headline":"ATRIBU\u021aII \u201eSPECIALE\u201d PENTRU PO\u0218TA MOLDOVEI","datePublished":"2016-03-28T08:06:53+00:00","mainEntityOfPage":{"@id":"https:\/\/www.btv.md\/ro\/atributii-speciale-pentru-posta-moldovei\/"},"wordCount":147,"image":{"@id":"https:\/\/www.btv.md\/ro\/atributii-speciale-pentru-posta-moldovei\/#primaryimage"},"thumbnailUrl":"https:\/\/www.btv.md\/wp-content\/uploads\/2016\/03\/big-opozitia-a-criticat-un-proiect-de-lege-care-acorda-mai-multe-imputerniciri-postei-moldovei.jpg","articleSection":["Social"],"inLanguage":"ro-RO"},{"@type":"WebPage","@id":"https:\/\/www.btv.md\/ro\/atributii-speciale-pentru-posta-moldovei\/","url":"https:\/\/www.btv.md\/ro\/atributii-speciale-pentru-posta-moldovei\/","name":"ATRIBU\u021aII \u201eSPECIALE\u201d PENTRU PO\u0218TA MOLDOVEI - BTV","isPartOf":{"@id":"https:\/\/www.btv.md\/#website"},"primaryImageOfPage":{"@id":"https:\/\/www.btv.md\/ro\/atributii-speciale-pentru-posta-moldovei\/#primaryimage"},"image":{"@id":"https:\/\/www.btv.md\/ro\/atributii-speciale-pentru-posta-moldovei\/#primaryimage"},"thumbnailUrl":"https:\/\/www.btv.md\/wp-content\/uploads\/2016\/03\/big-opozitia-a-criticat-un-proiect-de-lege-care-acorda-mai-multe-imputerniciri-postei-moldovei.jpg","datePublished":"2016-03-28T08:06:53+00:00","author":{"@id":"https:\/\/www.btv.md\/#\/schema\/person\/8fadce81561b3ce2c34c46dadc4ccbf2"},"inLanguage":"ro-RO","potentialAction":[{"@type":"ReadAction","target":["https:\/\/www.btv.md\/ro\/atributii-speciale-pentru-posta-moldovei\/"]}]},{"@type":"ImageObject","inLanguage":"ro-RO","@id":"https:\/\/www.btv.md\/ro\/atributii-speciale-pentru-posta-moldovei\/#primaryimage","url":"https:\/\/www.btv.md\/wp-content\/uploads\/2016\/03\/big-opozitia-a-criticat-un-proiect-de-lege-care-acorda-mai-multe-imputerniciri-postei-moldovei.jpg","contentUrl":"https:\/\/www.btv.md\/wp-content\/uploads\/2016\/03\/big-opozitia-a-criticat-un-proiect-de-lege-care-acorda-mai-multe-imputerniciri-postei-moldovei.jpg","width":460,"height":270,"caption":"jurnal.md"},{"@type":"WebSite","@id":"https:\/\/www.btv.md\/#website","url":"https:\/\/www.btv.md\/","name":"BTV","description":"\u0411\u0435\u043b\u044c\u0446\u043a\u043e\u0435 \u0442\u0435\u043b\u0435\u0432\u0438\u0434\u0435\u043d\u0438\u0435","potentialAction":[{"@type":"SearchAction","target":{"@type":"EntryPoint","urlTemplate":"https:\/\/www.btv.md\/?s={search_term_string}"},"query-input":{"@type":"PropertyValueSpecification","valueRequired":true,"valueName":"search_term_string"}}],"inLanguage":"ro-RO"},{"@type":"Person","@id":"https:\/\/www.btv.md\/#\/schema\/person\/8fadce81561b3ce2c34c46dadc4ccbf2","name":"admin"}]}},"_links":{"self":[{"href":"https:\/\/www.btv.md\/ro\/wp-json\/wp\/v2\/posts\/9698","targetHints":{"allow":["GET"]}}],"collection":[{"href":"https:\/\/www.btv.md\/ro\/wp-json\/wp\/v2\/posts"}],"about":[{"href":"https:\/\/www.btv.md\/ro\/wp-json\/wp\/v2\/types\/post"}],"author":[{"embeddable":true,"href":"https:\/\/www.btv.md\/ro\/wp-json\/wp\/v2\/users\/4"}],"replies":[{"embeddable":true,"href":"https:\/\/www.btv.md\/ro\/wp-json\/wp\/v2\/comments?post=9698"}],"version-history":[{"count":0,"href":"https:\/\/www.btv.md\/ro\/wp-json\/wp\/v2\/posts\/9698\/revisions"}],"wp:featuredmedia":[{"embeddable":true,"href":"https:\/\/www.btv.md\/ro\/wp-json\/wp\/v2\/media\/9699"}],"wp:attachment":[{"href":"https:\/\/www.btv.md\/ro\/wp-json\/wp\/v2\/media?parent=9698"}],"wp:term":[{"taxonomy":"category","embeddable":true,"href":"https:\/\/www.btv.md\/ro\/wp-json\/wp\/v2\/categories?post=9698"},{"taxonomy":"post_tag","embeddable":true,"href":"https:\/\/www.btv.md\/ro\/wp-json\/wp\/v2\/tags?post=9698"}],"curies":[{"name":"wp","href":"https:\/\/api.w.org\/{rel}","templated":true}]}}