{"id":9738,"date":"2016-03-28T16:42:24","date_gmt":"2016-03-28T13:42:24","guid":{"rendered":"http:\/\/btv.md\/?p=9738"},"modified":"2016-03-28T16:42:24","modified_gmt":"2016-03-28T13:42:24","slug":"ultimul-bilant-al-atacului-sinucigas-din-pakistan","status":"publish","type":"post","link":"https:\/\/www.btv.md\/ro\/ultimul-bilant-al-atacului-sinucigas-din-pakistan\/","title":{"rendered":"ULTIMUL  BILAN\u021a  AL  ATACULUI  SINUCIGA\u0218  DIN  PAKISTAN"},"content":{"rendered":"<p><strong>Atacul sinuciga\u015f dintr-un parc al ora\u015fului pakistanez Lahore, din duminica Pa\u015ftelui, a fost revendicat de o fac\u0163iune a talibanilor \u015fi a vizat cre\u015ftini, sus\u0163ine un reprezentant al grup\u0103rii, iar bilan\u0163ul a ajuns la 69 de mor\u0163i \u015fi peste 300 de r\u0103ni\u0163i, cei mai mul\u0163i fiind femei \u015fi copii, scrie Reuters.<\/strong><\/p>\n<p>Oficialii pakistanezi sus\u0163in c\u0103 69 de persoane au murit \u015fi peste 300 au fost r\u0103nite \u00een urma exploziei din apropierea parcului Gulshan-e-Iqbal, chiar la ie\u015firea din parc \u015fi la c\u00e2\u0163iva metri de locurile de joac\u0103 ale copiilor.<\/p>\n<p>Parcul de distrac\u0163ii este un loc popular pentru comunitatea de cre\u015ftini din ora\u015ful Lahore, unde mul\u0163i dintre ace\u015ftia au ie\u015fit pentru a celebra Pa\u015ftele \u00eempreun\u0103 cu copiii lor. Mustansar Feroz, un reprezentat al poli\u0163iei locale, a precizat c\u0103 majoritatea victimelor sunt femei \u015fi copii.<\/p>\n<p>&#8222;<em>C\u00e2nd s-a produs explozia, fl\u0103c\u0103rile au fost at\u00e2t de mari \u00eenc\u00e2t au ajuns deasupra copacilor \u015fi am v\u0103zut trupuri zbur\u00e2nd \u00een aer<\/em>&#8222;, a declarat Hasan Imran, un locuitor din zon\u0103 \u00een v\u00e2rst\u0103 de 30 de ani, care a ie\u015fit \u00een parcul Gulshan-e-Iqbal pentru o plimbare.<\/p>\n<p>Gruparea Jamaat-ul-Ahrar, o fac\u0163iune a mi\u015fc\u0103rii talibanilor, a revendicat atacul sinuciga\u015f din parc.<\/p>\n<p>&#8222;<em>Cre\u015ftinii au fost \u0163inta (atacului)<\/em>&#8222;, a declarat un purt\u0103tor de cuv\u00e2nt al fac\u0163iunii, Ehsanullah Ehsan.<\/p>\n<p>&#8222;<em>Poate s\u0103 fac\u0103 ce vrea, dar nu va putea s\u0103 ne opreasc\u0103. Atacatorii no\u015ftri sinuciga\u015fi vor continua cu aceste atentate<\/em>&#8222;, a continuat Ehsan.<\/p>\n<p>mediafax.ro<\/p>\n<p><strong>V\u00c2N\u0102TOARE  DE  TERORI\u0218TI  \u00ceN  EUROPA<\/strong><\/p>\n<p><strong>Mai multe \u0163\u0103ri din Europa au declan\u015fat o adev\u0103rat\u0103 v\u00e2n\u0103toare de terori\u015fti, dup\u0103 atentatele de la Bruxelles.<br \/>\nFor\u0163ele de securitate belgiene au efectuat nu mai pu\u0163in de 13 perchezi\u0163ii \u00een Bruxelles \u015fi \u00eemprejurimi, iar patru persoane au fost arestate.<\/strong><\/p>\n<p>\u015ei poli\u0163ia olandez\u0103 a desf\u0103\u015furat mai multe perchezi\u0163ii la Rotterdam. La cererea Fran\u0163ei,autorit\u0103\u0163ile olandeze au arestat un francez de 32 de ani, care ar fi preg\u0103tit un atentat \u00een Fran\u0163a \u00een numele organiza\u0163iei teroriste Stat Islamic, \u00eempreun\u0103 cu suspectul arestat joi \u00eentr-o suburbie a Parisului. Al\u0163i trei suspec\u0163i, printre care doi algerieni, au fost aresta\u0163i \u00een cursul acestei opera\u0163iuni.<\/p>\n<p>Pe de alt\u0103 parte, presa german\u0103 sus\u0163ine c\u0103 cel pu\u0163in opt suspec\u0163i identifica\u0163i sunt c\u0103uta\u0163i acum, pentru c\u0103 ar avea leg\u0103tur\u0103 cu atentatele de la Paris \u015fi Bruxelles.<\/p>\n<p>digi24.ro<\/p>\n<p><strong>RUSIA  AR  PUTEA  FI  SPIONAT\u0102<\/strong><\/p>\n<p><strong>Comandantul suprem al for\u021belor NATO din Europa, generalul Philip Breedlove a declarat despre necesitatea readucerii \u00een Europa a avioanelor de recunoastere U-2 pentru a spiona Rusia, scrie Independent.<\/strong><\/p>\n<p>Pe fondul unui deceniu de reducere a prezen\u021bei militare americane \u00een regiunea europeana si a pericolului crescut reprezentat de Moscova, NATO are nevoie de toate mijloacele disponibile pentru a creste activitatea de cercetare si culegere de informatii despre Rusia, spune Breedlove. \u0218eful NATO \u00een Europa, care se va retrage \u00een prim\u0103var\u0103, a declarat c\u0103 Rusia este \u201e<em>o amenin\u021bare existen\u021bial\u0103 pe termen lung<\/em>\u201d.<\/p>\n<p>Anterior, secretarul general al NATO, Jens Stoltenberg, a declarat c\u0103 Rusia desfasoara o concentrare de forte militare comparabil\u0103 cu perioada R\u0103zboiului Rece. El a men\u021bionat c\u0103 astfel de ac\u021biuni amenin\u021b\u0103 securitatea Alian\u021bei.<\/p>\n<p>reportervirtual.ro<\/p>\n<p><strong>A  NOUA  PLANET\u0102  \u00ceN  SISTEMUL  SOLAR<\/strong><\/p>\n<p><strong>Astronomii au descoperit c\u0103 exist\u0103 o a noua planet\u0103 \u00een sistemul nostru solar, care ar putea avea de 10 ori dimensiunea P\u0103m\u00e2ntului. Ar fi plasat\u0103 mai departe de Pluto \u0219i de Kuiper Belt, undeva \u00eentre 20 \u0219i 100 de miliarde de mile distan\u021b\u0103. Prin urmare, ar \u00eencheia o mi\u0219care de tranzi\u021bie \u00een jurul Soarelui odat\u0103 la 10.000-20.000 de ani, acesta fiind probabil motivul pentru care nu am g\u0103sit-o \u00eenc\u0103, potrivit The Verge.<\/strong><\/p>\n<p>Oamenii de \u0219tiin\u021b\u0103, printre care \u0219i profesorul Michael Brown, au studiat obiecte din Kuiper Belt \u0219i au descoperit c\u0103 \u0219ase dintre acestea se comport\u0103 de parc\u0103 orbita le-ar fi influen\u021bat\u0103 de un obiect mai mare. Brown a publicat un tweet mai devreme s\u0103pt\u0103m\u00e2na aceasta, pretinz\u00e2nd c\u0103 un obiect ceresc numit uo3L91 a fost descoperit, oferind \u0219i mai multe dovezi ale existen\u021bei Planetei Nou\u0103.<\/p>\n<p>Obiectul a fost descoperit de Telescopul Canada Fran\u021ba Hawaii, \u0219i \u00eei va ajuta pe cercet\u0103tori s\u0103 testeze teoria referitoare la existen\u021ba celei de-a noua planete a sistemului nostru solar.<\/p>\n<p>playtech.ro<\/p>\n<p><strong>CEL  MAI  FRUMOS  TELEFON  VA  FI  LANSAT  LUNA  VIITOARE<\/strong><\/p>\n<p><strong>Smartphone-ul faza bezeluri va ajunge in curand la raft!<\/strong><\/p>\n<p>Telefonul faza bezeluri, adica cu ecran din marginea stanga pana in cea dreapta, fara cadru, se va lansa luna viitoare. Se numeste Elephone S3 si are un ecran de 5,2 inch la rezolutia 1920 x 1080p.<\/p>\n<p>Gadgetul va mai avea un procesor octa-core MT6753 de la MediaTek, 3 GB de RAM si 16 GB de spatiu. Mai gasim o camera de 13MP cu tehnologie Sony, un senzor de amprenta si o baterie de 2100mAh.Deocamdata nu se stie nimic despre pretul lui Elephone S3. Cunoastem, insa, faptul ca smartphone-ul va veni in 4 variante: silver, gold, rose gold si grey.<\/p>\n<p>yoda.ro<\/p>\n<p><iframe width=\"420\" height=\"315\" data-src=\"https:\/\/www.youtube.com\/embed\/fU-3db39PnI\" frameborder=\"0\" allowfullscreen src=\"data:image\/svg+xml;base64,PHN2ZyB3aWR0aD0iMSIgaGVpZ2h0PSIxIiB4bWxucz0iaHR0cDovL3d3dy53My5vcmcvMjAwMC9zdmciPjwvc3ZnPg==\" class=\"lazyload\" data-load-mode=\"1\"><\/iframe><\/p>\n","protected":false},"excerpt":{"rendered":"<p>Atacul sinuciga\u015f dintr-un parc al ora\u015fului pakistanez Lahore, din duminica Pa\u015ftelui, a fost revendicat de o fac\u0163iune a talibanilor \u015fi a vizat cre\u015ftini, sus\u0163ine un reprezentant al grup\u0103rii, iar bilan\u0163ul a ajuns la 69 de mor\u0163i \u015fi peste 300 de r\u0103ni\u0163i, cei mai mul\u0163i fiind femei \u015fi copii, scrie Reuters. Oficialii pakistanezi sus\u0163in c\u0103 69 [&hellip;]<\/p>\n","protected":false},"author":4,"featured_media":9739,"comment_status":"closed","ping_status":"closed","sticky":false,"template":"","format":"standard","meta":{"footnotes":""},"categories":[6354],"tags":[],"class_list":["post-9738","post","type-post","status-publish","format-standard","has-post-thumbnail","hentry","category-externe-ro"],"yoast_head":"<!-- This site is optimized with the Yoast SEO plugin v27.4 - https:\/\/yoast.com\/product\/yoast-seo-wordpress\/ -->\n<title>ULTIMUL BILAN\u021a AL ATACULUI SINUCIGA\u0218 DIN PAKISTAN - BTV<\/title>\n<meta name=\"robots\" content=\"index, follow, max-snippet:-1, max-image-preview:large, max-video-preview:-1\" \/>\n<link rel=\"canonical\" href=\"https:\/\/www.btv.md\/ro\/ultimul-bilant-al-atacului-sinucigas-din-pakistan\/\" \/>\n<meta property=\"og:locale\" content=\"ro_RO\" \/>\n<meta property=\"og:type\" content=\"article\" \/>\n<meta property=\"og:title\" content=\"ULTIMUL BILAN\u021a AL ATACULUI SINUCIGA\u0218 DIN PAKISTAN - BTV\" \/>\n<meta property=\"og:description\" content=\"Atacul sinuciga\u015f dintr-un parc al ora\u015fului pakistanez Lahore, din duminica Pa\u015ftelui, a fost revendicat de o fac\u0163iune a talibanilor \u015fi a vizat cre\u015ftini, sus\u0163ine un reprezentant al grup\u0103rii, iar bilan\u0163ul a ajuns la 69 de mor\u0163i \u015fi peste 300 de r\u0103ni\u0163i, cei mai mul\u0163i fiind femei \u015fi copii, scrie Reuters. Oficialii pakistanezi sus\u0163in c\u0103 69 [&hellip;]\" \/>\n<meta property=\"og:url\" content=\"https:\/\/www.btv.md\/ro\/ultimul-bilant-al-atacului-sinucigas-din-pakistan\/\" \/>\n<meta property=\"og:site_name\" content=\"BTV\" \/>\n<meta property=\"article:publisher\" content=\"https:\/\/www.facebook.com\/btvmoldova\/\" \/>\n<meta property=\"article:published_time\" content=\"2016-03-28T13:42:24+00:00\" \/>\n<meta property=\"og:image\" content=\"https:\/\/www.btv.md\/wp-content\/uploads\/2016\/03\/pakistan-atac-parc-500x280.jpg\" \/>\n\t<meta property=\"og:image:width\" content=\"500\" \/>\n\t<meta property=\"og:image:height\" content=\"280\" \/>\n\t<meta property=\"og:image:type\" content=\"image\/jpeg\" \/>\n<meta name=\"author\" content=\"admin\" \/>\n<meta name=\"twitter:label1\" content=\"Scris de\" \/>\n\t<meta name=\"twitter:data1\" content=\"admin\" \/>\n\t<meta name=\"twitter:label2\" content=\"Timp estimat pentru citire\" \/>\n\t<meta name=\"twitter:data2\" content=\"4 minute\" \/>\n<script type=\"application\/ld+json\" class=\"yoast-schema-graph\">{\"@context\":\"https:\\\/\\\/schema.org\",\"@graph\":[{\"@type\":\"Article\",\"@id\":\"https:\\\/\\\/www.btv.md\\\/ro\\\/ultimul-bilant-al-atacului-sinucigas-din-pakistan\\\/#article\",\"isPartOf\":{\"@id\":\"https:\\\/\\\/www.btv.md\\\/ro\\\/ultimul-bilant-al-atacului-sinucigas-din-pakistan\\\/\"},\"author\":{\"name\":\"admin\",\"@id\":\"https:\\\/\\\/www.btv.md\\\/#\\\/schema\\\/person\\\/8fadce81561b3ce2c34c46dadc4ccbf2\"},\"headline\":\"ULTIMUL BILAN\u021a AL ATACULUI SINUCIGA\u0218 DIN PAKISTAN\",\"datePublished\":\"2016-03-28T13:42:24+00:00\",\"mainEntityOfPage\":{\"@id\":\"https:\\\/\\\/www.btv.md\\\/ro\\\/ultimul-bilant-al-atacului-sinucigas-din-pakistan\\\/\"},\"wordCount\":871,\"image\":{\"@id\":\"https:\\\/\\\/www.btv.md\\\/ro\\\/ultimul-bilant-al-atacului-sinucigas-din-pakistan\\\/#primaryimage\"},\"thumbnailUrl\":\"https:\\\/\\\/www.btv.md\\\/wp-content\\\/uploads\\\/2016\\\/03\\\/pakistan-atac-parc-500x280.jpg\",\"articleSection\":[\"Externe\"],\"inLanguage\":\"ro-RO\"},{\"@type\":\"WebPage\",\"@id\":\"https:\\\/\\\/www.btv.md\\\/ro\\\/ultimul-bilant-al-atacului-sinucigas-din-pakistan\\\/\",\"url\":\"https:\\\/\\\/www.btv.md\\\/ro\\\/ultimul-bilant-al-atacului-sinucigas-din-pakistan\\\/\",\"name\":\"ULTIMUL BILAN\u021a AL ATACULUI SINUCIGA\u0218 DIN PAKISTAN - BTV\",\"isPartOf\":{\"@id\":\"https:\\\/\\\/www.btv.md\\\/#website\"},\"primaryImageOfPage\":{\"@id\":\"https:\\\/\\\/www.btv.md\\\/ro\\\/ultimul-bilant-al-atacului-sinucigas-din-pakistan\\\/#primaryimage\"},\"image\":{\"@id\":\"https:\\\/\\\/www.btv.md\\\/ro\\\/ultimul-bilant-al-atacului-sinucigas-din-pakistan\\\/#primaryimage\"},\"thumbnailUrl\":\"https:\\\/\\\/www.btv.md\\\/wp-content\\\/uploads\\\/2016\\\/03\\\/pakistan-atac-parc-500x280.jpg\",\"datePublished\":\"2016-03-28T13:42:24+00:00\",\"author\":{\"@id\":\"https:\\\/\\\/www.btv.md\\\/#\\\/schema\\\/person\\\/8fadce81561b3ce2c34c46dadc4ccbf2\"},\"inLanguage\":\"ro-RO\",\"potentialAction\":[{\"@type\":\"ReadAction\",\"target\":[\"https:\\\/\\\/www.btv.md\\\/ro\\\/ultimul-bilant-al-atacului-sinucigas-din-pakistan\\\/\"]}]},{\"@type\":\"ImageObject\",\"inLanguage\":\"ro-RO\",\"@id\":\"https:\\\/\\\/www.btv.md\\\/ro\\\/ultimul-bilant-al-atacului-sinucigas-din-pakistan\\\/#primaryimage\",\"url\":\"https:\\\/\\\/www.btv.md\\\/wp-content\\\/uploads\\\/2016\\\/03\\\/pakistan-atac-parc-500x280.jpg\",\"contentUrl\":\"https:\\\/\\\/www.btv.md\\\/wp-content\\\/uploads\\\/2016\\\/03\\\/pakistan-atac-parc-500x280.jpg\",\"width\":500,\"height\":280,\"caption\":\"oradetimis.oradestiri.ro\"},{\"@type\":\"WebSite\",\"@id\":\"https:\\\/\\\/www.btv.md\\\/#website\",\"url\":\"https:\\\/\\\/www.btv.md\\\/\",\"name\":\"BTV\",\"description\":\"\u0411\u0435\u043b\u044c\u0446\u043a\u043e\u0435 \u0442\u0435\u043b\u0435\u0432\u0438\u0434\u0435\u043d\u0438\u0435\",\"potentialAction\":[{\"@type\":\"SearchAction\",\"target\":{\"@type\":\"EntryPoint\",\"urlTemplate\":\"https:\\\/\\\/www.btv.md\\\/?s={search_term_string}\"},\"query-input\":{\"@type\":\"PropertyValueSpecification\",\"valueRequired\":true,\"valueName\":\"search_term_string\"}}],\"inLanguage\":\"ro-RO\"},{\"@type\":\"Person\",\"@id\":\"https:\\\/\\\/www.btv.md\\\/#\\\/schema\\\/person\\\/8fadce81561b3ce2c34c46dadc4ccbf2\",\"name\":\"admin\"}]}<\/script>\n<!-- \/ Yoast SEO plugin. -->","yoast_head_json":{"title":"ULTIMUL BILAN\u021a AL ATACULUI SINUCIGA\u0218 DIN PAKISTAN - BTV","robots":{"index":"index","follow":"follow","max-snippet":"max-snippet:-1","max-image-preview":"max-image-preview:large","max-video-preview":"max-video-preview:-1"},"canonical":"https:\/\/www.btv.md\/ro\/ultimul-bilant-al-atacului-sinucigas-din-pakistan\/","og_locale":"ro_RO","og_type":"article","og_title":"ULTIMUL BILAN\u021a AL ATACULUI SINUCIGA\u0218 DIN PAKISTAN - BTV","og_description":"Atacul sinuciga\u015f dintr-un parc al ora\u015fului pakistanez Lahore, din duminica Pa\u015ftelui, a fost revendicat de o fac\u0163iune a talibanilor \u015fi a vizat cre\u015ftini, sus\u0163ine un reprezentant al grup\u0103rii, iar bilan\u0163ul a ajuns la 69 de mor\u0163i \u015fi peste 300 de r\u0103ni\u0163i, cei mai mul\u0163i fiind femei \u015fi copii, scrie Reuters. Oficialii pakistanezi sus\u0163in c\u0103 69 [&hellip;]","og_url":"https:\/\/www.btv.md\/ro\/ultimul-bilant-al-atacului-sinucigas-din-pakistan\/","og_site_name":"BTV","article_publisher":"https:\/\/www.facebook.com\/btvmoldova\/","article_published_time":"2016-03-28T13:42:24+00:00","og_image":[{"width":500,"height":280,"url":"https:\/\/www.btv.md\/wp-content\/uploads\/2016\/03\/pakistan-atac-parc-500x280.jpg","type":"image\/jpeg"}],"author":"admin","twitter_misc":{"Scris de":"admin","Timp estimat pentru citire":"4 minute"},"schema":{"@context":"https:\/\/schema.org","@graph":[{"@type":"Article","@id":"https:\/\/www.btv.md\/ro\/ultimul-bilant-al-atacului-sinucigas-din-pakistan\/#article","isPartOf":{"@id":"https:\/\/www.btv.md\/ro\/ultimul-bilant-al-atacului-sinucigas-din-pakistan\/"},"author":{"name":"admin","@id":"https:\/\/www.btv.md\/#\/schema\/person\/8fadce81561b3ce2c34c46dadc4ccbf2"},"headline":"ULTIMUL BILAN\u021a AL ATACULUI SINUCIGA\u0218 DIN PAKISTAN","datePublished":"2016-03-28T13:42:24+00:00","mainEntityOfPage":{"@id":"https:\/\/www.btv.md\/ro\/ultimul-bilant-al-atacului-sinucigas-din-pakistan\/"},"wordCount":871,"image":{"@id":"https:\/\/www.btv.md\/ro\/ultimul-bilant-al-atacului-sinucigas-din-pakistan\/#primaryimage"},"thumbnailUrl":"https:\/\/www.btv.md\/wp-content\/uploads\/2016\/03\/pakistan-atac-parc-500x280.jpg","articleSection":["Externe"],"inLanguage":"ro-RO"},{"@type":"WebPage","@id":"https:\/\/www.btv.md\/ro\/ultimul-bilant-al-atacului-sinucigas-din-pakistan\/","url":"https:\/\/www.btv.md\/ro\/ultimul-bilant-al-atacului-sinucigas-din-pakistan\/","name":"ULTIMUL BILAN\u021a AL ATACULUI SINUCIGA\u0218 DIN PAKISTAN - BTV","isPartOf":{"@id":"https:\/\/www.btv.md\/#website"},"primaryImageOfPage":{"@id":"https:\/\/www.btv.md\/ro\/ultimul-bilant-al-atacului-sinucigas-din-pakistan\/#primaryimage"},"image":{"@id":"https:\/\/www.btv.md\/ro\/ultimul-bilant-al-atacului-sinucigas-din-pakistan\/#primaryimage"},"thumbnailUrl":"https:\/\/www.btv.md\/wp-content\/uploads\/2016\/03\/pakistan-atac-parc-500x280.jpg","datePublished":"2016-03-28T13:42:24+00:00","author":{"@id":"https:\/\/www.btv.md\/#\/schema\/person\/8fadce81561b3ce2c34c46dadc4ccbf2"},"inLanguage":"ro-RO","potentialAction":[{"@type":"ReadAction","target":["https:\/\/www.btv.md\/ro\/ultimul-bilant-al-atacului-sinucigas-din-pakistan\/"]}]},{"@type":"ImageObject","inLanguage":"ro-RO","@id":"https:\/\/www.btv.md\/ro\/ultimul-bilant-al-atacului-sinucigas-din-pakistan\/#primaryimage","url":"https:\/\/www.btv.md\/wp-content\/uploads\/2016\/03\/pakistan-atac-parc-500x280.jpg","contentUrl":"https:\/\/www.btv.md\/wp-content\/uploads\/2016\/03\/pakistan-atac-parc-500x280.jpg","width":500,"height":280,"caption":"oradetimis.oradestiri.ro"},{"@type":"WebSite","@id":"https:\/\/www.btv.md\/#website","url":"https:\/\/www.btv.md\/","name":"BTV","description":"\u0411\u0435\u043b\u044c\u0446\u043a\u043e\u0435 \u0442\u0435\u043b\u0435\u0432\u0438\u0434\u0435\u043d\u0438\u0435","potentialAction":[{"@type":"SearchAction","target":{"@type":"EntryPoint","urlTemplate":"https:\/\/www.btv.md\/?s={search_term_string}"},"query-input":{"@type":"PropertyValueSpecification","valueRequired":true,"valueName":"search_term_string"}}],"inLanguage":"ro-RO"},{"@type":"Person","@id":"https:\/\/www.btv.md\/#\/schema\/person\/8fadce81561b3ce2c34c46dadc4ccbf2","name":"admin"}]}},"_links":{"self":[{"href":"https:\/\/www.btv.md\/ro\/wp-json\/wp\/v2\/posts\/9738","targetHints":{"allow":["GET"]}}],"collection":[{"href":"https:\/\/www.btv.md\/ro\/wp-json\/wp\/v2\/posts"}],"about":[{"href":"https:\/\/www.btv.md\/ro\/wp-json\/wp\/v2\/types\/post"}],"author":[{"embeddable":true,"href":"https:\/\/www.btv.md\/ro\/wp-json\/wp\/v2\/users\/4"}],"replies":[{"embeddable":true,"href":"https:\/\/www.btv.md\/ro\/wp-json\/wp\/v2\/comments?post=9738"}],"version-history":[{"count":0,"href":"https:\/\/www.btv.md\/ro\/wp-json\/wp\/v2\/posts\/9738\/revisions"}],"wp:featuredmedia":[{"embeddable":true,"href":"https:\/\/www.btv.md\/ro\/wp-json\/wp\/v2\/media\/9739"}],"wp:attachment":[{"href":"https:\/\/www.btv.md\/ro\/wp-json\/wp\/v2\/media?parent=9738"}],"wp:term":[{"taxonomy":"category","embeddable":true,"href":"https:\/\/www.btv.md\/ro\/wp-json\/wp\/v2\/categories?post=9738"},{"taxonomy":"post_tag","embeddable":true,"href":"https:\/\/www.btv.md\/ro\/wp-json\/wp\/v2\/tags?post=9738"}],"curies":[{"name":"wp","href":"https:\/\/api.w.org\/{rel}","templated":true}]}}