{"id":9750,"date":"2016-03-28T19:03:51","date_gmt":"2016-03-28T16:03:51","guid":{"rendered":"http:\/\/btv.md\/?p=9750"},"modified":"2016-03-28T19:03:51","modified_gmt":"2016-03-28T16:03:51","slug":"oaspetii-din-cluj-napoca-despre-municipiul-balti","status":"publish","type":"post","link":"https:\/\/www.btv.md\/ro\/oaspetii-din-cluj-napoca-despre-municipiul-balti\/","title":{"rendered":"OASPE\u021aII  DIN  CLUJ-NAPOCA  DESPRE  MUNICIPIUL  B\u0102L\u021aI"},"content":{"rendered":"<p><strong>Municipiul B\u0103l\u021bi a mai p\u0103\u0219it o treapt\u0103 spre implementarea proiectului Uniunii Europene \u201eSmart City\u201d, un ora\u015f care folose\u015fte solu\u0163ii inteligente \u015fi tehnici moderne pentru a facilita via\u0163a locuitorilor. <\/strong><\/p>\n<p>Cu o \u0219edin\u021b\u0103 de lucru la B\u0103l\u021bi au venit reprezentan\u021bii prim\u0103riei municipiului Cluj-Napoca. Vizita are loc ca rezultat al semn\u0103rii memorandumului dintre primarul municipiului B\u0103l\u021bi, Renato Usat\u00eei, cu organiza\u021bia non-guvernamental\u0103  ASSTREIA, prin care ONG-ul \u00ee\u0219i asum\u0103 responsabilitatea de atragere a investi\u021biilor str\u0103ine pentru dezvoltarea ora\u0219ului.<\/p>\n<p>Prezent la \u0219edin\u021b\u0103, viceprimarul de B\u0103l\u021bi, Igor \u0218eremet, a precizat c\u0103 vizita oaspe\u021bilor din Cluj-Napoca este un pas important pentru stabilirea domeniilor de colaborare, a sumelor necesare, dar \u0219i identificarea donatorilor care ar oferi banii sub form\u0103 de grant.<\/p>\n<p>\u201e<em>Este un rezultat al memorandumului semnat cu asocia\u021bia ob\u0219teasc\u0103 ASSTREIA, prin care \u00ee\u0219i asigur\u0103 angajamentul de a elabora planul de ac\u021biuni privind dezvoltarea durabil\u0103 a municipalit\u0103\u021bii, prin atragerea granturilor corespunz\u0103toare. La ultima \u0219edin\u021b\u0103 a consiliului municipal a fost semnat planul \u0219i proiectul pilot, adic\u0103 sectorul num\u0103rul 9. Ast\u0103zi a fost organizat\u0103 o \u0219edin\u021b\u0103 de lucru cu reprezentan\u021bii prim\u0103riei municipiului Cluj-Napoca, privind cooperarea \u0219i \u00eemp\u0103rt\u0103\u0219irea experien\u021bei \u00een domeniul ecologic-urbanistic, spa\u021bii verzi, precum \u0219i \u00een domeniul salubriz\u0103rii<\/em>\u201d, a precizat Igor \u0218eremet.<\/p>\n<p>La r\u00e2ndul s\u0103u, directorul executiv Direc\u021bia Ecologie urban\u0103, spa\u021bii verzi \u0219i salubritate, din cadrul prim\u0103riei municipiului Cluj-Napoca, Viorel Ple\u0219a, a declarat c\u0103 sunt gata de o colaborare str\u00e2ns\u0103. Potrivit acestuia, municipiul B\u0103l\u021bi int\u00e2rzie \u00een dezvoltare cu cel pu\u021bin 25 de ani.<\/p>\n<p>\u201e<em>Comparativ cu Clujul, municipiul B\u0103l\u021bi a r\u0103mas \u00een urm\u0103. Clujul a ar\u0103ta cam a\u0219a acum 25 de ani sau mai mult. Dorim s\u0103 semn\u0103m acest consor\u021biu, prin care Clujul este parte integrant\u0103 \u0219i care al\u0103turi de municipiul B\u0103l\u021bi va beneficia de o anumit\u0103 sum\u0103 de bani, care \u00eei revine conform protocolului<\/em>\u201d, a ad\u0103ugat  Viorel Ple\u0219a.<\/p>\n<p>Pre\u0219edintele AO ASSTREIA, Svetlana Chesari, a men\u021bionat c\u0103 rezultatele acestui proiect ar putea fi vizibile \u00een anul 2017.<\/p>\n<p>\u201e<em>Acuma noi suntem \u00een proces de munc\u0103. Exist\u0103 parteneriate, este consor\u021biu. Acuma negociem cu fiecare partener. Nu risc s\u0103 spun o sum\u0103 anume, dar pentru \u00eentreg consor\u021biu se va pretinde o sum\u0103 de 18 milioane de euro. Noi ne dorim ca deja \u00een luna septembrie s\u0103 avem verdictul comisiei Uniunii Europene, dac\u0103 se aloc\u0103 banii sau ba. Dac\u0103 rezultatul va fi pozitiv, deja \u00een anul 2017 vor fi \u00eentreprinse ac\u021biuni concrete<\/em>\u201d, a afirmat Svetlana Chesari.<\/p>\n<p>Programul Uniunii Europene se nume\u0219te Orizont 2020. Unul dintre proiecte este \u2013 Smart City. Proiectul pilot care va fi pus \u00een aplicare la cartierul num\u0103rul 9 va implica amenajare a teritoriului, izolarea termic\u0103 a blocurilor, elaborarea sistemului e-utilit\u0103\u021bi, reducerea pierderilor de c\u0103ldur\u0103 \u0219i organizarea spa\u021biului urban.<\/p>\n<p><iframe width=\"420\" height=\"315\" data-src=\"https:\/\/www.youtube.com\/embed\/bRMzT62-xl8\" frameborder=\"0\" allowfullscreen src=\"data:image\/svg+xml;base64,PHN2ZyB3aWR0aD0iMSIgaGVpZ2h0PSIxIiB4bWxucz0iaHR0cDovL3d3dy53My5vcmcvMjAwMC9zdmciPjwvc3ZnPg==\" class=\"lazyload\" data-load-mode=\"1\"><\/iframe><\/p>\n","protected":false},"excerpt":{"rendered":"<p>Municipiul B\u0103l\u021bi a mai p\u0103\u0219it o treapt\u0103 spre implementarea proiectului Uniunii Europene \u201eSmart City\u201d, un ora\u015f care folose\u015fte solu\u0163ii inteligente \u015fi tehnici moderne pentru a facilita via\u0163a locuitorilor. Cu o \u0219edin\u021b\u0103 de lucru la B\u0103l\u021bi au venit reprezentan\u021bii prim\u0103riei municipiului Cluj-Napoca. Vizita are loc ca rezultat al semn\u0103rii memorandumului dintre primarul municipiului B\u0103l\u021bi, Renato Usat\u00eei, [&hellip;]<\/p>\n","protected":false},"author":4,"featured_media":9751,"comment_status":"closed","ping_status":"closed","sticky":false,"template":"","format":"standard","meta":{"footnotes":""},"categories":[6353],"tags":[],"class_list":["post-9750","post","type-post","status-publish","format-standard","has-post-thumbnail","hentry","category-oras"],"yoast_head":"<!-- This site is optimized with the Yoast SEO plugin v27.4 - https:\/\/yoast.com\/product\/yoast-seo-wordpress\/ -->\n<title>OASPE\u021aII DIN CLUJ-NAPOCA DESPRE MUNICIPIUL B\u0102L\u021aI - BTV<\/title>\n<meta name=\"robots\" content=\"index, follow, max-snippet:-1, max-image-preview:large, max-video-preview:-1\" \/>\n<link rel=\"canonical\" href=\"https:\/\/www.btv.md\/ro\/oaspetii-din-cluj-napoca-despre-municipiul-balti\/\" \/>\n<meta property=\"og:locale\" content=\"ro_RO\" \/>\n<meta property=\"og:type\" content=\"article\" \/>\n<meta property=\"og:title\" content=\"OASPE\u021aII DIN CLUJ-NAPOCA DESPRE MUNICIPIUL B\u0102L\u021aI - BTV\" \/>\n<meta property=\"og:description\" content=\"Municipiul B\u0103l\u021bi a mai p\u0103\u0219it o treapt\u0103 spre implementarea proiectului Uniunii Europene \u201eSmart City\u201d, un ora\u015f care folose\u015fte solu\u0163ii inteligente \u015fi tehnici moderne pentru a facilita via\u0163a locuitorilor. Cu o \u0219edin\u021b\u0103 de lucru la B\u0103l\u021bi au venit reprezentan\u021bii prim\u0103riei municipiului Cluj-Napoca. Vizita are loc ca rezultat al semn\u0103rii memorandumului dintre primarul municipiului B\u0103l\u021bi, Renato Usat\u00eei, [&hellip;]\" \/>\n<meta property=\"og:url\" content=\"https:\/\/www.btv.md\/ro\/oaspetii-din-cluj-napoca-despre-municipiul-balti\/\" \/>\n<meta property=\"og:site_name\" content=\"BTV\" \/>\n<meta property=\"article:publisher\" content=\"https:\/\/www.facebook.com\/btvmoldova\/\" \/>\n<meta property=\"article:published_time\" content=\"2016-03-28T16:03:51+00:00\" \/>\n<meta property=\"og:image\" content=\"https:\/\/www.btv.md\/wp-content\/uploads\/2016\/03\/SEDINTA.png\" \/>\n\t<meta property=\"og:image:width\" content=\"1013\" \/>\n\t<meta property=\"og:image:height\" content=\"577\" \/>\n\t<meta property=\"og:image:type\" content=\"image\/png\" \/>\n<meta name=\"author\" content=\"admin\" \/>\n<meta name=\"twitter:label1\" content=\"Scris de\" \/>\n\t<meta name=\"twitter:data1\" content=\"admin\" \/>\n\t<meta name=\"twitter:label2\" content=\"Timp estimat pentru citire\" \/>\n\t<meta name=\"twitter:data2\" content=\"2 minute\" \/>\n<script type=\"application\/ld+json\" class=\"yoast-schema-graph\">{\"@context\":\"https:\\\/\\\/schema.org\",\"@graph\":[{\"@type\":\"Article\",\"@id\":\"https:\\\/\\\/www.btv.md\\\/ro\\\/oaspetii-din-cluj-napoca-despre-municipiul-balti\\\/#article\",\"isPartOf\":{\"@id\":\"https:\\\/\\\/www.btv.md\\\/ro\\\/oaspetii-din-cluj-napoca-despre-municipiul-balti\\\/\"},\"author\":{\"name\":\"admin\",\"@id\":\"https:\\\/\\\/www.btv.md\\\/#\\\/schema\\\/person\\\/8fadce81561b3ce2c34c46dadc4ccbf2\"},\"headline\":\"OASPE\u021aII DIN CLUJ-NAPOCA DESPRE MUNICIPIUL B\u0102L\u021aI\",\"datePublished\":\"2016-03-28T16:03:51+00:00\",\"mainEntityOfPage\":{\"@id\":\"https:\\\/\\\/www.btv.md\\\/ro\\\/oaspetii-din-cluj-napoca-despre-municipiul-balti\\\/\"},\"wordCount\":494,\"image\":{\"@id\":\"https:\\\/\\\/www.btv.md\\\/ro\\\/oaspetii-din-cluj-napoca-despre-municipiul-balti\\\/#primaryimage\"},\"thumbnailUrl\":\"https:\\\/\\\/www.btv.md\\\/wp-content\\\/uploads\\\/2016\\\/03\\\/SEDINTA.png\",\"articleSection\":[\"Ora\u0219\"],\"inLanguage\":\"ro-RO\"},{\"@type\":\"WebPage\",\"@id\":\"https:\\\/\\\/www.btv.md\\\/ro\\\/oaspetii-din-cluj-napoca-despre-municipiul-balti\\\/\",\"url\":\"https:\\\/\\\/www.btv.md\\\/ro\\\/oaspetii-din-cluj-napoca-despre-municipiul-balti\\\/\",\"name\":\"OASPE\u021aII DIN CLUJ-NAPOCA DESPRE MUNICIPIUL B\u0102L\u021aI - BTV\",\"isPartOf\":{\"@id\":\"https:\\\/\\\/www.btv.md\\\/#website\"},\"primaryImageOfPage\":{\"@id\":\"https:\\\/\\\/www.btv.md\\\/ro\\\/oaspetii-din-cluj-napoca-despre-municipiul-balti\\\/#primaryimage\"},\"image\":{\"@id\":\"https:\\\/\\\/www.btv.md\\\/ro\\\/oaspetii-din-cluj-napoca-despre-municipiul-balti\\\/#primaryimage\"},\"thumbnailUrl\":\"https:\\\/\\\/www.btv.md\\\/wp-content\\\/uploads\\\/2016\\\/03\\\/SEDINTA.png\",\"datePublished\":\"2016-03-28T16:03:51+00:00\",\"author\":{\"@id\":\"https:\\\/\\\/www.btv.md\\\/#\\\/schema\\\/person\\\/8fadce81561b3ce2c34c46dadc4ccbf2\"},\"inLanguage\":\"ro-RO\",\"potentialAction\":[{\"@type\":\"ReadAction\",\"target\":[\"https:\\\/\\\/www.btv.md\\\/ro\\\/oaspetii-din-cluj-napoca-despre-municipiul-balti\\\/\"]}]},{\"@type\":\"ImageObject\",\"inLanguage\":\"ro-RO\",\"@id\":\"https:\\\/\\\/www.btv.md\\\/ro\\\/oaspetii-din-cluj-napoca-despre-municipiul-balti\\\/#primaryimage\",\"url\":\"https:\\\/\\\/www.btv.md\\\/wp-content\\\/uploads\\\/2016\\\/03\\\/SEDINTA.png\",\"contentUrl\":\"https:\\\/\\\/www.btv.md\\\/wp-content\\\/uploads\\\/2016\\\/03\\\/SEDINTA.png\",\"width\":1013,\"height\":577},{\"@type\":\"WebSite\",\"@id\":\"https:\\\/\\\/www.btv.md\\\/#website\",\"url\":\"https:\\\/\\\/www.btv.md\\\/\",\"name\":\"BTV\",\"description\":\"\u0411\u0435\u043b\u044c\u0446\u043a\u043e\u0435 \u0442\u0435\u043b\u0435\u0432\u0438\u0434\u0435\u043d\u0438\u0435\",\"potentialAction\":[{\"@type\":\"SearchAction\",\"target\":{\"@type\":\"EntryPoint\",\"urlTemplate\":\"https:\\\/\\\/www.btv.md\\\/?s={search_term_string}\"},\"query-input\":{\"@type\":\"PropertyValueSpecification\",\"valueRequired\":true,\"valueName\":\"search_term_string\"}}],\"inLanguage\":\"ro-RO\"},{\"@type\":\"Person\",\"@id\":\"https:\\\/\\\/www.btv.md\\\/#\\\/schema\\\/person\\\/8fadce81561b3ce2c34c46dadc4ccbf2\",\"name\":\"admin\"}]}<\/script>\n<!-- \/ Yoast SEO plugin. -->","yoast_head_json":{"title":"OASPE\u021aII DIN CLUJ-NAPOCA DESPRE MUNICIPIUL B\u0102L\u021aI - BTV","robots":{"index":"index","follow":"follow","max-snippet":"max-snippet:-1","max-image-preview":"max-image-preview:large","max-video-preview":"max-video-preview:-1"},"canonical":"https:\/\/www.btv.md\/ro\/oaspetii-din-cluj-napoca-despre-municipiul-balti\/","og_locale":"ro_RO","og_type":"article","og_title":"OASPE\u021aII DIN CLUJ-NAPOCA DESPRE MUNICIPIUL B\u0102L\u021aI - BTV","og_description":"Municipiul B\u0103l\u021bi a mai p\u0103\u0219it o treapt\u0103 spre implementarea proiectului Uniunii Europene \u201eSmart City\u201d, un ora\u015f care folose\u015fte solu\u0163ii inteligente \u015fi tehnici moderne pentru a facilita via\u0163a locuitorilor. Cu o \u0219edin\u021b\u0103 de lucru la B\u0103l\u021bi au venit reprezentan\u021bii prim\u0103riei municipiului Cluj-Napoca. Vizita are loc ca rezultat al semn\u0103rii memorandumului dintre primarul municipiului B\u0103l\u021bi, Renato Usat\u00eei, [&hellip;]","og_url":"https:\/\/www.btv.md\/ro\/oaspetii-din-cluj-napoca-despre-municipiul-balti\/","og_site_name":"BTV","article_publisher":"https:\/\/www.facebook.com\/btvmoldova\/","article_published_time":"2016-03-28T16:03:51+00:00","og_image":[{"width":1013,"height":577,"url":"https:\/\/www.btv.md\/wp-content\/uploads\/2016\/03\/SEDINTA.png","type":"image\/png"}],"author":"admin","twitter_misc":{"Scris de":"admin","Timp estimat pentru citire":"2 minute"},"schema":{"@context":"https:\/\/schema.org","@graph":[{"@type":"Article","@id":"https:\/\/www.btv.md\/ro\/oaspetii-din-cluj-napoca-despre-municipiul-balti\/#article","isPartOf":{"@id":"https:\/\/www.btv.md\/ro\/oaspetii-din-cluj-napoca-despre-municipiul-balti\/"},"author":{"name":"admin","@id":"https:\/\/www.btv.md\/#\/schema\/person\/8fadce81561b3ce2c34c46dadc4ccbf2"},"headline":"OASPE\u021aII DIN CLUJ-NAPOCA DESPRE MUNICIPIUL B\u0102L\u021aI","datePublished":"2016-03-28T16:03:51+00:00","mainEntityOfPage":{"@id":"https:\/\/www.btv.md\/ro\/oaspetii-din-cluj-napoca-despre-municipiul-balti\/"},"wordCount":494,"image":{"@id":"https:\/\/www.btv.md\/ro\/oaspetii-din-cluj-napoca-despre-municipiul-balti\/#primaryimage"},"thumbnailUrl":"https:\/\/www.btv.md\/wp-content\/uploads\/2016\/03\/SEDINTA.png","articleSection":["Ora\u0219"],"inLanguage":"ro-RO"},{"@type":"WebPage","@id":"https:\/\/www.btv.md\/ro\/oaspetii-din-cluj-napoca-despre-municipiul-balti\/","url":"https:\/\/www.btv.md\/ro\/oaspetii-din-cluj-napoca-despre-municipiul-balti\/","name":"OASPE\u021aII DIN CLUJ-NAPOCA DESPRE MUNICIPIUL B\u0102L\u021aI - BTV","isPartOf":{"@id":"https:\/\/www.btv.md\/#website"},"primaryImageOfPage":{"@id":"https:\/\/www.btv.md\/ro\/oaspetii-din-cluj-napoca-despre-municipiul-balti\/#primaryimage"},"image":{"@id":"https:\/\/www.btv.md\/ro\/oaspetii-din-cluj-napoca-despre-municipiul-balti\/#primaryimage"},"thumbnailUrl":"https:\/\/www.btv.md\/wp-content\/uploads\/2016\/03\/SEDINTA.png","datePublished":"2016-03-28T16:03:51+00:00","author":{"@id":"https:\/\/www.btv.md\/#\/schema\/person\/8fadce81561b3ce2c34c46dadc4ccbf2"},"inLanguage":"ro-RO","potentialAction":[{"@type":"ReadAction","target":["https:\/\/www.btv.md\/ro\/oaspetii-din-cluj-napoca-despre-municipiul-balti\/"]}]},{"@type":"ImageObject","inLanguage":"ro-RO","@id":"https:\/\/www.btv.md\/ro\/oaspetii-din-cluj-napoca-despre-municipiul-balti\/#primaryimage","url":"https:\/\/www.btv.md\/wp-content\/uploads\/2016\/03\/SEDINTA.png","contentUrl":"https:\/\/www.btv.md\/wp-content\/uploads\/2016\/03\/SEDINTA.png","width":1013,"height":577},{"@type":"WebSite","@id":"https:\/\/www.btv.md\/#website","url":"https:\/\/www.btv.md\/","name":"BTV","description":"\u0411\u0435\u043b\u044c\u0446\u043a\u043e\u0435 \u0442\u0435\u043b\u0435\u0432\u0438\u0434\u0435\u043d\u0438\u0435","potentialAction":[{"@type":"SearchAction","target":{"@type":"EntryPoint","urlTemplate":"https:\/\/www.btv.md\/?s={search_term_string}"},"query-input":{"@type":"PropertyValueSpecification","valueRequired":true,"valueName":"search_term_string"}}],"inLanguage":"ro-RO"},{"@type":"Person","@id":"https:\/\/www.btv.md\/#\/schema\/person\/8fadce81561b3ce2c34c46dadc4ccbf2","name":"admin"}]}},"_links":{"self":[{"href":"https:\/\/www.btv.md\/ro\/wp-json\/wp\/v2\/posts\/9750","targetHints":{"allow":["GET"]}}],"collection":[{"href":"https:\/\/www.btv.md\/ro\/wp-json\/wp\/v2\/posts"}],"about":[{"href":"https:\/\/www.btv.md\/ro\/wp-json\/wp\/v2\/types\/post"}],"author":[{"embeddable":true,"href":"https:\/\/www.btv.md\/ro\/wp-json\/wp\/v2\/users\/4"}],"replies":[{"embeddable":true,"href":"https:\/\/www.btv.md\/ro\/wp-json\/wp\/v2\/comments?post=9750"}],"version-history":[{"count":0,"href":"https:\/\/www.btv.md\/ro\/wp-json\/wp\/v2\/posts\/9750\/revisions"}],"wp:featuredmedia":[{"embeddable":true,"href":"https:\/\/www.btv.md\/ro\/wp-json\/wp\/v2\/media\/9751"}],"wp:attachment":[{"href":"https:\/\/www.btv.md\/ro\/wp-json\/wp\/v2\/media?parent=9750"}],"wp:term":[{"taxonomy":"category","embeddable":true,"href":"https:\/\/www.btv.md\/ro\/wp-json\/wp\/v2\/categories?post=9750"},{"taxonomy":"post_tag","embeddable":true,"href":"https:\/\/www.btv.md\/ro\/wp-json\/wp\/v2\/tags?post=9750"}],"curies":[{"name":"wp","href":"https:\/\/api.w.org\/{rel}","templated":true}]}}