{"id":97770,"date":"2020-09-29T11:55:26","date_gmt":"2020-09-29T08:55:26","guid":{"rendered":"http:\/\/www.btv.md\/?p=97770"},"modified":"2020-09-29T11:55:26","modified_gmt":"2020-09-29T08:55:26","slug":"ploaia-torentiala-a-facut-prapad-in-chisinau-mai-multe-strazi-au-fost-transformate-in-rauri","status":"publish","type":"post","link":"https:\/\/www.btv.md\/ro\/ploaia-torentiala-a-facut-prapad-in-chisinau-mai-multe-strazi-au-fost-transformate-in-rauri\/","title":{"rendered":"Ploaia toren\u021bial\u0103 a f\u0103cut pr\u0103p\u0103d \u00een Chi\u0219in\u0103u. Mai multe str\u0103zi au fost transformate \u00een r\u00e2uri"},"content":{"rendered":"<p><strong>Printre arterele inundate \u00een Chi\u0219in\u0103u de ploaia puternic\u0103 de ast\u0103zi se num\u0103r\u0103 \u0219i strada Albi\u0219oar\u0103. Fotografii de la fa\u021ba locului au fost postate de edilul Capitalei pe pagina sa de facebook. Din imagini se vede c\u0103 \u0219uvoaiele de ap\u0103 au acoperit \u00een totalitate strada Albi\u0219oar\u0103, scrie <a href=\"https:\/\/cotidianul.md\/2020\/09\/29\/ploaia-torentiala-a-facut-prapad-in-chisinau-mai-multe-strazi-au-fost-transformate-in-rauri\/\">cotidianul.md<\/a><\/strong><\/p>\n<figure id=\"attachment_141532\" class=\"wp-caption alignnone\" aria-describedby=\"caption-attachment-141532\"><img decoding=\"async\" class=\"size-medium wp-image-141532 lazyload\" data-src=\"https:\/\/cotidianul.md\/wp-content\/uploads\/2020\/09\/120350438_730714827480060_2921608717225329233_n-170x300.jpg\" data-sizes=\"(max-width: 170px) 100vw, 170px\" data-srcset=\"https:\/\/cotidianul.md\/wp-content\/uploads\/2020\/09\/120350438_730714827480060_2921608717225329233_n-170x300.jpg 170w, https:\/\/cotidianul.md\/wp-content\/uploads\/2020\/09\/120350438_730714827480060_2921608717225329233_n-581x1024.jpg 581w, https:\/\/cotidianul.md\/wp-content\/uploads\/2020\/09\/120350438_730714827480060_2921608717225329233_n-768x1353.jpg 768w, https:\/\/cotidianul.md\/wp-content\/uploads\/2020\/09\/120350438_730714827480060_2921608717225329233_n-872x1536.jpg 872w, https:\/\/cotidianul.md\/wp-content\/uploads\/2020\/09\/120350438_730714827480060_2921608717225329233_n-14x24.jpg 14w, https:\/\/cotidianul.md\/wp-content\/uploads\/2020\/09\/120350438_730714827480060_2921608717225329233_n-20x36.jpg 20w, https:\/\/cotidianul.md\/wp-content\/uploads\/2020\/09\/120350438_730714827480060_2921608717225329233_n-27x48.jpg 27w, https:\/\/cotidianul.md\/wp-content\/uploads\/2020\/09\/120350438_730714827480060_2921608717225329233_n.jpg 1125w\" alt=\"\" width=\"170\" height=\"300\" src=\"data:image\/svg+xml;base64,PHN2ZyB3aWR0aD0iMSIgaGVpZ2h0PSIxIiB4bWxucz0iaHR0cDovL3d3dy53My5vcmcvMjAwMC9zdmciPjwvc3ZnPg==\" style=\"--smush-placeholder-width: 170px; --smush-placeholder-aspect-ratio: 170\/300;\" \/><figcaption id=\"caption-attachment-141532\" class=\"wp-caption-text\">Foto: Iv Ceban\/\/ facebook.com<\/figcaption><\/figure>\n<figure id=\"attachment_141534\" class=\"wp-caption alignnone\" aria-describedby=\"caption-attachment-141534\"><img decoding=\"async\" class=\"size-medium wp-image-141534 lazyload\" data-src=\"https:\/\/cotidianul.md\/wp-content\/uploads\/2020\/09\/120531204_490976575119173_5612360382163587289_n-167x300.jpg\" data-sizes=\"(max-width: 167px) 100vw, 167px\" data-srcset=\"https:\/\/cotidianul.md\/wp-content\/uploads\/2020\/09\/120531204_490976575119173_5612360382163587289_n-167x300.jpg 167w, https:\/\/cotidianul.md\/wp-content\/uploads\/2020\/09\/120531204_490976575119173_5612360382163587289_n-572x1024.jpg 572w, https:\/\/cotidianul.md\/wp-content\/uploads\/2020\/09\/120531204_490976575119173_5612360382163587289_n-768x1376.jpg 768w, https:\/\/cotidianul.md\/wp-content\/uploads\/2020\/09\/120531204_490976575119173_5612360382163587289_n-858x1536.jpg 858w, https:\/\/cotidianul.md\/wp-content\/uploads\/2020\/09\/120531204_490976575119173_5612360382163587289_n-13x24.jpg 13w, https:\/\/cotidianul.md\/wp-content\/uploads\/2020\/09\/120531204_490976575119173_5612360382163587289_n-20x36.jpg 20w, https:\/\/cotidianul.md\/wp-content\/uploads\/2020\/09\/120531204_490976575119173_5612360382163587289_n-27x48.jpg 27w, https:\/\/cotidianul.md\/wp-content\/uploads\/2020\/09\/120531204_490976575119173_5612360382163587289_n.jpg 1125w\" alt=\"\" width=\"167\" height=\"300\" src=\"data:image\/svg+xml;base64,PHN2ZyB3aWR0aD0iMSIgaGVpZ2h0PSIxIiB4bWxucz0iaHR0cDovL3d3dy53My5vcmcvMjAwMC9zdmciPjwvc3ZnPg==\" style=\"--smush-placeholder-width: 167px; --smush-placeholder-aspect-ratio: 167\/300;\" \/><figcaption id=\"caption-attachment-141534\" class=\"wp-caption-text\">Foto: Iv Ceban\/\/ facebook.com<\/figcaption><\/figure>\n<p>Meteorologii au emis pentru ast\u0103zi cod galben de ploi \u0219i vijelie.<\/p>\n<p>Avertizarea este valabil\u0103 pe \u00eentreg teritoriul Republicii Moldova.<\/p>\n<p>Sursa: <a href=\"https:\/\/cotidianul.md\/2020\/09\/29\/ploaia-torentiala-a-facut-prapad-in-chisinau-mai-multe-strazi-au-fost-transformate-in-rauri\/\">cotidianul.md<\/a><\/p>\n","protected":false},"excerpt":{"rendered":"<p>Printre arterele inundate \u00een Chi\u0219in\u0103u de ploaia puternic\u0103 de ast\u0103zi se num\u0103r\u0103 \u0219i strada Albi\u0219oar\u0103. Fotografii de la fa\u021ba locului au fost postate de edilul Capitalei pe pagina sa de facebook. Din imagini se vede c\u0103 \u0219uvoaiele de ap\u0103 au acoperit \u00een totalitate strada Albi\u0219oar\u0103, scrie cotidianul.md Foto: Iv Ceban\/\/ facebook.com Foto: Iv Ceban\/\/ facebook.com [&hellip;]<\/p>\n","protected":false},"author":4,"featured_media":97771,"comment_status":"closed","ping_status":"closed","sticky":false,"template":"","format":"standard","meta":{"footnotes":""},"categories":[6349,6377],"tags":[7755,10200,18188],"class_list":["post-97770","post","type-post","status-publish","format-standard","has-post-thumbnail","hentry","category-social","category-stiri","tag-chisinau-ro","tag-meteorologii","tag-ploaia-torentiala"],"yoast_head":"<!-- This site is optimized with the Yoast SEO plugin v27.4 - https:\/\/yoast.com\/product\/yoast-seo-wordpress\/ -->\n<title>Ploaia toren\u021bial\u0103 a f\u0103cut pr\u0103p\u0103d \u00een Chi\u0219in\u0103u. Mai multe str\u0103zi au fost transformate \u00een r\u00e2uri - BTV<\/title>\n<meta name=\"robots\" content=\"index, follow, max-snippet:-1, max-image-preview:large, max-video-preview:-1\" \/>\n<link rel=\"canonical\" href=\"https:\/\/www.btv.md\/ro\/ploaia-torentiala-a-facut-prapad-in-chisinau-mai-multe-strazi-au-fost-transformate-in-rauri\/\" \/>\n<meta property=\"og:locale\" content=\"ro_RO\" \/>\n<meta property=\"og:type\" content=\"article\" \/>\n<meta property=\"og:title\" content=\"Ploaia toren\u021bial\u0103 a f\u0103cut pr\u0103p\u0103d \u00een Chi\u0219in\u0103u. Mai multe str\u0103zi au fost transformate \u00een r\u00e2uri - BTV\" \/>\n<meta property=\"og:description\" content=\"Printre arterele inundate \u00een Chi\u0219in\u0103u de ploaia puternic\u0103 de ast\u0103zi se num\u0103r\u0103 \u0219i strada Albi\u0219oar\u0103. Fotografii de la fa\u021ba locului au fost postate de edilul Capitalei pe pagina sa de facebook. Din imagini se vede c\u0103 \u0219uvoaiele de ap\u0103 au acoperit \u00een totalitate strada Albi\u0219oar\u0103, scrie cotidianul.md Foto: Iv Ceban\/\/ facebook.com Foto: Iv Ceban\/\/ facebook.com [&hellip;]\" \/>\n<meta property=\"og:url\" content=\"https:\/\/www.btv.md\/ro\/ploaia-torentiala-a-facut-prapad-in-chisinau-mai-multe-strazi-au-fost-transformate-in-rauri\/\" \/>\n<meta property=\"og:site_name\" content=\"BTV\" \/>\n<meta property=\"article:publisher\" content=\"https:\/\/www.facebook.com\/btvmoldova\/\" \/>\n<meta property=\"article:published_time\" content=\"2020-09-29T08:55:26+00:00\" \/>\n<meta property=\"og:image\" content=\"https:\/\/www.btv.md\/wp-content\/uploads\/2020\/09\/120446045_692905901313288_6787807598976854194_o-1.jpg\" \/>\n\t<meta property=\"og:image:width\" content=\"720\" \/>\n\t<meta property=\"og:image:height\" content=\"1280\" \/>\n\t<meta property=\"og:image:type\" content=\"image\/jpeg\" \/>\n<meta name=\"author\" content=\"admin\" \/>\n<meta name=\"twitter:label1\" content=\"Scris de\" \/>\n\t<meta name=\"twitter:data1\" content=\"admin\" \/>\n<script type=\"application\/ld+json\" class=\"yoast-schema-graph\">{\"@context\":\"https:\\\/\\\/schema.org\",\"@graph\":[{\"@type\":\"Article\",\"@id\":\"https:\\\/\\\/www.btv.md\\\/ro\\\/ploaia-torentiala-a-facut-prapad-in-chisinau-mai-multe-strazi-au-fost-transformate-in-rauri\\\/#article\",\"isPartOf\":{\"@id\":\"https:\\\/\\\/www.btv.md\\\/ro\\\/ploaia-torentiala-a-facut-prapad-in-chisinau-mai-multe-strazi-au-fost-transformate-in-rauri\\\/\"},\"author\":{\"name\":\"admin\",\"@id\":\"https:\\\/\\\/www.btv.md\\\/#\\\/schema\\\/person\\\/8fadce81561b3ce2c34c46dadc4ccbf2\"},\"headline\":\"Ploaia toren\u021bial\u0103 a f\u0103cut pr\u0103p\u0103d \u00een Chi\u0219in\u0103u. Mai multe str\u0103zi au fost transformate \u00een r\u00e2uri\",\"datePublished\":\"2020-09-29T08:55:26+00:00\",\"mainEntityOfPage\":{\"@id\":\"https:\\\/\\\/www.btv.md\\\/ro\\\/ploaia-torentiala-a-facut-prapad-in-chisinau-mai-multe-strazi-au-fost-transformate-in-rauri\\\/\"},\"wordCount\":111,\"image\":{\"@id\":\"https:\\\/\\\/www.btv.md\\\/ro\\\/ploaia-torentiala-a-facut-prapad-in-chisinau-mai-multe-strazi-au-fost-transformate-in-rauri\\\/#primaryimage\"},\"thumbnailUrl\":\"https:\\\/\\\/www.btv.md\\\/wp-content\\\/uploads\\\/2020\\\/09\\\/120446045_692905901313288_6787807598976854194_o-1.jpg\",\"keywords\":[\"Chi\u0219in\u0103u\",\"meteorologii\",\"Ploaia toren\u021bial\u0103\"],\"articleSection\":[\"Social\",\"\u0218tiri\"],\"inLanguage\":\"ro-RO\"},{\"@type\":\"WebPage\",\"@id\":\"https:\\\/\\\/www.btv.md\\\/ro\\\/ploaia-torentiala-a-facut-prapad-in-chisinau-mai-multe-strazi-au-fost-transformate-in-rauri\\\/\",\"url\":\"https:\\\/\\\/www.btv.md\\\/ro\\\/ploaia-torentiala-a-facut-prapad-in-chisinau-mai-multe-strazi-au-fost-transformate-in-rauri\\\/\",\"name\":\"Ploaia toren\u021bial\u0103 a f\u0103cut pr\u0103p\u0103d \u00een Chi\u0219in\u0103u. Mai multe str\u0103zi au fost transformate \u00een r\u00e2uri - BTV\",\"isPartOf\":{\"@id\":\"https:\\\/\\\/www.btv.md\\\/#website\"},\"primaryImageOfPage\":{\"@id\":\"https:\\\/\\\/www.btv.md\\\/ro\\\/ploaia-torentiala-a-facut-prapad-in-chisinau-mai-multe-strazi-au-fost-transformate-in-rauri\\\/#primaryimage\"},\"image\":{\"@id\":\"https:\\\/\\\/www.btv.md\\\/ro\\\/ploaia-torentiala-a-facut-prapad-in-chisinau-mai-multe-strazi-au-fost-transformate-in-rauri\\\/#primaryimage\"},\"thumbnailUrl\":\"https:\\\/\\\/www.btv.md\\\/wp-content\\\/uploads\\\/2020\\\/09\\\/120446045_692905901313288_6787807598976854194_o-1.jpg\",\"datePublished\":\"2020-09-29T08:55:26+00:00\",\"author\":{\"@id\":\"https:\\\/\\\/www.btv.md\\\/#\\\/schema\\\/person\\\/8fadce81561b3ce2c34c46dadc4ccbf2\"},\"inLanguage\":\"ro-RO\",\"potentialAction\":[{\"@type\":\"ReadAction\",\"target\":[\"https:\\\/\\\/www.btv.md\\\/ro\\\/ploaia-torentiala-a-facut-prapad-in-chisinau-mai-multe-strazi-au-fost-transformate-in-rauri\\\/\"]}]},{\"@type\":\"ImageObject\",\"inLanguage\":\"ro-RO\",\"@id\":\"https:\\\/\\\/www.btv.md\\\/ro\\\/ploaia-torentiala-a-facut-prapad-in-chisinau-mai-multe-strazi-au-fost-transformate-in-rauri\\\/#primaryimage\",\"url\":\"https:\\\/\\\/www.btv.md\\\/wp-content\\\/uploads\\\/2020\\\/09\\\/120446045_692905901313288_6787807598976854194_o-1.jpg\",\"contentUrl\":\"https:\\\/\\\/www.btv.md\\\/wp-content\\\/uploads\\\/2020\\\/09\\\/120446045_692905901313288_6787807598976854194_o-1.jpg\",\"width\":720,\"height\":1280},{\"@type\":\"WebSite\",\"@id\":\"https:\\\/\\\/www.btv.md\\\/#website\",\"url\":\"https:\\\/\\\/www.btv.md\\\/\",\"name\":\"BTV\",\"description\":\"\u0411\u0435\u043b\u044c\u0446\u043a\u043e\u0435 \u0442\u0435\u043b\u0435\u0432\u0438\u0434\u0435\u043d\u0438\u0435\",\"potentialAction\":[{\"@type\":\"SearchAction\",\"target\":{\"@type\":\"EntryPoint\",\"urlTemplate\":\"https:\\\/\\\/www.btv.md\\\/?s={search_term_string}\"},\"query-input\":{\"@type\":\"PropertyValueSpecification\",\"valueRequired\":true,\"valueName\":\"search_term_string\"}}],\"inLanguage\":\"ro-RO\"},{\"@type\":\"Person\",\"@id\":\"https:\\\/\\\/www.btv.md\\\/#\\\/schema\\\/person\\\/8fadce81561b3ce2c34c46dadc4ccbf2\",\"name\":\"admin\"}]}<\/script>\n<!-- \/ Yoast SEO plugin. -->","yoast_head_json":{"title":"Ploaia toren\u021bial\u0103 a f\u0103cut pr\u0103p\u0103d \u00een Chi\u0219in\u0103u. Mai multe str\u0103zi au fost transformate \u00een r\u00e2uri - BTV","robots":{"index":"index","follow":"follow","max-snippet":"max-snippet:-1","max-image-preview":"max-image-preview:large","max-video-preview":"max-video-preview:-1"},"canonical":"https:\/\/www.btv.md\/ro\/ploaia-torentiala-a-facut-prapad-in-chisinau-mai-multe-strazi-au-fost-transformate-in-rauri\/","og_locale":"ro_RO","og_type":"article","og_title":"Ploaia toren\u021bial\u0103 a f\u0103cut pr\u0103p\u0103d \u00een Chi\u0219in\u0103u. Mai multe str\u0103zi au fost transformate \u00een r\u00e2uri - BTV","og_description":"Printre arterele inundate \u00een Chi\u0219in\u0103u de ploaia puternic\u0103 de ast\u0103zi se num\u0103r\u0103 \u0219i strada Albi\u0219oar\u0103. Fotografii de la fa\u021ba locului au fost postate de edilul Capitalei pe pagina sa de facebook. Din imagini se vede c\u0103 \u0219uvoaiele de ap\u0103 au acoperit \u00een totalitate strada Albi\u0219oar\u0103, scrie cotidianul.md Foto: Iv Ceban\/\/ facebook.com Foto: Iv Ceban\/\/ facebook.com [&hellip;]","og_url":"https:\/\/www.btv.md\/ro\/ploaia-torentiala-a-facut-prapad-in-chisinau-mai-multe-strazi-au-fost-transformate-in-rauri\/","og_site_name":"BTV","article_publisher":"https:\/\/www.facebook.com\/btvmoldova\/","article_published_time":"2020-09-29T08:55:26+00:00","og_image":[{"width":720,"height":1280,"url":"https:\/\/www.btv.md\/wp-content\/uploads\/2020\/09\/120446045_692905901313288_6787807598976854194_o-1.jpg","type":"image\/jpeg"}],"author":"admin","twitter_misc":{"Scris de":"admin"},"schema":{"@context":"https:\/\/schema.org","@graph":[{"@type":"Article","@id":"https:\/\/www.btv.md\/ro\/ploaia-torentiala-a-facut-prapad-in-chisinau-mai-multe-strazi-au-fost-transformate-in-rauri\/#article","isPartOf":{"@id":"https:\/\/www.btv.md\/ro\/ploaia-torentiala-a-facut-prapad-in-chisinau-mai-multe-strazi-au-fost-transformate-in-rauri\/"},"author":{"name":"admin","@id":"https:\/\/www.btv.md\/#\/schema\/person\/8fadce81561b3ce2c34c46dadc4ccbf2"},"headline":"Ploaia toren\u021bial\u0103 a f\u0103cut pr\u0103p\u0103d \u00een Chi\u0219in\u0103u. Mai multe str\u0103zi au fost transformate \u00een r\u00e2uri","datePublished":"2020-09-29T08:55:26+00:00","mainEntityOfPage":{"@id":"https:\/\/www.btv.md\/ro\/ploaia-torentiala-a-facut-prapad-in-chisinau-mai-multe-strazi-au-fost-transformate-in-rauri\/"},"wordCount":111,"image":{"@id":"https:\/\/www.btv.md\/ro\/ploaia-torentiala-a-facut-prapad-in-chisinau-mai-multe-strazi-au-fost-transformate-in-rauri\/#primaryimage"},"thumbnailUrl":"https:\/\/www.btv.md\/wp-content\/uploads\/2020\/09\/120446045_692905901313288_6787807598976854194_o-1.jpg","keywords":["Chi\u0219in\u0103u","meteorologii","Ploaia toren\u021bial\u0103"],"articleSection":["Social","\u0218tiri"],"inLanguage":"ro-RO"},{"@type":"WebPage","@id":"https:\/\/www.btv.md\/ro\/ploaia-torentiala-a-facut-prapad-in-chisinau-mai-multe-strazi-au-fost-transformate-in-rauri\/","url":"https:\/\/www.btv.md\/ro\/ploaia-torentiala-a-facut-prapad-in-chisinau-mai-multe-strazi-au-fost-transformate-in-rauri\/","name":"Ploaia toren\u021bial\u0103 a f\u0103cut pr\u0103p\u0103d \u00een Chi\u0219in\u0103u. Mai multe str\u0103zi au fost transformate \u00een r\u00e2uri - BTV","isPartOf":{"@id":"https:\/\/www.btv.md\/#website"},"primaryImageOfPage":{"@id":"https:\/\/www.btv.md\/ro\/ploaia-torentiala-a-facut-prapad-in-chisinau-mai-multe-strazi-au-fost-transformate-in-rauri\/#primaryimage"},"image":{"@id":"https:\/\/www.btv.md\/ro\/ploaia-torentiala-a-facut-prapad-in-chisinau-mai-multe-strazi-au-fost-transformate-in-rauri\/#primaryimage"},"thumbnailUrl":"https:\/\/www.btv.md\/wp-content\/uploads\/2020\/09\/120446045_692905901313288_6787807598976854194_o-1.jpg","datePublished":"2020-09-29T08:55:26+00:00","author":{"@id":"https:\/\/www.btv.md\/#\/schema\/person\/8fadce81561b3ce2c34c46dadc4ccbf2"},"inLanguage":"ro-RO","potentialAction":[{"@type":"ReadAction","target":["https:\/\/www.btv.md\/ro\/ploaia-torentiala-a-facut-prapad-in-chisinau-mai-multe-strazi-au-fost-transformate-in-rauri\/"]}]},{"@type":"ImageObject","inLanguage":"ro-RO","@id":"https:\/\/www.btv.md\/ro\/ploaia-torentiala-a-facut-prapad-in-chisinau-mai-multe-strazi-au-fost-transformate-in-rauri\/#primaryimage","url":"https:\/\/www.btv.md\/wp-content\/uploads\/2020\/09\/120446045_692905901313288_6787807598976854194_o-1.jpg","contentUrl":"https:\/\/www.btv.md\/wp-content\/uploads\/2020\/09\/120446045_692905901313288_6787807598976854194_o-1.jpg","width":720,"height":1280},{"@type":"WebSite","@id":"https:\/\/www.btv.md\/#website","url":"https:\/\/www.btv.md\/","name":"BTV","description":"\u0411\u0435\u043b\u044c\u0446\u043a\u043e\u0435 \u0442\u0435\u043b\u0435\u0432\u0438\u0434\u0435\u043d\u0438\u0435","potentialAction":[{"@type":"SearchAction","target":{"@type":"EntryPoint","urlTemplate":"https:\/\/www.btv.md\/?s={search_term_string}"},"query-input":{"@type":"PropertyValueSpecification","valueRequired":true,"valueName":"search_term_string"}}],"inLanguage":"ro-RO"},{"@type":"Person","@id":"https:\/\/www.btv.md\/#\/schema\/person\/8fadce81561b3ce2c34c46dadc4ccbf2","name":"admin"}]}},"_links":{"self":[{"href":"https:\/\/www.btv.md\/ro\/wp-json\/wp\/v2\/posts\/97770","targetHints":{"allow":["GET"]}}],"collection":[{"href":"https:\/\/www.btv.md\/ro\/wp-json\/wp\/v2\/posts"}],"about":[{"href":"https:\/\/www.btv.md\/ro\/wp-json\/wp\/v2\/types\/post"}],"author":[{"embeddable":true,"href":"https:\/\/www.btv.md\/ro\/wp-json\/wp\/v2\/users\/4"}],"replies":[{"embeddable":true,"href":"https:\/\/www.btv.md\/ro\/wp-json\/wp\/v2\/comments?post=97770"}],"version-history":[{"count":0,"href":"https:\/\/www.btv.md\/ro\/wp-json\/wp\/v2\/posts\/97770\/revisions"}],"wp:featuredmedia":[{"embeddable":true,"href":"https:\/\/www.btv.md\/ro\/wp-json\/wp\/v2\/media\/97771"}],"wp:attachment":[{"href":"https:\/\/www.btv.md\/ro\/wp-json\/wp\/v2\/media?parent=97770"}],"wp:term":[{"taxonomy":"category","embeddable":true,"href":"https:\/\/www.btv.md\/ro\/wp-json\/wp\/v2\/categories?post=97770"},{"taxonomy":"post_tag","embeddable":true,"href":"https:\/\/www.btv.md\/ro\/wp-json\/wp\/v2\/tags?post=97770"}],"curies":[{"name":"wp","href":"https:\/\/api.w.org\/{rel}","templated":true}]}}