{"id":97807,"date":"2020-09-29T13:06:35","date_gmt":"2020-09-29T10:06:35","guid":{"rendered":"http:\/\/www.btv.md\/?p=97807"},"modified":"2020-09-29T13:06:35","modified_gmt":"2020-09-29T10:06:35","slug":"video-chisinaul-luat-prin-surprindere-din-nou-strazile-capitalei-au-fost-tranformate-in-rauri","status":"publish","type":"post","link":"https:\/\/www.btv.md\/ro\/video-chisinaul-luat-prin-surprindere-din-nou-strazile-capitalei-au-fost-tranformate-in-rauri\/","title":{"rendered":"(Video) Chi\u0219in\u0103ul, luat prin surprindere din nou. Str\u0103zile capitalei au fost tranformate \u00een r\u00e2uri"},"content":{"rendered":"<p><strong>Chi\u0219in\u0103ul a fost inundat \u00een aceast\u0103 diminea\u021b\u0103 \u00een urma ploilor abundente. Str\u0103zile sunt pline cu ap\u0103, iar la aceast\u0103 or\u0103 cu greu se circul\u0103 prin capital\u0103, relateaz\u0103 <a href=\"https:\/\/tv8.md\/2020\/09\/29\/video-foto-chisinaul-luat-prin-surprindere-din-nou-strazile-capitalei-au-fost-tranformate-in-rauri\/\">tv8.md<\/a><\/strong><\/p>\n<p>Amintim c\u0103, Serviciului Hidrometeorologic de Stat, a emis mai multe avertismente pentru zilele de 29-30 septembrie, c\u00e2nd se prev\u0103d averse \u00eenso\u021bite de desc\u0103rc\u0103ri electrice cu grindin\u0103 \u0219i intensific\u0103ri ale v\u00e2ntului.<\/p>\n<p>\u00cen acela\u0219i timp, Prim\u0103ria municipiului Chi\u0219in\u0103u \u00eendeamn\u0103 cet\u0103\u021benii \u0219i agen\u021bii economici s\u0103 fie pruden\u021bi \u0219i s\u0103 \u021bin\u0103 cont de recomand\u0103rilor speciali\u0219tilor.<\/p>\n<p>Cet\u0103\u021benii sunt \u00eendemna\u021bi s\u0103 evite aflarea sub arbori, linii electrice \u0219i construc\u021bii u\u0219oare. De asemenea, conduc\u0103torii auto sunt aten\u021biona\u021bi s\u0103 nu parcheze automobilele sub copaci \u0219i \u00een locurile joase, unde se pot forma acumul\u0103ri mari de ap\u0103.<\/p>\n<p>Vede\u021bi mai jos mai multe imagini postate pe re\u021belele sociale de c\u0103tre chi\u0219in\u0103uieni.<\/p>\n<div id=\"attachment_340379\" class=\"wp-caption aligncenter\"><img decoding=\"async\" class=\"wp-image-340379 size-full lazyload\" data-src=\"https:\/\/tv8.md\/wp-content\/uploads\/2020\/09\/inundatii.jpg\" data-sizes=\"(max-width: 720px) 100vw, 720px\" data-srcset=\"https:\/\/tv8.md\/wp-content\/uploads\/2020\/09\/inundatii.jpg 720w, https:\/\/tv8.md\/wp-content\/uploads\/2020\/09\/inundatii-225x300.jpg 225w\" alt=\"\" width=\"720\" height=\"960\" aria-describedby=\"caption-attachment-340379\" src=\"data:image\/svg+xml;base64,PHN2ZyB3aWR0aD0iMSIgaGVpZ2h0PSIxIiB4bWxucz0iaHR0cDovL3d3dy53My5vcmcvMjAwMC9zdmciPjwvc3ZnPg==\" style=\"--smush-placeholder-width: 720px; --smush-placeholder-aspect-ratio: 720\/960;\" \/><\/p>\n<p id=\"caption-attachment-340379\" class=\"wp-caption-text\">Foto Facebook\/ Maru Maru<\/p>\n<\/div>\n<div id=\"attachment_340381\" class=\"wp-caption aligncenter\"><img decoding=\"async\" class=\"wp-image-340381 size-full lazyload\" data-src=\"https:\/\/tv8.md\/wp-content\/uploads\/2020\/09\/inundatii1.jpg\" data-sizes=\"(max-width: 750px) 100vw, 750px\" data-srcset=\"https:\/\/tv8.md\/wp-content\/uploads\/2020\/09\/inundatii1.jpg 750w, https:\/\/tv8.md\/wp-content\/uploads\/2020\/09\/inundatii1-225x300.jpg 225w\" alt=\"\" width=\"750\" height=\"1000\" aria-describedby=\"caption-attachment-340381\" src=\"data:image\/svg+xml;base64,PHN2ZyB3aWR0aD0iMSIgaGVpZ2h0PSIxIiB4bWxucz0iaHR0cDovL3d3dy53My5vcmcvMjAwMC9zdmciPjwvc3ZnPg==\" style=\"--smush-placeholder-width: 750px; --smush-placeholder-aspect-ratio: 750\/1000;\" \/><\/p>\n<p id=\"caption-attachment-340381\" class=\"wp-caption-text\">Foto Facebook\/ \u0414\u043c\u0438\u0442\u0440\u0438\u0439 \u0412\u043b\u0430\u0434\u0438\u043c\u0438\u0440\u043e\u0432\u0438\u0447<\/p>\n<div class=\"sens-advertising\">\n<div id=\"div-gpt-ad-1593159583658-1390921214\"><\/div>\n<\/div>\n<\/div>\n<div id=\"attachment_340385\" class=\"wp-caption alignleft\"><img decoding=\"async\" class=\"wp-image-340385 size-full lazyload\" data-src=\"https:\/\/tv8.md\/wp-content\/uploads\/2020\/09\/inundatii2.jpg\" data-sizes=\"(max-width: 700px) 100vw, 700px\" data-srcset=\"https:\/\/tv8.md\/wp-content\/uploads\/2020\/09\/inundatii2.jpg 700w, https:\/\/tv8.md\/wp-content\/uploads\/2020\/09\/inundatii2-300x195.jpg 300w, https:\/\/tv8.md\/wp-content\/uploads\/2020\/09\/inundatii2-450x293.jpg 450w\" alt=\"\" width=\"700\" height=\"455\" aria-describedby=\"caption-attachment-340385\" src=\"data:image\/svg+xml;base64,PHN2ZyB3aWR0aD0iMSIgaGVpZ2h0PSIxIiB4bWxucz0iaHR0cDovL3d3dy53My5vcmcvMjAwMC9zdmciPjwvc3ZnPg==\" style=\"--smush-placeholder-width: 700px; --smush-placeholder-aspect-ratio: 700\/455;\" \/><\/p>\n<p id=\"caption-attachment-340385\" class=\"wp-caption-text\">Foto Facebook\/ Andrey Sturza<\/p>\n<\/div>\n<p>&nbsp;<\/p>\n<p>&nbsp;<\/p>\n<p>&nbsp;<\/p>\n<p>&nbsp;<\/p>\n<p>&nbsp;<\/p>\n<p>&nbsp;<\/p>\n<p>&nbsp;<\/p>\n<p>&nbsp;<\/p>\n<p>&nbsp;<\/p>\n<p>&nbsp;<\/p>\n<p>&nbsp;<\/p>\n<p>&nbsp;<\/p>\n<p>&nbsp;<\/p>\n<p><iframe title=\"Strada Tudor Vladimirescu, transformat\u0103 \u00een r\u00e2u\" width=\"1170\" height=\"878\" data-src=\"https:\/\/www.youtube.com\/embed\/f4Ha5DplBCM?wmode=transparent&amp;rel=0&amp;feature=oembed\" frameborder=\"0\" allow=\"accelerometer; autoplay; clipboard-write; encrypted-media; gyroscope; picture-in-picture\" allowfullscreen src=\"data:image\/svg+xml;base64,PHN2ZyB3aWR0aD0iMSIgaGVpZ2h0PSIxIiB4bWxucz0iaHR0cDovL3d3dy53My5vcmcvMjAwMC9zdmciPjwvc3ZnPg==\" class=\"lazyload\" data-load-mode=\"1\"><\/iframe><\/p>\n<div id=\"attachment_340385\" class=\"wp-caption alignleft\">\n<p>Sursa: <a href=\"https:\/\/tv8.md\/2020\/09\/29\/video-foto-chisinaul-luat-prin-surprindere-din-nou-strazile-capitalei-au-fost-tranformate-in-rauri\/\">tv8.md<\/a><\/p>\n<\/div>\n","protected":false},"excerpt":{"rendered":"<p>Chi\u0219in\u0103ul a fost inundat \u00een aceast\u0103 diminea\u021b\u0103 \u00een urma ploilor abundente. Str\u0103zile sunt pline cu ap\u0103, iar la aceast\u0103 or\u0103 cu greu se circul\u0103 prin capital\u0103, relateaz\u0103 tv8.md Amintim c\u0103, Serviciului Hidrometeorologic de Stat, a emis mai multe avertismente pentru zilele de 29-30 septembrie, c\u00e2nd se prev\u0103d averse \u00eenso\u021bite de desc\u0103rc\u0103ri electrice cu grindin\u0103 \u0219i [&hellip;]<\/p>\n","protected":false},"author":4,"featured_media":97809,"comment_status":"closed","ping_status":"closed","sticky":false,"template":"","format":"standard","meta":{"footnotes":""},"categories":[6349,6377],"tags":[7755,18195],"class_list":["post-97807","post","type-post","status-publish","format-standard","has-post-thumbnail","hentry","category-social","category-stiri","tag-chisinau-ro","tag-ploia"],"yoast_head":"<!-- This site is optimized with the Yoast SEO plugin v27.4 - https:\/\/yoast.com\/product\/yoast-seo-wordpress\/ -->\n<title>(Video) Chi\u0219in\u0103ul, luat prin surprindere din nou. Str\u0103zile capitalei au fost tranformate \u00een r\u00e2uri - BTV<\/title>\n<meta name=\"robots\" content=\"index, follow, max-snippet:-1, max-image-preview:large, max-video-preview:-1\" \/>\n<link rel=\"canonical\" href=\"https:\/\/www.btv.md\/ro\/video-chisinaul-luat-prin-surprindere-din-nou-strazile-capitalei-au-fost-tranformate-in-rauri\/\" \/>\n<meta property=\"og:locale\" content=\"ro_RO\" \/>\n<meta property=\"og:type\" content=\"article\" \/>\n<meta property=\"og:title\" content=\"(Video) Chi\u0219in\u0103ul, luat prin surprindere din nou. Str\u0103zile capitalei au fost tranformate \u00een r\u00e2uri - BTV\" \/>\n<meta property=\"og:description\" content=\"Chi\u0219in\u0103ul a fost inundat \u00een aceast\u0103 diminea\u021b\u0103 \u00een urma ploilor abundente. Str\u0103zile sunt pline cu ap\u0103, iar la aceast\u0103 or\u0103 cu greu se circul\u0103 prin capital\u0103, relateaz\u0103 tv8.md Amintim c\u0103, Serviciului Hidrometeorologic de Stat, a emis mai multe avertismente pentru zilele de 29-30 septembrie, c\u00e2nd se prev\u0103d averse \u00eenso\u021bite de desc\u0103rc\u0103ri electrice cu grindin\u0103 \u0219i [&hellip;]\" \/>\n<meta property=\"og:url\" content=\"https:\/\/www.btv.md\/ro\/video-chisinaul-luat-prin-surprindere-din-nou-strazile-capitalei-au-fost-tranformate-in-rauri\/\" \/>\n<meta property=\"og:site_name\" content=\"BTV\" \/>\n<meta property=\"article:publisher\" content=\"https:\/\/www.facebook.com\/btvmoldova\/\" \/>\n<meta property=\"article:published_time\" content=\"2020-09-29T10:06:35+00:00\" \/>\n<meta property=\"og:image\" content=\"https:\/\/www.btv.md\/wp-content\/uploads\/2020\/09\/inundatii2.jpg\" \/>\n\t<meta property=\"og:image:width\" content=\"700\" \/>\n\t<meta property=\"og:image:height\" content=\"455\" \/>\n\t<meta property=\"og:image:type\" content=\"image\/jpeg\" \/>\n<meta name=\"author\" content=\"admin\" \/>\n<meta name=\"twitter:label1\" content=\"Scris de\" \/>\n\t<meta name=\"twitter:data1\" content=\"admin\" \/>\n\t<meta name=\"twitter:label2\" content=\"Timp estimat pentru citire\" \/>\n\t<meta name=\"twitter:data2\" content=\"1 minut\" \/>\n<script type=\"application\/ld+json\" class=\"yoast-schema-graph\">{\"@context\":\"https:\\\/\\\/schema.org\",\"@graph\":[{\"@type\":\"Article\",\"@id\":\"https:\\\/\\\/www.btv.md\\\/ro\\\/video-chisinaul-luat-prin-surprindere-din-nou-strazile-capitalei-au-fost-tranformate-in-rauri\\\/#article\",\"isPartOf\":{\"@id\":\"https:\\\/\\\/www.btv.md\\\/ro\\\/video-chisinaul-luat-prin-surprindere-din-nou-strazile-capitalei-au-fost-tranformate-in-rauri\\\/\"},\"author\":{\"name\":\"admin\",\"@id\":\"https:\\\/\\\/www.btv.md\\\/#\\\/schema\\\/person\\\/8fadce81561b3ce2c34c46dadc4ccbf2\"},\"headline\":\"(Video) Chi\u0219in\u0103ul, luat prin surprindere din nou. Str\u0103zile capitalei au fost tranformate \u00een r\u00e2uri\",\"datePublished\":\"2020-09-29T10:06:35+00:00\",\"mainEntityOfPage\":{\"@id\":\"https:\\\/\\\/www.btv.md\\\/ro\\\/video-chisinaul-luat-prin-surprindere-din-nou-strazile-capitalei-au-fost-tranformate-in-rauri\\\/\"},\"wordCount\":241,\"image\":{\"@id\":\"https:\\\/\\\/www.btv.md\\\/ro\\\/video-chisinaul-luat-prin-surprindere-din-nou-strazile-capitalei-au-fost-tranformate-in-rauri\\\/#primaryimage\"},\"thumbnailUrl\":\"https:\\\/\\\/www.btv.md\\\/wp-content\\\/uploads\\\/2020\\\/09\\\/inundatii2.jpg\",\"keywords\":[\"Chi\u0219in\u0103u\",\"ploia\"],\"articleSection\":[\"Social\",\"\u0218tiri\"],\"inLanguage\":\"ro-RO\"},{\"@type\":\"WebPage\",\"@id\":\"https:\\\/\\\/www.btv.md\\\/ro\\\/video-chisinaul-luat-prin-surprindere-din-nou-strazile-capitalei-au-fost-tranformate-in-rauri\\\/\",\"url\":\"https:\\\/\\\/www.btv.md\\\/ro\\\/video-chisinaul-luat-prin-surprindere-din-nou-strazile-capitalei-au-fost-tranformate-in-rauri\\\/\",\"name\":\"(Video) Chi\u0219in\u0103ul, luat prin surprindere din nou. Str\u0103zile capitalei au fost tranformate \u00een r\u00e2uri - BTV\",\"isPartOf\":{\"@id\":\"https:\\\/\\\/www.btv.md\\\/#website\"},\"primaryImageOfPage\":{\"@id\":\"https:\\\/\\\/www.btv.md\\\/ro\\\/video-chisinaul-luat-prin-surprindere-din-nou-strazile-capitalei-au-fost-tranformate-in-rauri\\\/#primaryimage\"},\"image\":{\"@id\":\"https:\\\/\\\/www.btv.md\\\/ro\\\/video-chisinaul-luat-prin-surprindere-din-nou-strazile-capitalei-au-fost-tranformate-in-rauri\\\/#primaryimage\"},\"thumbnailUrl\":\"https:\\\/\\\/www.btv.md\\\/wp-content\\\/uploads\\\/2020\\\/09\\\/inundatii2.jpg\",\"datePublished\":\"2020-09-29T10:06:35+00:00\",\"author\":{\"@id\":\"https:\\\/\\\/www.btv.md\\\/#\\\/schema\\\/person\\\/8fadce81561b3ce2c34c46dadc4ccbf2\"},\"inLanguage\":\"ro-RO\",\"potentialAction\":[{\"@type\":\"ReadAction\",\"target\":[\"https:\\\/\\\/www.btv.md\\\/ro\\\/video-chisinaul-luat-prin-surprindere-din-nou-strazile-capitalei-au-fost-tranformate-in-rauri\\\/\"]}]},{\"@type\":\"ImageObject\",\"inLanguage\":\"ro-RO\",\"@id\":\"https:\\\/\\\/www.btv.md\\\/ro\\\/video-chisinaul-luat-prin-surprindere-din-nou-strazile-capitalei-au-fost-tranformate-in-rauri\\\/#primaryimage\",\"url\":\"https:\\\/\\\/www.btv.md\\\/wp-content\\\/uploads\\\/2020\\\/09\\\/inundatii2.jpg\",\"contentUrl\":\"https:\\\/\\\/www.btv.md\\\/wp-content\\\/uploads\\\/2020\\\/09\\\/inundatii2.jpg\",\"width\":700,\"height\":455},{\"@type\":\"WebSite\",\"@id\":\"https:\\\/\\\/www.btv.md\\\/#website\",\"url\":\"https:\\\/\\\/www.btv.md\\\/\",\"name\":\"BTV\",\"description\":\"\u0411\u0435\u043b\u044c\u0446\u043a\u043e\u0435 \u0442\u0435\u043b\u0435\u0432\u0438\u0434\u0435\u043d\u0438\u0435\",\"potentialAction\":[{\"@type\":\"SearchAction\",\"target\":{\"@type\":\"EntryPoint\",\"urlTemplate\":\"https:\\\/\\\/www.btv.md\\\/?s={search_term_string}\"},\"query-input\":{\"@type\":\"PropertyValueSpecification\",\"valueRequired\":true,\"valueName\":\"search_term_string\"}}],\"inLanguage\":\"ro-RO\"},{\"@type\":\"Person\",\"@id\":\"https:\\\/\\\/www.btv.md\\\/#\\\/schema\\\/person\\\/8fadce81561b3ce2c34c46dadc4ccbf2\",\"name\":\"admin\"}]}<\/script>\n<!-- \/ Yoast SEO plugin. -->","yoast_head_json":{"title":"(Video) Chi\u0219in\u0103ul, luat prin surprindere din nou. Str\u0103zile capitalei au fost tranformate \u00een r\u00e2uri - BTV","robots":{"index":"index","follow":"follow","max-snippet":"max-snippet:-1","max-image-preview":"max-image-preview:large","max-video-preview":"max-video-preview:-1"},"canonical":"https:\/\/www.btv.md\/ro\/video-chisinaul-luat-prin-surprindere-din-nou-strazile-capitalei-au-fost-tranformate-in-rauri\/","og_locale":"ro_RO","og_type":"article","og_title":"(Video) Chi\u0219in\u0103ul, luat prin surprindere din nou. Str\u0103zile capitalei au fost tranformate \u00een r\u00e2uri - BTV","og_description":"Chi\u0219in\u0103ul a fost inundat \u00een aceast\u0103 diminea\u021b\u0103 \u00een urma ploilor abundente. Str\u0103zile sunt pline cu ap\u0103, iar la aceast\u0103 or\u0103 cu greu se circul\u0103 prin capital\u0103, relateaz\u0103 tv8.md Amintim c\u0103, Serviciului Hidrometeorologic de Stat, a emis mai multe avertismente pentru zilele de 29-30 septembrie, c\u00e2nd se prev\u0103d averse \u00eenso\u021bite de desc\u0103rc\u0103ri electrice cu grindin\u0103 \u0219i [&hellip;]","og_url":"https:\/\/www.btv.md\/ro\/video-chisinaul-luat-prin-surprindere-din-nou-strazile-capitalei-au-fost-tranformate-in-rauri\/","og_site_name":"BTV","article_publisher":"https:\/\/www.facebook.com\/btvmoldova\/","article_published_time":"2020-09-29T10:06:35+00:00","og_image":[{"width":700,"height":455,"url":"https:\/\/www.btv.md\/wp-content\/uploads\/2020\/09\/inundatii2.jpg","type":"image\/jpeg"}],"author":"admin","twitter_misc":{"Scris de":"admin","Timp estimat pentru citire":"1 minut"},"schema":{"@context":"https:\/\/schema.org","@graph":[{"@type":"Article","@id":"https:\/\/www.btv.md\/ro\/video-chisinaul-luat-prin-surprindere-din-nou-strazile-capitalei-au-fost-tranformate-in-rauri\/#article","isPartOf":{"@id":"https:\/\/www.btv.md\/ro\/video-chisinaul-luat-prin-surprindere-din-nou-strazile-capitalei-au-fost-tranformate-in-rauri\/"},"author":{"name":"admin","@id":"https:\/\/www.btv.md\/#\/schema\/person\/8fadce81561b3ce2c34c46dadc4ccbf2"},"headline":"(Video) Chi\u0219in\u0103ul, luat prin surprindere din nou. Str\u0103zile capitalei au fost tranformate \u00een r\u00e2uri","datePublished":"2020-09-29T10:06:35+00:00","mainEntityOfPage":{"@id":"https:\/\/www.btv.md\/ro\/video-chisinaul-luat-prin-surprindere-din-nou-strazile-capitalei-au-fost-tranformate-in-rauri\/"},"wordCount":241,"image":{"@id":"https:\/\/www.btv.md\/ro\/video-chisinaul-luat-prin-surprindere-din-nou-strazile-capitalei-au-fost-tranformate-in-rauri\/#primaryimage"},"thumbnailUrl":"https:\/\/www.btv.md\/wp-content\/uploads\/2020\/09\/inundatii2.jpg","keywords":["Chi\u0219in\u0103u","ploia"],"articleSection":["Social","\u0218tiri"],"inLanguage":"ro-RO"},{"@type":"WebPage","@id":"https:\/\/www.btv.md\/ro\/video-chisinaul-luat-prin-surprindere-din-nou-strazile-capitalei-au-fost-tranformate-in-rauri\/","url":"https:\/\/www.btv.md\/ro\/video-chisinaul-luat-prin-surprindere-din-nou-strazile-capitalei-au-fost-tranformate-in-rauri\/","name":"(Video) Chi\u0219in\u0103ul, luat prin surprindere din nou. Str\u0103zile capitalei au fost tranformate \u00een r\u00e2uri - BTV","isPartOf":{"@id":"https:\/\/www.btv.md\/#website"},"primaryImageOfPage":{"@id":"https:\/\/www.btv.md\/ro\/video-chisinaul-luat-prin-surprindere-din-nou-strazile-capitalei-au-fost-tranformate-in-rauri\/#primaryimage"},"image":{"@id":"https:\/\/www.btv.md\/ro\/video-chisinaul-luat-prin-surprindere-din-nou-strazile-capitalei-au-fost-tranformate-in-rauri\/#primaryimage"},"thumbnailUrl":"https:\/\/www.btv.md\/wp-content\/uploads\/2020\/09\/inundatii2.jpg","datePublished":"2020-09-29T10:06:35+00:00","author":{"@id":"https:\/\/www.btv.md\/#\/schema\/person\/8fadce81561b3ce2c34c46dadc4ccbf2"},"inLanguage":"ro-RO","potentialAction":[{"@type":"ReadAction","target":["https:\/\/www.btv.md\/ro\/video-chisinaul-luat-prin-surprindere-din-nou-strazile-capitalei-au-fost-tranformate-in-rauri\/"]}]},{"@type":"ImageObject","inLanguage":"ro-RO","@id":"https:\/\/www.btv.md\/ro\/video-chisinaul-luat-prin-surprindere-din-nou-strazile-capitalei-au-fost-tranformate-in-rauri\/#primaryimage","url":"https:\/\/www.btv.md\/wp-content\/uploads\/2020\/09\/inundatii2.jpg","contentUrl":"https:\/\/www.btv.md\/wp-content\/uploads\/2020\/09\/inundatii2.jpg","width":700,"height":455},{"@type":"WebSite","@id":"https:\/\/www.btv.md\/#website","url":"https:\/\/www.btv.md\/","name":"BTV","description":"\u0411\u0435\u043b\u044c\u0446\u043a\u043e\u0435 \u0442\u0435\u043b\u0435\u0432\u0438\u0434\u0435\u043d\u0438\u0435","potentialAction":[{"@type":"SearchAction","target":{"@type":"EntryPoint","urlTemplate":"https:\/\/www.btv.md\/?s={search_term_string}"},"query-input":{"@type":"PropertyValueSpecification","valueRequired":true,"valueName":"search_term_string"}}],"inLanguage":"ro-RO"},{"@type":"Person","@id":"https:\/\/www.btv.md\/#\/schema\/person\/8fadce81561b3ce2c34c46dadc4ccbf2","name":"admin"}]}},"_links":{"self":[{"href":"https:\/\/www.btv.md\/ro\/wp-json\/wp\/v2\/posts\/97807","targetHints":{"allow":["GET"]}}],"collection":[{"href":"https:\/\/www.btv.md\/ro\/wp-json\/wp\/v2\/posts"}],"about":[{"href":"https:\/\/www.btv.md\/ro\/wp-json\/wp\/v2\/types\/post"}],"author":[{"embeddable":true,"href":"https:\/\/www.btv.md\/ro\/wp-json\/wp\/v2\/users\/4"}],"replies":[{"embeddable":true,"href":"https:\/\/www.btv.md\/ro\/wp-json\/wp\/v2\/comments?post=97807"}],"version-history":[{"count":0,"href":"https:\/\/www.btv.md\/ro\/wp-json\/wp\/v2\/posts\/97807\/revisions"}],"wp:featuredmedia":[{"embeddable":true,"href":"https:\/\/www.btv.md\/ro\/wp-json\/wp\/v2\/media\/97809"}],"wp:attachment":[{"href":"https:\/\/www.btv.md\/ro\/wp-json\/wp\/v2\/media?parent=97807"}],"wp:term":[{"taxonomy":"category","embeddable":true,"href":"https:\/\/www.btv.md\/ro\/wp-json\/wp\/v2\/categories?post=97807"},{"taxonomy":"post_tag","embeddable":true,"href":"https:\/\/www.btv.md\/ro\/wp-json\/wp\/v2\/tags?post=97807"}],"curies":[{"name":"wp","href":"https:\/\/api.w.org\/{rel}","templated":true}]}}