{"id":9782,"date":"2016-03-29T15:22:27","date_gmt":"2016-03-29T12:22:27","guid":{"rendered":"http:\/\/btv.md\/?p=9782"},"modified":"2016-03-30T13:34:11","modified_gmt":"2016-03-30T10:34:11","slug":"au-nevoie-de-o-unitate-de-transport-pentru-a-ajunge-la-scoala","status":"publish","type":"post","link":"https:\/\/www.btv.md\/ro\/au-nevoie-de-o-unitate-de-transport-pentru-a-ajunge-la-scoala\/","title":{"rendered":"AU NEVOIE DE O UNITATE DE TRANSPORT PENTRU A AJUNGE LA \u0218COAL\u0102"},"content":{"rendered":"<p><strong>Sunt nevoi\u021bi s\u0103 mearg\u0103 zilnic kilometri \u00eentregi, cu copiii \u00een bra\u021be sau c\u0103rucior pentru ai vedea elevi \u00eentr-o \u0219coal\u0103 obi\u0219nuit\u0103. Este povestea unor p\u0103rin\u021bilor care \u0219i duc micu\u021bii cu nevoi speciale la institu\u021biile de \u00eenv\u0103\u021b\u0103m\u00e2nt din B\u0103l\u021bi. Ei spun c\u0103 nu au posibilitatea de-a comanda un taxi sau cump\u0103ra un automobil pentru a\u0219i transporta copii.  <\/strong><\/p>\n<p>Diana Chiosa este mama Mihaelei care merge \u00een clasa \u00eent\u00e2i, aceasta  este nevoit\u0103 \u00een fiecare zi s\u0103-\u0219i duc\u0103 fiica la \u0219coal\u0103 fie \u00een bra\u021be, fie \u00een c\u0103rucior indiferent de intemperiile vremii.<\/p>\n<p>\u201d<em>C\u00e2nd este timp bun afar\u0103 putem s\u0103 venim \u0219i cu c\u0103rucioru. C\u00e2nd este timpul mai r\u0103u putem s\u0103 nu frecvent\u0103m orele. \u00cen special iarna nu am frecventat \u0219coala. Copilul \u00een c\u0103rucior \u00eenghea\u021b\u0103. Din aceast\u0103 cauz\u0103 am acumulat multe absen\u021be<\/em>\u201d. <\/p>\n<p>\u201d<em>Copilul nu merge. Este invalid de gradul \u00eent\u00e2i \u0219i are paralizie cerebral\u0103. Din aceast\u0103 cauz\u0103 noi venim \u00een fiecare zi la \u0219coal\u0103 cu c\u0103rucioru. \u0218i a\u0219a \u00een toat\u0103 ziua. Cu c\u0103ruciorul nostrum venim singurei de la \u0219coal\u0103 p\u00e2n\u0103 acas\u0103 \u0219i de acas\u0103 p\u00e2n\u0103 la \u0219coal\u0103. Parcurge\u021bi o distan\u021b\u0103 lung\u0103? Mergem \u00een jur de jum\u0103tate de or\u0103<\/em>\u201d. <\/p>\n<p>De\u0219i potrivit legii copii cu handicap au nevoi de o educa\u021biei bun\u0103 mai exact de cerin\u021be educative speciale. Ei bine,  se pare c\u0103 autorit\u0103\u021bile nu acord\u0103  o aten\u021bie sporit\u0103 acestui fapt. Mama Mihaelei spune c\u0103 s-a adresat reprezentan\u021bilor prim\u0103riei dup\u0103 ajutor cu privire la acordarea unei unit\u0103\u021bi de transport destinate  micu\u021bei.<\/p>\n<p>\u201d<em>Am primit un r\u0103spuns de la o doamn\u0103: pentru c\u0103 este copilul dumneavoastr\u0103 \u0219i noi nu purt\u0103m nicio vin\u0103 c\u0103 l-a\u021bi n\u0103scut a\u0219a. \u0218i de atunci nu mai bat pe la u\u0219i<\/em>\u201d.   <\/p>\n<p>Indiferent de aceste provoc\u0103rii, Mihaela se bucur\u0103 de simpatiei \u00een fa\u021ba colegilor. Ea a reu\u0219it s\u0103 \u00eenve\u021be s\u0103 citeasc\u0103 \u0219i s\u0103 numere. <\/p>\n<p>\u201d<em>\u00cemi place s\u0103 \u00eenv\u0103\u021b  \u0219i s\u0103 num\u0103r<\/em>\u201d.  <\/p>\n<p>Totu\u0219i, gra\u021biei reprezentan\u021bilor Serviciului de asisten\u021b\u0103 Psiho \u2013pedagogic\u0103 din B\u0103l\u021bi, Mihaela \u0219i \u00eenc\u0103 trei copii  sunt transporta\u021bi gratis la \u0219coal\u0103 de ma\u0219inele unei companii de taxi. <\/p>\n<p>\u201e<em>Noi \u00eempreun\u0103 prin suportul Prim\u0103riei Municipiului B\u0103l\u021bi, Direc\u021bia de \u00cenv\u0103\u021b\u0103m\u00e2nt Tineret \u0219i Sport am lansat o ac\u021biune: Ajut\u0103 un copil s\u0103 ajung\u0103 la \u0219coal\u0103, ne-am adresat comunit\u0103\u021bii, agen\u021bilor economici \u00een special operatorilor de Taxi, ca s\u0103 ne sprijine, \u00een aceast\u0103 ac\u021biune, Asocia\u021bia Legilux a fost prima companie care a fost receptiv\u0103 la mesajul nostru \u0219i ne duce trei copii \u00een trei institu\u021bii de \u00eenv\u0103\u021b\u0103m\u00e2nt din municipiul nostru<\/em>\u201d.<\/p>\n<p>Daniel  este \u0219i el unul din cei trei copiii care este transportat gratuit spre \u0219i de la \u0219coal\u0103. Acesta este diagnosticat de la na\u0219tere cu paralizie cerebral\u0103 \u0219i nu poate face nici un pas f\u0103r\u0103 sprijinul bunicii.<\/p>\n<p>\u201e<em>Nou\u0103 foarte ne e greu, nu tr\u0103im tare tare departe dar nu suntem aproape de \u0219coal\u0103 avem un deal mare care noi trebuie s\u0103-l ridic\u0103m, \u0219i cu c\u0103ruciorul mii tare greu, v\u0103 zic drep c\u0103 nu am puteri s\u0103-l \u00eempingem<\/em>\u201d. <\/p>\n<p>Bunica spune c\u0103 aceast\u0103 ini\u021biativ\u0103 lansat\u0103 de serviciul de asisten\u021b\u0103 psihopedagogic\u0103 ia trezit lui Daniel interesul fa\u021b\u0103 de carte. Potrivit ei, chiar din primele zile  b\u0103iatul a r\u0103mas impresionat de atmosfera cald\u0103 \u0219i prietenoas\u0103 care domin\u0103 \u00een institu\u021bia de \u00eenv\u0103\u021b\u0103m\u00e2nt.<\/p>\n<p>\u201e<em>Chiar primele zile dec\u00e2nd noi am venit, \u00een clasa \u00eent\u00eeia am umblat trei luni, toti copii ou fost to\u021bi totuna, nu o \u00een\u021beles ce \u00eenseamn\u0103 \u0219coal\u0103, dar acum c\u00e2nd am venit noi prima zi la \u0219coal\u0103 sa a\u0219ezat \u00een banc\u0103 \u0219i nici nu sa mi\u0219cat nici nic\u0103, \u0219i a venit acas\u0103 cu a\u0219a o dispozi\u021bie el o \u00een\u021beles ce \u00eenseamn\u0103 \u0219coal\u0103<\/em>\u201d.<\/p>\n<p>\u00cen pofida greut\u0103\u021bilor la care este supus Daniel, acesta a reu\u0219it s\u0103 \u00eenve\u021be a citi.<\/p>\n<p>Bunica spune c\u0103 tot ce-\u0219i dore\u0219te cel mai mult este ca nepotul s\u0103u s\u0103 beneficieze de o educa\u021bie de bun\u0103 calitate, care s\u0103 conduc\u0103 la dezvoltarea capacit\u0103\u021bilor cognitive \u0219i la integrarea lui \u00een societate.<\/p>\n<p>\u201d<em>Noi tot vrem ca s\u0103 fim \u00een r\u00e2nd cu copiii, s\u0103 avem o mai bun\u0103 comunicare, cu mai mult\u0103 lume \u0219ti\u021bi, da vine un coleg de cals\u0103 o dat\u0103 \u00een s\u0103pt\u0103m\u00e2n\u0103 sau de dou\u0103 ori cum are el posibilitatea dar nu-I aceia\u0219i, dar la \u0219coal\u0103 se \u00eent\u00e2lne\u0219te cu copii \u0219i vede ce-I asta \u0219coal\u0103<\/em>\u201d.<\/p>\n<p>Daniel a fost instruit timp de trei ani la domiciliu, iar acum datorit\u0103  receptivit\u0103\u021bii operatorului de taxi  acesta calc\u0103 de dou\u0103 ori pe s\u0103pt\u0103m\u00e2n\u0103  pragul \u0219colii.<\/p>\n<p>\u201e<em>Atunci era mai \u00eenchis \u00een sine, nu a\u0219a dependent, dar acum este bravo lui \u00eei trebuie\u0219te comunicarea cu semenii s\u0103i, acesta este cel mai important<\/em>\u201d.<\/p>\n<p>\u201e<em>Copilul este integrat \u00een societate, \u00een colectivul de copii, comunic\u0103 cu d\u00e2n\u0219ii se simte mai liber, acas\u0103 a\u0219te\u0103pta cu ner\u0103bdare s\u0103 vin\u0103 cineva s\u0103 comunice cu cineva, al\u021bi copii e alta<\/em>\u201d. <\/p>\n<p>Astfel, reprezentan\u021bii serviciul de asisten\u021b\u0103 psihopedagogic\u0103 fac un apel c\u0103tre to\u021bi cet\u0103\u021benii cu inim\u0103 mare s\u0103 contribuie  la integrarea copiilor cu nevoi speciale \u00een institu\u021biile de \u00eenv\u0103\u021b\u0103m\u00e2nt din municipiul B\u0103l\u021bi.<\/p>\n<p>\u00cen municipiul B\u0103l\u021bi sunt peste 250 de copiii cu nevoi speciale.<\/p>\n<p><iframe width=\"420\" height=\"315\" data-src=\"https:\/\/www.youtube.com\/embed\/ISGdnOEU-Qs\" frameborder=\"0\" allowfullscreen src=\"data:image\/svg+xml;base64,PHN2ZyB3aWR0aD0iMSIgaGVpZ2h0PSIxIiB4bWxucz0iaHR0cDovL3d3dy53My5vcmcvMjAwMC9zdmciPjwvc3ZnPg==\" class=\"lazyload\" data-load-mode=\"1\"><\/iframe><\/p>\n","protected":false},"excerpt":{"rendered":"<p>Sunt nevoi\u021bi s\u0103 mearg\u0103 zilnic kilometri \u00eentregi, cu copiii \u00een bra\u021be sau c\u0103rucior pentru ai vedea elevi \u00eentr-o \u0219coal\u0103 obi\u0219nuit\u0103. Este povestea unor p\u0103rin\u021bilor care \u0219i duc micu\u021bii cu nevoi speciale la institu\u021biile de \u00eenv\u0103\u021b\u0103m\u00e2nt din B\u0103l\u021bi. Ei spun c\u0103 nu au posibilitatea de-a comanda un taxi sau cump\u0103ra un automobil pentru a\u0219i transporta copii. [&hellip;]<\/p>\n","protected":false},"author":4,"featured_media":9783,"comment_status":"closed","ping_status":"closed","sticky":false,"template":"","format":"standard","meta":{"footnotes":""},"categories":[6353],"tags":[],"class_list":["post-9782","post","type-post","status-publish","format-standard","has-post-thumbnail","hentry","category-oras"],"yoast_head":"<!-- This site is optimized with the Yoast SEO plugin v27.4 - https:\/\/yoast.com\/product\/yoast-seo-wordpress\/ -->\n<title>AU NEVOIE DE O UNITATE DE TRANSPORT PENTRU A AJUNGE LA \u0218COAL\u0102 - BTV<\/title>\n<meta name=\"robots\" content=\"index, follow, max-snippet:-1, max-image-preview:large, max-video-preview:-1\" \/>\n<link rel=\"canonical\" href=\"https:\/\/www.btv.md\/ro\/au-nevoie-de-o-unitate-de-transport-pentru-a-ajunge-la-scoala\/\" \/>\n<meta property=\"og:locale\" content=\"ro_RO\" \/>\n<meta property=\"og:type\" content=\"article\" \/>\n<meta property=\"og:title\" content=\"AU NEVOIE DE O UNITATE DE TRANSPORT PENTRU A AJUNGE LA \u0218COAL\u0102 - BTV\" \/>\n<meta property=\"og:description\" content=\"Sunt nevoi\u021bi s\u0103 mearg\u0103 zilnic kilometri \u00eentregi, cu copiii \u00een bra\u021be sau c\u0103rucior pentru ai vedea elevi \u00eentr-o \u0219coal\u0103 obi\u0219nuit\u0103. Este povestea unor p\u0103rin\u021bilor care \u0219i duc micu\u021bii cu nevoi speciale la institu\u021biile de \u00eenv\u0103\u021b\u0103m\u00e2nt din B\u0103l\u021bi. Ei spun c\u0103 nu au posibilitatea de-a comanda un taxi sau cump\u0103ra un automobil pentru a\u0219i transporta copii. [&hellip;]\" \/>\n<meta property=\"og:url\" content=\"https:\/\/www.btv.md\/ro\/au-nevoie-de-o-unitate-de-transport-pentru-a-ajunge-la-scoala\/\" \/>\n<meta property=\"og:site_name\" content=\"BTV\" \/>\n<meta property=\"article:publisher\" content=\"https:\/\/www.facebook.com\/btvmoldova\/\" \/>\n<meta property=\"article:published_time\" content=\"2016-03-29T12:22:27+00:00\" \/>\n<meta property=\"article:modified_time\" content=\"2016-03-30T10:34:11+00:00\" \/>\n<meta property=\"og:image\" content=\"https:\/\/www.btv.md\/wp-content\/uploads\/2016\/03\/copii-ces.png\" \/>\n\t<meta property=\"og:image:width\" content=\"928\" \/>\n\t<meta property=\"og:image:height\" content=\"577\" \/>\n\t<meta property=\"og:image:type\" content=\"image\/png\" \/>\n<meta name=\"author\" content=\"admin\" \/>\n<meta name=\"twitter:label1\" content=\"Scris de\" \/>\n\t<meta name=\"twitter:data1\" content=\"admin\" \/>\n\t<meta name=\"twitter:label2\" content=\"Timp estimat pentru citire\" \/>\n\t<meta name=\"twitter:data2\" content=\"5 minute\" \/>\n<script type=\"application\/ld+json\" class=\"yoast-schema-graph\">{\"@context\":\"https:\\\/\\\/schema.org\",\"@graph\":[{\"@type\":\"Article\",\"@id\":\"https:\\\/\\\/www.btv.md\\\/ro\\\/au-nevoie-de-o-unitate-de-transport-pentru-a-ajunge-la-scoala\\\/#article\",\"isPartOf\":{\"@id\":\"https:\\\/\\\/www.btv.md\\\/ro\\\/au-nevoie-de-o-unitate-de-transport-pentru-a-ajunge-la-scoala\\\/\"},\"author\":{\"name\":\"admin\",\"@id\":\"https:\\\/\\\/www.btv.md\\\/#\\\/schema\\\/person\\\/8fadce81561b3ce2c34c46dadc4ccbf2\"},\"headline\":\"AU NEVOIE DE O UNITATE DE TRANSPORT PENTRU A AJUNGE LA \u0218COAL\u0102\",\"datePublished\":\"2016-03-29T12:22:27+00:00\",\"dateModified\":\"2016-03-30T10:34:11+00:00\",\"mainEntityOfPage\":{\"@id\":\"https:\\\/\\\/www.btv.md\\\/ro\\\/au-nevoie-de-o-unitate-de-transport-pentru-a-ajunge-la-scoala\\\/\"},\"wordCount\":939,\"image\":{\"@id\":\"https:\\\/\\\/www.btv.md\\\/ro\\\/au-nevoie-de-o-unitate-de-transport-pentru-a-ajunge-la-scoala\\\/#primaryimage\"},\"thumbnailUrl\":\"https:\\\/\\\/www.btv.md\\\/wp-content\\\/uploads\\\/2016\\\/03\\\/copii-ces.png\",\"articleSection\":[\"Ora\u0219\"],\"inLanguage\":\"ro-RO\"},{\"@type\":\"WebPage\",\"@id\":\"https:\\\/\\\/www.btv.md\\\/ro\\\/au-nevoie-de-o-unitate-de-transport-pentru-a-ajunge-la-scoala\\\/\",\"url\":\"https:\\\/\\\/www.btv.md\\\/ro\\\/au-nevoie-de-o-unitate-de-transport-pentru-a-ajunge-la-scoala\\\/\",\"name\":\"AU NEVOIE DE O UNITATE DE TRANSPORT PENTRU A AJUNGE LA \u0218COAL\u0102 - BTV\",\"isPartOf\":{\"@id\":\"https:\\\/\\\/www.btv.md\\\/#website\"},\"primaryImageOfPage\":{\"@id\":\"https:\\\/\\\/www.btv.md\\\/ro\\\/au-nevoie-de-o-unitate-de-transport-pentru-a-ajunge-la-scoala\\\/#primaryimage\"},\"image\":{\"@id\":\"https:\\\/\\\/www.btv.md\\\/ro\\\/au-nevoie-de-o-unitate-de-transport-pentru-a-ajunge-la-scoala\\\/#primaryimage\"},\"thumbnailUrl\":\"https:\\\/\\\/www.btv.md\\\/wp-content\\\/uploads\\\/2016\\\/03\\\/copii-ces.png\",\"datePublished\":\"2016-03-29T12:22:27+00:00\",\"dateModified\":\"2016-03-30T10:34:11+00:00\",\"author\":{\"@id\":\"https:\\\/\\\/www.btv.md\\\/#\\\/schema\\\/person\\\/8fadce81561b3ce2c34c46dadc4ccbf2\"},\"inLanguage\":\"ro-RO\",\"potentialAction\":[{\"@type\":\"ReadAction\",\"target\":[\"https:\\\/\\\/www.btv.md\\\/ro\\\/au-nevoie-de-o-unitate-de-transport-pentru-a-ajunge-la-scoala\\\/\"]}]},{\"@type\":\"ImageObject\",\"inLanguage\":\"ro-RO\",\"@id\":\"https:\\\/\\\/www.btv.md\\\/ro\\\/au-nevoie-de-o-unitate-de-transport-pentru-a-ajunge-la-scoala\\\/#primaryimage\",\"url\":\"https:\\\/\\\/www.btv.md\\\/wp-content\\\/uploads\\\/2016\\\/03\\\/copii-ces.png\",\"contentUrl\":\"https:\\\/\\\/www.btv.md\\\/wp-content\\\/uploads\\\/2016\\\/03\\\/copii-ces.png\",\"width\":928,\"height\":577},{\"@type\":\"WebSite\",\"@id\":\"https:\\\/\\\/www.btv.md\\\/#website\",\"url\":\"https:\\\/\\\/www.btv.md\\\/\",\"name\":\"BTV\",\"description\":\"\u0411\u0435\u043b\u044c\u0446\u043a\u043e\u0435 \u0442\u0435\u043b\u0435\u0432\u0438\u0434\u0435\u043d\u0438\u0435\",\"potentialAction\":[{\"@type\":\"SearchAction\",\"target\":{\"@type\":\"EntryPoint\",\"urlTemplate\":\"https:\\\/\\\/www.btv.md\\\/?s={search_term_string}\"},\"query-input\":{\"@type\":\"PropertyValueSpecification\",\"valueRequired\":true,\"valueName\":\"search_term_string\"}}],\"inLanguage\":\"ro-RO\"},{\"@type\":\"Person\",\"@id\":\"https:\\\/\\\/www.btv.md\\\/#\\\/schema\\\/person\\\/8fadce81561b3ce2c34c46dadc4ccbf2\",\"name\":\"admin\"}]}<\/script>\n<!-- \/ Yoast SEO plugin. -->","yoast_head_json":{"title":"AU NEVOIE DE O UNITATE DE TRANSPORT PENTRU A AJUNGE LA \u0218COAL\u0102 - BTV","robots":{"index":"index","follow":"follow","max-snippet":"max-snippet:-1","max-image-preview":"max-image-preview:large","max-video-preview":"max-video-preview:-1"},"canonical":"https:\/\/www.btv.md\/ro\/au-nevoie-de-o-unitate-de-transport-pentru-a-ajunge-la-scoala\/","og_locale":"ro_RO","og_type":"article","og_title":"AU NEVOIE DE O UNITATE DE TRANSPORT PENTRU A AJUNGE LA \u0218COAL\u0102 - BTV","og_description":"Sunt nevoi\u021bi s\u0103 mearg\u0103 zilnic kilometri \u00eentregi, cu copiii \u00een bra\u021be sau c\u0103rucior pentru ai vedea elevi \u00eentr-o \u0219coal\u0103 obi\u0219nuit\u0103. Este povestea unor p\u0103rin\u021bilor care \u0219i duc micu\u021bii cu nevoi speciale la institu\u021biile de \u00eenv\u0103\u021b\u0103m\u00e2nt din B\u0103l\u021bi. Ei spun c\u0103 nu au posibilitatea de-a comanda un taxi sau cump\u0103ra un automobil pentru a\u0219i transporta copii. [&hellip;]","og_url":"https:\/\/www.btv.md\/ro\/au-nevoie-de-o-unitate-de-transport-pentru-a-ajunge-la-scoala\/","og_site_name":"BTV","article_publisher":"https:\/\/www.facebook.com\/btvmoldova\/","article_published_time":"2016-03-29T12:22:27+00:00","article_modified_time":"2016-03-30T10:34:11+00:00","og_image":[{"width":928,"height":577,"url":"https:\/\/www.btv.md\/wp-content\/uploads\/2016\/03\/copii-ces.png","type":"image\/png"}],"author":"admin","twitter_misc":{"Scris de":"admin","Timp estimat pentru citire":"5 minute"},"schema":{"@context":"https:\/\/schema.org","@graph":[{"@type":"Article","@id":"https:\/\/www.btv.md\/ro\/au-nevoie-de-o-unitate-de-transport-pentru-a-ajunge-la-scoala\/#article","isPartOf":{"@id":"https:\/\/www.btv.md\/ro\/au-nevoie-de-o-unitate-de-transport-pentru-a-ajunge-la-scoala\/"},"author":{"name":"admin","@id":"https:\/\/www.btv.md\/#\/schema\/person\/8fadce81561b3ce2c34c46dadc4ccbf2"},"headline":"AU NEVOIE DE O UNITATE DE TRANSPORT PENTRU A AJUNGE LA \u0218COAL\u0102","datePublished":"2016-03-29T12:22:27+00:00","dateModified":"2016-03-30T10:34:11+00:00","mainEntityOfPage":{"@id":"https:\/\/www.btv.md\/ro\/au-nevoie-de-o-unitate-de-transport-pentru-a-ajunge-la-scoala\/"},"wordCount":939,"image":{"@id":"https:\/\/www.btv.md\/ro\/au-nevoie-de-o-unitate-de-transport-pentru-a-ajunge-la-scoala\/#primaryimage"},"thumbnailUrl":"https:\/\/www.btv.md\/wp-content\/uploads\/2016\/03\/copii-ces.png","articleSection":["Ora\u0219"],"inLanguage":"ro-RO"},{"@type":"WebPage","@id":"https:\/\/www.btv.md\/ro\/au-nevoie-de-o-unitate-de-transport-pentru-a-ajunge-la-scoala\/","url":"https:\/\/www.btv.md\/ro\/au-nevoie-de-o-unitate-de-transport-pentru-a-ajunge-la-scoala\/","name":"AU NEVOIE DE O UNITATE DE TRANSPORT PENTRU A AJUNGE LA \u0218COAL\u0102 - BTV","isPartOf":{"@id":"https:\/\/www.btv.md\/#website"},"primaryImageOfPage":{"@id":"https:\/\/www.btv.md\/ro\/au-nevoie-de-o-unitate-de-transport-pentru-a-ajunge-la-scoala\/#primaryimage"},"image":{"@id":"https:\/\/www.btv.md\/ro\/au-nevoie-de-o-unitate-de-transport-pentru-a-ajunge-la-scoala\/#primaryimage"},"thumbnailUrl":"https:\/\/www.btv.md\/wp-content\/uploads\/2016\/03\/copii-ces.png","datePublished":"2016-03-29T12:22:27+00:00","dateModified":"2016-03-30T10:34:11+00:00","author":{"@id":"https:\/\/www.btv.md\/#\/schema\/person\/8fadce81561b3ce2c34c46dadc4ccbf2"},"inLanguage":"ro-RO","potentialAction":[{"@type":"ReadAction","target":["https:\/\/www.btv.md\/ro\/au-nevoie-de-o-unitate-de-transport-pentru-a-ajunge-la-scoala\/"]}]},{"@type":"ImageObject","inLanguage":"ro-RO","@id":"https:\/\/www.btv.md\/ro\/au-nevoie-de-o-unitate-de-transport-pentru-a-ajunge-la-scoala\/#primaryimage","url":"https:\/\/www.btv.md\/wp-content\/uploads\/2016\/03\/copii-ces.png","contentUrl":"https:\/\/www.btv.md\/wp-content\/uploads\/2016\/03\/copii-ces.png","width":928,"height":577},{"@type":"WebSite","@id":"https:\/\/www.btv.md\/#website","url":"https:\/\/www.btv.md\/","name":"BTV","description":"\u0411\u0435\u043b\u044c\u0446\u043a\u043e\u0435 \u0442\u0435\u043b\u0435\u0432\u0438\u0434\u0435\u043d\u0438\u0435","potentialAction":[{"@type":"SearchAction","target":{"@type":"EntryPoint","urlTemplate":"https:\/\/www.btv.md\/?s={search_term_string}"},"query-input":{"@type":"PropertyValueSpecification","valueRequired":true,"valueName":"search_term_string"}}],"inLanguage":"ro-RO"},{"@type":"Person","@id":"https:\/\/www.btv.md\/#\/schema\/person\/8fadce81561b3ce2c34c46dadc4ccbf2","name":"admin"}]}},"_links":{"self":[{"href":"https:\/\/www.btv.md\/ro\/wp-json\/wp\/v2\/posts\/9782","targetHints":{"allow":["GET"]}}],"collection":[{"href":"https:\/\/www.btv.md\/ro\/wp-json\/wp\/v2\/posts"}],"about":[{"href":"https:\/\/www.btv.md\/ro\/wp-json\/wp\/v2\/types\/post"}],"author":[{"embeddable":true,"href":"https:\/\/www.btv.md\/ro\/wp-json\/wp\/v2\/users\/4"}],"replies":[{"embeddable":true,"href":"https:\/\/www.btv.md\/ro\/wp-json\/wp\/v2\/comments?post=9782"}],"version-history":[{"count":0,"href":"https:\/\/www.btv.md\/ro\/wp-json\/wp\/v2\/posts\/9782\/revisions"}],"wp:featuredmedia":[{"embeddable":true,"href":"https:\/\/www.btv.md\/ro\/wp-json\/wp\/v2\/media\/9783"}],"wp:attachment":[{"href":"https:\/\/www.btv.md\/ro\/wp-json\/wp\/v2\/media?parent=9782"}],"wp:term":[{"taxonomy":"category","embeddable":true,"href":"https:\/\/www.btv.md\/ro\/wp-json\/wp\/v2\/categories?post=9782"},{"taxonomy":"post_tag","embeddable":true,"href":"https:\/\/www.btv.md\/ro\/wp-json\/wp\/v2\/tags?post=9782"}],"curies":[{"name":"wp","href":"https:\/\/api.w.org\/{rel}","templated":true}]}}