{"id":9794,"date":"2016-03-29T17:38:02","date_gmt":"2016-03-29T14:38:02","guid":{"rendered":"http:\/\/btv.md\/?p=9794"},"modified":"2016-03-29T17:39:26","modified_gmt":"2016-03-29T14:39:26","slug":"paramedicii-in-actiune","status":"publish","type":"post","link":"https:\/\/www.btv.md\/ro\/paramedicii-in-actiune\/","title":{"rendered":"PARAMEDICII  \u00ceN  AC\u021aIUNE!"},"content":{"rendered":"<p><strong>Un b\u0103rbat de 49 de ani \u0219i o t\u00e2n\u0103r\u0103 de 20 de ani din municipiul B\u0103l\u021bi a avut nevoie de ajutorul echipajelor SMURD.<\/strong><\/p>\n<p>\u00cen primul caz b\u0103rbatul \u0219i-a pierdut  cuno\u0219tin\u021b\u0103 \u00een timp ce efectua lucr\u0103ri de sudare, \u00eentr-un bloc de locuit. <\/p>\n<p>Potrivit medicilor  b\u0103rbatul a fost transportat de urgen\u021b\u0103 la Spitalul Municipal. <\/p>\n<p>Al doilea caz s-a produs \u00eentr-un centru comercial din Capitala de Nord a \u021b\u0103rii.T\u00e2n\u0103ra s-a lovit la cap dup\u0103 ce \u0219i-a pierdut cuno\u0219tin\u021ba, ulterior aceasta a fost transportat la spital.<\/p>\n<p>Echipajele SMURD din nordul \u0219i sudul \u021b\u0103rii s\u00eent gata s\u0103 vin\u0103 \u00een ajutor persoanelor care au de suferit, apelul de urgen\u021b\u0103 fiind preluat de c\u0103tre Serviciul 901. <\/p>\n<p><iframe width=\"420\" height=\"315\" data-src=\"https:\/\/www.youtube.com\/embed\/K-Ed9LOo1kE\" frameborder=\"0\" allowfullscreen src=\"data:image\/svg+xml;base64,PHN2ZyB3aWR0aD0iMSIgaGVpZ2h0PSIxIiB4bWxucz0iaHR0cDovL3d3dy53My5vcmcvMjAwMC9zdmciPjwvc3ZnPg==\" class=\"lazyload\" data-load-mode=\"1\"><\/iframe><\/p>\n","protected":false},"excerpt":{"rendered":"<p>Un b\u0103rbat de 49 de ani \u0219i o t\u00e2n\u0103r\u0103 de 20 de ani din municipiul B\u0103l\u021bi a avut nevoie de ajutorul echipajelor SMURD. \u00cen primul caz b\u0103rbatul \u0219i-a pierdut cuno\u0219tin\u021b\u0103 \u00een timp ce efectua lucr\u0103ri de sudare, \u00eentr-un bloc de locuit. Potrivit medicilor b\u0103rbatul a fost transportat de urgen\u021b\u0103 la Spitalul Municipal. Al doilea caz [&hellip;]<\/p>\n","protected":false},"author":4,"featured_media":9797,"comment_status":"closed","ping_status":"closed","sticky":false,"template":"","format":"standard","meta":{"footnotes":""},"categories":[6353],"tags":[],"class_list":["post-9794","post","type-post","status-publish","format-standard","has-post-thumbnail","hentry","category-oras"],"yoast_head":"<!-- This site is optimized with the Yoast SEO plugin v27.4 - https:\/\/yoast.com\/product\/yoast-seo-wordpress\/ -->\n<title>PARAMEDICII \u00ceN AC\u021aIUNE! - BTV<\/title>\n<meta name=\"robots\" content=\"index, follow, max-snippet:-1, max-image-preview:large, max-video-preview:-1\" \/>\n<link rel=\"canonical\" href=\"https:\/\/www.btv.md\/ro\/paramedicii-in-actiune\/\" \/>\n<meta property=\"og:locale\" content=\"ro_RO\" \/>\n<meta property=\"og:type\" content=\"article\" \/>\n<meta property=\"og:title\" content=\"PARAMEDICII \u00ceN AC\u021aIUNE! - BTV\" \/>\n<meta property=\"og:description\" content=\"Un b\u0103rbat de 49 de ani \u0219i o t\u00e2n\u0103r\u0103 de 20 de ani din municipiul B\u0103l\u021bi a avut nevoie de ajutorul echipajelor SMURD. \u00cen primul caz b\u0103rbatul \u0219i-a pierdut cuno\u0219tin\u021b\u0103 \u00een timp ce efectua lucr\u0103ri de sudare, \u00eentr-un bloc de locuit. Potrivit medicilor b\u0103rbatul a fost transportat de urgen\u021b\u0103 la Spitalul Municipal. Al doilea caz [&hellip;]\" \/>\n<meta property=\"og:url\" content=\"https:\/\/www.btv.md\/ro\/paramedicii-in-actiune\/\" \/>\n<meta property=\"og:site_name\" content=\"BTV\" \/>\n<meta property=\"article:publisher\" content=\"https:\/\/www.facebook.com\/btvmoldova\/\" \/>\n<meta property=\"article:published_time\" content=\"2016-03-29T14:38:02+00:00\" \/>\n<meta property=\"article:modified_time\" content=\"2016-03-29T14:39:26+00:00\" \/>\n<meta property=\"og:image\" content=\"https:\/\/www.btv.md\/wp-content\/uploads\/2016\/03\/img_0169.jpg\" \/>\n\t<meta property=\"og:image:width\" content=\"5417\" \/>\n\t<meta property=\"og:image:height\" content=\"2881\" \/>\n\t<meta property=\"og:image:type\" content=\"image\/jpeg\" \/>\n<meta name=\"author\" content=\"admin\" \/>\n<meta name=\"twitter:label1\" content=\"Scris de\" \/>\n\t<meta name=\"twitter:data1\" content=\"admin\" \/>\n\t<meta name=\"twitter:label2\" content=\"Timp estimat pentru citire\" \/>\n\t<meta name=\"twitter:data2\" content=\"1 minut\" \/>\n<script type=\"application\/ld+json\" class=\"yoast-schema-graph\">{\"@context\":\"https:\\\/\\\/schema.org\",\"@graph\":[{\"@type\":\"Article\",\"@id\":\"https:\\\/\\\/www.btv.md\\\/ro\\\/paramedicii-in-actiune\\\/#article\",\"isPartOf\":{\"@id\":\"https:\\\/\\\/www.btv.md\\\/ro\\\/paramedicii-in-actiune\\\/\"},\"author\":{\"name\":\"admin\",\"@id\":\"https:\\\/\\\/www.btv.md\\\/#\\\/schema\\\/person\\\/8fadce81561b3ce2c34c46dadc4ccbf2\"},\"headline\":\"PARAMEDICII \u00ceN AC\u021aIUNE!\",\"datePublished\":\"2016-03-29T14:38:02+00:00\",\"dateModified\":\"2016-03-29T14:39:26+00:00\",\"mainEntityOfPage\":{\"@id\":\"https:\\\/\\\/www.btv.md\\\/ro\\\/paramedicii-in-actiune\\\/\"},\"wordCount\":126,\"image\":{\"@id\":\"https:\\\/\\\/www.btv.md\\\/ro\\\/paramedicii-in-actiune\\\/#primaryimage\"},\"thumbnailUrl\":\"https:\\\/\\\/www.btv.md\\\/wp-content\\\/uploads\\\/2016\\\/03\\\/img_0169.jpg\",\"articleSection\":[\"Ora\u0219\"],\"inLanguage\":\"ro-RO\"},{\"@type\":\"WebPage\",\"@id\":\"https:\\\/\\\/www.btv.md\\\/ro\\\/paramedicii-in-actiune\\\/\",\"url\":\"https:\\\/\\\/www.btv.md\\\/ro\\\/paramedicii-in-actiune\\\/\",\"name\":\"PARAMEDICII \u00ceN AC\u021aIUNE! - BTV\",\"isPartOf\":{\"@id\":\"https:\\\/\\\/www.btv.md\\\/#website\"},\"primaryImageOfPage\":{\"@id\":\"https:\\\/\\\/www.btv.md\\\/ro\\\/paramedicii-in-actiune\\\/#primaryimage\"},\"image\":{\"@id\":\"https:\\\/\\\/www.btv.md\\\/ro\\\/paramedicii-in-actiune\\\/#primaryimage\"},\"thumbnailUrl\":\"https:\\\/\\\/www.btv.md\\\/wp-content\\\/uploads\\\/2016\\\/03\\\/img_0169.jpg\",\"datePublished\":\"2016-03-29T14:38:02+00:00\",\"dateModified\":\"2016-03-29T14:39:26+00:00\",\"author\":{\"@id\":\"https:\\\/\\\/www.btv.md\\\/#\\\/schema\\\/person\\\/8fadce81561b3ce2c34c46dadc4ccbf2\"},\"inLanguage\":\"ro-RO\",\"potentialAction\":[{\"@type\":\"ReadAction\",\"target\":[\"https:\\\/\\\/www.btv.md\\\/ro\\\/paramedicii-in-actiune\\\/\"]}]},{\"@type\":\"ImageObject\",\"inLanguage\":\"ro-RO\",\"@id\":\"https:\\\/\\\/www.btv.md\\\/ro\\\/paramedicii-in-actiune\\\/#primaryimage\",\"url\":\"https:\\\/\\\/www.btv.md\\\/wp-content\\\/uploads\\\/2016\\\/03\\\/img_0169.jpg\",\"contentUrl\":\"https:\\\/\\\/www.btv.md\\\/wp-content\\\/uploads\\\/2016\\\/03\\\/img_0169.jpg\",\"width\":5417,\"height\":2881,\"caption\":\"curentul.md\"},{\"@type\":\"WebSite\",\"@id\":\"https:\\\/\\\/www.btv.md\\\/#website\",\"url\":\"https:\\\/\\\/www.btv.md\\\/\",\"name\":\"BTV\",\"description\":\"\u0411\u0435\u043b\u044c\u0446\u043a\u043e\u0435 \u0442\u0435\u043b\u0435\u0432\u0438\u0434\u0435\u043d\u0438\u0435\",\"potentialAction\":[{\"@type\":\"SearchAction\",\"target\":{\"@type\":\"EntryPoint\",\"urlTemplate\":\"https:\\\/\\\/www.btv.md\\\/?s={search_term_string}\"},\"query-input\":{\"@type\":\"PropertyValueSpecification\",\"valueRequired\":true,\"valueName\":\"search_term_string\"}}],\"inLanguage\":\"ro-RO\"},{\"@type\":\"Person\",\"@id\":\"https:\\\/\\\/www.btv.md\\\/#\\\/schema\\\/person\\\/8fadce81561b3ce2c34c46dadc4ccbf2\",\"name\":\"admin\"}]}<\/script>\n<!-- \/ Yoast SEO plugin. -->","yoast_head_json":{"title":"PARAMEDICII \u00ceN AC\u021aIUNE! - BTV","robots":{"index":"index","follow":"follow","max-snippet":"max-snippet:-1","max-image-preview":"max-image-preview:large","max-video-preview":"max-video-preview:-1"},"canonical":"https:\/\/www.btv.md\/ro\/paramedicii-in-actiune\/","og_locale":"ro_RO","og_type":"article","og_title":"PARAMEDICII \u00ceN AC\u021aIUNE! - BTV","og_description":"Un b\u0103rbat de 49 de ani \u0219i o t\u00e2n\u0103r\u0103 de 20 de ani din municipiul B\u0103l\u021bi a avut nevoie de ajutorul echipajelor SMURD. \u00cen primul caz b\u0103rbatul \u0219i-a pierdut cuno\u0219tin\u021b\u0103 \u00een timp ce efectua lucr\u0103ri de sudare, \u00eentr-un bloc de locuit. Potrivit medicilor b\u0103rbatul a fost transportat de urgen\u021b\u0103 la Spitalul Municipal. Al doilea caz [&hellip;]","og_url":"https:\/\/www.btv.md\/ro\/paramedicii-in-actiune\/","og_site_name":"BTV","article_publisher":"https:\/\/www.facebook.com\/btvmoldova\/","article_published_time":"2016-03-29T14:38:02+00:00","article_modified_time":"2016-03-29T14:39:26+00:00","og_image":[{"width":5417,"height":2881,"url":"https:\/\/www.btv.md\/wp-content\/uploads\/2016\/03\/img_0169.jpg","type":"image\/jpeg"}],"author":"admin","twitter_misc":{"Scris de":"admin","Timp estimat pentru citire":"1 minut"},"schema":{"@context":"https:\/\/schema.org","@graph":[{"@type":"Article","@id":"https:\/\/www.btv.md\/ro\/paramedicii-in-actiune\/#article","isPartOf":{"@id":"https:\/\/www.btv.md\/ro\/paramedicii-in-actiune\/"},"author":{"name":"admin","@id":"https:\/\/www.btv.md\/#\/schema\/person\/8fadce81561b3ce2c34c46dadc4ccbf2"},"headline":"PARAMEDICII \u00ceN AC\u021aIUNE!","datePublished":"2016-03-29T14:38:02+00:00","dateModified":"2016-03-29T14:39:26+00:00","mainEntityOfPage":{"@id":"https:\/\/www.btv.md\/ro\/paramedicii-in-actiune\/"},"wordCount":126,"image":{"@id":"https:\/\/www.btv.md\/ro\/paramedicii-in-actiune\/#primaryimage"},"thumbnailUrl":"https:\/\/www.btv.md\/wp-content\/uploads\/2016\/03\/img_0169.jpg","articleSection":["Ora\u0219"],"inLanguage":"ro-RO"},{"@type":"WebPage","@id":"https:\/\/www.btv.md\/ro\/paramedicii-in-actiune\/","url":"https:\/\/www.btv.md\/ro\/paramedicii-in-actiune\/","name":"PARAMEDICII \u00ceN AC\u021aIUNE! - BTV","isPartOf":{"@id":"https:\/\/www.btv.md\/#website"},"primaryImageOfPage":{"@id":"https:\/\/www.btv.md\/ro\/paramedicii-in-actiune\/#primaryimage"},"image":{"@id":"https:\/\/www.btv.md\/ro\/paramedicii-in-actiune\/#primaryimage"},"thumbnailUrl":"https:\/\/www.btv.md\/wp-content\/uploads\/2016\/03\/img_0169.jpg","datePublished":"2016-03-29T14:38:02+00:00","dateModified":"2016-03-29T14:39:26+00:00","author":{"@id":"https:\/\/www.btv.md\/#\/schema\/person\/8fadce81561b3ce2c34c46dadc4ccbf2"},"inLanguage":"ro-RO","potentialAction":[{"@type":"ReadAction","target":["https:\/\/www.btv.md\/ro\/paramedicii-in-actiune\/"]}]},{"@type":"ImageObject","inLanguage":"ro-RO","@id":"https:\/\/www.btv.md\/ro\/paramedicii-in-actiune\/#primaryimage","url":"https:\/\/www.btv.md\/wp-content\/uploads\/2016\/03\/img_0169.jpg","contentUrl":"https:\/\/www.btv.md\/wp-content\/uploads\/2016\/03\/img_0169.jpg","width":5417,"height":2881,"caption":"curentul.md"},{"@type":"WebSite","@id":"https:\/\/www.btv.md\/#website","url":"https:\/\/www.btv.md\/","name":"BTV","description":"\u0411\u0435\u043b\u044c\u0446\u043a\u043e\u0435 \u0442\u0435\u043b\u0435\u0432\u0438\u0434\u0435\u043d\u0438\u0435","potentialAction":[{"@type":"SearchAction","target":{"@type":"EntryPoint","urlTemplate":"https:\/\/www.btv.md\/?s={search_term_string}"},"query-input":{"@type":"PropertyValueSpecification","valueRequired":true,"valueName":"search_term_string"}}],"inLanguage":"ro-RO"},{"@type":"Person","@id":"https:\/\/www.btv.md\/#\/schema\/person\/8fadce81561b3ce2c34c46dadc4ccbf2","name":"admin"}]}},"_links":{"self":[{"href":"https:\/\/www.btv.md\/ro\/wp-json\/wp\/v2\/posts\/9794","targetHints":{"allow":["GET"]}}],"collection":[{"href":"https:\/\/www.btv.md\/ro\/wp-json\/wp\/v2\/posts"}],"about":[{"href":"https:\/\/www.btv.md\/ro\/wp-json\/wp\/v2\/types\/post"}],"author":[{"embeddable":true,"href":"https:\/\/www.btv.md\/ro\/wp-json\/wp\/v2\/users\/4"}],"replies":[{"embeddable":true,"href":"https:\/\/www.btv.md\/ro\/wp-json\/wp\/v2\/comments?post=9794"}],"version-history":[{"count":0,"href":"https:\/\/www.btv.md\/ro\/wp-json\/wp\/v2\/posts\/9794\/revisions"}],"wp:featuredmedia":[{"embeddable":true,"href":"https:\/\/www.btv.md\/ro\/wp-json\/wp\/v2\/media\/9797"}],"wp:attachment":[{"href":"https:\/\/www.btv.md\/ro\/wp-json\/wp\/v2\/media?parent=9794"}],"wp:term":[{"taxonomy":"category","embeddable":true,"href":"https:\/\/www.btv.md\/ro\/wp-json\/wp\/v2\/categories?post=9794"},{"taxonomy":"post_tag","embeddable":true,"href":"https:\/\/www.btv.md\/ro\/wp-json\/wp\/v2\/tags?post=9794"}],"curies":[{"name":"wp","href":"https:\/\/api.w.org\/{rel}","templated":true}]}}