{"id":9839,"date":"2016-03-30T11:07:36","date_gmt":"2016-03-30T08:07:36","guid":{"rendered":"http:\/\/btv.md\/?p=9839"},"modified":"2016-03-30T12:09:22","modified_gmt":"2016-03-30T09:09:22","slug":"intorsatura-neasteptata-in-cazul-nadiei-savcenko-afla-ultima-hotarare","status":"publish","type":"post","link":"https:\/\/www.btv.md\/ro\/intorsatura-neasteptata-in-cazul-nadiei-savcenko-afla-ultima-hotarare\/","title":{"rendered":"\u00ceNTORS\u0102TUR\u0102  NEA\u0218TEPTAT\u0102  \u00ceN  CAZUL  NADIEI  SAVCENKO.AFL\u0102  ULTIMA  HOT\u0102R\u00c2RE"},"content":{"rendered":"<p><strong>NADIA  SAVCENKO  AR  PUTEA  FI  ELIBERAT\u0102  LA  SCHIMB<\/strong><\/p>\n<p><strong>Femeia pilot ucrainean\u0103 Nadia Savcenko, ce a fost condamnat\u0103 recent la 22 de ani de \u00eenchisoare de un tribunal din Rusia pentru complicitate la uciderea a doi ziari\u0219ti ru\u0219i \u00een vara anului 2014 \u00een estul Ucrainei, ar putea fi dat\u0103 la schimb contra traficantului de arme Viktor Bout \u0219i pilotului Konstantin Iaro\u0219cenko, doi cet\u0103\u021beni ru\u0219i \u021binu\u021bi \u00eenchi\u0219i \u00een prezent \u00een SUA, relateaz\u0103 mar\u021bi Interfax, citat\u0103 de Agerpres.<\/strong><\/p>\n<p>\u201e<em>La ora actual\u0103 se duc consult\u0103ri, inclusiv pe canale confiden\u021biale, \u00een vederea eliber\u0103rii Nadiei Savcenko prin intermediul unui schimb. Partea rus\u0103 a propus o list\u0103 a concet\u0103\u021benilor s\u0103i \u00een schimbul eliber\u0103rii c\u0103rora este dispus\u0103 s\u0103 o lase \u00een libertate pe femeia pilot ucrainean\u0103<\/em>\u201d, a declarat agen\u021biei de pres\u0103 men\u021bionate o surs\u0103 \u201ebine informat\u0103\u201d.<\/p>\n<p>Pe lista respectiv\u0103 figureaz\u0103 omul de afaceri Viktor Bout \u0219i pilotul Konstantin Iaro\u0219cenko, condamna\u021bi \u00een SUA la \u00eenchisoare pe termen lung, precum \u0219i o serie de cet\u0103\u021beni ru\u0219i despre a c\u0103ror activitate \u201e<em>nu prea se vorbe\u0219te \u00een mod public<\/em>\u201d, a indicat sursa citat\u0103, suger\u00e2nd c\u0103 ar putea fi vorba de agen\u021bi de informa\u021bii.<\/p>\n<p>Savcenko \u201e\u00ee\u0219i va isp\u0103\u0219i pedeapsa\u201d, a declarat s\u00e2mb\u0103t\u0103 purt\u0103torul de cuv\u00e2nt al Kremlinului, Dmitri Peskov, dup\u0103 ce autorit\u0103\u021bile de la Kiev s-au ar\u0103tat dispuse la un schimb de prizonieri. Pre\u0219edintele ucrainean Petro Poro\u0219enko a propus Moscovei ca \u00een schimbul Nadiei Savcenko s\u0103 elibereze doi ru\u0219i, care, potrivit Kievului, ar fi membri ai serviciilor de informa\u021bii militare ruse (GRU), captura\u021bi \u0219i \u021binu\u021bi \u00eenchi\u0219i de mai multe luni \u00een Ucraina.<\/p>\n<p>Declara\u021bia lui Peskov a fost catalogat\u0103 de unii anali\u0219ti ru\u0219i drept o reac\u021bie nervoas\u0103 dup\u0103 ce lidera partidului ucrainean Batkiv\u0219cina (Patria), fostul premier Iulia Timo\u0219enko, dezv\u0103luise s\u00e2mb\u0103t\u0103 diminea\u021b\u0103 existen\u021ba unei presupuse \u00een\u021belegeri \u00eentre pre\u0219edintele rus Vladimir Putin, cancelarul german Angela Merkel \u0219i pre\u0219edintele american Barack Obama ca Nadia Savcenko s\u0103 fie eliberat\u0103 \u00een termen de dou\u0103 s\u0103pt\u0103m\u00e2ni.<\/p>\n<p>digi24.ro<\/p>\n<p><strong>RAPORT  OXFAM: \u021a\u0102RILE  BOGATE  TREBUIE  S\u0102  ACCEPTE  MAI  MUL\u021aI  REFUGIA\u021aI<\/strong><\/p>\n<p><strong>\u0162\u0103rile bogate au reinstalat doar o frac\u0163iune dintre cei aproape cinci milioane de refugia\u0163i provenind din Siria, a anun\u0163at mar\u0163i ONG-ul britanic Oxfam \u00eentr-un raport \u00een care \u00eendeamn\u0103 aceste \u0163\u0103ri s\u0103 accepte mai mul\u0163i refugia\u0163i, relateaz\u0103 AFP online.<\/strong><\/p>\n<p>ONG-ul le cere \u0163\u0103rilor bogate s\u0103 accepte cel pu\u0163in 10% dintre cele 4,8 milioane de persoane care au fugit din calea r\u0103zboiului din Siria \u015fi care au fost \u00eenregistrate \u00een regiune.<\/p>\n<p>\u00cens\u0103, p\u00e2n\u0103 \u00een prezent, \u0163\u0103rile bogate au reinstalat doar 67.100 de persoane, reprezent\u00e2nd 1,39% dintre refugia\u0163i, potrivit Oxfam.<\/p>\n<p>Organiza\u0163ia a publicat acest raport \u00eenaintea Conferin\u0163ei Interna\u0163ionale sub egida ONU prev\u0103zute miercuri la Geneva, \u00een cadrul c\u0103reia \u0163\u0103rile participante urmeaz\u0103 s\u0103 fie \u00eendemnate s\u0103 creeze locuri \u00een vederea reinstal\u0103rii unor refugia\u0163i sirieni.<\/p>\n<p>Marea majoritate a refugia\u0163ilor se afl\u0103 \u00een \u0163\u0103rile vecine Siriei, devastat\u0103 de un r\u0103zboi care a intrat \u00een al \u015faselea an.<\/p>\n<p>Potrivit Oxfam, doar trei \u0163\u0103ri bogate &#8211; Canda, Germania \u015fi Norvegia &#8211; au f\u0103cut mai mult dec\u00e2t ceea ce era necesar s\u0103 fac\u0103 &#8211; \u00een func\u0163ie de situa\u0163ia lor economic\u0103 &#8211; \u00een primirea permanent\u0103 a unor refugia\u0163i.<\/p>\n<p>Alte cinci \u0163\u0103ri &#8211; Australia, Finlanda, Islanda, Suedia \u015fi Noua Zeeland\u0103 &#8211; s-au angajat s\u0103 fac\u0103 mai mult cu 50% dec\u00e2t le revine, iar alte aproximativ 20 de \u0163\u0103ri analizate de Oxfam se afl\u0103 sub a\u015ftept\u0103ri.<\/p>\n<p>Astfel, Fran\u0163a s-a angajat p\u00e2n\u0103 \u00een prezent s\u0103 primeasc\u0103 1.000 de refugia\u0163i sirieni, reprezent\u00e2nd 4% dintre cei 26.000 de oameni pe care urmeaz\u0103 s\u0103-i primeasc\u0103 \u00een principiu.<\/p>\n<p>Statele Unite &#8211; care au reinstalat 1.812 refugia\u0163i sirieni \u015fi au anun\u0163at c\u0103 vor primi al\u0163i 10.000 &#8211; s-au angajat la un nivel de 7% din cei aproximativ 171.000 de refugia\u0163i considera\u0163i drept partea lor.<\/p>\n<p>Olanda a atins, de asemenea, 7%, Danemarca 15%, iar Marea Britanie un nivel de 22%, potrivit Oxfam.<\/p>\n<p>mediafax.ro<\/p>\n<p><strong>RUSIA  ARE  APROBAREA  UNESCO  PENTRU  DEMINAREA  PALMIREI<\/strong><\/p>\n<p><strong>Rusia are aprobarea UNESCO pentru a elimina minele de teren din siturile antice ale orasului sirian Palmira, a anuntat marti presedintele Vladimir Putin, informeaza Agerpres citand agentia DPA.<\/strong><\/p>\n<p>El a declarat ca a primit aprobarea in timpul unor convorbiri telefonice cu directorul general UNESCO Irina Bokova si presedintele sirian Bashar al-Assad, a relatat agentia de presa Interfax.<\/p>\n<p>Orasul din centrul Siriei Palmira, construit pe o oaza, este un sit al Patrimoniului Mondial UNESCO cu monumente de mii de ani.<\/p>\n<p>Saptamana trecuta, fortele militare ruse au ajutat armata siriana sa elibereze orasul ocupat timp de aproape un an de gruparea terorista Statul Islamic care a aruncat in aer acolo mai multe monumente istorice.<\/p>\n<p>Directia Generala a Antichitatilor si Muzeelor din Siria este optimista ca siturile antice distruse, printre care se numara templele lui Bel si Baal-Shamin, pot fi reconstruite in cinci ani.<\/p>\n<p>&#8222;<em>Mai mult de 80% din antichitatile de pe teritoriul muzeului au supravietuit si sunt intr-o stare satisfacatoare<\/em>&#8222;, a anuntat directia in comentarii difuzate marti de agentia oficiala de presa rusa TASS.<\/p>\n<p>UNESCO se pregateste sa examineze siturile din Siria pentru a intelege scopul efortului de restaurare, a declarat seful unitatii de raspuns de urgenta a UNESCO, Giovanni Boccardi, pentru DPA, adaugand ca organizatia pentru cultura a ONU a oferit 2,7 milioane de euro (3 milioane dolari) pentru finantarea lucrarilor de restaurare in Siria.<\/p>\n<p>Luni, reprezentantul pentru cultura rus Mihail Svidkoi a declarat ca tara sa &#8222;<em>va efectua cu siguranta restaurarea Palmirei. Aceasta problema a fost de mult timp discutata<\/em>&#8222;.<\/p>\n<p>Alti oficiali europeni s-au alaturat apelului pentru restaurarea Palmirei.<\/p>\n<p>Primarul Londrei Boris Johnson a declarat presei locale ca Marea Britanie ar trebui sa ajute la reconstruirea Palmirei drept compensatie pentru raspunsul &#8222;ineficient&#8221; al tarii la criza din Siria, a relatat ziarul The Guardian.<\/p>\n<p>hotnews.ro<\/p>\n<p><strong>COREEA  DE  NORD  A  MAI  LANSAT  O  RACHET\u0102<\/strong><\/p>\n<p><strong>Coreea de Nord a lansat, mar\u0163i, o rachet\u0103 cu raz\u0103 scurt\u0103 de ac\u0163iune \u00een Marea Japoniei, transmite agen\u0163ia de pres\u0103 sud-coreean\u0103 Yonhap, cit\u00e2nd un responsabil din cadrul armatei, relateaz\u0103 \u201eLe Figaro\u201c.<\/strong><\/p>\n<p>Racheta a fost lansat\u0103 din ora\u015ful de coast\u0103 Wonsan \u015fi a zburat deasupra m\u0103rii pe o distan\u0163\u0103 de 200 de kilometri \u00eenainte de a i se pierde urma, precizeaz\u0103 Yonhap, potrivit Mediafax. Luni, ministrul nord-coreean de Externe, Ri Su-Yong, a avertizat c\u0103 \u0163ara sa poate lansa oric\u00e2nd un \u201eatac nuclear preventiv\u201c \u00eempotriva Statelor Unite, subliniind c\u0103 Peninsula Coreea este \u00een pragul r\u0103zboiului din cauza manavrelor militare americano &#8211; sud-coreene. <\/p>\n<p>\u201e<em>\u00cen momentul de fa\u0163\u0103, s-a ajuns la situa\u0163ia \u00een care \u00een Peninsula Coreea poate izbucni oric\u00e2nd r\u0103zboi din cauza activit\u0103\u0163ilor Statelor Unite, care efectueaz\u0103 manevre militare \u00een condi\u0163ii reale<\/em>\u201c, a declarat Ri Su-Yong \u00eentr-un interviu acordat agen\u0163iei de \u015ftiri ruse Tass. <\/p>\n<p>\u201e<em>\u00cen pofida numeroaselor noastre avertismente, Statele Unite efectueaz\u0103 manevre militare f\u0103r\u0103 precedent pe teritoriul Coreei de Sud; aceste exerci\u0163ii sunt \u00eendreptate \u00eempotriva noastr\u0103. Coreea de Nord are o imens\u0103 capacitate militar\u0103 \u015fi poate face fa\u0163\u0103 unui r\u0103zboi \u00een orice condi\u0163ii<\/em>\u201c, a ad\u0103ugat oficialul nord-coreean.<\/p>\n<p>adevarul.ro<\/p>\n<p><strong>CENU\u0218\u0102  VULCANIC\u0102  LA  PESTE  10  KILOMETRI  \u00ceN  ATMOSFER\u0102<\/strong><\/p>\n<p><strong>Vulcanul Pavlof din Alaska continua s\u0103 erup\u0103, devers\u00e2nd lav\u0103, iar o coloan\u0103 de cenu\u015f\u0103 vulcanic\u0103 s-a ridicat p\u00e2n\u0103 la 11 kilometri \u00een atmosfer\u0103, a anun\u0163at Observatorul Vulcanic din Alaska, relateaz\u0103 DPA online.<\/strong><\/p>\n<p>Un nor de cenu\u015f\u0103 s-a extins p\u00e2n\u0103 la peste 650 de kilometri nord-est, c\u0103tre interiorul Alask\u0103i, iar o alert\u0103 aerian\u0103 a fost deja emis\u0103.<\/p>\n<p>Pavlof, care a erupt de peste 40 de ori \u00een trecut, este unul dintre cei mai activi vulcani de pe Arcul Aleutin, potrivit Observatorului.<\/p>\n<p>Vulcanul, care a erupt ultima dat\u0103 \u00een 2014, s-a trezit la via\u0163\u0103 duminic\u0103 dup\u0103-amiaz\u0103.<\/p>\n<p>\u00cen total, \u00een Alaska sunt activi 52 de de vulcani.<\/p>\n<p>gandul.info<\/p>\n<p><iframe width=\"420\" height=\"315\" data-src=\"https:\/\/www.youtube.com\/embed\/fTXfO1Ov0SA\" frameborder=\"0\" allowfullscreen src=\"data:image\/svg+xml;base64,PHN2ZyB3aWR0aD0iMSIgaGVpZ2h0PSIxIiB4bWxucz0iaHR0cDovL3d3dy53My5vcmcvMjAwMC9zdmciPjwvc3ZnPg==\" class=\"lazyload\" data-load-mode=\"1\"><\/iframe><\/p>\n","protected":false},"excerpt":{"rendered":"<p>NADIA SAVCENKO AR PUTEA FI ELIBERAT\u0102 LA SCHIMB Femeia pilot ucrainean\u0103 Nadia Savcenko, ce a fost condamnat\u0103 recent la 22 de ani de \u00eenchisoare de un tribunal din Rusia pentru complicitate la uciderea a doi ziari\u0219ti ru\u0219i \u00een vara anului 2014 \u00een estul Ucrainei, ar putea fi dat\u0103 la schimb contra traficantului de arme Viktor [&hellip;]<\/p>\n","protected":false},"author":4,"featured_media":9840,"comment_status":"closed","ping_status":"closed","sticky":false,"template":"","format":"standard","meta":{"footnotes":""},"categories":[6354],"tags":[],"class_list":["post-9839","post","type-post","status-publish","format-standard","has-post-thumbnail","hentry","category-externe-ro"],"yoast_head":"<!-- This site is optimized with the Yoast SEO plugin v27.4 - https:\/\/yoast.com\/product\/yoast-seo-wordpress\/ -->\n<title>\u00ceNTORS\u0102TUR\u0102 NEA\u0218TEPTAT\u0102 \u00ceN CAZUL NADIEI SAVCENKO.AFL\u0102 ULTIMA HOT\u0102R\u00c2RE  - BTV<\/title>\n<meta name=\"robots\" content=\"index, follow, max-snippet:-1, max-image-preview:large, max-video-preview:-1\" \/>\n<link rel=\"canonical\" href=\"https:\/\/www.btv.md\/ro\/intorsatura-neasteptata-in-cazul-nadiei-savcenko-afla-ultima-hotarare\/\" \/>\n<meta property=\"og:locale\" content=\"ro_RO\" \/>\n<meta property=\"og:type\" content=\"article\" \/>\n<meta property=\"og:title\" content=\"\u00ceNTORS\u0102TUR\u0102 NEA\u0218TEPTAT\u0102 \u00ceN CAZUL NADIEI SAVCENKO.AFL\u0102 ULTIMA HOT\u0102R\u00c2RE  - BTV\" \/>\n<meta property=\"og:description\" content=\"NADIA SAVCENKO AR PUTEA FI ELIBERAT\u0102 LA SCHIMB Femeia pilot ucrainean\u0103 Nadia Savcenko, ce a fost condamnat\u0103 recent la 22 de ani de \u00eenchisoare de un tribunal din Rusia pentru complicitate la uciderea a doi ziari\u0219ti ru\u0219i \u00een vara anului 2014 \u00een estul Ucrainei, ar putea fi dat\u0103 la schimb contra traficantului de arme Viktor [&hellip;]\" \/>\n<meta property=\"og:url\" content=\"https:\/\/www.btv.md\/ro\/intorsatura-neasteptata-in-cazul-nadiei-savcenko-afla-ultima-hotarare\/\" \/>\n<meta property=\"og:site_name\" content=\"BTV\" \/>\n<meta property=\"article:publisher\" content=\"https:\/\/www.facebook.com\/btvmoldova\/\" \/>\n<meta property=\"article:published_time\" content=\"2016-03-30T08:07:36+00:00\" \/>\n<meta property=\"article:modified_time\" content=\"2016-03-30T09:09:22+00:00\" \/>\n<meta property=\"og:image\" content=\"https:\/\/www.btv.md\/wp-content\/uploads\/2016\/03\/big-vladimir-putin-va-stabili-daca-nadia-savcenko-poate-fi-eliberata-in-cadrul-unui-schimb-de-prizonieri.jpg\" \/>\n\t<meta property=\"og:image:width\" content=\"460\" \/>\n\t<meta property=\"og:image:height\" content=\"270\" \/>\n\t<meta property=\"og:image:type\" content=\"image\/jpeg\" \/>\n<meta name=\"author\" content=\"admin\" \/>\n<meta name=\"twitter:label1\" content=\"Scris de\" \/>\n\t<meta name=\"twitter:data1\" content=\"admin\" \/>\n\t<meta name=\"twitter:label2\" content=\"Timp estimat pentru citire\" \/>\n\t<meta name=\"twitter:data2\" content=\"7 minute\" \/>\n<script type=\"application\/ld+json\" class=\"yoast-schema-graph\">{\"@context\":\"https:\\\/\\\/schema.org\",\"@graph\":[{\"@type\":\"Article\",\"@id\":\"https:\\\/\\\/www.btv.md\\\/ro\\\/intorsatura-neasteptata-in-cazul-nadiei-savcenko-afla-ultima-hotarare\\\/#article\",\"isPartOf\":{\"@id\":\"https:\\\/\\\/www.btv.md\\\/ro\\\/intorsatura-neasteptata-in-cazul-nadiei-savcenko-afla-ultima-hotarare\\\/\"},\"author\":{\"name\":\"admin\",\"@id\":\"https:\\\/\\\/www.btv.md\\\/#\\\/schema\\\/person\\\/8fadce81561b3ce2c34c46dadc4ccbf2\"},\"headline\":\"\u00ceNTORS\u0102TUR\u0102 NEA\u0218TEPTAT\u0102 \u00ceN CAZUL NADIEI SAVCENKO.AFL\u0102 ULTIMA HOT\u0102R\u00c2RE\",\"datePublished\":\"2016-03-30T08:07:36+00:00\",\"dateModified\":\"2016-03-30T09:09:22+00:00\",\"mainEntityOfPage\":{\"@id\":\"https:\\\/\\\/www.btv.md\\\/ro\\\/intorsatura-neasteptata-in-cazul-nadiei-savcenko-afla-ultima-hotarare\\\/\"},\"wordCount\":1331,\"image\":{\"@id\":\"https:\\\/\\\/www.btv.md\\\/ro\\\/intorsatura-neasteptata-in-cazul-nadiei-savcenko-afla-ultima-hotarare\\\/#primaryimage\"},\"thumbnailUrl\":\"https:\\\/\\\/www.btv.md\\\/wp-content\\\/uploads\\\/2016\\\/03\\\/big-vladimir-putin-va-stabili-daca-nadia-savcenko-poate-fi-eliberata-in-cadrul-unui-schimb-de-prizonieri.jpg\",\"articleSection\":[\"Externe\"],\"inLanguage\":\"ro-RO\"},{\"@type\":\"WebPage\",\"@id\":\"https:\\\/\\\/www.btv.md\\\/ro\\\/intorsatura-neasteptata-in-cazul-nadiei-savcenko-afla-ultima-hotarare\\\/\",\"url\":\"https:\\\/\\\/www.btv.md\\\/ro\\\/intorsatura-neasteptata-in-cazul-nadiei-savcenko-afla-ultima-hotarare\\\/\",\"name\":\"\u00ceNTORS\u0102TUR\u0102 NEA\u0218TEPTAT\u0102 \u00ceN CAZUL NADIEI SAVCENKO.AFL\u0102 ULTIMA HOT\u0102R\u00c2RE - BTV\",\"isPartOf\":{\"@id\":\"https:\\\/\\\/www.btv.md\\\/#website\"},\"primaryImageOfPage\":{\"@id\":\"https:\\\/\\\/www.btv.md\\\/ro\\\/intorsatura-neasteptata-in-cazul-nadiei-savcenko-afla-ultima-hotarare\\\/#primaryimage\"},\"image\":{\"@id\":\"https:\\\/\\\/www.btv.md\\\/ro\\\/intorsatura-neasteptata-in-cazul-nadiei-savcenko-afla-ultima-hotarare\\\/#primaryimage\"},\"thumbnailUrl\":\"https:\\\/\\\/www.btv.md\\\/wp-content\\\/uploads\\\/2016\\\/03\\\/big-vladimir-putin-va-stabili-daca-nadia-savcenko-poate-fi-eliberata-in-cadrul-unui-schimb-de-prizonieri.jpg\",\"datePublished\":\"2016-03-30T08:07:36+00:00\",\"dateModified\":\"2016-03-30T09:09:22+00:00\",\"author\":{\"@id\":\"https:\\\/\\\/www.btv.md\\\/#\\\/schema\\\/person\\\/8fadce81561b3ce2c34c46dadc4ccbf2\"},\"inLanguage\":\"ro-RO\",\"potentialAction\":[{\"@type\":\"ReadAction\",\"target\":[\"https:\\\/\\\/www.btv.md\\\/ro\\\/intorsatura-neasteptata-in-cazul-nadiei-savcenko-afla-ultima-hotarare\\\/\"]}]},{\"@type\":\"ImageObject\",\"inLanguage\":\"ro-RO\",\"@id\":\"https:\\\/\\\/www.btv.md\\\/ro\\\/intorsatura-neasteptata-in-cazul-nadiei-savcenko-afla-ultima-hotarare\\\/#primaryimage\",\"url\":\"https:\\\/\\\/www.btv.md\\\/wp-content\\\/uploads\\\/2016\\\/03\\\/big-vladimir-putin-va-stabili-daca-nadia-savcenko-poate-fi-eliberata-in-cadrul-unui-schimb-de-prizonieri.jpg\",\"contentUrl\":\"https:\\\/\\\/www.btv.md\\\/wp-content\\\/uploads\\\/2016\\\/03\\\/big-vladimir-putin-va-stabili-daca-nadia-savcenko-poate-fi-eliberata-in-cadrul-unui-schimb-de-prizonieri.jpg\",\"width\":460,\"height\":270,\"caption\":\"jurnal.md\"},{\"@type\":\"WebSite\",\"@id\":\"https:\\\/\\\/www.btv.md\\\/#website\",\"url\":\"https:\\\/\\\/www.btv.md\\\/\",\"name\":\"BTV\",\"description\":\"\u0411\u0435\u043b\u044c\u0446\u043a\u043e\u0435 \u0442\u0435\u043b\u0435\u0432\u0438\u0434\u0435\u043d\u0438\u0435\",\"potentialAction\":[{\"@type\":\"SearchAction\",\"target\":{\"@type\":\"EntryPoint\",\"urlTemplate\":\"https:\\\/\\\/www.btv.md\\\/?s={search_term_string}\"},\"query-input\":{\"@type\":\"PropertyValueSpecification\",\"valueRequired\":true,\"valueName\":\"search_term_string\"}}],\"inLanguage\":\"ro-RO\"},{\"@type\":\"Person\",\"@id\":\"https:\\\/\\\/www.btv.md\\\/#\\\/schema\\\/person\\\/8fadce81561b3ce2c34c46dadc4ccbf2\",\"name\":\"admin\"}]}<\/script>\n<!-- \/ Yoast SEO plugin. -->","yoast_head_json":{"title":"\u00ceNTORS\u0102TUR\u0102 NEA\u0218TEPTAT\u0102 \u00ceN CAZUL NADIEI SAVCENKO.AFL\u0102 ULTIMA HOT\u0102R\u00c2RE  - BTV","robots":{"index":"index","follow":"follow","max-snippet":"max-snippet:-1","max-image-preview":"max-image-preview:large","max-video-preview":"max-video-preview:-1"},"canonical":"https:\/\/www.btv.md\/ro\/intorsatura-neasteptata-in-cazul-nadiei-savcenko-afla-ultima-hotarare\/","og_locale":"ro_RO","og_type":"article","og_title":"\u00ceNTORS\u0102TUR\u0102 NEA\u0218TEPTAT\u0102 \u00ceN CAZUL NADIEI SAVCENKO.AFL\u0102 ULTIMA HOT\u0102R\u00c2RE  - BTV","og_description":"NADIA SAVCENKO AR PUTEA FI ELIBERAT\u0102 LA SCHIMB Femeia pilot ucrainean\u0103 Nadia Savcenko, ce a fost condamnat\u0103 recent la 22 de ani de \u00eenchisoare de un tribunal din Rusia pentru complicitate la uciderea a doi ziari\u0219ti ru\u0219i \u00een vara anului 2014 \u00een estul Ucrainei, ar putea fi dat\u0103 la schimb contra traficantului de arme Viktor [&hellip;]","og_url":"https:\/\/www.btv.md\/ro\/intorsatura-neasteptata-in-cazul-nadiei-savcenko-afla-ultima-hotarare\/","og_site_name":"BTV","article_publisher":"https:\/\/www.facebook.com\/btvmoldova\/","article_published_time":"2016-03-30T08:07:36+00:00","article_modified_time":"2016-03-30T09:09:22+00:00","og_image":[{"width":460,"height":270,"url":"https:\/\/www.btv.md\/wp-content\/uploads\/2016\/03\/big-vladimir-putin-va-stabili-daca-nadia-savcenko-poate-fi-eliberata-in-cadrul-unui-schimb-de-prizonieri.jpg","type":"image\/jpeg"}],"author":"admin","twitter_misc":{"Scris de":"admin","Timp estimat pentru citire":"7 minute"},"schema":{"@context":"https:\/\/schema.org","@graph":[{"@type":"Article","@id":"https:\/\/www.btv.md\/ro\/intorsatura-neasteptata-in-cazul-nadiei-savcenko-afla-ultima-hotarare\/#article","isPartOf":{"@id":"https:\/\/www.btv.md\/ro\/intorsatura-neasteptata-in-cazul-nadiei-savcenko-afla-ultima-hotarare\/"},"author":{"name":"admin","@id":"https:\/\/www.btv.md\/#\/schema\/person\/8fadce81561b3ce2c34c46dadc4ccbf2"},"headline":"\u00ceNTORS\u0102TUR\u0102 NEA\u0218TEPTAT\u0102 \u00ceN CAZUL NADIEI SAVCENKO.AFL\u0102 ULTIMA HOT\u0102R\u00c2RE","datePublished":"2016-03-30T08:07:36+00:00","dateModified":"2016-03-30T09:09:22+00:00","mainEntityOfPage":{"@id":"https:\/\/www.btv.md\/ro\/intorsatura-neasteptata-in-cazul-nadiei-savcenko-afla-ultima-hotarare\/"},"wordCount":1331,"image":{"@id":"https:\/\/www.btv.md\/ro\/intorsatura-neasteptata-in-cazul-nadiei-savcenko-afla-ultima-hotarare\/#primaryimage"},"thumbnailUrl":"https:\/\/www.btv.md\/wp-content\/uploads\/2016\/03\/big-vladimir-putin-va-stabili-daca-nadia-savcenko-poate-fi-eliberata-in-cadrul-unui-schimb-de-prizonieri.jpg","articleSection":["Externe"],"inLanguage":"ro-RO"},{"@type":"WebPage","@id":"https:\/\/www.btv.md\/ro\/intorsatura-neasteptata-in-cazul-nadiei-savcenko-afla-ultima-hotarare\/","url":"https:\/\/www.btv.md\/ro\/intorsatura-neasteptata-in-cazul-nadiei-savcenko-afla-ultima-hotarare\/","name":"\u00ceNTORS\u0102TUR\u0102 NEA\u0218TEPTAT\u0102 \u00ceN CAZUL NADIEI SAVCENKO.AFL\u0102 ULTIMA HOT\u0102R\u00c2RE - BTV","isPartOf":{"@id":"https:\/\/www.btv.md\/#website"},"primaryImageOfPage":{"@id":"https:\/\/www.btv.md\/ro\/intorsatura-neasteptata-in-cazul-nadiei-savcenko-afla-ultima-hotarare\/#primaryimage"},"image":{"@id":"https:\/\/www.btv.md\/ro\/intorsatura-neasteptata-in-cazul-nadiei-savcenko-afla-ultima-hotarare\/#primaryimage"},"thumbnailUrl":"https:\/\/www.btv.md\/wp-content\/uploads\/2016\/03\/big-vladimir-putin-va-stabili-daca-nadia-savcenko-poate-fi-eliberata-in-cadrul-unui-schimb-de-prizonieri.jpg","datePublished":"2016-03-30T08:07:36+00:00","dateModified":"2016-03-30T09:09:22+00:00","author":{"@id":"https:\/\/www.btv.md\/#\/schema\/person\/8fadce81561b3ce2c34c46dadc4ccbf2"},"inLanguage":"ro-RO","potentialAction":[{"@type":"ReadAction","target":["https:\/\/www.btv.md\/ro\/intorsatura-neasteptata-in-cazul-nadiei-savcenko-afla-ultima-hotarare\/"]}]},{"@type":"ImageObject","inLanguage":"ro-RO","@id":"https:\/\/www.btv.md\/ro\/intorsatura-neasteptata-in-cazul-nadiei-savcenko-afla-ultima-hotarare\/#primaryimage","url":"https:\/\/www.btv.md\/wp-content\/uploads\/2016\/03\/big-vladimir-putin-va-stabili-daca-nadia-savcenko-poate-fi-eliberata-in-cadrul-unui-schimb-de-prizonieri.jpg","contentUrl":"https:\/\/www.btv.md\/wp-content\/uploads\/2016\/03\/big-vladimir-putin-va-stabili-daca-nadia-savcenko-poate-fi-eliberata-in-cadrul-unui-schimb-de-prizonieri.jpg","width":460,"height":270,"caption":"jurnal.md"},{"@type":"WebSite","@id":"https:\/\/www.btv.md\/#website","url":"https:\/\/www.btv.md\/","name":"BTV","description":"\u0411\u0435\u043b\u044c\u0446\u043a\u043e\u0435 \u0442\u0435\u043b\u0435\u0432\u0438\u0434\u0435\u043d\u0438\u0435","potentialAction":[{"@type":"SearchAction","target":{"@type":"EntryPoint","urlTemplate":"https:\/\/www.btv.md\/?s={search_term_string}"},"query-input":{"@type":"PropertyValueSpecification","valueRequired":true,"valueName":"search_term_string"}}],"inLanguage":"ro-RO"},{"@type":"Person","@id":"https:\/\/www.btv.md\/#\/schema\/person\/8fadce81561b3ce2c34c46dadc4ccbf2","name":"admin"}]}},"_links":{"self":[{"href":"https:\/\/www.btv.md\/ro\/wp-json\/wp\/v2\/posts\/9839","targetHints":{"allow":["GET"]}}],"collection":[{"href":"https:\/\/www.btv.md\/ro\/wp-json\/wp\/v2\/posts"}],"about":[{"href":"https:\/\/www.btv.md\/ro\/wp-json\/wp\/v2\/types\/post"}],"author":[{"embeddable":true,"href":"https:\/\/www.btv.md\/ro\/wp-json\/wp\/v2\/users\/4"}],"replies":[{"embeddable":true,"href":"https:\/\/www.btv.md\/ro\/wp-json\/wp\/v2\/comments?post=9839"}],"version-history":[{"count":0,"href":"https:\/\/www.btv.md\/ro\/wp-json\/wp\/v2\/posts\/9839\/revisions"}],"wp:featuredmedia":[{"embeddable":true,"href":"https:\/\/www.btv.md\/ro\/wp-json\/wp\/v2\/media\/9840"}],"wp:attachment":[{"href":"https:\/\/www.btv.md\/ro\/wp-json\/wp\/v2\/media?parent=9839"}],"wp:term":[{"taxonomy":"category","embeddable":true,"href":"https:\/\/www.btv.md\/ro\/wp-json\/wp\/v2\/categories?post=9839"},{"taxonomy":"post_tag","embeddable":true,"href":"https:\/\/www.btv.md\/ro\/wp-json\/wp\/v2\/tags?post=9839"}],"curies":[{"name":"wp","href":"https:\/\/api.w.org\/{rel}","templated":true}]}}