{"id":9848,"date":"2016-03-30T14:20:33","date_gmt":"2016-03-30T11:20:33","guid":{"rendered":"http:\/\/btv.md\/?p=9848"},"modified":"2016-03-30T14:20:48","modified_gmt":"2016-03-30T11:20:48","slug":"cec-decide-soarta-referendumului-constitutional","status":"publish","type":"post","link":"https:\/\/www.btv.md\/ro\/cec-decide-soarta-referendumului-constitutional\/","title":{"rendered":"CEC DECIDE SOARTA REFERENDUMULUI CONSTITU\u021aIONAL"},"content":{"rendered":"<p><strong>Comisia Electoral\u0103 Central\u0103 va examina miercuri \u00een \u0219edin\u021b\u0103 public\u0103 sesizarea privind organizarea unui referendum constitu\u021bional privind modificarea mai multor articole din Constitu\u021bie. Liderii Platformei Demnitate \u0219i Adev\u0103r sus\u021bin c\u0103 decizia ar fi deja luat\u0103 \u00een culuarele puterii de la Chi\u0219in\u0103u \u0219i aceasta ar fi de a respinge ini\u021biativa de referendum, transmite <a href=\"http:\/\/unimedia.info\/stiri\/cec-decide-astazi-soarta-referendumului-constitutional--platforma-da-au-luat-deja-decizia-de-respingere-112189.html\" target=\"_blank\">unimedia<\/a>.<\/strong><\/p>\n<p>Vasile N\u0103stase a scris pe pagina sa de facebook: \u201e<em>Comisia Electoral\u0103 Central\u0103, \u00een conformitate cu prevederile ar.157 alin.(3)din Codul electoral adopt\u0103 decizia cu privire la respingerea propunerii de a efectua referendumul republican \u0219i anularea \u00eenregistr\u0103rii grupului de ini\u021biativa pe motivul neprezent\u0103rii num\u0103rului necesar de semn\u0103turi prevazut de art. 141 alin. (1) lit a ) din Constitu\u021bie<\/em>\u201d.<\/p>\n<p>Secretarul Comisiei Electorale Centrale, Andrei Volentir s-a ar\u0103tat nedumerit de aceste declara\u021bii dat fiind faptul c\u0103 toate discu\u021biile \u0219i notele informative privind acest subiect sunt discutate printr-un sistem intern \u0219i \u00eenchis. <\/p>\n<p>\u201e<em>Urmeaz\u0103 s\u0103 examin\u0103m \u00een \u0219edin\u021b\u0103 public\u0103 solicitarea grupului de ini\u021biativ\u0103. Pentru mine este straniu de unde ar fi putut afla cei de la Platforma DA despre rapoarte \u0219i decizii dat fiind faptul c\u0103 exist\u0103 o procedur\u0103 de cominicare intern\u0103 \u00een cadrul CEC, \u0219i nu uita\u021bi c\u0103 suntem un organ colegial iar decizia va fi luat\u0103 cu votul a cinci membri din cei nou\u0103<\/em>\u201d, a spus Andrei Volentir.<\/p>\n","protected":false},"excerpt":{"rendered":"<p>Comisia Electoral\u0103 Central\u0103 va examina miercuri \u00een \u0219edin\u021b\u0103 public\u0103 sesizarea privind organizarea unui referendum constitu\u021bional privind modificarea mai multor articole din Constitu\u021bie. Liderii Platformei Demnitate \u0219i Adev\u0103r sus\u021bin c\u0103 decizia ar fi deja luat\u0103 \u00een culuarele puterii de la Chi\u0219in\u0103u \u0219i aceasta ar fi de a respinge ini\u021biativa de referendum, transmite unimedia. Vasile N\u0103stase a [&hellip;]<\/p>\n","protected":false},"author":4,"featured_media":9849,"comment_status":"closed","ping_status":"closed","sticky":false,"template":"","format":"standard","meta":{"footnotes":""},"categories":[11],"tags":[],"class_list":["post-9848","post","type-post","status-publish","format-standard","has-post-thumbnail","hentry","category-politica"],"yoast_head":"<!-- This site is optimized with the Yoast SEO plugin v27.4 - https:\/\/yoast.com\/product\/yoast-seo-wordpress\/ -->\n<title>CEC DECIDE SOARTA REFERENDUMULUI CONSTITU\u021aIONAL - BTV<\/title>\n<meta name=\"robots\" content=\"index, follow, max-snippet:-1, max-image-preview:large, max-video-preview:-1\" \/>\n<link rel=\"canonical\" href=\"https:\/\/www.btv.md\/ro\/cec-decide-soarta-referendumului-constitutional\/\" \/>\n<meta property=\"og:locale\" content=\"ro_RO\" \/>\n<meta property=\"og:type\" content=\"article\" \/>\n<meta property=\"og:title\" content=\"CEC DECIDE SOARTA REFERENDUMULUI CONSTITU\u021aIONAL - BTV\" \/>\n<meta property=\"og:description\" content=\"Comisia Electoral\u0103 Central\u0103 va examina miercuri \u00een \u0219edin\u021b\u0103 public\u0103 sesizarea privind organizarea unui referendum constitu\u021bional privind modificarea mai multor articole din Constitu\u021bie. Liderii Platformei Demnitate \u0219i Adev\u0103r sus\u021bin c\u0103 decizia ar fi deja luat\u0103 \u00een culuarele puterii de la Chi\u0219in\u0103u \u0219i aceasta ar fi de a respinge ini\u021biativa de referendum, transmite unimedia. Vasile N\u0103stase a [&hellip;]\" \/>\n<meta property=\"og:url\" content=\"https:\/\/www.btv.md\/ro\/cec-decide-soarta-referendumului-constitutional\/\" \/>\n<meta property=\"og:site_name\" content=\"BTV\" \/>\n<meta property=\"article:publisher\" content=\"https:\/\/www.facebook.com\/btvmoldova\/\" \/>\n<meta property=\"article:published_time\" content=\"2016-03-30T11:20:33+00:00\" \/>\n<meta property=\"article:modified_time\" content=\"2016-03-30T11:20:48+00:00\" \/>\n<meta property=\"og:image\" content=\"https:\/\/www.btv.md\/wp-content\/uploads\/2016\/03\/1428563038_cec_2.jpg\" \/>\n\t<meta property=\"og:image:width\" content=\"700\" \/>\n\t<meta property=\"og:image:height\" content=\"466\" \/>\n\t<meta property=\"og:image:type\" content=\"image\/jpeg\" \/>\n<meta name=\"author\" content=\"admin\" \/>\n<meta name=\"twitter:label1\" content=\"Scris de\" \/>\n\t<meta name=\"twitter:data1\" content=\"admin\" \/>\n\t<meta name=\"twitter:label2\" content=\"Timp estimat pentru citire\" \/>\n\t<meta name=\"twitter:data2\" content=\"1 minut\" \/>\n<script type=\"application\/ld+json\" class=\"yoast-schema-graph\">{\"@context\":\"https:\\\/\\\/schema.org\",\"@graph\":[{\"@type\":\"Article\",\"@id\":\"https:\\\/\\\/www.btv.md\\\/ro\\\/cec-decide-soarta-referendumului-constitutional\\\/#article\",\"isPartOf\":{\"@id\":\"https:\\\/\\\/www.btv.md\\\/ro\\\/cec-decide-soarta-referendumului-constitutional\\\/\"},\"author\":{\"name\":\"admin\",\"@id\":\"https:\\\/\\\/www.btv.md\\\/#\\\/schema\\\/person\\\/8fadce81561b3ce2c34c46dadc4ccbf2\"},\"headline\":\"CEC DECIDE SOARTA REFERENDUMULUI CONSTITU\u021aIONAL\",\"datePublished\":\"2016-03-30T11:20:33+00:00\",\"dateModified\":\"2016-03-30T11:20:48+00:00\",\"mainEntityOfPage\":{\"@id\":\"https:\\\/\\\/www.btv.md\\\/ro\\\/cec-decide-soarta-referendumului-constitutional\\\/\"},\"wordCount\":230,\"image\":{\"@id\":\"https:\\\/\\\/www.btv.md\\\/ro\\\/cec-decide-soarta-referendumului-constitutional\\\/#primaryimage\"},\"thumbnailUrl\":\"https:\\\/\\\/www.btv.md\\\/wp-content\\\/uploads\\\/2016\\\/03\\\/1428563038_cec_2.jpg\",\"articleSection\":[\"\u041f\u043e\u043b\u0438\u0442\u0438\u043a\u0430\"],\"inLanguage\":\"ro-RO\"},{\"@type\":\"WebPage\",\"@id\":\"https:\\\/\\\/www.btv.md\\\/ro\\\/cec-decide-soarta-referendumului-constitutional\\\/\",\"url\":\"https:\\\/\\\/www.btv.md\\\/ro\\\/cec-decide-soarta-referendumului-constitutional\\\/\",\"name\":\"CEC DECIDE SOARTA REFERENDUMULUI CONSTITU\u021aIONAL - BTV\",\"isPartOf\":{\"@id\":\"https:\\\/\\\/www.btv.md\\\/#website\"},\"primaryImageOfPage\":{\"@id\":\"https:\\\/\\\/www.btv.md\\\/ro\\\/cec-decide-soarta-referendumului-constitutional\\\/#primaryimage\"},\"image\":{\"@id\":\"https:\\\/\\\/www.btv.md\\\/ro\\\/cec-decide-soarta-referendumului-constitutional\\\/#primaryimage\"},\"thumbnailUrl\":\"https:\\\/\\\/www.btv.md\\\/wp-content\\\/uploads\\\/2016\\\/03\\\/1428563038_cec_2.jpg\",\"datePublished\":\"2016-03-30T11:20:33+00:00\",\"dateModified\":\"2016-03-30T11:20:48+00:00\",\"author\":{\"@id\":\"https:\\\/\\\/www.btv.md\\\/#\\\/schema\\\/person\\\/8fadce81561b3ce2c34c46dadc4ccbf2\"},\"inLanguage\":\"ro-RO\",\"potentialAction\":[{\"@type\":\"ReadAction\",\"target\":[\"https:\\\/\\\/www.btv.md\\\/ro\\\/cec-decide-soarta-referendumului-constitutional\\\/\"]}]},{\"@type\":\"ImageObject\",\"inLanguage\":\"ro-RO\",\"@id\":\"https:\\\/\\\/www.btv.md\\\/ro\\\/cec-decide-soarta-referendumului-constitutional\\\/#primaryimage\",\"url\":\"https:\\\/\\\/www.btv.md\\\/wp-content\\\/uploads\\\/2016\\\/03\\\/1428563038_cec_2.jpg\",\"contentUrl\":\"https:\\\/\\\/www.btv.md\\\/wp-content\\\/uploads\\\/2016\\\/03\\\/1428563038_cec_2.jpg\",\"width\":700,\"height\":466,\"caption\":\"gagauzinfo.md\"},{\"@type\":\"WebSite\",\"@id\":\"https:\\\/\\\/www.btv.md\\\/#website\",\"url\":\"https:\\\/\\\/www.btv.md\\\/\",\"name\":\"BTV\",\"description\":\"\u0411\u0435\u043b\u044c\u0446\u043a\u043e\u0435 \u0442\u0435\u043b\u0435\u0432\u0438\u0434\u0435\u043d\u0438\u0435\",\"potentialAction\":[{\"@type\":\"SearchAction\",\"target\":{\"@type\":\"EntryPoint\",\"urlTemplate\":\"https:\\\/\\\/www.btv.md\\\/?s={search_term_string}\"},\"query-input\":{\"@type\":\"PropertyValueSpecification\",\"valueRequired\":true,\"valueName\":\"search_term_string\"}}],\"inLanguage\":\"ro-RO\"},{\"@type\":\"Person\",\"@id\":\"https:\\\/\\\/www.btv.md\\\/#\\\/schema\\\/person\\\/8fadce81561b3ce2c34c46dadc4ccbf2\",\"name\":\"admin\"}]}<\/script>\n<!-- \/ Yoast SEO plugin. -->","yoast_head_json":{"title":"CEC DECIDE SOARTA REFERENDUMULUI CONSTITU\u021aIONAL - BTV","robots":{"index":"index","follow":"follow","max-snippet":"max-snippet:-1","max-image-preview":"max-image-preview:large","max-video-preview":"max-video-preview:-1"},"canonical":"https:\/\/www.btv.md\/ro\/cec-decide-soarta-referendumului-constitutional\/","og_locale":"ro_RO","og_type":"article","og_title":"CEC DECIDE SOARTA REFERENDUMULUI CONSTITU\u021aIONAL - BTV","og_description":"Comisia Electoral\u0103 Central\u0103 va examina miercuri \u00een \u0219edin\u021b\u0103 public\u0103 sesizarea privind organizarea unui referendum constitu\u021bional privind modificarea mai multor articole din Constitu\u021bie. Liderii Platformei Demnitate \u0219i Adev\u0103r sus\u021bin c\u0103 decizia ar fi deja luat\u0103 \u00een culuarele puterii de la Chi\u0219in\u0103u \u0219i aceasta ar fi de a respinge ini\u021biativa de referendum, transmite unimedia. Vasile N\u0103stase a [&hellip;]","og_url":"https:\/\/www.btv.md\/ro\/cec-decide-soarta-referendumului-constitutional\/","og_site_name":"BTV","article_publisher":"https:\/\/www.facebook.com\/btvmoldova\/","article_published_time":"2016-03-30T11:20:33+00:00","article_modified_time":"2016-03-30T11:20:48+00:00","og_image":[{"width":700,"height":466,"url":"https:\/\/www.btv.md\/wp-content\/uploads\/2016\/03\/1428563038_cec_2.jpg","type":"image\/jpeg"}],"author":"admin","twitter_misc":{"Scris de":"admin","Timp estimat pentru citire":"1 minut"},"schema":{"@context":"https:\/\/schema.org","@graph":[{"@type":"Article","@id":"https:\/\/www.btv.md\/ro\/cec-decide-soarta-referendumului-constitutional\/#article","isPartOf":{"@id":"https:\/\/www.btv.md\/ro\/cec-decide-soarta-referendumului-constitutional\/"},"author":{"name":"admin","@id":"https:\/\/www.btv.md\/#\/schema\/person\/8fadce81561b3ce2c34c46dadc4ccbf2"},"headline":"CEC DECIDE SOARTA REFERENDUMULUI CONSTITU\u021aIONAL","datePublished":"2016-03-30T11:20:33+00:00","dateModified":"2016-03-30T11:20:48+00:00","mainEntityOfPage":{"@id":"https:\/\/www.btv.md\/ro\/cec-decide-soarta-referendumului-constitutional\/"},"wordCount":230,"image":{"@id":"https:\/\/www.btv.md\/ro\/cec-decide-soarta-referendumului-constitutional\/#primaryimage"},"thumbnailUrl":"https:\/\/www.btv.md\/wp-content\/uploads\/2016\/03\/1428563038_cec_2.jpg","articleSection":["\u041f\u043e\u043b\u0438\u0442\u0438\u043a\u0430"],"inLanguage":"ro-RO"},{"@type":"WebPage","@id":"https:\/\/www.btv.md\/ro\/cec-decide-soarta-referendumului-constitutional\/","url":"https:\/\/www.btv.md\/ro\/cec-decide-soarta-referendumului-constitutional\/","name":"CEC DECIDE SOARTA REFERENDUMULUI CONSTITU\u021aIONAL - BTV","isPartOf":{"@id":"https:\/\/www.btv.md\/#website"},"primaryImageOfPage":{"@id":"https:\/\/www.btv.md\/ro\/cec-decide-soarta-referendumului-constitutional\/#primaryimage"},"image":{"@id":"https:\/\/www.btv.md\/ro\/cec-decide-soarta-referendumului-constitutional\/#primaryimage"},"thumbnailUrl":"https:\/\/www.btv.md\/wp-content\/uploads\/2016\/03\/1428563038_cec_2.jpg","datePublished":"2016-03-30T11:20:33+00:00","dateModified":"2016-03-30T11:20:48+00:00","author":{"@id":"https:\/\/www.btv.md\/#\/schema\/person\/8fadce81561b3ce2c34c46dadc4ccbf2"},"inLanguage":"ro-RO","potentialAction":[{"@type":"ReadAction","target":["https:\/\/www.btv.md\/ro\/cec-decide-soarta-referendumului-constitutional\/"]}]},{"@type":"ImageObject","inLanguage":"ro-RO","@id":"https:\/\/www.btv.md\/ro\/cec-decide-soarta-referendumului-constitutional\/#primaryimage","url":"https:\/\/www.btv.md\/wp-content\/uploads\/2016\/03\/1428563038_cec_2.jpg","contentUrl":"https:\/\/www.btv.md\/wp-content\/uploads\/2016\/03\/1428563038_cec_2.jpg","width":700,"height":466,"caption":"gagauzinfo.md"},{"@type":"WebSite","@id":"https:\/\/www.btv.md\/#website","url":"https:\/\/www.btv.md\/","name":"BTV","description":"\u0411\u0435\u043b\u044c\u0446\u043a\u043e\u0435 \u0442\u0435\u043b\u0435\u0432\u0438\u0434\u0435\u043d\u0438\u0435","potentialAction":[{"@type":"SearchAction","target":{"@type":"EntryPoint","urlTemplate":"https:\/\/www.btv.md\/?s={search_term_string}"},"query-input":{"@type":"PropertyValueSpecification","valueRequired":true,"valueName":"search_term_string"}}],"inLanguage":"ro-RO"},{"@type":"Person","@id":"https:\/\/www.btv.md\/#\/schema\/person\/8fadce81561b3ce2c34c46dadc4ccbf2","name":"admin"}]}},"_links":{"self":[{"href":"https:\/\/www.btv.md\/ro\/wp-json\/wp\/v2\/posts\/9848","targetHints":{"allow":["GET"]}}],"collection":[{"href":"https:\/\/www.btv.md\/ro\/wp-json\/wp\/v2\/posts"}],"about":[{"href":"https:\/\/www.btv.md\/ro\/wp-json\/wp\/v2\/types\/post"}],"author":[{"embeddable":true,"href":"https:\/\/www.btv.md\/ro\/wp-json\/wp\/v2\/users\/4"}],"replies":[{"embeddable":true,"href":"https:\/\/www.btv.md\/ro\/wp-json\/wp\/v2\/comments?post=9848"}],"version-history":[{"count":0,"href":"https:\/\/www.btv.md\/ro\/wp-json\/wp\/v2\/posts\/9848\/revisions"}],"wp:featuredmedia":[{"embeddable":true,"href":"https:\/\/www.btv.md\/ro\/wp-json\/wp\/v2\/media\/9849"}],"wp:attachment":[{"href":"https:\/\/www.btv.md\/ro\/wp-json\/wp\/v2\/media?parent=9848"}],"wp:term":[{"taxonomy":"category","embeddable":true,"href":"https:\/\/www.btv.md\/ro\/wp-json\/wp\/v2\/categories?post=9848"},{"taxonomy":"post_tag","embeddable":true,"href":"https:\/\/www.btv.md\/ro\/wp-json\/wp\/v2\/tags?post=9848"}],"curies":[{"name":"wp","href":"https:\/\/api.w.org\/{rel}","templated":true}]}}