{"id":9852,"date":"2016-03-30T14:24:57","date_gmt":"2016-03-30T11:24:57","guid":{"rendered":"http:\/\/btv.md\/?p=9852"},"modified":"2016-03-30T14:24:57","modified_gmt":"2016-03-30T11:24:57","slug":"doar-o-treime-dintre-demnitari-au-depus-declaratiile-pe-venit","status":"publish","type":"post","link":"https:\/\/www.btv.md\/ro\/doar-o-treime-dintre-demnitari-au-depus-declaratiile-pe-venit\/","title":{"rendered":"DOAR O TREIME DINTRE DEMNITARI AU DEPUS DECLARA\u021aIILE PE VENIT"},"content":{"rendered":"<p><strong>Doar o treime dintre demnitari au depus declara\u021bii cu privire la venituri, proprietate \u0219i de interese personale. Comisia Na\u021bional\u0103 de Integritate solicit\u0103 persoanelor cu func\u021bie public\u0103 s\u0103 depun\u0103 toate actele necesare p\u00e2n\u0103 la 31 martie, altfel ace\u0219tia risc\u0103 amend\u0103, scrie portalul de \u0219tiri <a href=\"http:\/\/deschide.md\/ro\/news\/politic\/25762\/Doar-o-treime-din-demnitari-%C8%99i-au-declarat-veniturile.htm\" target=\"_blank\">deschide.md<\/a>.<\/strong><\/p>\n<p>Potrivit CNI, \u00een conformitate cu legisla\u021bia \u00een vigoare, persoanele cu func\u021bii de demnitate public\u0103, judec\u0103tori, procurori, func\u021bionari publici \u0219i unele categorii de persoane cu func\u021bie de conducere au obliga\u021bia s\u0103 depun\u0103 declara\u021bii anuale. \u00cens\u0103, p\u00e2n\u0103 la moment, Comisia Na\u021bional\u0103 de Integritate a recep\u021bionat doar \u00een jur de 30 de mii de declara\u021bii, ceia ce ar constitui aproximativ o treime din num\u0103rul total al declaran\u021bilor ce urmeaz\u0103 a fi depuse \u00een mod obligatoriu.<\/p>\n<p>\u00cen cazul \u00een care declara\u021biile nu vor fi depuse \u00een termenele, prev\u0103zute de lege, ei vor fi sanc\u021biona\u021bi cu amenda de la 1500 la 3000 lei.<\/p>\n","protected":false},"excerpt":{"rendered":"<p>Doar o treime dintre demnitari au depus declara\u021bii cu privire la venituri, proprietate \u0219i de interese personale. Comisia Na\u021bional\u0103 de Integritate solicit\u0103 persoanelor cu func\u021bie public\u0103 s\u0103 depun\u0103 toate actele necesare p\u00e2n\u0103 la 31 martie, altfel ace\u0219tia risc\u0103 amend\u0103, scrie portalul de \u0219tiri deschide.md. Potrivit CNI, \u00een conformitate cu legisla\u021bia \u00een vigoare, persoanele cu func\u021bii [&hellip;]<\/p>\n","protected":false},"author":4,"featured_media":9853,"comment_status":"closed","ping_status":"closed","sticky":false,"template":"","format":"standard","meta":{"footnotes":""},"categories":[6349],"tags":[],"class_list":["post-9852","post","type-post","status-publish","format-standard","has-post-thumbnail","hentry","category-social"],"yoast_head":"<!-- This site is optimized with the Yoast SEO plugin v27.4 - https:\/\/yoast.com\/product\/yoast-seo-wordpress\/ -->\n<title>DOAR O TREIME DINTRE DEMNITARI AU DEPUS DECLARA\u021aIILE PE VENIT - BTV<\/title>\n<meta name=\"robots\" content=\"index, follow, max-snippet:-1, max-image-preview:large, max-video-preview:-1\" \/>\n<link rel=\"canonical\" href=\"https:\/\/www.btv.md\/ro\/doar-o-treime-dintre-demnitari-au-depus-declaratiile-pe-venit\/\" \/>\n<meta property=\"og:locale\" content=\"ro_RO\" \/>\n<meta property=\"og:type\" content=\"article\" \/>\n<meta property=\"og:title\" content=\"DOAR O TREIME DINTRE DEMNITARI AU DEPUS DECLARA\u021aIILE PE VENIT - BTV\" \/>\n<meta property=\"og:description\" content=\"Doar o treime dintre demnitari au depus declara\u021bii cu privire la venituri, proprietate \u0219i de interese personale. Comisia Na\u021bional\u0103 de Integritate solicit\u0103 persoanelor cu func\u021bie public\u0103 s\u0103 depun\u0103 toate actele necesare p\u00e2n\u0103 la 31 martie, altfel ace\u0219tia risc\u0103 amend\u0103, scrie portalul de \u0219tiri deschide.md. Potrivit CNI, \u00een conformitate cu legisla\u021bia \u00een vigoare, persoanele cu func\u021bii [&hellip;]\" \/>\n<meta property=\"og:url\" content=\"https:\/\/www.btv.md\/ro\/doar-o-treime-dintre-demnitari-au-depus-declaratiile-pe-venit\/\" \/>\n<meta property=\"og:site_name\" content=\"BTV\" \/>\n<meta property=\"article:publisher\" content=\"https:\/\/www.facebook.com\/btvmoldova\/\" \/>\n<meta property=\"article:published_time\" content=\"2016-03-30T11:24:57+00:00\" \/>\n<meta property=\"og:image\" content=\"https:\/\/www.btv.md\/wp-content\/uploads\/2016\/03\/media_142773778438007900.jpg\" \/>\n\t<meta property=\"og:image:width\" content=\"620\" \/>\n\t<meta property=\"og:image:height\" content=\"410\" \/>\n\t<meta property=\"og:image:type\" content=\"image\/jpeg\" \/>\n<meta name=\"author\" content=\"admin\" \/>\n<meta name=\"twitter:label1\" content=\"Scris de\" \/>\n\t<meta name=\"twitter:data1\" content=\"admin\" \/>\n\t<meta name=\"twitter:label2\" content=\"Timp estimat pentru citire\" \/>\n\t<meta name=\"twitter:data2\" content=\"1 minut\" \/>\n<script type=\"application\/ld+json\" class=\"yoast-schema-graph\">{\"@context\":\"https:\\\/\\\/schema.org\",\"@graph\":[{\"@type\":\"Article\",\"@id\":\"https:\\\/\\\/www.btv.md\\\/ro\\\/doar-o-treime-dintre-demnitari-au-depus-declaratiile-pe-venit\\\/#article\",\"isPartOf\":{\"@id\":\"https:\\\/\\\/www.btv.md\\\/ro\\\/doar-o-treime-dintre-demnitari-au-depus-declaratiile-pe-venit\\\/\"},\"author\":{\"name\":\"admin\",\"@id\":\"https:\\\/\\\/www.btv.md\\\/#\\\/schema\\\/person\\\/8fadce81561b3ce2c34c46dadc4ccbf2\"},\"headline\":\"DOAR O TREIME DINTRE DEMNITARI AU DEPUS DECLARA\u021aIILE PE VENIT\",\"datePublished\":\"2016-03-30T11:24:57+00:00\",\"mainEntityOfPage\":{\"@id\":\"https:\\\/\\\/www.btv.md\\\/ro\\\/doar-o-treime-dintre-demnitari-au-depus-declaratiile-pe-venit\\\/\"},\"wordCount\":172,\"image\":{\"@id\":\"https:\\\/\\\/www.btv.md\\\/ro\\\/doar-o-treime-dintre-demnitari-au-depus-declaratiile-pe-venit\\\/#primaryimage\"},\"thumbnailUrl\":\"https:\\\/\\\/www.btv.md\\\/wp-content\\\/uploads\\\/2016\\\/03\\\/media_142773778438007900.jpg\",\"articleSection\":[\"Social\"],\"inLanguage\":\"ro-RO\"},{\"@type\":\"WebPage\",\"@id\":\"https:\\\/\\\/www.btv.md\\\/ro\\\/doar-o-treime-dintre-demnitari-au-depus-declaratiile-pe-venit\\\/\",\"url\":\"https:\\\/\\\/www.btv.md\\\/ro\\\/doar-o-treime-dintre-demnitari-au-depus-declaratiile-pe-venit\\\/\",\"name\":\"DOAR O TREIME DINTRE DEMNITARI AU DEPUS DECLARA\u021aIILE PE VENIT - BTV\",\"isPartOf\":{\"@id\":\"https:\\\/\\\/www.btv.md\\\/#website\"},\"primaryImageOfPage\":{\"@id\":\"https:\\\/\\\/www.btv.md\\\/ro\\\/doar-o-treime-dintre-demnitari-au-depus-declaratiile-pe-venit\\\/#primaryimage\"},\"image\":{\"@id\":\"https:\\\/\\\/www.btv.md\\\/ro\\\/doar-o-treime-dintre-demnitari-au-depus-declaratiile-pe-venit\\\/#primaryimage\"},\"thumbnailUrl\":\"https:\\\/\\\/www.btv.md\\\/wp-content\\\/uploads\\\/2016\\\/03\\\/media_142773778438007900.jpg\",\"datePublished\":\"2016-03-30T11:24:57+00:00\",\"author\":{\"@id\":\"https:\\\/\\\/www.btv.md\\\/#\\\/schema\\\/person\\\/8fadce81561b3ce2c34c46dadc4ccbf2\"},\"inLanguage\":\"ro-RO\",\"potentialAction\":[{\"@type\":\"ReadAction\",\"target\":[\"https:\\\/\\\/www.btv.md\\\/ro\\\/doar-o-treime-dintre-demnitari-au-depus-declaratiile-pe-venit\\\/\"]}]},{\"@type\":\"ImageObject\",\"inLanguage\":\"ro-RO\",\"@id\":\"https:\\\/\\\/www.btv.md\\\/ro\\\/doar-o-treime-dintre-demnitari-au-depus-declaratiile-pe-venit\\\/#primaryimage\",\"url\":\"https:\\\/\\\/www.btv.md\\\/wp-content\\\/uploads\\\/2016\\\/03\\\/media_142773778438007900.jpg\",\"contentUrl\":\"https:\\\/\\\/www.btv.md\\\/wp-content\\\/uploads\\\/2016\\\/03\\\/media_142773778438007900.jpg\",\"width\":620,\"height\":410,\"caption\":\"www.realitatea.md\"},{\"@type\":\"WebSite\",\"@id\":\"https:\\\/\\\/www.btv.md\\\/#website\",\"url\":\"https:\\\/\\\/www.btv.md\\\/\",\"name\":\"BTV\",\"description\":\"\u0411\u0435\u043b\u044c\u0446\u043a\u043e\u0435 \u0442\u0435\u043b\u0435\u0432\u0438\u0434\u0435\u043d\u0438\u0435\",\"potentialAction\":[{\"@type\":\"SearchAction\",\"target\":{\"@type\":\"EntryPoint\",\"urlTemplate\":\"https:\\\/\\\/www.btv.md\\\/?s={search_term_string}\"},\"query-input\":{\"@type\":\"PropertyValueSpecification\",\"valueRequired\":true,\"valueName\":\"search_term_string\"}}],\"inLanguage\":\"ro-RO\"},{\"@type\":\"Person\",\"@id\":\"https:\\\/\\\/www.btv.md\\\/#\\\/schema\\\/person\\\/8fadce81561b3ce2c34c46dadc4ccbf2\",\"name\":\"admin\"}]}<\/script>\n<!-- \/ Yoast SEO plugin. -->","yoast_head_json":{"title":"DOAR O TREIME DINTRE DEMNITARI AU DEPUS DECLARA\u021aIILE PE VENIT - BTV","robots":{"index":"index","follow":"follow","max-snippet":"max-snippet:-1","max-image-preview":"max-image-preview:large","max-video-preview":"max-video-preview:-1"},"canonical":"https:\/\/www.btv.md\/ro\/doar-o-treime-dintre-demnitari-au-depus-declaratiile-pe-venit\/","og_locale":"ro_RO","og_type":"article","og_title":"DOAR O TREIME DINTRE DEMNITARI AU DEPUS DECLARA\u021aIILE PE VENIT - BTV","og_description":"Doar o treime dintre demnitari au depus declara\u021bii cu privire la venituri, proprietate \u0219i de interese personale. Comisia Na\u021bional\u0103 de Integritate solicit\u0103 persoanelor cu func\u021bie public\u0103 s\u0103 depun\u0103 toate actele necesare p\u00e2n\u0103 la 31 martie, altfel ace\u0219tia risc\u0103 amend\u0103, scrie portalul de \u0219tiri deschide.md. Potrivit CNI, \u00een conformitate cu legisla\u021bia \u00een vigoare, persoanele cu func\u021bii [&hellip;]","og_url":"https:\/\/www.btv.md\/ro\/doar-o-treime-dintre-demnitari-au-depus-declaratiile-pe-venit\/","og_site_name":"BTV","article_publisher":"https:\/\/www.facebook.com\/btvmoldova\/","article_published_time":"2016-03-30T11:24:57+00:00","og_image":[{"width":620,"height":410,"url":"https:\/\/www.btv.md\/wp-content\/uploads\/2016\/03\/media_142773778438007900.jpg","type":"image\/jpeg"}],"author":"admin","twitter_misc":{"Scris de":"admin","Timp estimat pentru citire":"1 minut"},"schema":{"@context":"https:\/\/schema.org","@graph":[{"@type":"Article","@id":"https:\/\/www.btv.md\/ro\/doar-o-treime-dintre-demnitari-au-depus-declaratiile-pe-venit\/#article","isPartOf":{"@id":"https:\/\/www.btv.md\/ro\/doar-o-treime-dintre-demnitari-au-depus-declaratiile-pe-venit\/"},"author":{"name":"admin","@id":"https:\/\/www.btv.md\/#\/schema\/person\/8fadce81561b3ce2c34c46dadc4ccbf2"},"headline":"DOAR O TREIME DINTRE DEMNITARI AU DEPUS DECLARA\u021aIILE PE VENIT","datePublished":"2016-03-30T11:24:57+00:00","mainEntityOfPage":{"@id":"https:\/\/www.btv.md\/ro\/doar-o-treime-dintre-demnitari-au-depus-declaratiile-pe-venit\/"},"wordCount":172,"image":{"@id":"https:\/\/www.btv.md\/ro\/doar-o-treime-dintre-demnitari-au-depus-declaratiile-pe-venit\/#primaryimage"},"thumbnailUrl":"https:\/\/www.btv.md\/wp-content\/uploads\/2016\/03\/media_142773778438007900.jpg","articleSection":["Social"],"inLanguage":"ro-RO"},{"@type":"WebPage","@id":"https:\/\/www.btv.md\/ro\/doar-o-treime-dintre-demnitari-au-depus-declaratiile-pe-venit\/","url":"https:\/\/www.btv.md\/ro\/doar-o-treime-dintre-demnitari-au-depus-declaratiile-pe-venit\/","name":"DOAR O TREIME DINTRE DEMNITARI AU DEPUS DECLARA\u021aIILE PE VENIT - BTV","isPartOf":{"@id":"https:\/\/www.btv.md\/#website"},"primaryImageOfPage":{"@id":"https:\/\/www.btv.md\/ro\/doar-o-treime-dintre-demnitari-au-depus-declaratiile-pe-venit\/#primaryimage"},"image":{"@id":"https:\/\/www.btv.md\/ro\/doar-o-treime-dintre-demnitari-au-depus-declaratiile-pe-venit\/#primaryimage"},"thumbnailUrl":"https:\/\/www.btv.md\/wp-content\/uploads\/2016\/03\/media_142773778438007900.jpg","datePublished":"2016-03-30T11:24:57+00:00","author":{"@id":"https:\/\/www.btv.md\/#\/schema\/person\/8fadce81561b3ce2c34c46dadc4ccbf2"},"inLanguage":"ro-RO","potentialAction":[{"@type":"ReadAction","target":["https:\/\/www.btv.md\/ro\/doar-o-treime-dintre-demnitari-au-depus-declaratiile-pe-venit\/"]}]},{"@type":"ImageObject","inLanguage":"ro-RO","@id":"https:\/\/www.btv.md\/ro\/doar-o-treime-dintre-demnitari-au-depus-declaratiile-pe-venit\/#primaryimage","url":"https:\/\/www.btv.md\/wp-content\/uploads\/2016\/03\/media_142773778438007900.jpg","contentUrl":"https:\/\/www.btv.md\/wp-content\/uploads\/2016\/03\/media_142773778438007900.jpg","width":620,"height":410,"caption":"www.realitatea.md"},{"@type":"WebSite","@id":"https:\/\/www.btv.md\/#website","url":"https:\/\/www.btv.md\/","name":"BTV","description":"\u0411\u0435\u043b\u044c\u0446\u043a\u043e\u0435 \u0442\u0435\u043b\u0435\u0432\u0438\u0434\u0435\u043d\u0438\u0435","potentialAction":[{"@type":"SearchAction","target":{"@type":"EntryPoint","urlTemplate":"https:\/\/www.btv.md\/?s={search_term_string}"},"query-input":{"@type":"PropertyValueSpecification","valueRequired":true,"valueName":"search_term_string"}}],"inLanguage":"ro-RO"},{"@type":"Person","@id":"https:\/\/www.btv.md\/#\/schema\/person\/8fadce81561b3ce2c34c46dadc4ccbf2","name":"admin"}]}},"_links":{"self":[{"href":"https:\/\/www.btv.md\/ro\/wp-json\/wp\/v2\/posts\/9852","targetHints":{"allow":["GET"]}}],"collection":[{"href":"https:\/\/www.btv.md\/ro\/wp-json\/wp\/v2\/posts"}],"about":[{"href":"https:\/\/www.btv.md\/ro\/wp-json\/wp\/v2\/types\/post"}],"author":[{"embeddable":true,"href":"https:\/\/www.btv.md\/ro\/wp-json\/wp\/v2\/users\/4"}],"replies":[{"embeddable":true,"href":"https:\/\/www.btv.md\/ro\/wp-json\/wp\/v2\/comments?post=9852"}],"version-history":[{"count":0,"href":"https:\/\/www.btv.md\/ro\/wp-json\/wp\/v2\/posts\/9852\/revisions"}],"wp:featuredmedia":[{"embeddable":true,"href":"https:\/\/www.btv.md\/ro\/wp-json\/wp\/v2\/media\/9853"}],"wp:attachment":[{"href":"https:\/\/www.btv.md\/ro\/wp-json\/wp\/v2\/media?parent=9852"}],"wp:term":[{"taxonomy":"category","embeddable":true,"href":"https:\/\/www.btv.md\/ro\/wp-json\/wp\/v2\/categories?post=9852"},{"taxonomy":"post_tag","embeddable":true,"href":"https:\/\/www.btv.md\/ro\/wp-json\/wp\/v2\/tags?post=9852"}],"curies":[{"name":"wp","href":"https:\/\/api.w.org\/{rel}","templated":true}]}}