{"id":9855,"date":"2016-03-30T14:30:20","date_gmt":"2016-03-30T11:30:20","guid":{"rendered":"http:\/\/btv.md\/?p=9855"},"modified":"2016-03-30T14:30:20","modified_gmt":"2016-03-30T11:30:20","slug":"ghimpu-ambasadorii-europeni-nu-au-dreptul-sa-critice-reformele-in-moldova","status":"publish","type":"post","link":"https:\/\/www.btv.md\/ro\/ghimpu-ambasadorii-europeni-nu-au-dreptul-sa-critice-reformele-in-moldova\/","title":{"rendered":"GHIMPU: AMBASADORII EUROPENI NU AU  DREPTUL S\u0102 CRITICE REFORMELE \u00ceN MOLDOVA"},"content":{"rendered":"<p><strong>Ambasadorii europeni nu au dreptul s\u0103 critice lipsa reformelor \u00een Republica Moldova, consider\u0103 Mihai Ghimpu. Liderul PL afirm\u0103 c\u0103 i-a spus asta direct ambasadorului Marii Britanii la Chi\u015fin\u0103u, care recent a acuzat guvernarea c\u0103 nu \u00eenva\u0163\u0103 din propriile gre\u015feli \u015fi continu\u0103 s\u0103 mimeze reformele, scrie <a href=\"http:\/\/jurnal.md\/ro\/politic\/2016\/3\/30\/ghimpu-considera-ca-ambasadorii-europeni-nu-ar-trebui-sa-critice-lipsa-reformelor-in-rm-ceea-ce-fac-ei-acum-nu-este-corect\/\" target=\"_blank\">jurnal.md<\/a>.<\/strong><\/p>\n<p>\u201e<em>Nu vreau s\u0103 polemizez cu ambasadorul. Am avut o \u00eent\u00e2lnire cu ei \u015fi le-am spus direct \u00een fa\u0163\u0103: ceea ce fac ei acum nu este corect. C\u00e2nd se fura miliardul, ei t\u0103ceau, parc\u0103 nu existau aici. Dup\u0103 ce s-a furat miliardul, dup\u0103 ce a fost cineva \u00eenchis, au ap\u0103rut c\u0103 lucrurile stau prost. Trebuiau atunci s\u0103 vad\u0103 lucruri<\/em>\u201d, a declarat Ghimpu la postul public de televiziune.<\/p>\n<p>Liderul PL afirm\u0103 c\u0103 actuala guvernare implementeaz\u0103 reforme \u015fi le-a cerut partenerilor europeni s\u0103 precizeze care anume sunt domeniile care au nevoie de schimb\u0103ri.<\/p>\n<p>\u201e<em>Acum noi facem reforme. Guvernatorul e ales. Procurorul \u015fi-a dat demisia. Legi condi\u0163ionate de Consiliul de mini\u015ftri de la Bruxelles au fost votate. Ce nu facem noi acum? Nu putem \u00eentr-o noapte s\u0103 vot\u0103m. C\u0103 noi avem de la partenerii europeni o carte de vreo 82 de pagini cu problemele pe care trebuie s\u0103 le rezolv\u0103m. Unde au fost c\u00e2nd noi, liberalii, ceream reforme \u015fi spuneam c\u0103 se fur\u0103. Noi am venit \u015fi ne-am apucat de reforme. Concret, ce nu se face?<\/em>\u201d, a \u00eentrebat Ghimpu.<\/p>\n<p>Ambasadorul Marii Britanii \u00een Republica Moldova, Phil Batson, a criticat recent guvernarea de la Chi\u015fin\u0103u c\u0103 nu \u00eenva\u0163\u0103 din propriile gre\u015feli \u015fi continu\u0103 s\u0103 mimeze reformele. Diplomatul a accetuat c\u0103 donatorii vor putea adopta strategii de suport financiar doar atunci c\u00e2nd vor fi siguri c\u0103 reformele au devenit reale \u015fi ireversibile. Totodat\u0103, Phil Batson a accentuat c\u0103 \u00een Republica Moldova a fost creat un sistem distrug\u0103tor, care protejeaz\u0103 interesele unei elite, at\u00e2t pe interiorul s\u0103u, c\u00e2t \u015fi \u00een afara lui. <\/p>\n","protected":false},"excerpt":{"rendered":"<p>Ambasadorii europeni nu au dreptul s\u0103 critice lipsa reformelor \u00een Republica Moldova, consider\u0103 Mihai Ghimpu. Liderul PL afirm\u0103 c\u0103 i-a spus asta direct ambasadorului Marii Britanii la Chi\u015fin\u0103u, care recent a acuzat guvernarea c\u0103 nu \u00eenva\u0163\u0103 din propriile gre\u015feli \u015fi continu\u0103 s\u0103 mimeze reformele, scrie jurnal.md. \u201eNu vreau s\u0103 polemizez cu ambasadorul. Am avut o [&hellip;]<\/p>\n","protected":false},"author":4,"featured_media":9856,"comment_status":"closed","ping_status":"closed","sticky":false,"template":"","format":"standard","meta":{"footnotes":""},"categories":[6368],"tags":[],"class_list":["post-9855","post","type-post","status-publish","format-standard","has-post-thumbnail","hentry","category-politica-ro"],"yoast_head":"<!-- This site is optimized with the Yoast SEO plugin v27.4 - https:\/\/yoast.com\/product\/yoast-seo-wordpress\/ -->\n<title>GHIMPU: AMBASADORII EUROPENI NU AU DREPTUL S\u0102 CRITICE REFORMELE \u00ceN MOLDOVA - BTV<\/title>\n<meta name=\"robots\" content=\"index, follow, max-snippet:-1, max-image-preview:large, max-video-preview:-1\" \/>\n<link rel=\"canonical\" href=\"https:\/\/www.btv.md\/ro\/ghimpu-ambasadorii-europeni-nu-au-dreptul-sa-critice-reformele-in-moldova\/\" \/>\n<meta property=\"og:locale\" content=\"ro_RO\" \/>\n<meta property=\"og:type\" content=\"article\" \/>\n<meta property=\"og:title\" content=\"GHIMPU: AMBASADORII EUROPENI NU AU DREPTUL S\u0102 CRITICE REFORMELE \u00ceN MOLDOVA - BTV\" \/>\n<meta property=\"og:description\" content=\"Ambasadorii europeni nu au dreptul s\u0103 critice lipsa reformelor \u00een Republica Moldova, consider\u0103 Mihai Ghimpu. Liderul PL afirm\u0103 c\u0103 i-a spus asta direct ambasadorului Marii Britanii la Chi\u015fin\u0103u, care recent a acuzat guvernarea c\u0103 nu \u00eenva\u0163\u0103 din propriile gre\u015feli \u015fi continu\u0103 s\u0103 mimeze reformele, scrie jurnal.md. \u201eNu vreau s\u0103 polemizez cu ambasadorul. Am avut o [&hellip;]\" \/>\n<meta property=\"og:url\" content=\"https:\/\/www.btv.md\/ro\/ghimpu-ambasadorii-europeni-nu-au-dreptul-sa-critice-reformele-in-moldova\/\" \/>\n<meta property=\"og:site_name\" content=\"BTV\" \/>\n<meta property=\"article:publisher\" content=\"https:\/\/www.facebook.com\/btvmoldova\/\" \/>\n<meta property=\"article:published_time\" content=\"2016-03-30T11:30:20+00:00\" \/>\n<meta property=\"og:image\" content=\"https:\/\/www.btv.md\/wp-content\/uploads\/2016\/03\/mihai-ghimpu-A-LUAT-BATAIE.jpg\" \/>\n\t<meta property=\"og:image:width\" content=\"700\" \/>\n\t<meta property=\"og:image:height\" content=\"433\" \/>\n\t<meta property=\"og:image:type\" content=\"image\/jpeg\" \/>\n<meta name=\"author\" content=\"admin\" \/>\n<meta name=\"twitter:label1\" content=\"Scris de\" \/>\n\t<meta name=\"twitter:data1\" content=\"admin\" \/>\n\t<meta name=\"twitter:label2\" content=\"Timp estimat pentru citire\" \/>\n\t<meta name=\"twitter:data2\" content=\"2 minute\" \/>\n<script type=\"application\/ld+json\" class=\"yoast-schema-graph\">{\"@context\":\"https:\\\/\\\/schema.org\",\"@graph\":[{\"@type\":\"Article\",\"@id\":\"https:\\\/\\\/www.btv.md\\\/ro\\\/ghimpu-ambasadorii-europeni-nu-au-dreptul-sa-critice-reformele-in-moldova\\\/#article\",\"isPartOf\":{\"@id\":\"https:\\\/\\\/www.btv.md\\\/ro\\\/ghimpu-ambasadorii-europeni-nu-au-dreptul-sa-critice-reformele-in-moldova\\\/\"},\"author\":{\"name\":\"admin\",\"@id\":\"https:\\\/\\\/www.btv.md\\\/#\\\/schema\\\/person\\\/8fadce81561b3ce2c34c46dadc4ccbf2\"},\"headline\":\"GHIMPU: AMBASADORII EUROPENI NU AU DREPTUL S\u0102 CRITICE REFORMELE \u00ceN MOLDOVA\",\"datePublished\":\"2016-03-30T11:30:20+00:00\",\"mainEntityOfPage\":{\"@id\":\"https:\\\/\\\/www.btv.md\\\/ro\\\/ghimpu-ambasadorii-europeni-nu-au-dreptul-sa-critice-reformele-in-moldova\\\/\"},\"wordCount\":333,\"image\":{\"@id\":\"https:\\\/\\\/www.btv.md\\\/ro\\\/ghimpu-ambasadorii-europeni-nu-au-dreptul-sa-critice-reformele-in-moldova\\\/#primaryimage\"},\"thumbnailUrl\":\"https:\\\/\\\/www.btv.md\\\/wp-content\\\/uploads\\\/2016\\\/03\\\/mihai-ghimpu-A-LUAT-BATAIE.jpg\",\"articleSection\":[\"Politic\u0103\"],\"inLanguage\":\"ro-RO\"},{\"@type\":\"WebPage\",\"@id\":\"https:\\\/\\\/www.btv.md\\\/ro\\\/ghimpu-ambasadorii-europeni-nu-au-dreptul-sa-critice-reformele-in-moldova\\\/\",\"url\":\"https:\\\/\\\/www.btv.md\\\/ro\\\/ghimpu-ambasadorii-europeni-nu-au-dreptul-sa-critice-reformele-in-moldova\\\/\",\"name\":\"GHIMPU: AMBASADORII EUROPENI NU AU DREPTUL S\u0102 CRITICE REFORMELE \u00ceN MOLDOVA - BTV\",\"isPartOf\":{\"@id\":\"https:\\\/\\\/www.btv.md\\\/#website\"},\"primaryImageOfPage\":{\"@id\":\"https:\\\/\\\/www.btv.md\\\/ro\\\/ghimpu-ambasadorii-europeni-nu-au-dreptul-sa-critice-reformele-in-moldova\\\/#primaryimage\"},\"image\":{\"@id\":\"https:\\\/\\\/www.btv.md\\\/ro\\\/ghimpu-ambasadorii-europeni-nu-au-dreptul-sa-critice-reformele-in-moldova\\\/#primaryimage\"},\"thumbnailUrl\":\"https:\\\/\\\/www.btv.md\\\/wp-content\\\/uploads\\\/2016\\\/03\\\/mihai-ghimpu-A-LUAT-BATAIE.jpg\",\"datePublished\":\"2016-03-30T11:30:20+00:00\",\"author\":{\"@id\":\"https:\\\/\\\/www.btv.md\\\/#\\\/schema\\\/person\\\/8fadce81561b3ce2c34c46dadc4ccbf2\"},\"inLanguage\":\"ro-RO\",\"potentialAction\":[{\"@type\":\"ReadAction\",\"target\":[\"https:\\\/\\\/www.btv.md\\\/ro\\\/ghimpu-ambasadorii-europeni-nu-au-dreptul-sa-critice-reformele-in-moldova\\\/\"]}]},{\"@type\":\"ImageObject\",\"inLanguage\":\"ro-RO\",\"@id\":\"https:\\\/\\\/www.btv.md\\\/ro\\\/ghimpu-ambasadorii-europeni-nu-au-dreptul-sa-critice-reformele-in-moldova\\\/#primaryimage\",\"url\":\"https:\\\/\\\/www.btv.md\\\/wp-content\\\/uploads\\\/2016\\\/03\\\/mihai-ghimpu-A-LUAT-BATAIE.jpg\",\"contentUrl\":\"https:\\\/\\\/www.btv.md\\\/wp-content\\\/uploads\\\/2016\\\/03\\\/mihai-ghimpu-A-LUAT-BATAIE.jpg\",\"width\":700,\"height\":433,\"caption\":\"www.mondonews.ro\"},{\"@type\":\"WebSite\",\"@id\":\"https:\\\/\\\/www.btv.md\\\/#website\",\"url\":\"https:\\\/\\\/www.btv.md\\\/\",\"name\":\"BTV\",\"description\":\"\u0411\u0435\u043b\u044c\u0446\u043a\u043e\u0435 \u0442\u0435\u043b\u0435\u0432\u0438\u0434\u0435\u043d\u0438\u0435\",\"potentialAction\":[{\"@type\":\"SearchAction\",\"target\":{\"@type\":\"EntryPoint\",\"urlTemplate\":\"https:\\\/\\\/www.btv.md\\\/?s={search_term_string}\"},\"query-input\":{\"@type\":\"PropertyValueSpecification\",\"valueRequired\":true,\"valueName\":\"search_term_string\"}}],\"inLanguage\":\"ro-RO\"},{\"@type\":\"Person\",\"@id\":\"https:\\\/\\\/www.btv.md\\\/#\\\/schema\\\/person\\\/8fadce81561b3ce2c34c46dadc4ccbf2\",\"name\":\"admin\"}]}<\/script>\n<!-- \/ Yoast SEO plugin. -->","yoast_head_json":{"title":"GHIMPU: AMBASADORII EUROPENI NU AU DREPTUL S\u0102 CRITICE REFORMELE \u00ceN MOLDOVA - BTV","robots":{"index":"index","follow":"follow","max-snippet":"max-snippet:-1","max-image-preview":"max-image-preview:large","max-video-preview":"max-video-preview:-1"},"canonical":"https:\/\/www.btv.md\/ro\/ghimpu-ambasadorii-europeni-nu-au-dreptul-sa-critice-reformele-in-moldova\/","og_locale":"ro_RO","og_type":"article","og_title":"GHIMPU: AMBASADORII EUROPENI NU AU DREPTUL S\u0102 CRITICE REFORMELE \u00ceN MOLDOVA - BTV","og_description":"Ambasadorii europeni nu au dreptul s\u0103 critice lipsa reformelor \u00een Republica Moldova, consider\u0103 Mihai Ghimpu. Liderul PL afirm\u0103 c\u0103 i-a spus asta direct ambasadorului Marii Britanii la Chi\u015fin\u0103u, care recent a acuzat guvernarea c\u0103 nu \u00eenva\u0163\u0103 din propriile gre\u015feli \u015fi continu\u0103 s\u0103 mimeze reformele, scrie jurnal.md. \u201eNu vreau s\u0103 polemizez cu ambasadorul. Am avut o [&hellip;]","og_url":"https:\/\/www.btv.md\/ro\/ghimpu-ambasadorii-europeni-nu-au-dreptul-sa-critice-reformele-in-moldova\/","og_site_name":"BTV","article_publisher":"https:\/\/www.facebook.com\/btvmoldova\/","article_published_time":"2016-03-30T11:30:20+00:00","og_image":[{"width":700,"height":433,"url":"https:\/\/www.btv.md\/wp-content\/uploads\/2016\/03\/mihai-ghimpu-A-LUAT-BATAIE.jpg","type":"image\/jpeg"}],"author":"admin","twitter_misc":{"Scris de":"admin","Timp estimat pentru citire":"2 minute"},"schema":{"@context":"https:\/\/schema.org","@graph":[{"@type":"Article","@id":"https:\/\/www.btv.md\/ro\/ghimpu-ambasadorii-europeni-nu-au-dreptul-sa-critice-reformele-in-moldova\/#article","isPartOf":{"@id":"https:\/\/www.btv.md\/ro\/ghimpu-ambasadorii-europeni-nu-au-dreptul-sa-critice-reformele-in-moldova\/"},"author":{"name":"admin","@id":"https:\/\/www.btv.md\/#\/schema\/person\/8fadce81561b3ce2c34c46dadc4ccbf2"},"headline":"GHIMPU: AMBASADORII EUROPENI NU AU DREPTUL S\u0102 CRITICE REFORMELE \u00ceN MOLDOVA","datePublished":"2016-03-30T11:30:20+00:00","mainEntityOfPage":{"@id":"https:\/\/www.btv.md\/ro\/ghimpu-ambasadorii-europeni-nu-au-dreptul-sa-critice-reformele-in-moldova\/"},"wordCount":333,"image":{"@id":"https:\/\/www.btv.md\/ro\/ghimpu-ambasadorii-europeni-nu-au-dreptul-sa-critice-reformele-in-moldova\/#primaryimage"},"thumbnailUrl":"https:\/\/www.btv.md\/wp-content\/uploads\/2016\/03\/mihai-ghimpu-A-LUAT-BATAIE.jpg","articleSection":["Politic\u0103"],"inLanguage":"ro-RO"},{"@type":"WebPage","@id":"https:\/\/www.btv.md\/ro\/ghimpu-ambasadorii-europeni-nu-au-dreptul-sa-critice-reformele-in-moldova\/","url":"https:\/\/www.btv.md\/ro\/ghimpu-ambasadorii-europeni-nu-au-dreptul-sa-critice-reformele-in-moldova\/","name":"GHIMPU: AMBASADORII EUROPENI NU AU DREPTUL S\u0102 CRITICE REFORMELE \u00ceN MOLDOVA - BTV","isPartOf":{"@id":"https:\/\/www.btv.md\/#website"},"primaryImageOfPage":{"@id":"https:\/\/www.btv.md\/ro\/ghimpu-ambasadorii-europeni-nu-au-dreptul-sa-critice-reformele-in-moldova\/#primaryimage"},"image":{"@id":"https:\/\/www.btv.md\/ro\/ghimpu-ambasadorii-europeni-nu-au-dreptul-sa-critice-reformele-in-moldova\/#primaryimage"},"thumbnailUrl":"https:\/\/www.btv.md\/wp-content\/uploads\/2016\/03\/mihai-ghimpu-A-LUAT-BATAIE.jpg","datePublished":"2016-03-30T11:30:20+00:00","author":{"@id":"https:\/\/www.btv.md\/#\/schema\/person\/8fadce81561b3ce2c34c46dadc4ccbf2"},"inLanguage":"ro-RO","potentialAction":[{"@type":"ReadAction","target":["https:\/\/www.btv.md\/ro\/ghimpu-ambasadorii-europeni-nu-au-dreptul-sa-critice-reformele-in-moldova\/"]}]},{"@type":"ImageObject","inLanguage":"ro-RO","@id":"https:\/\/www.btv.md\/ro\/ghimpu-ambasadorii-europeni-nu-au-dreptul-sa-critice-reformele-in-moldova\/#primaryimage","url":"https:\/\/www.btv.md\/wp-content\/uploads\/2016\/03\/mihai-ghimpu-A-LUAT-BATAIE.jpg","contentUrl":"https:\/\/www.btv.md\/wp-content\/uploads\/2016\/03\/mihai-ghimpu-A-LUAT-BATAIE.jpg","width":700,"height":433,"caption":"www.mondonews.ro"},{"@type":"WebSite","@id":"https:\/\/www.btv.md\/#website","url":"https:\/\/www.btv.md\/","name":"BTV","description":"\u0411\u0435\u043b\u044c\u0446\u043a\u043e\u0435 \u0442\u0435\u043b\u0435\u0432\u0438\u0434\u0435\u043d\u0438\u0435","potentialAction":[{"@type":"SearchAction","target":{"@type":"EntryPoint","urlTemplate":"https:\/\/www.btv.md\/?s={search_term_string}"},"query-input":{"@type":"PropertyValueSpecification","valueRequired":true,"valueName":"search_term_string"}}],"inLanguage":"ro-RO"},{"@type":"Person","@id":"https:\/\/www.btv.md\/#\/schema\/person\/8fadce81561b3ce2c34c46dadc4ccbf2","name":"admin"}]}},"_links":{"self":[{"href":"https:\/\/www.btv.md\/ro\/wp-json\/wp\/v2\/posts\/9855","targetHints":{"allow":["GET"]}}],"collection":[{"href":"https:\/\/www.btv.md\/ro\/wp-json\/wp\/v2\/posts"}],"about":[{"href":"https:\/\/www.btv.md\/ro\/wp-json\/wp\/v2\/types\/post"}],"author":[{"embeddable":true,"href":"https:\/\/www.btv.md\/ro\/wp-json\/wp\/v2\/users\/4"}],"replies":[{"embeddable":true,"href":"https:\/\/www.btv.md\/ro\/wp-json\/wp\/v2\/comments?post=9855"}],"version-history":[{"count":0,"href":"https:\/\/www.btv.md\/ro\/wp-json\/wp\/v2\/posts\/9855\/revisions"}],"wp:featuredmedia":[{"embeddable":true,"href":"https:\/\/www.btv.md\/ro\/wp-json\/wp\/v2\/media\/9856"}],"wp:attachment":[{"href":"https:\/\/www.btv.md\/ro\/wp-json\/wp\/v2\/media?parent=9855"}],"wp:term":[{"taxonomy":"category","embeddable":true,"href":"https:\/\/www.btv.md\/ro\/wp-json\/wp\/v2\/categories?post=9855"},{"taxonomy":"post_tag","embeddable":true,"href":"https:\/\/www.btv.md\/ro\/wp-json\/wp\/v2\/tags?post=9855"}],"curies":[{"name":"wp","href":"https:\/\/api.w.org\/{rel}","templated":true}]}}