{"id":9861,"date":"2016-03-30T14:39:44","date_gmt":"2016-03-30T11:39:44","guid":{"rendered":"http:\/\/btv.md\/?p=9861"},"modified":"2016-03-30T14:39:44","modified_gmt":"2016-03-30T11:39:44","slug":"gherman-ar-putea-fi-sustinuta-de-larov-la-functia-de-sef-al-onu","status":"publish","type":"post","link":"https:\/\/www.btv.md\/ro\/gherman-ar-putea-fi-sustinuta-de-larov-la-functia-de-sef-al-onu\/","title":{"rendered":"GHERMAN AR PUTEA FI SUS\u021aINUT\u0102 DE LAROV LA FUNC\u021aIA DE \u0218EF AL ONU"},"content":{"rendered":"<p><strong>Fostul ministru al Afacerilor Externe al Republicii Moldova, Natalia Gherman, candidat la func\u021bia de Secretar General al Organiza\u021biei Na\u021biunilor Unite a avut ast\u0103zi o \u00eentrevedere cu ministrul Afacerilor Externe al Federa\u021biei Ruse, Serghei Lavrov, transmite <a href=\"http:\/\/unimedia.info\/stiri\/natalia-gherman-ar-putea-fi-sustinuta-de-federatia-rusa-la-functia-de-secretar-general-al-onu-112166.html\" target=\"_blank\">unimedia<\/a>.<\/strong><\/p>\n<p>Potrivit unui comunicat de pres\u0103 al Ministerului de Externe de la Moscova, cei doi oficiali au discutat despre alegerea noului secretar al ONU, dar \u0219i perspectivele consolid\u0103rii eficien\u021bei Organiza\u021biei.<\/p>\n<p>Fostul ministru al Afacerilor Externe \u0219i Integr\u0103rii Europene, Natalia Gherman, este considerat\u0103 a fi unul din candida\u0163ii favori\u0163i din Europa de Est pentru func\u0163ia de Secretar General al ONU.<\/p>\n<p>Alegerile urmeaz\u0103 s\u0103 aib\u0103 loc \u00een toamna anului curent, \u00een cadrul Adun\u0103rii Generale ONU.<\/p>\n","protected":false},"excerpt":{"rendered":"<p>Fostul ministru al Afacerilor Externe al Republicii Moldova, Natalia Gherman, candidat la func\u021bia de Secretar General al Organiza\u021biei Na\u021biunilor Unite a avut ast\u0103zi o \u00eentrevedere cu ministrul Afacerilor Externe al Federa\u021biei Ruse, Serghei Lavrov, transmite unimedia. Potrivit unui comunicat de pres\u0103 al Ministerului de Externe de la Moscova, cei doi oficiali au discutat despre alegerea [&hellip;]<\/p>\n","protected":false},"author":4,"featured_media":9862,"comment_status":"closed","ping_status":"closed","sticky":false,"template":"","format":"standard","meta":{"footnotes":""},"categories":[6368],"tags":[],"class_list":["post-9861","post","type-post","status-publish","format-standard","has-post-thumbnail","hentry","category-politica-ro"],"yoast_head":"<!-- This site is optimized with the Yoast SEO plugin v27.4 - https:\/\/yoast.com\/product\/yoast-seo-wordpress\/ -->\n<title>GHERMAN AR PUTEA FI SUS\u021aINUT\u0102 DE LAROV LA FUNC\u021aIA DE \u0218EF AL ONU - BTV<\/title>\n<meta name=\"robots\" content=\"index, follow, max-snippet:-1, max-image-preview:large, max-video-preview:-1\" \/>\n<link rel=\"canonical\" href=\"https:\/\/www.btv.md\/ro\/gherman-ar-putea-fi-sustinuta-de-larov-la-functia-de-sef-al-onu\/\" \/>\n<meta property=\"og:locale\" content=\"ro_RO\" \/>\n<meta property=\"og:type\" content=\"article\" \/>\n<meta property=\"og:title\" content=\"GHERMAN AR PUTEA FI SUS\u021aINUT\u0102 DE LAROV LA FUNC\u021aIA DE \u0218EF AL ONU - BTV\" \/>\n<meta property=\"og:description\" content=\"Fostul ministru al Afacerilor Externe al Republicii Moldova, Natalia Gherman, candidat la func\u021bia de Secretar General al Organiza\u021biei Na\u021biunilor Unite a avut ast\u0103zi o \u00eentrevedere cu ministrul Afacerilor Externe al Federa\u021biei Ruse, Serghei Lavrov, transmite unimedia. Potrivit unui comunicat de pres\u0103 al Ministerului de Externe de la Moscova, cei doi oficiali au discutat despre alegerea [&hellip;]\" \/>\n<meta property=\"og:url\" content=\"https:\/\/www.btv.md\/ro\/gherman-ar-putea-fi-sustinuta-de-larov-la-functia-de-sef-al-onu\/\" \/>\n<meta property=\"og:site_name\" content=\"BTV\" \/>\n<meta property=\"article:publisher\" content=\"https:\/\/www.facebook.com\/btvmoldova\/\" \/>\n<meta property=\"article:published_time\" content=\"2016-03-30T11:39:44+00:00\" \/>\n<meta property=\"og:image\" content=\"https:\/\/www.btv.md\/wp-content\/uploads\/2016\/03\/465x0_1.jpg\" \/>\n\t<meta property=\"og:image:width\" content=\"465\" \/>\n\t<meta property=\"og:image:height\" content=\"309\" \/>\n\t<meta property=\"og:image:type\" content=\"image\/jpeg\" \/>\n<meta name=\"author\" content=\"admin\" \/>\n<meta name=\"twitter:label1\" content=\"Scris de\" \/>\n\t<meta name=\"twitter:data1\" content=\"admin\" \/>\n\t<meta name=\"twitter:label2\" content=\"Timp estimat pentru citire\" \/>\n\t<meta name=\"twitter:data2\" content=\"1 minut\" \/>\n<script type=\"application\/ld+json\" class=\"yoast-schema-graph\">{\"@context\":\"https:\\\/\\\/schema.org\",\"@graph\":[{\"@type\":\"Article\",\"@id\":\"https:\\\/\\\/www.btv.md\\\/ro\\\/gherman-ar-putea-fi-sustinuta-de-larov-la-functia-de-sef-al-onu\\\/#article\",\"isPartOf\":{\"@id\":\"https:\\\/\\\/www.btv.md\\\/ro\\\/gherman-ar-putea-fi-sustinuta-de-larov-la-functia-de-sef-al-onu\\\/\"},\"author\":{\"name\":\"admin\",\"@id\":\"https:\\\/\\\/www.btv.md\\\/#\\\/schema\\\/person\\\/8fadce81561b3ce2c34c46dadc4ccbf2\"},\"headline\":\"GHERMAN AR PUTEA FI SUS\u021aINUT\u0102 DE LAROV LA FUNC\u021aIA DE \u0218EF AL ONU\",\"datePublished\":\"2016-03-30T11:39:44+00:00\",\"mainEntityOfPage\":{\"@id\":\"https:\\\/\\\/www.btv.md\\\/ro\\\/gherman-ar-putea-fi-sustinuta-de-larov-la-functia-de-sef-al-onu\\\/\"},\"wordCount\":136,\"image\":{\"@id\":\"https:\\\/\\\/www.btv.md\\\/ro\\\/gherman-ar-putea-fi-sustinuta-de-larov-la-functia-de-sef-al-onu\\\/#primaryimage\"},\"thumbnailUrl\":\"https:\\\/\\\/www.btv.md\\\/wp-content\\\/uploads\\\/2016\\\/03\\\/465x0_1.jpg\",\"articleSection\":[\"Politic\u0103\"],\"inLanguage\":\"ro-RO\"},{\"@type\":\"WebPage\",\"@id\":\"https:\\\/\\\/www.btv.md\\\/ro\\\/gherman-ar-putea-fi-sustinuta-de-larov-la-functia-de-sef-al-onu\\\/\",\"url\":\"https:\\\/\\\/www.btv.md\\\/ro\\\/gherman-ar-putea-fi-sustinuta-de-larov-la-functia-de-sef-al-onu\\\/\",\"name\":\"GHERMAN AR PUTEA FI SUS\u021aINUT\u0102 DE LAROV LA FUNC\u021aIA DE \u0218EF AL ONU - BTV\",\"isPartOf\":{\"@id\":\"https:\\\/\\\/www.btv.md\\\/#website\"},\"primaryImageOfPage\":{\"@id\":\"https:\\\/\\\/www.btv.md\\\/ro\\\/gherman-ar-putea-fi-sustinuta-de-larov-la-functia-de-sef-al-onu\\\/#primaryimage\"},\"image\":{\"@id\":\"https:\\\/\\\/www.btv.md\\\/ro\\\/gherman-ar-putea-fi-sustinuta-de-larov-la-functia-de-sef-al-onu\\\/#primaryimage\"},\"thumbnailUrl\":\"https:\\\/\\\/www.btv.md\\\/wp-content\\\/uploads\\\/2016\\\/03\\\/465x0_1.jpg\",\"datePublished\":\"2016-03-30T11:39:44+00:00\",\"author\":{\"@id\":\"https:\\\/\\\/www.btv.md\\\/#\\\/schema\\\/person\\\/8fadce81561b3ce2c34c46dadc4ccbf2\"},\"inLanguage\":\"ro-RO\",\"potentialAction\":[{\"@type\":\"ReadAction\",\"target\":[\"https:\\\/\\\/www.btv.md\\\/ro\\\/gherman-ar-putea-fi-sustinuta-de-larov-la-functia-de-sef-al-onu\\\/\"]}]},{\"@type\":\"ImageObject\",\"inLanguage\":\"ro-RO\",\"@id\":\"https:\\\/\\\/www.btv.md\\\/ro\\\/gherman-ar-putea-fi-sustinuta-de-larov-la-functia-de-sef-al-onu\\\/#primaryimage\",\"url\":\"https:\\\/\\\/www.btv.md\\\/wp-content\\\/uploads\\\/2016\\\/03\\\/465x0_1.jpg\",\"contentUrl\":\"https:\\\/\\\/www.btv.md\\\/wp-content\\\/uploads\\\/2016\\\/03\\\/465x0_1.jpg\",\"width\":465,\"height\":309,\"caption\":\"www.timpul.md\"},{\"@type\":\"WebSite\",\"@id\":\"https:\\\/\\\/www.btv.md\\\/#website\",\"url\":\"https:\\\/\\\/www.btv.md\\\/\",\"name\":\"BTV\",\"description\":\"\u0411\u0435\u043b\u044c\u0446\u043a\u043e\u0435 \u0442\u0435\u043b\u0435\u0432\u0438\u0434\u0435\u043d\u0438\u0435\",\"potentialAction\":[{\"@type\":\"SearchAction\",\"target\":{\"@type\":\"EntryPoint\",\"urlTemplate\":\"https:\\\/\\\/www.btv.md\\\/?s={search_term_string}\"},\"query-input\":{\"@type\":\"PropertyValueSpecification\",\"valueRequired\":true,\"valueName\":\"search_term_string\"}}],\"inLanguage\":\"ro-RO\"},{\"@type\":\"Person\",\"@id\":\"https:\\\/\\\/www.btv.md\\\/#\\\/schema\\\/person\\\/8fadce81561b3ce2c34c46dadc4ccbf2\",\"name\":\"admin\"}]}<\/script>\n<!-- \/ Yoast SEO plugin. -->","yoast_head_json":{"title":"GHERMAN AR PUTEA FI SUS\u021aINUT\u0102 DE LAROV LA FUNC\u021aIA DE \u0218EF AL ONU - BTV","robots":{"index":"index","follow":"follow","max-snippet":"max-snippet:-1","max-image-preview":"max-image-preview:large","max-video-preview":"max-video-preview:-1"},"canonical":"https:\/\/www.btv.md\/ro\/gherman-ar-putea-fi-sustinuta-de-larov-la-functia-de-sef-al-onu\/","og_locale":"ro_RO","og_type":"article","og_title":"GHERMAN AR PUTEA FI SUS\u021aINUT\u0102 DE LAROV LA FUNC\u021aIA DE \u0218EF AL ONU - BTV","og_description":"Fostul ministru al Afacerilor Externe al Republicii Moldova, Natalia Gherman, candidat la func\u021bia de Secretar General al Organiza\u021biei Na\u021biunilor Unite a avut ast\u0103zi o \u00eentrevedere cu ministrul Afacerilor Externe al Federa\u021biei Ruse, Serghei Lavrov, transmite unimedia. Potrivit unui comunicat de pres\u0103 al Ministerului de Externe de la Moscova, cei doi oficiali au discutat despre alegerea [&hellip;]","og_url":"https:\/\/www.btv.md\/ro\/gherman-ar-putea-fi-sustinuta-de-larov-la-functia-de-sef-al-onu\/","og_site_name":"BTV","article_publisher":"https:\/\/www.facebook.com\/btvmoldova\/","article_published_time":"2016-03-30T11:39:44+00:00","og_image":[{"width":465,"height":309,"url":"https:\/\/www.btv.md\/wp-content\/uploads\/2016\/03\/465x0_1.jpg","type":"image\/jpeg"}],"author":"admin","twitter_misc":{"Scris de":"admin","Timp estimat pentru citire":"1 minut"},"schema":{"@context":"https:\/\/schema.org","@graph":[{"@type":"Article","@id":"https:\/\/www.btv.md\/ro\/gherman-ar-putea-fi-sustinuta-de-larov-la-functia-de-sef-al-onu\/#article","isPartOf":{"@id":"https:\/\/www.btv.md\/ro\/gherman-ar-putea-fi-sustinuta-de-larov-la-functia-de-sef-al-onu\/"},"author":{"name":"admin","@id":"https:\/\/www.btv.md\/#\/schema\/person\/8fadce81561b3ce2c34c46dadc4ccbf2"},"headline":"GHERMAN AR PUTEA FI SUS\u021aINUT\u0102 DE LAROV LA FUNC\u021aIA DE \u0218EF AL ONU","datePublished":"2016-03-30T11:39:44+00:00","mainEntityOfPage":{"@id":"https:\/\/www.btv.md\/ro\/gherman-ar-putea-fi-sustinuta-de-larov-la-functia-de-sef-al-onu\/"},"wordCount":136,"image":{"@id":"https:\/\/www.btv.md\/ro\/gherman-ar-putea-fi-sustinuta-de-larov-la-functia-de-sef-al-onu\/#primaryimage"},"thumbnailUrl":"https:\/\/www.btv.md\/wp-content\/uploads\/2016\/03\/465x0_1.jpg","articleSection":["Politic\u0103"],"inLanguage":"ro-RO"},{"@type":"WebPage","@id":"https:\/\/www.btv.md\/ro\/gherman-ar-putea-fi-sustinuta-de-larov-la-functia-de-sef-al-onu\/","url":"https:\/\/www.btv.md\/ro\/gherman-ar-putea-fi-sustinuta-de-larov-la-functia-de-sef-al-onu\/","name":"GHERMAN AR PUTEA FI SUS\u021aINUT\u0102 DE LAROV LA FUNC\u021aIA DE \u0218EF AL ONU - BTV","isPartOf":{"@id":"https:\/\/www.btv.md\/#website"},"primaryImageOfPage":{"@id":"https:\/\/www.btv.md\/ro\/gherman-ar-putea-fi-sustinuta-de-larov-la-functia-de-sef-al-onu\/#primaryimage"},"image":{"@id":"https:\/\/www.btv.md\/ro\/gherman-ar-putea-fi-sustinuta-de-larov-la-functia-de-sef-al-onu\/#primaryimage"},"thumbnailUrl":"https:\/\/www.btv.md\/wp-content\/uploads\/2016\/03\/465x0_1.jpg","datePublished":"2016-03-30T11:39:44+00:00","author":{"@id":"https:\/\/www.btv.md\/#\/schema\/person\/8fadce81561b3ce2c34c46dadc4ccbf2"},"inLanguage":"ro-RO","potentialAction":[{"@type":"ReadAction","target":["https:\/\/www.btv.md\/ro\/gherman-ar-putea-fi-sustinuta-de-larov-la-functia-de-sef-al-onu\/"]}]},{"@type":"ImageObject","inLanguage":"ro-RO","@id":"https:\/\/www.btv.md\/ro\/gherman-ar-putea-fi-sustinuta-de-larov-la-functia-de-sef-al-onu\/#primaryimage","url":"https:\/\/www.btv.md\/wp-content\/uploads\/2016\/03\/465x0_1.jpg","contentUrl":"https:\/\/www.btv.md\/wp-content\/uploads\/2016\/03\/465x0_1.jpg","width":465,"height":309,"caption":"www.timpul.md"},{"@type":"WebSite","@id":"https:\/\/www.btv.md\/#website","url":"https:\/\/www.btv.md\/","name":"BTV","description":"\u0411\u0435\u043b\u044c\u0446\u043a\u043e\u0435 \u0442\u0435\u043b\u0435\u0432\u0438\u0434\u0435\u043d\u0438\u0435","potentialAction":[{"@type":"SearchAction","target":{"@type":"EntryPoint","urlTemplate":"https:\/\/www.btv.md\/?s={search_term_string}"},"query-input":{"@type":"PropertyValueSpecification","valueRequired":true,"valueName":"search_term_string"}}],"inLanguage":"ro-RO"},{"@type":"Person","@id":"https:\/\/www.btv.md\/#\/schema\/person\/8fadce81561b3ce2c34c46dadc4ccbf2","name":"admin"}]}},"_links":{"self":[{"href":"https:\/\/www.btv.md\/ro\/wp-json\/wp\/v2\/posts\/9861","targetHints":{"allow":["GET"]}}],"collection":[{"href":"https:\/\/www.btv.md\/ro\/wp-json\/wp\/v2\/posts"}],"about":[{"href":"https:\/\/www.btv.md\/ro\/wp-json\/wp\/v2\/types\/post"}],"author":[{"embeddable":true,"href":"https:\/\/www.btv.md\/ro\/wp-json\/wp\/v2\/users\/4"}],"replies":[{"embeddable":true,"href":"https:\/\/www.btv.md\/ro\/wp-json\/wp\/v2\/comments?post=9861"}],"version-history":[{"count":0,"href":"https:\/\/www.btv.md\/ro\/wp-json\/wp\/v2\/posts\/9861\/revisions"}],"wp:featuredmedia":[{"embeddable":true,"href":"https:\/\/www.btv.md\/ro\/wp-json\/wp\/v2\/media\/9862"}],"wp:attachment":[{"href":"https:\/\/www.btv.md\/ro\/wp-json\/wp\/v2\/media?parent=9861"}],"wp:term":[{"taxonomy":"category","embeddable":true,"href":"https:\/\/www.btv.md\/ro\/wp-json\/wp\/v2\/categories?post=9861"},{"taxonomy":"post_tag","embeddable":true,"href":"https:\/\/www.btv.md\/ro\/wp-json\/wp\/v2\/tags?post=9861"}],"curies":[{"name":"wp","href":"https:\/\/api.w.org\/{rel}","templated":true}]}}