{"id":9874,"date":"2016-03-30T18:29:34","date_gmt":"2016-03-30T15:29:34","guid":{"rendered":"http:\/\/btv.md\/?p=9874"},"modified":"2016-03-30T18:29:34","modified_gmt":"2016-03-30T15:29:34","slug":"primavara-mai-mult-de-30-la-suta-dintre-copii-sufera-de-avitaminoza","status":"publish","type":"post","link":"https:\/\/www.btv.md\/ro\/primavara-mai-mult-de-30-la-suta-dintre-copii-sufera-de-avitaminoza\/","title":{"rendered":"PRIM\u0102VARA  MAI  MULT  DE  30  LA  SUT\u0102  DINTRE  COPII  SUFER\u0102  DE  AVITAMINOZ\u0102"},"content":{"rendered":"<p><strong>Avitaminoza este du\u0219manul nostru prim\u0103v\u0103ratic, \u00eemportiva c\u0103ruia trebuie s\u0103 lupt\u0103m cu fructe \u0219i legume, mai ales copiii, care sunt cei mai expu\u0219i pericolului. O spun medicii, care explic\u0103 boala prin faptul c\u0103 \u00een timpul iernii, consum\u0103m mult mai pu\u0163ine vitamine dec\u00e2t vara. <\/strong><\/p>\n<p>Potrivit medicului gastrolog, Aliona Calistru, doar \u00een municipiul B\u0103l\u021bi, 30 la sut\u0103  dintre copii sufer\u0103 de  avitaminoz\u0103. <\/p>\n<p>\u201e<em>Organismul necesit\u0103 un aport suplimentar de vitamine, minerale, proteine, carbohidra\u021bi, gr\u0103simi, \u00een cantit\u0103\u021bi rezonabile. Vitaminele minerale sunt extrem de necesare mai ales copiilor \u00een dezvoltare. Cred c\u0103 \u00een aceast\u0103 perioad\u0103 cel pu\u021bin 30 la sut\u0103 din copii sufer\u0103 de avitaminoz\u0103. Dac\u0103 ar fi examina\u021bi cu to\u021bii, procentul ar fi cu mult mai mare<\/em>\u201d.<\/p>\n<p>Din cauza lipsei de vitamine, apare oboseala, iritabilitatea sporit\u0103, mole\u0219eala, sl\u0103biciunea, somnolen\u021ba \u0219i capacitatea fizic\u0103 redus\u0103. Dac\u0103 la adul\u021bi problema se amelioreaz\u0103 mai u\u0219or, pentru copii, avitaminoza poate provoca consecin\u021be grave.<\/p>\n<p>\u201e<em>Copilul risc\u0103 s\u0103 \u00eent\u00e2rzie \u00een dezvoltare. Fiecare organ necesit\u0103 un anumit apor de vitamine. Dac\u0103 nu hr\u0103nim organul respectiv, el nu se dezvolt\u0103 cum trebuie. Atunci copilul r\u0103m\u00e2ne cu un retard fizic sau psihic<\/em>\u201d. <\/p>\n<p>Oamenii afirm\u0103 c\u0103 nu \u00eentodeauna \u00ee\u015fi permit o hran\u0103 variat\u0103 \u015fi s\u0103n\u0103toas\u0103, mai exact plin\u0103 de vitamine.<\/p>\n<p>\u201e<em>Ce avem acas\u0103, aceea m\u00e2nc\u0103m. Pensia e mic\u0103 \u0219i este foarte greu de tr\u0103it<\/em>\u201d.<\/p>\n<p>\u201e<em>Ne aliment\u0103m \u00een regim normal. Avem de toate<\/em>\u201d.<\/p>\n<p>\u201e<em>Eu acum \u021bin post, poate de asta am sl\u0103biciuni. Nu e primul an c\u00e2nd primesc tratament. Poate este \u0219i din cauza vremii<\/em>\u201d.<\/p>\n<p>\u201e<em>Consum vitamine<\/em>\u201d.<\/p>\n<p>Din meniul de prim\u0103vara nu trebuie s\u0103 lipseasc\u0103 produsele bogate \u00een Vitamina C, cum ar fi portocalele, l\u0103m\u00e2ile, dar \u015fi grepfrutul. Medicii mai recomand\u0103 consumul de mere, banane, kiwi, morcov \u0219i sfecl\u0103 ro\u0219ie.<\/p>\n<p>REPORTER: NATA\u0218A  TOCARCIUC<br \/>\nIMAGINE: VLADIMIR  TATARCIUC<br \/>\nMONTARE: IURIE BOLD<\/p>\n<p><iframe width=\"420\" height=\"315\" data-src=\"https:\/\/www.youtube.com\/embed\/dgp1aLz0mLY\" frameborder=\"0\" allowfullscreen src=\"data:image\/svg+xml;base64,PHN2ZyB3aWR0aD0iMSIgaGVpZ2h0PSIxIiB4bWxucz0iaHR0cDovL3d3dy53My5vcmcvMjAwMC9zdmciPjwvc3ZnPg==\" class=\"lazyload\" data-load-mode=\"1\"><\/iframe><\/p>\n","protected":false},"excerpt":{"rendered":"<p>Avitaminoza este du\u0219manul nostru prim\u0103v\u0103ratic, \u00eemportiva c\u0103ruia trebuie s\u0103 lupt\u0103m cu fructe \u0219i legume, mai ales copiii, care sunt cei mai expu\u0219i pericolului. O spun medicii, care explic\u0103 boala prin faptul c\u0103 \u00een timpul iernii, consum\u0103m mult mai pu\u0163ine vitamine dec\u00e2t vara. Potrivit medicului gastrolog, Aliona Calistru, doar \u00een municipiul B\u0103l\u021bi, 30 la sut\u0103 dintre [&hellip;]<\/p>\n","protected":false},"author":4,"featured_media":9875,"comment_status":"closed","ping_status":"closed","sticky":false,"template":"","format":"standard","meta":{"footnotes":""},"categories":[6353],"tags":[],"class_list":["post-9874","post","type-post","status-publish","format-standard","has-post-thumbnail","hentry","category-oras"],"yoast_head":"<!-- This site is optimized with the Yoast SEO plugin v27.4 - https:\/\/yoast.com\/product\/yoast-seo-wordpress\/ -->\n<title>PRIM\u0102VARA MAI MULT DE 30 LA SUT\u0102 DINTRE COPII SUFER\u0102 DE AVITAMINOZ\u0102 - BTV<\/title>\n<meta name=\"robots\" content=\"index, follow, max-snippet:-1, max-image-preview:large, max-video-preview:-1\" \/>\n<link rel=\"canonical\" href=\"https:\/\/www.btv.md\/ro\/primavara-mai-mult-de-30-la-suta-dintre-copii-sufera-de-avitaminoza\/\" \/>\n<meta property=\"og:locale\" content=\"ro_RO\" \/>\n<meta property=\"og:type\" content=\"article\" \/>\n<meta property=\"og:title\" content=\"PRIM\u0102VARA MAI MULT DE 30 LA SUT\u0102 DINTRE COPII SUFER\u0102 DE AVITAMINOZ\u0102 - BTV\" \/>\n<meta property=\"og:description\" content=\"Avitaminoza este du\u0219manul nostru prim\u0103v\u0103ratic, \u00eemportiva c\u0103ruia trebuie s\u0103 lupt\u0103m cu fructe \u0219i legume, mai ales copiii, care sunt cei mai expu\u0219i pericolului. O spun medicii, care explic\u0103 boala prin faptul c\u0103 \u00een timpul iernii, consum\u0103m mult mai pu\u0163ine vitamine dec\u00e2t vara. Potrivit medicului gastrolog, Aliona Calistru, doar \u00een municipiul B\u0103l\u021bi, 30 la sut\u0103 dintre [&hellip;]\" \/>\n<meta property=\"og:url\" content=\"https:\/\/www.btv.md\/ro\/primavara-mai-mult-de-30-la-suta-dintre-copii-sufera-de-avitaminoza\/\" \/>\n<meta property=\"og:site_name\" content=\"BTV\" \/>\n<meta property=\"article:publisher\" content=\"https:\/\/www.facebook.com\/btvmoldova\/\" \/>\n<meta property=\"article:published_time\" content=\"2016-03-30T15:29:34+00:00\" \/>\n<meta property=\"og:image\" content=\"https:\/\/www.btv.md\/wp-content\/uploads\/2016\/03\/mancare_copii_40644600.jpg\" \/>\n\t<meta property=\"og:image:width\" content=\"1500\" \/>\n\t<meta property=\"og:image:height\" content=\"1000\" \/>\n\t<meta property=\"og:image:type\" content=\"image\/jpeg\" \/>\n<meta name=\"author\" content=\"admin\" \/>\n<meta name=\"twitter:label1\" content=\"Scris de\" \/>\n\t<meta name=\"twitter:data1\" content=\"admin\" \/>\n\t<meta name=\"twitter:label2\" content=\"Timp estimat pentru citire\" \/>\n\t<meta name=\"twitter:data2\" content=\"2 minute\" \/>\n<script type=\"application\/ld+json\" class=\"yoast-schema-graph\">{\"@context\":\"https:\\\/\\\/schema.org\",\"@graph\":[{\"@type\":\"Article\",\"@id\":\"https:\\\/\\\/www.btv.md\\\/ro\\\/primavara-mai-mult-de-30-la-suta-dintre-copii-sufera-de-avitaminoza\\\/#article\",\"isPartOf\":{\"@id\":\"https:\\\/\\\/www.btv.md\\\/ro\\\/primavara-mai-mult-de-30-la-suta-dintre-copii-sufera-de-avitaminoza\\\/\"},\"author\":{\"name\":\"admin\",\"@id\":\"https:\\\/\\\/www.btv.md\\\/#\\\/schema\\\/person\\\/8fadce81561b3ce2c34c46dadc4ccbf2\"},\"headline\":\"PRIM\u0102VARA MAI MULT DE 30 LA SUT\u0102 DINTRE COPII SUFER\u0102 DE AVITAMINOZ\u0102\",\"datePublished\":\"2016-03-30T15:29:34+00:00\",\"mainEntityOfPage\":{\"@id\":\"https:\\\/\\\/www.btv.md\\\/ro\\\/primavara-mai-mult-de-30-la-suta-dintre-copii-sufera-de-avitaminoza\\\/\"},\"wordCount\":332,\"image\":{\"@id\":\"https:\\\/\\\/www.btv.md\\\/ro\\\/primavara-mai-mult-de-30-la-suta-dintre-copii-sufera-de-avitaminoza\\\/#primaryimage\"},\"thumbnailUrl\":\"https:\\\/\\\/www.btv.md\\\/wp-content\\\/uploads\\\/2016\\\/03\\\/mancare_copii_40644600.jpg\",\"articleSection\":[\"Ora\u0219\"],\"inLanguage\":\"ro-RO\"},{\"@type\":\"WebPage\",\"@id\":\"https:\\\/\\\/www.btv.md\\\/ro\\\/primavara-mai-mult-de-30-la-suta-dintre-copii-sufera-de-avitaminoza\\\/\",\"url\":\"https:\\\/\\\/www.btv.md\\\/ro\\\/primavara-mai-mult-de-30-la-suta-dintre-copii-sufera-de-avitaminoza\\\/\",\"name\":\"PRIM\u0102VARA MAI MULT DE 30 LA SUT\u0102 DINTRE COPII SUFER\u0102 DE AVITAMINOZ\u0102 - BTV\",\"isPartOf\":{\"@id\":\"https:\\\/\\\/www.btv.md\\\/#website\"},\"primaryImageOfPage\":{\"@id\":\"https:\\\/\\\/www.btv.md\\\/ro\\\/primavara-mai-mult-de-30-la-suta-dintre-copii-sufera-de-avitaminoza\\\/#primaryimage\"},\"image\":{\"@id\":\"https:\\\/\\\/www.btv.md\\\/ro\\\/primavara-mai-mult-de-30-la-suta-dintre-copii-sufera-de-avitaminoza\\\/#primaryimage\"},\"thumbnailUrl\":\"https:\\\/\\\/www.btv.md\\\/wp-content\\\/uploads\\\/2016\\\/03\\\/mancare_copii_40644600.jpg\",\"datePublished\":\"2016-03-30T15:29:34+00:00\",\"author\":{\"@id\":\"https:\\\/\\\/www.btv.md\\\/#\\\/schema\\\/person\\\/8fadce81561b3ce2c34c46dadc4ccbf2\"},\"inLanguage\":\"ro-RO\",\"potentialAction\":[{\"@type\":\"ReadAction\",\"target\":[\"https:\\\/\\\/www.btv.md\\\/ro\\\/primavara-mai-mult-de-30-la-suta-dintre-copii-sufera-de-avitaminoza\\\/\"]}]},{\"@type\":\"ImageObject\",\"inLanguage\":\"ro-RO\",\"@id\":\"https:\\\/\\\/www.btv.md\\\/ro\\\/primavara-mai-mult-de-30-la-suta-dintre-copii-sufera-de-avitaminoza\\\/#primaryimage\",\"url\":\"https:\\\/\\\/www.btv.md\\\/wp-content\\\/uploads\\\/2016\\\/03\\\/mancare_copii_40644600.jpg\",\"contentUrl\":\"https:\\\/\\\/www.btv.md\\\/wp-content\\\/uploads\\\/2016\\\/03\\\/mancare_copii_40644600.jpg\",\"width\":1500,\"height\":1000,\"caption\":\"www.publika.md\"},{\"@type\":\"WebSite\",\"@id\":\"https:\\\/\\\/www.btv.md\\\/#website\",\"url\":\"https:\\\/\\\/www.btv.md\\\/\",\"name\":\"BTV\",\"description\":\"\u0411\u0435\u043b\u044c\u0446\u043a\u043e\u0435 \u0442\u0435\u043b\u0435\u0432\u0438\u0434\u0435\u043d\u0438\u0435\",\"potentialAction\":[{\"@type\":\"SearchAction\",\"target\":{\"@type\":\"EntryPoint\",\"urlTemplate\":\"https:\\\/\\\/www.btv.md\\\/?s={search_term_string}\"},\"query-input\":{\"@type\":\"PropertyValueSpecification\",\"valueRequired\":true,\"valueName\":\"search_term_string\"}}],\"inLanguage\":\"ro-RO\"},{\"@type\":\"Person\",\"@id\":\"https:\\\/\\\/www.btv.md\\\/#\\\/schema\\\/person\\\/8fadce81561b3ce2c34c46dadc4ccbf2\",\"name\":\"admin\"}]}<\/script>\n<!-- \/ Yoast SEO plugin. -->","yoast_head_json":{"title":"PRIM\u0102VARA MAI MULT DE 30 LA SUT\u0102 DINTRE COPII SUFER\u0102 DE AVITAMINOZ\u0102 - BTV","robots":{"index":"index","follow":"follow","max-snippet":"max-snippet:-1","max-image-preview":"max-image-preview:large","max-video-preview":"max-video-preview:-1"},"canonical":"https:\/\/www.btv.md\/ro\/primavara-mai-mult-de-30-la-suta-dintre-copii-sufera-de-avitaminoza\/","og_locale":"ro_RO","og_type":"article","og_title":"PRIM\u0102VARA MAI MULT DE 30 LA SUT\u0102 DINTRE COPII SUFER\u0102 DE AVITAMINOZ\u0102 - BTV","og_description":"Avitaminoza este du\u0219manul nostru prim\u0103v\u0103ratic, \u00eemportiva c\u0103ruia trebuie s\u0103 lupt\u0103m cu fructe \u0219i legume, mai ales copiii, care sunt cei mai expu\u0219i pericolului. O spun medicii, care explic\u0103 boala prin faptul c\u0103 \u00een timpul iernii, consum\u0103m mult mai pu\u0163ine vitamine dec\u00e2t vara. Potrivit medicului gastrolog, Aliona Calistru, doar \u00een municipiul B\u0103l\u021bi, 30 la sut\u0103 dintre [&hellip;]","og_url":"https:\/\/www.btv.md\/ro\/primavara-mai-mult-de-30-la-suta-dintre-copii-sufera-de-avitaminoza\/","og_site_name":"BTV","article_publisher":"https:\/\/www.facebook.com\/btvmoldova\/","article_published_time":"2016-03-30T15:29:34+00:00","og_image":[{"width":1500,"height":1000,"url":"https:\/\/www.btv.md\/wp-content\/uploads\/2016\/03\/mancare_copii_40644600.jpg","type":"image\/jpeg"}],"author":"admin","twitter_misc":{"Scris de":"admin","Timp estimat pentru citire":"2 minute"},"schema":{"@context":"https:\/\/schema.org","@graph":[{"@type":"Article","@id":"https:\/\/www.btv.md\/ro\/primavara-mai-mult-de-30-la-suta-dintre-copii-sufera-de-avitaminoza\/#article","isPartOf":{"@id":"https:\/\/www.btv.md\/ro\/primavara-mai-mult-de-30-la-suta-dintre-copii-sufera-de-avitaminoza\/"},"author":{"name":"admin","@id":"https:\/\/www.btv.md\/#\/schema\/person\/8fadce81561b3ce2c34c46dadc4ccbf2"},"headline":"PRIM\u0102VARA MAI MULT DE 30 LA SUT\u0102 DINTRE COPII SUFER\u0102 DE AVITAMINOZ\u0102","datePublished":"2016-03-30T15:29:34+00:00","mainEntityOfPage":{"@id":"https:\/\/www.btv.md\/ro\/primavara-mai-mult-de-30-la-suta-dintre-copii-sufera-de-avitaminoza\/"},"wordCount":332,"image":{"@id":"https:\/\/www.btv.md\/ro\/primavara-mai-mult-de-30-la-suta-dintre-copii-sufera-de-avitaminoza\/#primaryimage"},"thumbnailUrl":"https:\/\/www.btv.md\/wp-content\/uploads\/2016\/03\/mancare_copii_40644600.jpg","articleSection":["Ora\u0219"],"inLanguage":"ro-RO"},{"@type":"WebPage","@id":"https:\/\/www.btv.md\/ro\/primavara-mai-mult-de-30-la-suta-dintre-copii-sufera-de-avitaminoza\/","url":"https:\/\/www.btv.md\/ro\/primavara-mai-mult-de-30-la-suta-dintre-copii-sufera-de-avitaminoza\/","name":"PRIM\u0102VARA MAI MULT DE 30 LA SUT\u0102 DINTRE COPII SUFER\u0102 DE AVITAMINOZ\u0102 - BTV","isPartOf":{"@id":"https:\/\/www.btv.md\/#website"},"primaryImageOfPage":{"@id":"https:\/\/www.btv.md\/ro\/primavara-mai-mult-de-30-la-suta-dintre-copii-sufera-de-avitaminoza\/#primaryimage"},"image":{"@id":"https:\/\/www.btv.md\/ro\/primavara-mai-mult-de-30-la-suta-dintre-copii-sufera-de-avitaminoza\/#primaryimage"},"thumbnailUrl":"https:\/\/www.btv.md\/wp-content\/uploads\/2016\/03\/mancare_copii_40644600.jpg","datePublished":"2016-03-30T15:29:34+00:00","author":{"@id":"https:\/\/www.btv.md\/#\/schema\/person\/8fadce81561b3ce2c34c46dadc4ccbf2"},"inLanguage":"ro-RO","potentialAction":[{"@type":"ReadAction","target":["https:\/\/www.btv.md\/ro\/primavara-mai-mult-de-30-la-suta-dintre-copii-sufera-de-avitaminoza\/"]}]},{"@type":"ImageObject","inLanguage":"ro-RO","@id":"https:\/\/www.btv.md\/ro\/primavara-mai-mult-de-30-la-suta-dintre-copii-sufera-de-avitaminoza\/#primaryimage","url":"https:\/\/www.btv.md\/wp-content\/uploads\/2016\/03\/mancare_copii_40644600.jpg","contentUrl":"https:\/\/www.btv.md\/wp-content\/uploads\/2016\/03\/mancare_copii_40644600.jpg","width":1500,"height":1000,"caption":"www.publika.md"},{"@type":"WebSite","@id":"https:\/\/www.btv.md\/#website","url":"https:\/\/www.btv.md\/","name":"BTV","description":"\u0411\u0435\u043b\u044c\u0446\u043a\u043e\u0435 \u0442\u0435\u043b\u0435\u0432\u0438\u0434\u0435\u043d\u0438\u0435","potentialAction":[{"@type":"SearchAction","target":{"@type":"EntryPoint","urlTemplate":"https:\/\/www.btv.md\/?s={search_term_string}"},"query-input":{"@type":"PropertyValueSpecification","valueRequired":true,"valueName":"search_term_string"}}],"inLanguage":"ro-RO"},{"@type":"Person","@id":"https:\/\/www.btv.md\/#\/schema\/person\/8fadce81561b3ce2c34c46dadc4ccbf2","name":"admin"}]}},"_links":{"self":[{"href":"https:\/\/www.btv.md\/ro\/wp-json\/wp\/v2\/posts\/9874","targetHints":{"allow":["GET"]}}],"collection":[{"href":"https:\/\/www.btv.md\/ro\/wp-json\/wp\/v2\/posts"}],"about":[{"href":"https:\/\/www.btv.md\/ro\/wp-json\/wp\/v2\/types\/post"}],"author":[{"embeddable":true,"href":"https:\/\/www.btv.md\/ro\/wp-json\/wp\/v2\/users\/4"}],"replies":[{"embeddable":true,"href":"https:\/\/www.btv.md\/ro\/wp-json\/wp\/v2\/comments?post=9874"}],"version-history":[{"count":0,"href":"https:\/\/www.btv.md\/ro\/wp-json\/wp\/v2\/posts\/9874\/revisions"}],"wp:featuredmedia":[{"embeddable":true,"href":"https:\/\/www.btv.md\/ro\/wp-json\/wp\/v2\/media\/9875"}],"wp:attachment":[{"href":"https:\/\/www.btv.md\/ro\/wp-json\/wp\/v2\/media?parent=9874"}],"wp:term":[{"taxonomy":"category","embeddable":true,"href":"https:\/\/www.btv.md\/ro\/wp-json\/wp\/v2\/categories?post=9874"},{"taxonomy":"post_tag","embeddable":true,"href":"https:\/\/www.btv.md\/ro\/wp-json\/wp\/v2\/tags?post=9874"}],"curies":[{"name":"wp","href":"https:\/\/api.w.org\/{rel}","templated":true}]}}