{"id":9880,"date":"2016-03-30T20:08:27","date_gmt":"2016-03-30T17:08:27","guid":{"rendered":"http:\/\/btv.md\/?p=9880"},"modified":"2016-03-30T20:08:27","modified_gmt":"2016-03-30T17:08:27","slug":"liceul-mihai-eminescu-din-balti-s-a-ales-cu-locuri-de-frunte-la-olimpiadele-republicane","status":"publish","type":"post","link":"https:\/\/www.btv.md\/ro\/liceul-mihai-eminescu-din-balti-s-a-ales-cu-locuri-de-frunte-la-olimpiadele-republicane\/","title":{"rendered":"LICEUL MIHAI EMINESCU DIN B\u0102L\u021aI S-A ALES CU  LOCURI DE FRUNTE LA OLIMPIADELE REPUBLICANE"},"content":{"rendered":"<p><strong>\u0218ase  elevi de la Liceul Teoretic \u201eMihai Emisnescu\u201ddin municipiul B\u0103l\u021bi s-au \u00eentors cu locuri premiante de  la Olimpiadele Republicane la bilogie \u0219i chimie. Tinerii spun c\u0103 aceast\u0103 performan\u021b\u0103 le va asigura un viitor prosper peste hotarele \u021b\u0103rii.<\/strong><\/p>\n<p>Corina este elev\u0103 \u00een clasa a 12-a la Liceul Teoretic \u201eMihai Eminescu\u201d din municipiul B\u0103l\u021bi. Aceasta sa \u00eentors cu locul trei  de la Olimpiada Republican\u0103 \u0219i spune c\u0103 aceast\u0103 performan\u021b\u0103 \u00eei va permite \u0219\u0103-\u0219i fac\u0103 studiile \u00eentr-o institu\u021bie de \u00eenv\u0103\u021b\u0103m\u00e2nt superioar\u0103 din afara \u021b\u0103rii.<\/p>\n<p>\u201e<em>Doresc s\u0103-mi continui studiile \u00een domeniul Chimiei, posibil nu \u00een \u021bar\u0103 pentru c\u0103 nu avem astfel de condi\u021bii, posibil \u00een Rom\u0103nia, posibil peste hotarele \u021b\u0103rii, dar dac\u0103 nu reu\u0219esc voi pleca \u00een medicin\u0103 sau farmacie<\/em>\u201d. <\/p>\n<p>Absolventa a precizat c\u0103 a reu\u0219it s\u0103 ob\u021bin\u0103 locul bine meritat gra\u021bie muncii asidue. Ea a mai ad\u0103ugat c\u0103 rezultatul urma s\u0103 fie mult mai bun dac\u0103 liceul \u00een care \u00eenva\u021b\u0103 ar fi dispus de resurse performante.<\/p>\n<p>\u201e<em>La noi \u00een \u021bar\u0103 ele sunt foarte costisitoare din aceast\u0103 cauz\u0103 nu ne permitem s\u0103 lucr\u0103m cu tot felul de substan\u021be, lucr\u0103m la minim, cu cantit\u0103\u021bi foarte mici, \u00eens\u0103 aceasta deasemenea este o experien\u021b\u0103 bun\u0103, pentru c\u0103 ne \u00eenv\u0103\u021b\u0103m s\u0103 pre\u021buim ceea ce avem \u0219i din nimic s\u0103 facem ceva deosebit<\/em>\u201d. <\/p>\n<p>Denis P\u0103pu\u0219oi a muncit \u0219i zi \u0219i noapte  pentru a ob\u021bine locul doi la Olimpiada Republican\u0103 de Chimie. B\u0103iatul spune c\u0103 dup\u0103 absolvirea liceului va pleca peste hotare pentru a\u0219i continua studiile.<\/p>\n<p>\u201d<em>Cred c\u0103 mai departe o s\u0103 merg la chimie, vreau s\u0103 aplic la o facultate de chimie din Rom\u00e2nia \u0219i sper s\u0103 intru la aceast\u0103 facultate<\/em>\u201d.<\/p>\n<p>Acesta a ad\u0103ugat c\u0103 condi\u021biile economice din Republica Moldova a catalizat dorin\u021ba lui de a p\u0103r\u0103si \u021bara.<\/p>\n<p>\u201d<em>\u00cen primul r\u00e2nd diploma nu este recunoscut\u0103 interna\u021bional \u0219i \u00een al doilea r\u00e2nd condi\u021biile nu sunt at\u00e2t de bune pentru a studia la un nivel at\u00e2t de avansat care ne permite Rom\u0103nia sau alte \u021b\u0103rii de peste hotare<\/em>\u201d.<\/p>\n<p>S-a ales cu o men\u021biune la Olimpiada Republican\u0103 de Chimie \u0219i Emil Ciob\u0103t\u0103ro\u0219. B\u0103iatul spune c\u0103 \u00eentr-o concuren\u021b\u0103 at\u00e2t de acerb\u0103 este foarte important ca printre frunta\u0219ii s\u0103 se claseze \u0219i elevii din municipiul B\u0103l\u021bi.<\/p>\n<p>Profesorul de Chimie, Vasile Cuco\u0219 a specificat c\u0103 \u00een ultimii dou\u0103zeci de ani discipolii s\u0103i se \u00eentorc cu locuri frunta\u0219e de la Olimpiada Republican\u0103. Acesta a mai ad\u0103ugat c\u0103 elevii au fost mai bine preg\u0103ti\u021bi teoretic dec\u00e2t practic.<\/p>\n<p>\u201e<em>Partea teoretic\u0103 foarte bine, mai r\u0103u st\u0103m la partea practic\u0103. La partea practic\u0103 socot c\u0103 preg\u0103tirea este undeva la 50 de %,aicea dam depinde de starea material\u0103 \u0219i posibilit\u0103\u021bile pe care le au la Chimie<\/em>\u201d.<\/p>\n<p>Mai mult ca at\u00e2t profesorul a ad\u0103ugat c\u0103 la Olimpiada Republican\u0103 discipolii s\u0103i erau cople\u0219i\u021bi de emo\u021bii. <\/p>\n<p>\u201e<em>Aaa, astea sunt, uneori ai impresia c\u0103 au sl\u0103bit acolo cu vreo c\u00e2teva kilograme, dar c\u00e2nd intr\u0103 \u00een concurs se lini\u0219tesc \u0219i \u00eencepe lucrul<\/em>\u201d.<\/p>\n<p>Nicoleta  Vlas este elev\u0103 \u00een clasa a 11-a la Liceu Teoretic \u201eMihai Eminescu\u201d. Aceasta a ob\u021binut locul doi la Olimpiada Republican\u0103 la Biologie.<\/p>\n<p>\u201d<em>Cred c\u0103 de anul trecut, anul trecut la fel am participat la Olimpiada Republican\u0103 la biologie \u0219i preg\u0103tirile au \u00eenceput chiar de anul trecut \u0219i am continuat anul acesta mai asiduu \u0219i am reu\u0219it<\/em>\u201d.<\/p>\n<p>Cu un loc de frunte s-a ales \u0219i Nicoleta Dodi\u021b\u0103. Aceasta sa clasat pe locul doi \u00een concurs. <\/p>\n<p>Sergiu Slivca s-a ales cu locul \u00eent\u00e2i la Olimpiada Republican\u0103 de biologie. El este \u00een clasa a 9-a \u0219i spune c\u0103 la baza succesului s\u0103u se afl\u0103 munca \u0219i dorin\u021ba de a c\u00e2\u0219tiga. <\/p>\n<p>Caraiman Larisa sa \u00eentors cu locul trei de la Olimpiana Republican\u0103 de biologie. T\u00e2n\u0103ra spune c\u0103  a muncit mult pentru a se clasa pe acest loc.<\/p>\n<p>Profesoara de biologie, Stela Archip spune c\u0103 la baza succesului  \u00eenregistrat de elevii din Liceu Teoretic\u201e Mihai Eminescu \u201dse afl\u0103 dorin\u021ba lor de a descoperi lucruri noi.<\/p>\n<p>Potrivit regulamentului elevii din clasa a XII-a care au ob\u021binut rezultate remarcabile la  Olimpiada Republican\u0103 sunt nota\u021bi cu 10 la examenul de Bacalureat \u00een special la disciplina la care au ob\u0163inut premiul.<\/p>\n<p>\u00cen Liceul Teoretic \u201e Mihai Eminescu\u201d \u00ee\u0219i fac studiile peste o mie de copii.<\/p>\n<p><iframe width=\"420\" height=\"315\" data-src=\"https:\/\/www.youtube.com\/embed\/DvAy9btXiVc\" frameborder=\"0\" allowfullscreen src=\"data:image\/svg+xml;base64,PHN2ZyB3aWR0aD0iMSIgaGVpZ2h0PSIxIiB4bWxucz0iaHR0cDovL3d3dy53My5vcmcvMjAwMC9zdmciPjwvc3ZnPg==\" class=\"lazyload\" data-load-mode=\"1\"><\/iframe><\/p>\n","protected":false},"excerpt":{"rendered":"<p>\u0218ase elevi de la Liceul Teoretic \u201eMihai Emisnescu\u201ddin municipiul B\u0103l\u021bi s-au \u00eentors cu locuri premiante de la Olimpiadele Republicane la bilogie \u0219i chimie. Tinerii spun c\u0103 aceast\u0103 performan\u021b\u0103 le va asigura un viitor prosper peste hotarele \u021b\u0103rii. Corina este elev\u0103 \u00een clasa a 12-a la Liceul Teoretic \u201eMihai Eminescu\u201d din municipiul B\u0103l\u021bi. Aceasta sa \u00eentors [&hellip;]<\/p>\n","protected":false},"author":4,"featured_media":9881,"comment_status":"closed","ping_status":"closed","sticky":false,"template":"","format":"standard","meta":{"footnotes":""},"categories":[6353],"tags":[],"class_list":["post-9880","post","type-post","status-publish","format-standard","has-post-thumbnail","hentry","category-oras"],"yoast_head":"<!-- This site is optimized with the Yoast SEO plugin v27.4 - https:\/\/yoast.com\/product\/yoast-seo-wordpress\/ -->\n<title>LICEUL MIHAI EMINESCU DIN B\u0102L\u021aI S-A ALES CU LOCURI DE FRUNTE LA OLIMPIADELE REPUBLICANE - BTV<\/title>\n<meta name=\"robots\" content=\"index, follow, max-snippet:-1, max-image-preview:large, max-video-preview:-1\" \/>\n<link rel=\"canonical\" href=\"https:\/\/www.btv.md\/ro\/liceul-mihai-eminescu-din-balti-s-a-ales-cu-locuri-de-frunte-la-olimpiadele-republicane\/\" \/>\n<meta property=\"og:locale\" content=\"ro_RO\" \/>\n<meta property=\"og:type\" content=\"article\" \/>\n<meta property=\"og:title\" content=\"LICEUL MIHAI EMINESCU DIN B\u0102L\u021aI S-A ALES CU LOCURI DE FRUNTE LA OLIMPIADELE REPUBLICANE - BTV\" \/>\n<meta property=\"og:description\" content=\"\u0218ase elevi de la Liceul Teoretic \u201eMihai Emisnescu\u201ddin municipiul B\u0103l\u021bi s-au \u00eentors cu locuri premiante de la Olimpiadele Republicane la bilogie \u0219i chimie. Tinerii spun c\u0103 aceast\u0103 performan\u021b\u0103 le va asigura un viitor prosper peste hotarele \u021b\u0103rii. Corina este elev\u0103 \u00een clasa a 12-a la Liceul Teoretic \u201eMihai Eminescu\u201d din municipiul B\u0103l\u021bi. Aceasta sa \u00eentors [&hellip;]\" \/>\n<meta property=\"og:url\" content=\"https:\/\/www.btv.md\/ro\/liceul-mihai-eminescu-din-balti-s-a-ales-cu-locuri-de-frunte-la-olimpiadele-republicane\/\" \/>\n<meta property=\"og:site_name\" content=\"BTV\" \/>\n<meta property=\"article:publisher\" content=\"https:\/\/www.facebook.com\/btvmoldova\/\" \/>\n<meta property=\"article:published_time\" content=\"2016-03-30T17:08:27+00:00\" \/>\n<meta property=\"og:image\" content=\"https:\/\/www.btv.md\/wp-content\/uploads\/2016\/03\/liceu.png\" \/>\n\t<meta property=\"og:image:width\" content=\"979\" \/>\n\t<meta property=\"og:image:height\" content=\"573\" \/>\n\t<meta property=\"og:image:type\" content=\"image\/png\" \/>\n<meta name=\"author\" content=\"admin\" \/>\n<meta name=\"twitter:label1\" content=\"Scris de\" \/>\n\t<meta name=\"twitter:data1\" content=\"admin\" \/>\n\t<meta name=\"twitter:label2\" content=\"Timp estimat pentru citire\" \/>\n\t<meta name=\"twitter:data2\" content=\"4 minute\" \/>\n<script type=\"application\/ld+json\" class=\"yoast-schema-graph\">{\"@context\":\"https:\\\/\\\/schema.org\",\"@graph\":[{\"@type\":\"Article\",\"@id\":\"https:\\\/\\\/www.btv.md\\\/ro\\\/liceul-mihai-eminescu-din-balti-s-a-ales-cu-locuri-de-frunte-la-olimpiadele-republicane\\\/#article\",\"isPartOf\":{\"@id\":\"https:\\\/\\\/www.btv.md\\\/ro\\\/liceul-mihai-eminescu-din-balti-s-a-ales-cu-locuri-de-frunte-la-olimpiadele-republicane\\\/\"},\"author\":{\"name\":\"admin\",\"@id\":\"https:\\\/\\\/www.btv.md\\\/#\\\/schema\\\/person\\\/8fadce81561b3ce2c34c46dadc4ccbf2\"},\"headline\":\"LICEUL MIHAI EMINESCU DIN B\u0102L\u021aI S-A ALES CU LOCURI DE FRUNTE LA OLIMPIADELE REPUBLICANE\",\"datePublished\":\"2016-03-30T17:08:27+00:00\",\"mainEntityOfPage\":{\"@id\":\"https:\\\/\\\/www.btv.md\\\/ro\\\/liceul-mihai-eminescu-din-balti-s-a-ales-cu-locuri-de-frunte-la-olimpiadele-republicane\\\/\"},\"wordCount\":769,\"image\":{\"@id\":\"https:\\\/\\\/www.btv.md\\\/ro\\\/liceul-mihai-eminescu-din-balti-s-a-ales-cu-locuri-de-frunte-la-olimpiadele-republicane\\\/#primaryimage\"},\"thumbnailUrl\":\"https:\\\/\\\/www.btv.md\\\/wp-content\\\/uploads\\\/2016\\\/03\\\/liceu.png\",\"articleSection\":[\"Ora\u0219\"],\"inLanguage\":\"ro-RO\"},{\"@type\":\"WebPage\",\"@id\":\"https:\\\/\\\/www.btv.md\\\/ro\\\/liceul-mihai-eminescu-din-balti-s-a-ales-cu-locuri-de-frunte-la-olimpiadele-republicane\\\/\",\"url\":\"https:\\\/\\\/www.btv.md\\\/ro\\\/liceul-mihai-eminescu-din-balti-s-a-ales-cu-locuri-de-frunte-la-olimpiadele-republicane\\\/\",\"name\":\"LICEUL MIHAI EMINESCU DIN B\u0102L\u021aI S-A ALES CU LOCURI DE FRUNTE LA OLIMPIADELE REPUBLICANE - BTV\",\"isPartOf\":{\"@id\":\"https:\\\/\\\/www.btv.md\\\/#website\"},\"primaryImageOfPage\":{\"@id\":\"https:\\\/\\\/www.btv.md\\\/ro\\\/liceul-mihai-eminescu-din-balti-s-a-ales-cu-locuri-de-frunte-la-olimpiadele-republicane\\\/#primaryimage\"},\"image\":{\"@id\":\"https:\\\/\\\/www.btv.md\\\/ro\\\/liceul-mihai-eminescu-din-balti-s-a-ales-cu-locuri-de-frunte-la-olimpiadele-republicane\\\/#primaryimage\"},\"thumbnailUrl\":\"https:\\\/\\\/www.btv.md\\\/wp-content\\\/uploads\\\/2016\\\/03\\\/liceu.png\",\"datePublished\":\"2016-03-30T17:08:27+00:00\",\"author\":{\"@id\":\"https:\\\/\\\/www.btv.md\\\/#\\\/schema\\\/person\\\/8fadce81561b3ce2c34c46dadc4ccbf2\"},\"inLanguage\":\"ro-RO\",\"potentialAction\":[{\"@type\":\"ReadAction\",\"target\":[\"https:\\\/\\\/www.btv.md\\\/ro\\\/liceul-mihai-eminescu-din-balti-s-a-ales-cu-locuri-de-frunte-la-olimpiadele-republicane\\\/\"]}]},{\"@type\":\"ImageObject\",\"inLanguage\":\"ro-RO\",\"@id\":\"https:\\\/\\\/www.btv.md\\\/ro\\\/liceul-mihai-eminescu-din-balti-s-a-ales-cu-locuri-de-frunte-la-olimpiadele-republicane\\\/#primaryimage\",\"url\":\"https:\\\/\\\/www.btv.md\\\/wp-content\\\/uploads\\\/2016\\\/03\\\/liceu.png\",\"contentUrl\":\"https:\\\/\\\/www.btv.md\\\/wp-content\\\/uploads\\\/2016\\\/03\\\/liceu.png\",\"width\":979,\"height\":573},{\"@type\":\"WebSite\",\"@id\":\"https:\\\/\\\/www.btv.md\\\/#website\",\"url\":\"https:\\\/\\\/www.btv.md\\\/\",\"name\":\"BTV\",\"description\":\"\u0411\u0435\u043b\u044c\u0446\u043a\u043e\u0435 \u0442\u0435\u043b\u0435\u0432\u0438\u0434\u0435\u043d\u0438\u0435\",\"potentialAction\":[{\"@type\":\"SearchAction\",\"target\":{\"@type\":\"EntryPoint\",\"urlTemplate\":\"https:\\\/\\\/www.btv.md\\\/?s={search_term_string}\"},\"query-input\":{\"@type\":\"PropertyValueSpecification\",\"valueRequired\":true,\"valueName\":\"search_term_string\"}}],\"inLanguage\":\"ro-RO\"},{\"@type\":\"Person\",\"@id\":\"https:\\\/\\\/www.btv.md\\\/#\\\/schema\\\/person\\\/8fadce81561b3ce2c34c46dadc4ccbf2\",\"name\":\"admin\"}]}<\/script>\n<!-- \/ Yoast SEO plugin. -->","yoast_head_json":{"title":"LICEUL MIHAI EMINESCU DIN B\u0102L\u021aI S-A ALES CU LOCURI DE FRUNTE LA OLIMPIADELE REPUBLICANE - BTV","robots":{"index":"index","follow":"follow","max-snippet":"max-snippet:-1","max-image-preview":"max-image-preview:large","max-video-preview":"max-video-preview:-1"},"canonical":"https:\/\/www.btv.md\/ro\/liceul-mihai-eminescu-din-balti-s-a-ales-cu-locuri-de-frunte-la-olimpiadele-republicane\/","og_locale":"ro_RO","og_type":"article","og_title":"LICEUL MIHAI EMINESCU DIN B\u0102L\u021aI S-A ALES CU LOCURI DE FRUNTE LA OLIMPIADELE REPUBLICANE - BTV","og_description":"\u0218ase elevi de la Liceul Teoretic \u201eMihai Emisnescu\u201ddin municipiul B\u0103l\u021bi s-au \u00eentors cu locuri premiante de la Olimpiadele Republicane la bilogie \u0219i chimie. Tinerii spun c\u0103 aceast\u0103 performan\u021b\u0103 le va asigura un viitor prosper peste hotarele \u021b\u0103rii. Corina este elev\u0103 \u00een clasa a 12-a la Liceul Teoretic \u201eMihai Eminescu\u201d din municipiul B\u0103l\u021bi. Aceasta sa \u00eentors [&hellip;]","og_url":"https:\/\/www.btv.md\/ro\/liceul-mihai-eminescu-din-balti-s-a-ales-cu-locuri-de-frunte-la-olimpiadele-republicane\/","og_site_name":"BTV","article_publisher":"https:\/\/www.facebook.com\/btvmoldova\/","article_published_time":"2016-03-30T17:08:27+00:00","og_image":[{"width":979,"height":573,"url":"https:\/\/www.btv.md\/wp-content\/uploads\/2016\/03\/liceu.png","type":"image\/png"}],"author":"admin","twitter_misc":{"Scris de":"admin","Timp estimat pentru citire":"4 minute"},"schema":{"@context":"https:\/\/schema.org","@graph":[{"@type":"Article","@id":"https:\/\/www.btv.md\/ro\/liceul-mihai-eminescu-din-balti-s-a-ales-cu-locuri-de-frunte-la-olimpiadele-republicane\/#article","isPartOf":{"@id":"https:\/\/www.btv.md\/ro\/liceul-mihai-eminescu-din-balti-s-a-ales-cu-locuri-de-frunte-la-olimpiadele-republicane\/"},"author":{"name":"admin","@id":"https:\/\/www.btv.md\/#\/schema\/person\/8fadce81561b3ce2c34c46dadc4ccbf2"},"headline":"LICEUL MIHAI EMINESCU DIN B\u0102L\u021aI S-A ALES CU LOCURI DE FRUNTE LA OLIMPIADELE REPUBLICANE","datePublished":"2016-03-30T17:08:27+00:00","mainEntityOfPage":{"@id":"https:\/\/www.btv.md\/ro\/liceul-mihai-eminescu-din-balti-s-a-ales-cu-locuri-de-frunte-la-olimpiadele-republicane\/"},"wordCount":769,"image":{"@id":"https:\/\/www.btv.md\/ro\/liceul-mihai-eminescu-din-balti-s-a-ales-cu-locuri-de-frunte-la-olimpiadele-republicane\/#primaryimage"},"thumbnailUrl":"https:\/\/www.btv.md\/wp-content\/uploads\/2016\/03\/liceu.png","articleSection":["Ora\u0219"],"inLanguage":"ro-RO"},{"@type":"WebPage","@id":"https:\/\/www.btv.md\/ro\/liceul-mihai-eminescu-din-balti-s-a-ales-cu-locuri-de-frunte-la-olimpiadele-republicane\/","url":"https:\/\/www.btv.md\/ro\/liceul-mihai-eminescu-din-balti-s-a-ales-cu-locuri-de-frunte-la-olimpiadele-republicane\/","name":"LICEUL MIHAI EMINESCU DIN B\u0102L\u021aI S-A ALES CU LOCURI DE FRUNTE LA OLIMPIADELE REPUBLICANE - BTV","isPartOf":{"@id":"https:\/\/www.btv.md\/#website"},"primaryImageOfPage":{"@id":"https:\/\/www.btv.md\/ro\/liceul-mihai-eminescu-din-balti-s-a-ales-cu-locuri-de-frunte-la-olimpiadele-republicane\/#primaryimage"},"image":{"@id":"https:\/\/www.btv.md\/ro\/liceul-mihai-eminescu-din-balti-s-a-ales-cu-locuri-de-frunte-la-olimpiadele-republicane\/#primaryimage"},"thumbnailUrl":"https:\/\/www.btv.md\/wp-content\/uploads\/2016\/03\/liceu.png","datePublished":"2016-03-30T17:08:27+00:00","author":{"@id":"https:\/\/www.btv.md\/#\/schema\/person\/8fadce81561b3ce2c34c46dadc4ccbf2"},"inLanguage":"ro-RO","potentialAction":[{"@type":"ReadAction","target":["https:\/\/www.btv.md\/ro\/liceul-mihai-eminescu-din-balti-s-a-ales-cu-locuri-de-frunte-la-olimpiadele-republicane\/"]}]},{"@type":"ImageObject","inLanguage":"ro-RO","@id":"https:\/\/www.btv.md\/ro\/liceul-mihai-eminescu-din-balti-s-a-ales-cu-locuri-de-frunte-la-olimpiadele-republicane\/#primaryimage","url":"https:\/\/www.btv.md\/wp-content\/uploads\/2016\/03\/liceu.png","contentUrl":"https:\/\/www.btv.md\/wp-content\/uploads\/2016\/03\/liceu.png","width":979,"height":573},{"@type":"WebSite","@id":"https:\/\/www.btv.md\/#website","url":"https:\/\/www.btv.md\/","name":"BTV","description":"\u0411\u0435\u043b\u044c\u0446\u043a\u043e\u0435 \u0442\u0435\u043b\u0435\u0432\u0438\u0434\u0435\u043d\u0438\u0435","potentialAction":[{"@type":"SearchAction","target":{"@type":"EntryPoint","urlTemplate":"https:\/\/www.btv.md\/?s={search_term_string}"},"query-input":{"@type":"PropertyValueSpecification","valueRequired":true,"valueName":"search_term_string"}}],"inLanguage":"ro-RO"},{"@type":"Person","@id":"https:\/\/www.btv.md\/#\/schema\/person\/8fadce81561b3ce2c34c46dadc4ccbf2","name":"admin"}]}},"_links":{"self":[{"href":"https:\/\/www.btv.md\/ro\/wp-json\/wp\/v2\/posts\/9880","targetHints":{"allow":["GET"]}}],"collection":[{"href":"https:\/\/www.btv.md\/ro\/wp-json\/wp\/v2\/posts"}],"about":[{"href":"https:\/\/www.btv.md\/ro\/wp-json\/wp\/v2\/types\/post"}],"author":[{"embeddable":true,"href":"https:\/\/www.btv.md\/ro\/wp-json\/wp\/v2\/users\/4"}],"replies":[{"embeddable":true,"href":"https:\/\/www.btv.md\/ro\/wp-json\/wp\/v2\/comments?post=9880"}],"version-history":[{"count":0,"href":"https:\/\/www.btv.md\/ro\/wp-json\/wp\/v2\/posts\/9880\/revisions"}],"wp:featuredmedia":[{"embeddable":true,"href":"https:\/\/www.btv.md\/ro\/wp-json\/wp\/v2\/media\/9881"}],"wp:attachment":[{"href":"https:\/\/www.btv.md\/ro\/wp-json\/wp\/v2\/media?parent=9880"}],"wp:term":[{"taxonomy":"category","embeddable":true,"href":"https:\/\/www.btv.md\/ro\/wp-json\/wp\/v2\/categories?post=9880"},{"taxonomy":"post_tag","embeddable":true,"href":"https:\/\/www.btv.md\/ro\/wp-json\/wp\/v2\/tags?post=9880"}],"curies":[{"name":"wp","href":"https:\/\/api.w.org\/{rel}","templated":true}]}}