{"id":9936,"date":"2016-03-31T16:12:37","date_gmt":"2016-03-31T13:12:37","guid":{"rendered":"http:\/\/btv.md\/?p=9936"},"modified":"2016-03-31T16:12:37","modified_gmt":"2016-03-31T13:12:37","slug":"o-pacienta-din-sangerei-transportata-la-iasi","status":"publish","type":"post","link":"https:\/\/www.btv.md\/ro\/o-pacienta-din-sangerei-transportata-la-iasi\/","title":{"rendered":"O PACIENT\u0102  DIN S\u00c2NGEREI, TRANSPORTAT\u0102 LA IA\u0218I"},"content":{"rendered":"<p><strong>Un elicopter SMURD din cadrul Inspectoratului pentru Situa\u021bii de Urgen\u021b\u0103 al jude\u021bului Ia\u0219i a aterizat pe stadionul sportiv din ora\u015ful S\u00e2ngerei, de unde a  preluat o pacient\u0103 de 55 ani, care suferise un ictus cerebral. <\/strong><\/p>\n<p>Femeia  a fost monitorizat\u0103 pe parcursul drumului, de c\u0103tre un echipaj de paramedici \u015fi a ajuns pentru \u00eengrijiri medicale la Spitalul de Neurochirurgie din Ia\u0219i.<\/p>\n<p>Potrivit statisticii, au fost \u00eenregistrate \u0219apte interven\u021bii transfrontaliere SMURD, dintre care 5 aeriene, iar dou\u0103 terestre. <\/p>\n<p><iframe width=\"420\" height=\"315\" data-src=\"https:\/\/www.youtube.com\/embed\/yowxBTR8WpE\" frameborder=\"0\" allowfullscreen src=\"data:image\/svg+xml;base64,PHN2ZyB3aWR0aD0iMSIgaGVpZ2h0PSIxIiB4bWxucz0iaHR0cDovL3d3dy53My5vcmcvMjAwMC9zdmciPjwvc3ZnPg==\" class=\"lazyload\" data-load-mode=\"1\"><\/iframe><\/p>\n","protected":false},"excerpt":{"rendered":"<p>Un elicopter SMURD din cadrul Inspectoratului pentru Situa\u021bii de Urgen\u021b\u0103 al jude\u021bului Ia\u0219i a aterizat pe stadionul sportiv din ora\u015ful S\u00e2ngerei, de unde a preluat o pacient\u0103 de 55 ani, care suferise un ictus cerebral. Femeia a fost monitorizat\u0103 pe parcursul drumului, de c\u0103tre un echipaj de paramedici \u015fi a ajuns pentru \u00eengrijiri medicale la [&hellip;]<\/p>\n","protected":false},"author":4,"featured_media":9937,"comment_status":"closed","ping_status":"closed","sticky":false,"template":"","format":"standard","meta":{"footnotes":""},"categories":[6349],"tags":[],"class_list":["post-9936","post","type-post","status-publish","format-standard","has-post-thumbnail","hentry","category-social"],"yoast_head":"<!-- This site is optimized with the Yoast SEO plugin v27.4 - https:\/\/yoast.com\/product\/yoast-seo-wordpress\/ -->\n<title>O PACIENT\u0102 DIN S\u00c2NGEREI, TRANSPORTAT\u0102 LA IA\u0218I - BTV<\/title>\n<meta name=\"robots\" content=\"index, follow, max-snippet:-1, max-image-preview:large, max-video-preview:-1\" \/>\n<link rel=\"canonical\" href=\"https:\/\/www.btv.md\/ro\/o-pacienta-din-sangerei-transportata-la-iasi\/\" \/>\n<meta property=\"og:locale\" content=\"ro_RO\" \/>\n<meta property=\"og:type\" content=\"article\" \/>\n<meta property=\"og:title\" content=\"O PACIENT\u0102 DIN S\u00c2NGEREI, TRANSPORTAT\u0102 LA IA\u0218I - BTV\" \/>\n<meta property=\"og:description\" content=\"Un elicopter SMURD din cadrul Inspectoratului pentru Situa\u021bii de Urgen\u021b\u0103 al jude\u021bului Ia\u0219i a aterizat pe stadionul sportiv din ora\u015ful S\u00e2ngerei, de unde a preluat o pacient\u0103 de 55 ani, care suferise un ictus cerebral. Femeia a fost monitorizat\u0103 pe parcursul drumului, de c\u0103tre un echipaj de paramedici \u015fi a ajuns pentru \u00eengrijiri medicale la [&hellip;]\" \/>\n<meta property=\"og:url\" content=\"https:\/\/www.btv.md\/ro\/o-pacienta-din-sangerei-transportata-la-iasi\/\" \/>\n<meta property=\"og:site_name\" content=\"BTV\" \/>\n<meta property=\"article:publisher\" content=\"https:\/\/www.facebook.com\/btvmoldova\/\" \/>\n<meta property=\"article:published_time\" content=\"2016-03-31T13:12:37+00:00\" \/>\n<meta property=\"og:image\" content=\"https:\/\/www.btv.md\/wp-content\/uploads\/2016\/03\/smurd.jpg\" \/>\n\t<meta property=\"og:image:width\" content=\"800\" \/>\n\t<meta property=\"og:image:height\" content=\"400\" \/>\n\t<meta property=\"og:image:type\" content=\"image\/jpeg\" \/>\n<meta name=\"author\" content=\"admin\" \/>\n<meta name=\"twitter:label1\" content=\"Scris de\" \/>\n\t<meta name=\"twitter:data1\" content=\"admin\" \/>\n<script type=\"application\/ld+json\" class=\"yoast-schema-graph\">{\"@context\":\"https:\\\/\\\/schema.org\",\"@graph\":[{\"@type\":\"Article\",\"@id\":\"https:\\\/\\\/www.btv.md\\\/ro\\\/o-pacienta-din-sangerei-transportata-la-iasi\\\/#article\",\"isPartOf\":{\"@id\":\"https:\\\/\\\/www.btv.md\\\/ro\\\/o-pacienta-din-sangerei-transportata-la-iasi\\\/\"},\"author\":{\"name\":\"admin\",\"@id\":\"https:\\\/\\\/www.btv.md\\\/#\\\/schema\\\/person\\\/8fadce81561b3ce2c34c46dadc4ccbf2\"},\"headline\":\"O PACIENT\u0102 DIN S\u00c2NGEREI, TRANSPORTAT\u0102 LA IA\u0218I\",\"datePublished\":\"2016-03-31T13:12:37+00:00\",\"mainEntityOfPage\":{\"@id\":\"https:\\\/\\\/www.btv.md\\\/ro\\\/o-pacienta-din-sangerei-transportata-la-iasi\\\/\"},\"wordCount\":91,\"image\":{\"@id\":\"https:\\\/\\\/www.btv.md\\\/ro\\\/o-pacienta-din-sangerei-transportata-la-iasi\\\/#primaryimage\"},\"thumbnailUrl\":\"https:\\\/\\\/www.btv.md\\\/wp-content\\\/uploads\\\/2016\\\/03\\\/smurd.jpg\",\"articleSection\":[\"Social\"],\"inLanguage\":\"ro-RO\"},{\"@type\":\"WebPage\",\"@id\":\"https:\\\/\\\/www.btv.md\\\/ro\\\/o-pacienta-din-sangerei-transportata-la-iasi\\\/\",\"url\":\"https:\\\/\\\/www.btv.md\\\/ro\\\/o-pacienta-din-sangerei-transportata-la-iasi\\\/\",\"name\":\"O PACIENT\u0102 DIN S\u00c2NGEREI, TRANSPORTAT\u0102 LA IA\u0218I - BTV\",\"isPartOf\":{\"@id\":\"https:\\\/\\\/www.btv.md\\\/#website\"},\"primaryImageOfPage\":{\"@id\":\"https:\\\/\\\/www.btv.md\\\/ro\\\/o-pacienta-din-sangerei-transportata-la-iasi\\\/#primaryimage\"},\"image\":{\"@id\":\"https:\\\/\\\/www.btv.md\\\/ro\\\/o-pacienta-din-sangerei-transportata-la-iasi\\\/#primaryimage\"},\"thumbnailUrl\":\"https:\\\/\\\/www.btv.md\\\/wp-content\\\/uploads\\\/2016\\\/03\\\/smurd.jpg\",\"datePublished\":\"2016-03-31T13:12:37+00:00\",\"author\":{\"@id\":\"https:\\\/\\\/www.btv.md\\\/#\\\/schema\\\/person\\\/8fadce81561b3ce2c34c46dadc4ccbf2\"},\"inLanguage\":\"ro-RO\",\"potentialAction\":[{\"@type\":\"ReadAction\",\"target\":[\"https:\\\/\\\/www.btv.md\\\/ro\\\/o-pacienta-din-sangerei-transportata-la-iasi\\\/\"]}]},{\"@type\":\"ImageObject\",\"inLanguage\":\"ro-RO\",\"@id\":\"https:\\\/\\\/www.btv.md\\\/ro\\\/o-pacienta-din-sangerei-transportata-la-iasi\\\/#primaryimage\",\"url\":\"https:\\\/\\\/www.btv.md\\\/wp-content\\\/uploads\\\/2016\\\/03\\\/smurd.jpg\",\"contentUrl\":\"https:\\\/\\\/www.btv.md\\\/wp-content\\\/uploads\\\/2016\\\/03\\\/smurd.jpg\",\"width\":800,\"height\":400,\"caption\":\"infois.ro\"},{\"@type\":\"WebSite\",\"@id\":\"https:\\\/\\\/www.btv.md\\\/#website\",\"url\":\"https:\\\/\\\/www.btv.md\\\/\",\"name\":\"BTV\",\"description\":\"\u0411\u0435\u043b\u044c\u0446\u043a\u043e\u0435 \u0442\u0435\u043b\u0435\u0432\u0438\u0434\u0435\u043d\u0438\u0435\",\"potentialAction\":[{\"@type\":\"SearchAction\",\"target\":{\"@type\":\"EntryPoint\",\"urlTemplate\":\"https:\\\/\\\/www.btv.md\\\/?s={search_term_string}\"},\"query-input\":{\"@type\":\"PropertyValueSpecification\",\"valueRequired\":true,\"valueName\":\"search_term_string\"}}],\"inLanguage\":\"ro-RO\"},{\"@type\":\"Person\",\"@id\":\"https:\\\/\\\/www.btv.md\\\/#\\\/schema\\\/person\\\/8fadce81561b3ce2c34c46dadc4ccbf2\",\"name\":\"admin\"}]}<\/script>\n<!-- \/ Yoast SEO plugin. -->","yoast_head_json":{"title":"O PACIENT\u0102 DIN S\u00c2NGEREI, TRANSPORTAT\u0102 LA IA\u0218I - BTV","robots":{"index":"index","follow":"follow","max-snippet":"max-snippet:-1","max-image-preview":"max-image-preview:large","max-video-preview":"max-video-preview:-1"},"canonical":"https:\/\/www.btv.md\/ro\/o-pacienta-din-sangerei-transportata-la-iasi\/","og_locale":"ro_RO","og_type":"article","og_title":"O PACIENT\u0102 DIN S\u00c2NGEREI, TRANSPORTAT\u0102 LA IA\u0218I - BTV","og_description":"Un elicopter SMURD din cadrul Inspectoratului pentru Situa\u021bii de Urgen\u021b\u0103 al jude\u021bului Ia\u0219i a aterizat pe stadionul sportiv din ora\u015ful S\u00e2ngerei, de unde a preluat o pacient\u0103 de 55 ani, care suferise un ictus cerebral. Femeia a fost monitorizat\u0103 pe parcursul drumului, de c\u0103tre un echipaj de paramedici \u015fi a ajuns pentru \u00eengrijiri medicale la [&hellip;]","og_url":"https:\/\/www.btv.md\/ro\/o-pacienta-din-sangerei-transportata-la-iasi\/","og_site_name":"BTV","article_publisher":"https:\/\/www.facebook.com\/btvmoldova\/","article_published_time":"2016-03-31T13:12:37+00:00","og_image":[{"width":800,"height":400,"url":"https:\/\/www.btv.md\/wp-content\/uploads\/2016\/03\/smurd.jpg","type":"image\/jpeg"}],"author":"admin","twitter_misc":{"Scris de":"admin"},"schema":{"@context":"https:\/\/schema.org","@graph":[{"@type":"Article","@id":"https:\/\/www.btv.md\/ro\/o-pacienta-din-sangerei-transportata-la-iasi\/#article","isPartOf":{"@id":"https:\/\/www.btv.md\/ro\/o-pacienta-din-sangerei-transportata-la-iasi\/"},"author":{"name":"admin","@id":"https:\/\/www.btv.md\/#\/schema\/person\/8fadce81561b3ce2c34c46dadc4ccbf2"},"headline":"O PACIENT\u0102 DIN S\u00c2NGEREI, TRANSPORTAT\u0102 LA IA\u0218I","datePublished":"2016-03-31T13:12:37+00:00","mainEntityOfPage":{"@id":"https:\/\/www.btv.md\/ro\/o-pacienta-din-sangerei-transportata-la-iasi\/"},"wordCount":91,"image":{"@id":"https:\/\/www.btv.md\/ro\/o-pacienta-din-sangerei-transportata-la-iasi\/#primaryimage"},"thumbnailUrl":"https:\/\/www.btv.md\/wp-content\/uploads\/2016\/03\/smurd.jpg","articleSection":["Social"],"inLanguage":"ro-RO"},{"@type":"WebPage","@id":"https:\/\/www.btv.md\/ro\/o-pacienta-din-sangerei-transportata-la-iasi\/","url":"https:\/\/www.btv.md\/ro\/o-pacienta-din-sangerei-transportata-la-iasi\/","name":"O PACIENT\u0102 DIN S\u00c2NGEREI, TRANSPORTAT\u0102 LA IA\u0218I - BTV","isPartOf":{"@id":"https:\/\/www.btv.md\/#website"},"primaryImageOfPage":{"@id":"https:\/\/www.btv.md\/ro\/o-pacienta-din-sangerei-transportata-la-iasi\/#primaryimage"},"image":{"@id":"https:\/\/www.btv.md\/ro\/o-pacienta-din-sangerei-transportata-la-iasi\/#primaryimage"},"thumbnailUrl":"https:\/\/www.btv.md\/wp-content\/uploads\/2016\/03\/smurd.jpg","datePublished":"2016-03-31T13:12:37+00:00","author":{"@id":"https:\/\/www.btv.md\/#\/schema\/person\/8fadce81561b3ce2c34c46dadc4ccbf2"},"inLanguage":"ro-RO","potentialAction":[{"@type":"ReadAction","target":["https:\/\/www.btv.md\/ro\/o-pacienta-din-sangerei-transportata-la-iasi\/"]}]},{"@type":"ImageObject","inLanguage":"ro-RO","@id":"https:\/\/www.btv.md\/ro\/o-pacienta-din-sangerei-transportata-la-iasi\/#primaryimage","url":"https:\/\/www.btv.md\/wp-content\/uploads\/2016\/03\/smurd.jpg","contentUrl":"https:\/\/www.btv.md\/wp-content\/uploads\/2016\/03\/smurd.jpg","width":800,"height":400,"caption":"infois.ro"},{"@type":"WebSite","@id":"https:\/\/www.btv.md\/#website","url":"https:\/\/www.btv.md\/","name":"BTV","description":"\u0411\u0435\u043b\u044c\u0446\u043a\u043e\u0435 \u0442\u0435\u043b\u0435\u0432\u0438\u0434\u0435\u043d\u0438\u0435","potentialAction":[{"@type":"SearchAction","target":{"@type":"EntryPoint","urlTemplate":"https:\/\/www.btv.md\/?s={search_term_string}"},"query-input":{"@type":"PropertyValueSpecification","valueRequired":true,"valueName":"search_term_string"}}],"inLanguage":"ro-RO"},{"@type":"Person","@id":"https:\/\/www.btv.md\/#\/schema\/person\/8fadce81561b3ce2c34c46dadc4ccbf2","name":"admin"}]}},"_links":{"self":[{"href":"https:\/\/www.btv.md\/ro\/wp-json\/wp\/v2\/posts\/9936","targetHints":{"allow":["GET"]}}],"collection":[{"href":"https:\/\/www.btv.md\/ro\/wp-json\/wp\/v2\/posts"}],"about":[{"href":"https:\/\/www.btv.md\/ro\/wp-json\/wp\/v2\/types\/post"}],"author":[{"embeddable":true,"href":"https:\/\/www.btv.md\/ro\/wp-json\/wp\/v2\/users\/4"}],"replies":[{"embeddable":true,"href":"https:\/\/www.btv.md\/ro\/wp-json\/wp\/v2\/comments?post=9936"}],"version-history":[{"count":0,"href":"https:\/\/www.btv.md\/ro\/wp-json\/wp\/v2\/posts\/9936\/revisions"}],"wp:featuredmedia":[{"embeddable":true,"href":"https:\/\/www.btv.md\/ro\/wp-json\/wp\/v2\/media\/9937"}],"wp:attachment":[{"href":"https:\/\/www.btv.md\/ro\/wp-json\/wp\/v2\/media?parent=9936"}],"wp:term":[{"taxonomy":"category","embeddable":true,"href":"https:\/\/www.btv.md\/ro\/wp-json\/wp\/v2\/categories?post=9936"},{"taxonomy":"post_tag","embeddable":true,"href":"https:\/\/www.btv.md\/ro\/wp-json\/wp\/v2\/tags?post=9936"}],"curies":[{"name":"wp","href":"https:\/\/api.w.org\/{rel}","templated":true}]}}